{"id":166735,"date":"2022-03-16T16:05:59","date_gmt":"2022-03-16T15:05:59","guid":{"rendered":"https:\/\/tuzlainfo.ba\/?p=166735"},"modified":"2022-03-16T16:05:59","modified_gmt":"2022-03-16T15:05:59","slug":"delegatima-nisu-bitne-cijene-goriva-dom-naroda-parlamenta-bih-nije-razmatrao-ukidanje-akciza","status":"publish","type":"post","link":"https:\/\/tuzlainfo.ba\/index.php\/bosna-i-hercegovina\/item\/166735-delegatima-nisu-bitne-cijene-goriva-dom-naroda-parlamenta-bih-nije-razmatrao-ukidanje-akciza\/","title":{"rendered":"Delegatima nisu bitne cijene goriva: Dom naroda parlamenta BiH nije razmatrao ukidanje akciza"},"content":{"rendered":"<p>Dom naroda Parlamenta Bosne i Hercegovine nije prihvatio da na dana\u0161njoj sjednici po hitnom postupku razmatra prijedlog o ukidanju akciza na gorivo.<\/p>\n<p>Postojala je op\u0107a, ali ne i entitetska ve\u0107ina da se ovaj prijedlog razmatra po hitnom postupku.<\/p>\n<p>Od 14 prisutnih delegata, njih 10 je podr\u017ealo da se razmatra po navedenom postupku, dok su \u010detiri delegata bili protiv, prenio je Klix.<\/p>\n<p>Predsjedavaju\u0107i Doma naroda Dragan \u010covi\u0107 (HDZ) je izjavio da \u0107e se Kolegij ovog doma konsultovati po ovom prijedlogu. Sjednici nije prisustvovao jedan od zamjenika predsjedavaju\u0107eg Bakir Izetbegovi\u0107 (SDA).<\/p>\n<p>Zastupni\u010dki dom Parlamenta Bosne i Hercegovine je pro\u0161le sedmice prihvatio ukidanje akciza na gorivo. Rije\u010d je o prijedlogu SDP-a koje podrazumijevaju da stopa akciza iznosi 0 posto.<\/p>\n<p>Ukidanje akciza je predlo\u017eeno zbog intenzivnog poskupljenja nafte na doma\u0107em tr\u017ei\u0161tu, a \u0161to je za posljedicu imalo poskupljenje svih potrep\u0161tina.<\/p>\n<p>Odr\u017eavanje hitne sjednice Doma naroda Parlamenta Bosne i Hercegovine je inicirao delegat SDP-a Denis Be\u0107irovi\u0107. Na dana\u0161njoj sjednici nije razmatrano sni\u017eenje stope PDV-a za \u017eivotne potrep\u0161tine na pet posto te rast stope PDV-a za luksuz na 22 posto. Zastupni\u010dki dom Parlamenta Bosne i Hercegovine je pro\u0161le sedmice prihvatio ove izmjene.<\/p>\n<p>Dom naroda Parlamenta Bosne i Hercegovine bi izmjene stope PDV-a trebao razmatrati 24. marta. Trenutno postoji jedinstvena stopa PDV-a od 17 posto.<\/p>\n<p>&nbsp;<\/p>\n","protected":false},"excerpt":{"rendered":"<p>Dom naroda Parlamenta Bosne i Hercegovine nije prihvatio da na dana\u0161njoj sjednici po hitnom postupku&hellip;<\/p>\n","protected":false},"author":4,"featured_media":81115,"comment_status":"open","ping_status":"closed","sticky":false,"template":"","format":"standard","meta":{"_acf_changed":false,"footnotes":""},"categories":[291,304],"tags":[3201,883],"acf":[],"yoast_head":"<!-- This site is optimized with the Yoast SEO plugin v23.5 - https:\/\/yoast.com\/wordpress\/plugins\/seo\/ -->\n<title>Delegatima nisu bitne cijene goriva: Dom naroda parlamenta BiH nije razmatrao ukidanje akciza - TuzlaInfo.ba<\/title>\n<meta name=\"robots\" content=\"index, follow, max-snippet:-1, max-image-preview:large, max-video-preview:-1\" \/>\n<link rel=\"canonical\" href=\"https:\/\/tuzlainfo.ba\/index.php\/bosna-i-hercegovina\/item\/166735-delegatima-nisu-bitne-cijene-goriva-dom-naroda-parlamenta-bih-nije-razmatrao-ukidanje-akciza\/\" \/>\n<meta property=\"og:locale\" content=\"bs_BA\" \/>\n<meta property=\"og:type\" content=\"article\" \/>\n<meta property=\"og:title\" content=\"Delegatima nisu bitne cijene goriva: Dom naroda parlamenta BiH nije razmatrao ukidanje akciza - TuzlaInfo.ba\" \/>\n<meta property=\"og:description\" content=\"Dom naroda Parlamenta Bosne i Hercegovine nije prihvatio da na dana\u0161njoj sjednici po hitnom postupku&hellip;\" \/>\n<meta property=\"og:url\" content=\"https:\/\/tuzlainfo.ba\/index.php\/bosna-i-hercegovina\/item\/166735-delegatima-nisu-bitne-cijene-goriva-dom-naroda-parlamenta-bih-nije-razmatrao-ukidanje-akciza\/\" \/>\n<meta property=\"og:site_name\" content=\"TuzlaInfo.ba\" \/>\n<meta property=\"article:publisher\" content=\"https:\/\/www.facebook.com\/tuzlainfo.ba\/\" \/>\n<meta property=\"article:published_time\" content=\"2022-03-16T15:05:59+00:00\" \/>\n<meta property=\"og:image\" content=\"https:\/\/tuzlainfo.ba\/wp-content\/uploads\/2020\/07\/sadrzaj_2020_20200701_2107_dom_naroda.jpg\" \/>\n\t<meta property=\"og:image:width\" content=\"770\" \/>\n\t<meta property=\"og:image:height\" content=\"410\" \/>\n\t<meta property=\"og:image:type\" content=\"image\/jpeg\" \/>\n<meta name=\"author\" content=\"Tuzla Info\" \/>\n<meta name=\"twitter:card\" content=\"summary_large_image\" \/>\n<meta name=\"twitter:label1\" content=\"Written by\" \/>\n\t<meta name=\"twitter:data1\" content=\"Tuzla Info\" \/>\n\t<meta name=\"twitter:label2\" content=\"Est. reading time\" \/>\n\t<meta name=\"twitter:data2\" content=\"1 minuta\" \/>\n<script type=\"application\/ld+json\" class=\"yoast-schema-graph\">{\"@context\":\"https:\/\/schema.org\",\"@graph\":[{\"@type\":\"Article\",\"@id\":\"https:\/\/tuzlainfo.ba\/index.php\/bosna-i-hercegovina\/item\/166735-delegatima-nisu-bitne-cijene-goriva-dom-naroda-parlamenta-bih-nije-razmatrao-ukidanje-akciza\/#article\",\"isPartOf\":{\"@id\":\"https:\/\/tuzlainfo.ba\/index.php\/bosna-i-hercegovina\/item\/166735-delegatima-nisu-bitne-cijene-goriva-dom-naroda-parlamenta-bih-nije-razmatrao-ukidanje-akciza\/\"},\"author\":{\"name\":\"Tuzla Info\",\"@id\":\"https:\/\/tuzlainfo.ba\/#\/schema\/person\/46cad4c57790cbc50781edd14870825a\"},\"headline\":\"Delegatima nisu bitne cijene goriva: Dom naroda parlamenta BiH nije razmatrao ukidanje akciza\",\"datePublished\":\"2022-03-16T15:05:59+00:00\",\"dateModified\":\"2022-03-16T15:05:59+00:00\",\"mainEntityOfPage\":{\"@id\":\"https:\/\/tuzlainfo.ba\/index.php\/bosna-i-hercegovina\/item\/166735-delegatima-nisu-bitne-cijene-goriva-dom-naroda-parlamenta-bih-nije-razmatrao-ukidanje-akciza\/\"},\"wordCount\":236,\"commentCount\":0,\"publisher\":{\"@id\":\"https:\/\/tuzlainfo.ba\/#organization\"},\"image\":{\"@id\":\"https:\/\/tuzlainfo.ba\/index.php\/bosna-i-hercegovina\/item\/166735-delegatima-nisu-bitne-cijene-goriva-dom-naroda-parlamenta-bih-nije-razmatrao-ukidanje-akciza\/#primaryimage\"},\"thumbnailUrl\":\"https:\/\/tuzlainfo.ba\/wp-content\/uploads\/2020\/07\/sadrzaj_2020_20200701_2107_dom_naroda.jpg\",\"keywords\":[\"akcize\",\"dom naroda\"],\"articleSection\":[\"Bosna i Hercegovina\",\"Istaknuto\"],\"inLanguage\":\"bs-BA\"},{\"@type\":\"WebPage\",\"@id\":\"https:\/\/tuzlainfo.ba\/index.php\/bosna-i-hercegovina\/item\/166735-delegatima-nisu-bitne-cijene-goriva-dom-naroda-parlamenta-bih-nije-razmatrao-ukidanje-akciza\/\",\"url\":\"https:\/\/tuzlainfo.ba\/index.php\/bosna-i-hercegovina\/item\/166735-delegatima-nisu-bitne-cijene-goriva-dom-naroda-parlamenta-bih-nije-razmatrao-ukidanje-akciza\/\",\"name\":\"Delegatima nisu bitne cijene goriva: Dom naroda parlamenta BiH nije razmatrao ukidanje akciza - TuzlaInfo.ba\",\"isPartOf\":{\"@id\":\"https:\/\/tuzlainfo.ba\/#website\"},\"primaryImageOfPage\":{\"@id\":\"https:\/\/tuzlainfo.ba\/index.php\/bosna-i-hercegovina\/item\/166735-delegatima-nisu-bitne-cijene-goriva-dom-naroda-parlamenta-bih-nije-razmatrao-ukidanje-akciza\/#primaryimage\"},\"image\":{\"@id\":\"https:\/\/tuzlainfo.ba\/index.php\/bosna-i-hercegovina\/item\/166735-delegatima-nisu-bitne-cijene-goriva-dom-naroda-parlamenta-bih-nije-razmatrao-ukidanje-akciza\/#primaryimage\"},\"thumbnailUrl\":\"https:\/\/tuzlainfo.ba\/wp-content\/uploads\/2020\/07\/sadrzaj_2020_20200701_2107_dom_naroda.jpg\",\"datePublished\":\"2022-03-16T15:05:59+00:00\",\"dateModified\":\"2022-03-16T15:05:59+00:00\",\"breadcrumb\":{\"@id\":\"https:\/\/tuzlainfo.ba\/index.php\/bosna-i-hercegovina\/item\/166735-delegatima-nisu-bitne-cijene-goriva-dom-naroda-parlamenta-bih-nije-razmatrao-ukidanje-akciza\/#breadcrumb\"},\"inLanguage\":\"bs-BA\",\"potentialAction\":[{\"@type\":\"ReadAction\",\"target\":[\"https:\/\/tuzlainfo.ba\/index.php\/bosna-i-hercegovina\/item\/166735-delegatima-nisu-bitne-cijene-goriva-dom-naroda-parlamenta-bih-nije-razmatrao-ukidanje-akciza\/\"]}]},{\"@type\":\"ImageObject\",\"inLanguage\":\"bs-BA\",\"@id\":\"https:\/\/tuzlainfo.ba\/index.php\/bosna-i-hercegovina\/item\/166735-delegatima-nisu-bitne-cijene-goriva-dom-naroda-parlamenta-bih-nije-razmatrao-ukidanje-akciza\/#primaryimage\",\"url\":\"https:\/\/tuzlainfo.ba\/wp-content\/uploads\/2020\/07\/sadrzaj_2020_20200701_2107_dom_naroda.jpg\",\"contentUrl\":\"https:\/\/tuzlainfo.ba\/wp-content\/uploads\/2020\/07\/sadrzaj_2020_20200701_2107_dom_naroda.jpg\",\"width\":770,\"height\":410,\"caption\":\"2107 dom naroda\"},{\"@type\":\"BreadcrumbList\",\"@id\":\"https:\/\/tuzlainfo.ba\/index.php\/bosna-i-hercegovina\/item\/166735-delegatima-nisu-bitne-cijene-goriva-dom-naroda-parlamenta-bih-nije-razmatrao-ukidanje-akciza\/#breadcrumb\",\"itemListElement\":[{\"@type\":\"ListItem\",\"position\":1,\"name\":\"Home\",\"item\":\"https:\/\/tuzlainfo.ba\/\"},{\"@type\":\"ListItem\",\"position\":2,\"name\":\"Delegatima nisu bitne cijene goriva: Dom naroda parlamenta BiH nije razmatrao ukidanje akciza\"}]},{\"@type\":\"WebSite\",\"@id\":\"https:\/\/tuzlainfo.ba\/#website\",\"url\":\"https:\/\/tuzlainfo.ba\/\",\"name\":\"TuzlaInfo.ba\",\"description\":\"Tuzla info, gradski informator - Tuzla na dlanu\",\"publisher\":{\"@id\":\"https:\/\/tuzlainfo.ba\/#organization\"},\"potentialAction\":[{\"@type\":\"SearchAction\",\"target\":{\"@type\":\"EntryPoint\",\"urlTemplate\":\"https:\/\/tuzlainfo.ba\/?s={search_term_string}\"},\"query-input\":{\"@type\":\"PropertyValueSpecification\",\"valueRequired\":true,\"valueName\":\"search_term_string\"}}],\"inLanguage\":\"bs-BA\"},{\"@type\":\"Organization\",\"@id\":\"https:\/\/tuzlainfo.ba\/#organization\",\"name\":\"TuzlaInfo.ba\",\"url\":\"https:\/\/tuzlainfo.ba\/\",\"logo\":{\"@type\":\"ImageObject\",\"inLanguage\":\"bs-BA\",\"@id\":\"https:\/\/tuzlainfo.ba\/#\/schema\/logo\/image\/\",\"url\":\"https:\/\/tuzlainfo.ba\/wp-content\/uploads\/2021\/03\/logo-ver-3-1.png\",\"contentUrl\":\"https:\/\/tuzlainfo.ba\/wp-content\/uploads\/2021\/03\/logo-ver-3-1.png\",\"width\":350,\"height\":95,\"caption\":\"TuzlaInfo.ba\"},\"image\":{\"@id\":\"https:\/\/tuzlainfo.ba\/#\/schema\/logo\/image\/\"},\"sameAs\":[\"https:\/\/www.facebook.com\/tuzlainfo.ba\/\"]},{\"@type\":\"Person\",\"@id\":\"https:\/\/tuzlainfo.ba\/#\/schema\/person\/46cad4c57790cbc50781edd14870825a\",\"name\":\"Tuzla Info\",\"image\":{\"@type\":\"ImageObject\",\"inLanguage\":\"bs-BA\",\"@id\":\"https:\/\/tuzlainfo.ba\/#\/schema\/person\/image\/\",\"url\":\"https:\/\/tuzlainfo.ba\/wp-content\/litespeed\/avatar\/b6c453a6c38e3654f2e4416c643fc25c.jpg?ver=1777051911\",\"contentUrl\":\"https:\/\/tuzlainfo.ba\/wp-content\/litespeed\/avatar\/b6c453a6c38e3654f2e4416c643fc25c.jpg?ver=1777051911\",\"caption\":\"Tuzla Info\"}}]}<\/script>\n<!-- \/ Yoast SEO plugin. -->","yoast_head_json":{"title":"Delegatima nisu bitne cijene goriva: Dom naroda parlamenta BiH nije razmatrao ukidanje akciza - TuzlaInfo.ba","robots":{"index":"index","follow":"follow","max-snippet":"max-snippet:-1","max-image-preview":"max-image-preview:large","max-video-preview":"max-video-preview:-1"},"canonical":"https:\/\/tuzlainfo.ba\/index.php\/bosna-i-hercegovina\/item\/166735-delegatima-nisu-bitne-cijene-goriva-dom-naroda-parlamenta-bih-nije-razmatrao-ukidanje-akciza\/","og_locale":"bs_BA","og_type":"article","og_title":"Delegatima nisu bitne cijene goriva: Dom naroda parlamenta BiH nije razmatrao ukidanje akciza - TuzlaInfo.ba","og_description":"Dom naroda Parlamenta Bosne i Hercegovine nije prihvatio da na dana\u0161njoj sjednici po hitnom postupku&hellip;","og_url":"https:\/\/tuzlainfo.ba\/index.php\/bosna-i-hercegovina\/item\/166735-delegatima-nisu-bitne-cijene-goriva-dom-naroda-parlamenta-bih-nije-razmatrao-ukidanje-akciza\/","og_site_name":"TuzlaInfo.ba","article_publisher":"https:\/\/www.facebook.com\/tuzlainfo.ba\/","article_published_time":"2022-03-16T15:05:59+00:00","og_image":[{"width":770,"height":410,"url":"https:\/\/tuzlainfo.ba\/wp-content\/uploads\/2020\/07\/sadrzaj_2020_20200701_2107_dom_naroda.jpg","type":"image\/jpeg"}],"author":"Tuzla Info","twitter_card":"summary_large_image","twitter_misc":{"Written by":"Tuzla Info","Est. reading time":"1 minuta"},"schema":{"@context":"https:\/\/schema.org","@graph":[{"@type":"Article","@id":"https:\/\/tuzlainfo.ba\/index.php\/bosna-i-hercegovina\/item\/166735-delegatima-nisu-bitne-cijene-goriva-dom-naroda-parlamenta-bih-nije-razmatrao-ukidanje-akciza\/#article","isPartOf":{"@id":"https:\/\/tuzlainfo.ba\/index.php\/bosna-i-hercegovina\/item\/166735-delegatima-nisu-bitne-cijene-goriva-dom-naroda-parlamenta-bih-nije-razmatrao-ukidanje-akciza\/"},"author":{"name":"Tuzla Info","@id":"https:\/\/tuzlainfo.ba\/#\/schema\/person\/46cad4c57790cbc50781edd14870825a"},"headline":"Delegatima nisu bitne cijene goriva: Dom naroda parlamenta BiH nije razmatrao ukidanje akciza","datePublished":"2022-03-16T15:05:59+00:00","dateModified":"2022-03-16T15:05:59+00:00","mainEntityOfPage":{"@id":"https:\/\/tuzlainfo.ba\/index.php\/bosna-i-hercegovina\/item\/166735-delegatima-nisu-bitne-cijene-goriva-dom-naroda-parlamenta-bih-nije-razmatrao-ukidanje-akciza\/"},"wordCount":236,"commentCount":0,"publisher":{"@id":"https:\/\/tuzlainfo.ba\/#organization"},"image":{"@id":"https:\/\/tuzlainfo.ba\/index.php\/bosna-i-hercegovina\/item\/166735-delegatima-nisu-bitne-cijene-goriva-dom-naroda-parlamenta-bih-nije-razmatrao-ukidanje-akciza\/#primaryimage"},"thumbnailUrl":"https:\/\/tuzlainfo.ba\/wp-content\/uploads\/2020\/07\/sadrzaj_2020_20200701_2107_dom_naroda.jpg","keywords":["akcize","dom naroda"],"articleSection":["Bosna i Hercegovina","Istaknuto"],"inLanguage":"bs-BA"},{"@type":"WebPage","@id":"https:\/\/tuzlainfo.ba\/index.php\/bosna-i-hercegovina\/item\/166735-delegatima-nisu-bitne-cijene-goriva-dom-naroda-parlamenta-bih-nije-razmatrao-ukidanje-akciza\/","url":"https:\/\/tuzlainfo.ba\/index.php\/bosna-i-hercegovina\/item\/166735-delegatima-nisu-bitne-cijene-goriva-dom-naroda-parlamenta-bih-nije-razmatrao-ukidanje-akciza\/","name":"Delegatima nisu bitne cijene goriva: Dom naroda parlamenta BiH nije razmatrao ukidanje akciza - TuzlaInfo.ba","isPartOf":{"@id":"https:\/\/tuzlainfo.ba\/#website"},"primaryImageOfPage":{"@id":"https:\/\/tuzlainfo.ba\/index.php\/bosna-i-hercegovina\/item\/166735-delegatima-nisu-bitne-cijene-goriva-dom-naroda-parlamenta-bih-nije-razmatrao-ukidanje-akciza\/#primaryimage"},"image":{"@id":"https:\/\/tuzlainfo.ba\/index.php\/bosna-i-hercegovina\/item\/166735-delegatima-nisu-bitne-cijene-goriva-dom-naroda-parlamenta-bih-nije-razmatrao-ukidanje-akciza\/#primaryimage"},"thumbnailUrl":"https:\/\/tuzlainfo.ba\/wp-content\/uploads\/2020\/07\/sadrzaj_2020_20200701_2107_dom_naroda.jpg","datePublished":"2022-03-16T15:05:59+00:00","dateModified":"2022-03-16T15:05:59+00:00","breadcrumb":{"@id":"https:\/\/tuzlainfo.ba\/index.php\/bosna-i-hercegovina\/item\/166735-delegatima-nisu-bitne-cijene-goriva-dom-naroda-parlamenta-bih-nije-razmatrao-ukidanje-akciza\/#breadcrumb"},"inLanguage":"bs-BA","potentialAction":[{"@type":"ReadAction","target":["https:\/\/tuzlainfo.ba\/index.php\/bosna-i-hercegovina\/item\/166735-delegatima-nisu-bitne-cijene-goriva-dom-naroda-parlamenta-bih-nije-razmatrao-ukidanje-akciza\/"]}]},{"@type":"ImageObject","inLanguage":"bs-BA","@id":"https:\/\/tuzlainfo.ba\/index.php\/bosna-i-hercegovina\/item\/166735-delegatima-nisu-bitne-cijene-goriva-dom-naroda-parlamenta-bih-nije-razmatrao-ukidanje-akciza\/#primaryimage","url":"https:\/\/tuzlainfo.ba\/wp-content\/uploads\/2020\/07\/sadrzaj_2020_20200701_2107_dom_naroda.jpg","contentUrl":"https:\/\/tuzlainfo.ba\/wp-content\/uploads\/2020\/07\/sadrzaj_2020_20200701_2107_dom_naroda.jpg","width":770,"height":410,"caption":"2107 dom naroda"},{"@type":"BreadcrumbList","@id":"https:\/\/tuzlainfo.ba\/index.php\/bosna-i-hercegovina\/item\/166735-delegatima-nisu-bitne-cijene-goriva-dom-naroda-parlamenta-bih-nije-razmatrao-ukidanje-akciza\/#breadcrumb","itemListElement":[{"@type":"ListItem","position":1,"name":"Home","item":"https:\/\/tuzlainfo.ba\/"},{"@type":"ListItem","position":2,"name":"Delegatima nisu bitne cijene goriva: Dom naroda parlamenta BiH nije razmatrao ukidanje akciza"}]},{"@type":"WebSite","@id":"https:\/\/tuzlainfo.ba\/#website","url":"https:\/\/tuzlainfo.ba\/","name":"TuzlaInfo.ba","description":"Tuzla info, gradski informator - Tuzla na dlanu","publisher":{"@id":"https:\/\/tuzlainfo.ba\/#organization"},"potentialAction":[{"@type":"SearchAction","target":{"@type":"EntryPoint","urlTemplate":"https:\/\/tuzlainfo.ba\/?s={search_term_string}"},"query-input":{"@type":"PropertyValueSpecification","valueRequired":true,"valueName":"search_term_string"}}],"inLanguage":"bs-BA"},{"@type":"Organization","@id":"https:\/\/tuzlainfo.ba\/#organization","name":"TuzlaInfo.ba","url":"https:\/\/tuzlainfo.ba\/","logo":{"@type":"ImageObject","inLanguage":"bs-BA","@id":"https:\/\/tuzlainfo.ba\/#\/schema\/logo\/image\/","url":"https:\/\/tuzlainfo.ba\/wp-content\/uploads\/2021\/03\/logo-ver-3-1.png","contentUrl":"https:\/\/tuzlainfo.ba\/wp-content\/uploads\/2021\/03\/logo-ver-3-1.png","width":350,"height":95,"caption":"TuzlaInfo.ba"},"image":{"@id":"https:\/\/tuzlainfo.ba\/#\/schema\/logo\/image\/"},"sameAs":["https:\/\/www.facebook.com\/tuzlainfo.ba\/"]},{"@type":"Person","@id":"https:\/\/tuzlainfo.ba\/#\/schema\/person\/46cad4c57790cbc50781edd14870825a","name":"Tuzla Info","image":{"@type":"ImageObject","inLanguage":"bs-BA","@id":"https:\/\/tuzlainfo.ba\/#\/schema\/person\/image\/","url":"https:\/\/tuzlainfo.ba\/wp-content\/litespeed\/avatar\/b6c453a6c38e3654f2e4416c643fc25c.jpg?ver=1777051911","contentUrl":"https:\/\/tuzlainfo.ba\/wp-content\/litespeed\/avatar\/b6c453a6c38e3654f2e4416c643fc25c.jpg?ver=1777051911","caption":"Tuzla Info"}}]}},"_links":{"self":[{"href":"https:\/\/tuzlainfo.ba\/index.php\/wp-json\/wp\/v2\/posts\/166735"}],"collection":[{"href":"https:\/\/tuzlainfo.ba\/index.php\/wp-json\/wp\/v2\/posts"}],"about":[{"href":"https:\/\/tuzlainfo.ba\/index.php\/wp-json\/wp\/v2\/types\/post"}],"author":[{"embeddable":true,"href":"https:\/\/tuzlainfo.ba\/index.php\/wp-json\/wp\/v2\/users\/4"}],"replies":[{"embeddable":true,"href":"https:\/\/tuzlainfo.ba\/index.php\/wp-json\/wp\/v2\/comments?post=166735"}],"version-history":[{"count":0,"href":"https:\/\/tuzlainfo.ba\/index.php\/wp-json\/wp\/v2\/posts\/166735\/revisions"}],"wp:featuredmedia":[{"embeddable":true,"href":"https:\/\/tuzlainfo.ba\/index.php\/wp-json\/wp\/v2\/media\/81115"}],"wp:attachment":[{"href":"https:\/\/tuzlainfo.ba\/index.php\/wp-json\/wp\/v2\/media?parent=166735"}],"wp:term":[{"taxonomy":"category","embeddable":true,"href":"https:\/\/tuzlainfo.ba\/index.php\/wp-json\/wp\/v2\/categories?post=166735"},{"taxonomy":"post_tag","embeddable":true,"href":"https:\/\/tuzlainfo.ba\/index.php\/wp-json\/wp\/v2\/tags?post=166735"}],"curies":[{"name":"wp","href":"https:\/\/api.w.org\/{rel}","templated":true}]}}