{"id":166711,"date":"2022-03-16T14:40:26","date_gmt":"2022-03-16T13:40:26","guid":{"rendered":"https:\/\/tuzlainfo.ba\/?p=166711"},"modified":"2022-03-16T14:43:07","modified_gmt":"2022-03-16T13:43:07","slug":"sbb-ostao-bez-vijecnika-u-tuzli-stranku-napustili-dugogodisnji-clanovi","status":"publish","type":"post","link":"https:\/\/tuzlainfo.ba\/index.php\/novosti\/item\/166711-sbb-ostao-bez-vijecnika-u-tuzli-stranku-napustili-dugogodisnji-clanovi\/","title":{"rendered":"Nakon isklju\u010denja Ned\u017eada Hamzi\u0107a: SBB u Tuzli ostao bez tri vije\u0107nika i na stotine \u010dlanova"},"content":{"rendered":"<p>Nakon \u0161to je nadavno iz SBB-a odlukom Predsjedni\u0161tva te stranke isklju\u010den Ned\u017ead Hamzi\u0107, do nedavno predsjednik GO SBB Tuzla i zastupnik u Skup\u0161tini Tuzlanskog kantona, sa njim su se o\u010digledno solidarisali i vije\u0107nici u SBB-a u GV Tuzla, te istupili iz te stranke.<\/p>\n<p>Tim povodom tri vije\u0107nika su se danas oglasila saop\u0161tenjem za javnost u kojem navode:<\/p>\n<p>Vije\u0107nici u Gradskom vije\u0107u Tuzla Sabiha Mujkanovi\u0107 Muja\u010di\u0107, Lejla Osman\u010devi\u0107 i Omer Delali\u0107 istupili su iz SBB BiH i formirali Klub samostalnih vije\u0107nika u Gradskom vije\u0107u Tuzla.<\/p>\n<p>\u2013 Kantonalni zastupnik Ned\u017ead Hamzi\u0107 svoj mandat nastavlja kao samostalni zastupnik u Skup\u0161tini TK budu\u0107i da je isklju\u010den iz SBB-a. Zanimljivo je da se to isklju\u010denje desilo u vrijeme jo\u0161 jedne smjene vlasti u najmnogoljudnijem kantonu koju Hamzi\u0107 nije podr\u017eao, budu\u0107i da mu je iz centrale SBB ostavljena mogu\u0107nost dono\u0161enja samostalne odluke.<\/p>\n<p>\u2013 Vije\u0107nicima u Gradskom vije\u0107u Tuzla interesi Tuzlaka su na prvom mjestu. Svojim izlaskom iz SBB BiH \u017eelimo pokazati na\u0161im bira\u010dima da su glave kojima razmi\u0161ljamo u Tuzli. Tu \u0107e i ostati, za razliku od pojedinaca koji su, zarad nekoliko polo\u017eaja u nacionalnim kompanijama, spremni \u201c prodati\u201d svoj grad. Nastavljamo jo\u0161 ja\u010de rad na terenu u narednom periodu.<\/p>\n<blockquote class=\"wp-embedded-content\" data-secret=\"Xq9RlhSAtV\"><p><a href=\"https:\/\/tuzlainfo.ba\/index.php\/novosti\/item\/166170-zbog-nepotizma-i-klijentelizma-sbb-iz-svog-clanstva-iskljucio-nedzada-hamzica-i-lejlu-vukovic\/\">Zbog nepotizma i klijentelizma: SBB iz svog \u010dlanstva isklju\u010dio Ned\u017eada Hamzi\u0107a i Lejlu Vukovi\u0107<\/a><\/p><\/blockquote>\n<p><iframe class=\"wp-embedded-content\" sandbox=\"allow-scripts\" security=\"restricted\" style=\"position: absolute; clip: rect(1px, 1px, 1px, 1px);\" title=\"&#8220;Zbog nepotizma i klijentelizma: SBB iz svog \u010dlanstva isklju\u010dio Ned\u017eada Hamzi\u0107a i Lejlu Vukovi\u0107&#8221; &#8212; TuzlaInfo.ba\" src=\"https:\/\/tuzlainfo.ba\/index.php\/novosti\/item\/166170-zbog-nepotizma-i-klijentelizma-sbb-iz-svog-clanstva-iskljucio-nedzada-hamzica-i-lejlu-vukovic\/embed\/#?secret=n2Y0LYdVSb#?secret=Xq9RlhSAtV\" data-secret=\"Xq9RlhSAtV\" width=\"600\" height=\"338\" frameborder=\"0\" marginwidth=\"0\" marginheight=\"0\" scrolling=\"no\"><\/iframe><\/p>\n<p>Zbog neslaganja sa politikom SBB BIH i odnosa stranke prema \u010dlanovima koji su ulo\u017eili vi\u0161e od decenije svog rada u rast i razvoj jedne politi\u010dke ideje za samo pet dana, Savez za bolju budu\u0107nost napustilo je preko 600 aktivnih \u010dlanova, uglednih gra\u0111ana Tuzle. Ovaj podatak potvr\u0111uje jedinstvo \u010dlanova okupljenih u Gradskoj organizaciji na \u010dijem je \u010delu bio Ned\u017ead Hamzi\u0107.<\/p>\n<p>\u2013 Zahvaljujemo im se na ukazanom povjerenju uz obe\u0107anje da \u0107emo ih uskoro informisati o na\u0161im daljnjim odlukama i politi\u010dkim anga\u017emanima, koji \u0107e uvijek biti za dobrobit gra\u0111ana Tuzle i Tuzlanskog kantona, navodi se u saop\u0107enju Kluba samostalnih vije\u0107nika u Gradskom vije\u0107u Tuzla.<\/p>\n","protected":false},"excerpt":{"rendered":"<p>Nakon \u0161to je nadavno iz SBB-a odlukom Predsjedni\u0161tva te stranke isklju\u010den Ned\u017ead Hamzi\u0107, do nedavno&hellip;<\/p>\n","protected":false},"author":4,"featured_media":166716,"comment_status":"open","ping_status":"closed","sticky":false,"template":"","format":"standard","meta":{"_acf_changed":false,"footnotes":""},"categories":[304,12],"tags":[2186],"acf":[],"yoast_head":"<!-- This site is optimized with the Yoast SEO plugin v23.5 - https:\/\/yoast.com\/wordpress\/plugins\/seo\/ -->\n<title>Nakon isklju\u010denja Ned\u017eada Hamzi\u0107a: SBB u Tuzli ostao bez tri vije\u0107nika i na stotine \u010dlanova - TuzlaInfo.ba<\/title>\n<meta name=\"robots\" content=\"index, follow, max-snippet:-1, max-image-preview:large, max-video-preview:-1\" \/>\n<link rel=\"canonical\" href=\"https:\/\/tuzlainfo.ba\/index.php\/novosti\/item\/166711-sbb-ostao-bez-vijecnika-u-tuzli-stranku-napustili-dugogodisnji-clanovi\/\" \/>\n<meta property=\"og:locale\" content=\"bs_BA\" \/>\n<meta property=\"og:type\" content=\"article\" \/>\n<meta property=\"og:title\" content=\"Nakon isklju\u010denja Ned\u017eada Hamzi\u0107a: SBB u Tuzli ostao bez tri vije\u0107nika i na stotine \u010dlanova - TuzlaInfo.ba\" \/>\n<meta property=\"og:description\" content=\"Nakon \u0161to je nadavno iz SBB-a odlukom Predsjedni\u0161tva te stranke isklju\u010den Ned\u017ead Hamzi\u0107, do nedavno&hellip;\" \/>\n<meta property=\"og:url\" content=\"https:\/\/tuzlainfo.ba\/index.php\/novosti\/item\/166711-sbb-ostao-bez-vijecnika-u-tuzli-stranku-napustili-dugogodisnji-clanovi\/\" \/>\n<meta property=\"og:site_name\" content=\"TuzlaInfo.ba\" \/>\n<meta property=\"article:publisher\" content=\"https:\/\/www.facebook.com\/tuzlainfo.ba\/\" \/>\n<meta property=\"article:published_time\" content=\"2022-03-16T13:40:26+00:00\" \/>\n<meta property=\"article:modified_time\" content=\"2022-03-16T13:43:07+00:00\" \/>\n<meta property=\"og:image\" content=\"https:\/\/tuzlainfo.ba\/wp-content\/uploads\/2022\/03\/1603_hamzic_mujacic_sbb.jpg\" \/>\n\t<meta property=\"og:image:width\" content=\"938\" \/>\n\t<meta property=\"og:image:height\" content=\"680\" \/>\n\t<meta property=\"og:image:type\" content=\"image\/jpeg\" \/>\n<meta name=\"author\" content=\"Tuzla Info\" \/>\n<meta name=\"twitter:card\" content=\"summary_large_image\" \/>\n<meta name=\"twitter:label1\" content=\"Written by\" \/>\n\t<meta name=\"twitter:data1\" content=\"Tuzla Info\" \/>\n\t<meta name=\"twitter:label2\" content=\"Est. reading time\" \/>\n\t<meta name=\"twitter:data2\" content=\"2 minute\" \/>\n<script type=\"application\/ld+json\" class=\"yoast-schema-graph\">{\"@context\":\"https:\/\/schema.org\",\"@graph\":[{\"@type\":\"Article\",\"@id\":\"https:\/\/tuzlainfo.ba\/index.php\/novosti\/item\/166711-sbb-ostao-bez-vijecnika-u-tuzli-stranku-napustili-dugogodisnji-clanovi\/#article\",\"isPartOf\":{\"@id\":\"https:\/\/tuzlainfo.ba\/index.php\/novosti\/item\/166711-sbb-ostao-bez-vijecnika-u-tuzli-stranku-napustili-dugogodisnji-clanovi\/\"},\"author\":{\"name\":\"Tuzla Info\",\"@id\":\"https:\/\/tuzlainfo.ba\/#\/schema\/person\/46cad4c57790cbc50781edd14870825a\"},\"headline\":\"Nakon isklju\u010denja Ned\u017eada Hamzi\u0107a: SBB u Tuzli ostao bez tri vije\u0107nika i na stotine \u010dlanova\",\"datePublished\":\"2022-03-16T13:40:26+00:00\",\"dateModified\":\"2022-03-16T13:43:07+00:00\",\"mainEntityOfPage\":{\"@id\":\"https:\/\/tuzlainfo.ba\/index.php\/novosti\/item\/166711-sbb-ostao-bez-vijecnika-u-tuzli-stranku-napustili-dugogodisnji-clanovi\/\"},\"wordCount\":363,\"commentCount\":0,\"publisher\":{\"@id\":\"https:\/\/tuzlainfo.ba\/#organization\"},\"image\":{\"@id\":\"https:\/\/tuzlainfo.ba\/index.php\/novosti\/item\/166711-sbb-ostao-bez-vijecnika-u-tuzli-stranku-napustili-dugogodisnji-clanovi\/#primaryimage\"},\"thumbnailUrl\":\"https:\/\/tuzlainfo.ba\/wp-content\/uploads\/2022\/03\/1603_hamzic_mujacic_sbb.jpg\",\"keywords\":[\"sbb tuzla\"],\"articleSection\":[\"Istaknuto\",\"Novosti\"],\"inLanguage\":\"bs-BA\"},{\"@type\":\"WebPage\",\"@id\":\"https:\/\/tuzlainfo.ba\/index.php\/novosti\/item\/166711-sbb-ostao-bez-vijecnika-u-tuzli-stranku-napustili-dugogodisnji-clanovi\/\",\"url\":\"https:\/\/tuzlainfo.ba\/index.php\/novosti\/item\/166711-sbb-ostao-bez-vijecnika-u-tuzli-stranku-napustili-dugogodisnji-clanovi\/\",\"name\":\"Nakon isklju\u010denja Ned\u017eada Hamzi\u0107a: SBB u Tuzli ostao bez tri vije\u0107nika i na stotine \u010dlanova - TuzlaInfo.ba\",\"isPartOf\":{\"@id\":\"https:\/\/tuzlainfo.ba\/#website\"},\"primaryImageOfPage\":{\"@id\":\"https:\/\/tuzlainfo.ba\/index.php\/novosti\/item\/166711-sbb-ostao-bez-vijecnika-u-tuzli-stranku-napustili-dugogodisnji-clanovi\/#primaryimage\"},\"image\":{\"@id\":\"https:\/\/tuzlainfo.ba\/index.php\/novosti\/item\/166711-sbb-ostao-bez-vijecnika-u-tuzli-stranku-napustili-dugogodisnji-clanovi\/#primaryimage\"},\"thumbnailUrl\":\"https:\/\/tuzlainfo.ba\/wp-content\/uploads\/2022\/03\/1603_hamzic_mujacic_sbb.jpg\",\"datePublished\":\"2022-03-16T13:40:26+00:00\",\"dateModified\":\"2022-03-16T13:43:07+00:00\",\"breadcrumb\":{\"@id\":\"https:\/\/tuzlainfo.ba\/index.php\/novosti\/item\/166711-sbb-ostao-bez-vijecnika-u-tuzli-stranku-napustili-dugogodisnji-clanovi\/#breadcrumb\"},\"inLanguage\":\"bs-BA\",\"potentialAction\":[{\"@type\":\"ReadAction\",\"target\":[\"https:\/\/tuzlainfo.ba\/index.php\/novosti\/item\/166711-sbb-ostao-bez-vijecnika-u-tuzli-stranku-napustili-dugogodisnji-clanovi\/\"]}]},{\"@type\":\"ImageObject\",\"inLanguage\":\"bs-BA\",\"@id\":\"https:\/\/tuzlainfo.ba\/index.php\/novosti\/item\/166711-sbb-ostao-bez-vijecnika-u-tuzli-stranku-napustili-dugogodisnji-clanovi\/#primaryimage\",\"url\":\"https:\/\/tuzlainfo.ba\/wp-content\/uploads\/2022\/03\/1603_hamzic_mujacic_sbb.jpg\",\"contentUrl\":\"https:\/\/tuzlainfo.ba\/wp-content\/uploads\/2022\/03\/1603_hamzic_mujacic_sbb.jpg\",\"width\":938,\"height\":680,\"caption\":\"Foto: facebook.com\/sabiha.mujkanovic.7\"},{\"@type\":\"BreadcrumbList\",\"@id\":\"https:\/\/tuzlainfo.ba\/index.php\/novosti\/item\/166711-sbb-ostao-bez-vijecnika-u-tuzli-stranku-napustili-dugogodisnji-clanovi\/#breadcrumb\",\"itemListElement\":[{\"@type\":\"ListItem\",\"position\":1,\"name\":\"Home\",\"item\":\"https:\/\/tuzlainfo.ba\/\"},{\"@type\":\"ListItem\",\"position\":2,\"name\":\"Nakon isklju\u010denja Ned\u017eada Hamzi\u0107a: SBB u Tuzli ostao bez tri vije\u0107nika i na stotine \u010dlanova\"}]},{\"@type\":\"WebSite\",\"@id\":\"https:\/\/tuzlainfo.ba\/#website\",\"url\":\"https:\/\/tuzlainfo.ba\/\",\"name\":\"TuzlaInfo.ba\",\"description\":\"Tuzla info, gradski informator - Tuzla na dlanu\",\"publisher\":{\"@id\":\"https:\/\/tuzlainfo.ba\/#organization\"},\"potentialAction\":[{\"@type\":\"SearchAction\",\"target\":{\"@type\":\"EntryPoint\",\"urlTemplate\":\"https:\/\/tuzlainfo.ba\/?s={search_term_string}\"},\"query-input\":{\"@type\":\"PropertyValueSpecification\",\"valueRequired\":true,\"valueName\":\"search_term_string\"}}],\"inLanguage\":\"bs-BA\"},{\"@type\":\"Organization\",\"@id\":\"https:\/\/tuzlainfo.ba\/#organization\",\"name\":\"TuzlaInfo.ba\",\"url\":\"https:\/\/tuzlainfo.ba\/\",\"logo\":{\"@type\":\"ImageObject\",\"inLanguage\":\"bs-BA\",\"@id\":\"https:\/\/tuzlainfo.ba\/#\/schema\/logo\/image\/\",\"url\":\"https:\/\/tuzlainfo.ba\/wp-content\/uploads\/2021\/03\/logo-ver-3-1.png\",\"contentUrl\":\"https:\/\/tuzlainfo.ba\/wp-content\/uploads\/2021\/03\/logo-ver-3-1.png\",\"width\":350,\"height\":95,\"caption\":\"TuzlaInfo.ba\"},\"image\":{\"@id\":\"https:\/\/tuzlainfo.ba\/#\/schema\/logo\/image\/\"},\"sameAs\":[\"https:\/\/www.facebook.com\/tuzlainfo.ba\/\"]},{\"@type\":\"Person\",\"@id\":\"https:\/\/tuzlainfo.ba\/#\/schema\/person\/46cad4c57790cbc50781edd14870825a\",\"name\":\"Tuzla Info\",\"image\":{\"@type\":\"ImageObject\",\"inLanguage\":\"bs-BA\",\"@id\":\"https:\/\/tuzlainfo.ba\/#\/schema\/person\/image\/\",\"url\":\"https:\/\/tuzlainfo.ba\/wp-content\/litespeed\/avatar\/b6c453a6c38e3654f2e4416c643fc25c.jpg?ver=1777051911\",\"contentUrl\":\"https:\/\/tuzlainfo.ba\/wp-content\/litespeed\/avatar\/b6c453a6c38e3654f2e4416c643fc25c.jpg?ver=1777051911\",\"caption\":\"Tuzla Info\"}}]}<\/script>\n<!-- \/ Yoast SEO plugin. -->","yoast_head_json":{"title":"Nakon isklju\u010denja Ned\u017eada Hamzi\u0107a: SBB u Tuzli ostao bez tri vije\u0107nika i na stotine \u010dlanova - TuzlaInfo.ba","robots":{"index":"index","follow":"follow","max-snippet":"max-snippet:-1","max-image-preview":"max-image-preview:large","max-video-preview":"max-video-preview:-1"},"canonical":"https:\/\/tuzlainfo.ba\/index.php\/novosti\/item\/166711-sbb-ostao-bez-vijecnika-u-tuzli-stranku-napustili-dugogodisnji-clanovi\/","og_locale":"bs_BA","og_type":"article","og_title":"Nakon isklju\u010denja Ned\u017eada Hamzi\u0107a: SBB u Tuzli ostao bez tri vije\u0107nika i na stotine \u010dlanova - TuzlaInfo.ba","og_description":"Nakon \u0161to je nadavno iz SBB-a odlukom Predsjedni\u0161tva te stranke isklju\u010den Ned\u017ead Hamzi\u0107, do nedavno&hellip;","og_url":"https:\/\/tuzlainfo.ba\/index.php\/novosti\/item\/166711-sbb-ostao-bez-vijecnika-u-tuzli-stranku-napustili-dugogodisnji-clanovi\/","og_site_name":"TuzlaInfo.ba","article_publisher":"https:\/\/www.facebook.com\/tuzlainfo.ba\/","article_published_time":"2022-03-16T13:40:26+00:00","article_modified_time":"2022-03-16T13:43:07+00:00","og_image":[{"width":938,"height":680,"url":"https:\/\/tuzlainfo.ba\/wp-content\/uploads\/2022\/03\/1603_hamzic_mujacic_sbb.jpg","type":"image\/jpeg"}],"author":"Tuzla Info","twitter_card":"summary_large_image","twitter_misc":{"Written by":"Tuzla Info","Est. reading time":"2 minute"},"schema":{"@context":"https:\/\/schema.org","@graph":[{"@type":"Article","@id":"https:\/\/tuzlainfo.ba\/index.php\/novosti\/item\/166711-sbb-ostao-bez-vijecnika-u-tuzli-stranku-napustili-dugogodisnji-clanovi\/#article","isPartOf":{"@id":"https:\/\/tuzlainfo.ba\/index.php\/novosti\/item\/166711-sbb-ostao-bez-vijecnika-u-tuzli-stranku-napustili-dugogodisnji-clanovi\/"},"author":{"name":"Tuzla Info","@id":"https:\/\/tuzlainfo.ba\/#\/schema\/person\/46cad4c57790cbc50781edd14870825a"},"headline":"Nakon isklju\u010denja Ned\u017eada Hamzi\u0107a: SBB u Tuzli ostao bez tri vije\u0107nika i na stotine \u010dlanova","datePublished":"2022-03-16T13:40:26+00:00","dateModified":"2022-03-16T13:43:07+00:00","mainEntityOfPage":{"@id":"https:\/\/tuzlainfo.ba\/index.php\/novosti\/item\/166711-sbb-ostao-bez-vijecnika-u-tuzli-stranku-napustili-dugogodisnji-clanovi\/"},"wordCount":363,"commentCount":0,"publisher":{"@id":"https:\/\/tuzlainfo.ba\/#organization"},"image":{"@id":"https:\/\/tuzlainfo.ba\/index.php\/novosti\/item\/166711-sbb-ostao-bez-vijecnika-u-tuzli-stranku-napustili-dugogodisnji-clanovi\/#primaryimage"},"thumbnailUrl":"https:\/\/tuzlainfo.ba\/wp-content\/uploads\/2022\/03\/1603_hamzic_mujacic_sbb.jpg","keywords":["sbb tuzla"],"articleSection":["Istaknuto","Novosti"],"inLanguage":"bs-BA"},{"@type":"WebPage","@id":"https:\/\/tuzlainfo.ba\/index.php\/novosti\/item\/166711-sbb-ostao-bez-vijecnika-u-tuzli-stranku-napustili-dugogodisnji-clanovi\/","url":"https:\/\/tuzlainfo.ba\/index.php\/novosti\/item\/166711-sbb-ostao-bez-vijecnika-u-tuzli-stranku-napustili-dugogodisnji-clanovi\/","name":"Nakon isklju\u010denja Ned\u017eada Hamzi\u0107a: SBB u Tuzli ostao bez tri vije\u0107nika i na stotine \u010dlanova - TuzlaInfo.ba","isPartOf":{"@id":"https:\/\/tuzlainfo.ba\/#website"},"primaryImageOfPage":{"@id":"https:\/\/tuzlainfo.ba\/index.php\/novosti\/item\/166711-sbb-ostao-bez-vijecnika-u-tuzli-stranku-napustili-dugogodisnji-clanovi\/#primaryimage"},"image":{"@id":"https:\/\/tuzlainfo.ba\/index.php\/novosti\/item\/166711-sbb-ostao-bez-vijecnika-u-tuzli-stranku-napustili-dugogodisnji-clanovi\/#primaryimage"},"thumbnailUrl":"https:\/\/tuzlainfo.ba\/wp-content\/uploads\/2022\/03\/1603_hamzic_mujacic_sbb.jpg","datePublished":"2022-03-16T13:40:26+00:00","dateModified":"2022-03-16T13:43:07+00:00","breadcrumb":{"@id":"https:\/\/tuzlainfo.ba\/index.php\/novosti\/item\/166711-sbb-ostao-bez-vijecnika-u-tuzli-stranku-napustili-dugogodisnji-clanovi\/#breadcrumb"},"inLanguage":"bs-BA","potentialAction":[{"@type":"ReadAction","target":["https:\/\/tuzlainfo.ba\/index.php\/novosti\/item\/166711-sbb-ostao-bez-vijecnika-u-tuzli-stranku-napustili-dugogodisnji-clanovi\/"]}]},{"@type":"ImageObject","inLanguage":"bs-BA","@id":"https:\/\/tuzlainfo.ba\/index.php\/novosti\/item\/166711-sbb-ostao-bez-vijecnika-u-tuzli-stranku-napustili-dugogodisnji-clanovi\/#primaryimage","url":"https:\/\/tuzlainfo.ba\/wp-content\/uploads\/2022\/03\/1603_hamzic_mujacic_sbb.jpg","contentUrl":"https:\/\/tuzlainfo.ba\/wp-content\/uploads\/2022\/03\/1603_hamzic_mujacic_sbb.jpg","width":938,"height":680,"caption":"Foto: facebook.com\/sabiha.mujkanovic.7"},{"@type":"BreadcrumbList","@id":"https:\/\/tuzlainfo.ba\/index.php\/novosti\/item\/166711-sbb-ostao-bez-vijecnika-u-tuzli-stranku-napustili-dugogodisnji-clanovi\/#breadcrumb","itemListElement":[{"@type":"ListItem","position":1,"name":"Home","item":"https:\/\/tuzlainfo.ba\/"},{"@type":"ListItem","position":2,"name":"Nakon isklju\u010denja Ned\u017eada Hamzi\u0107a: SBB u Tuzli ostao bez tri vije\u0107nika i na stotine \u010dlanova"}]},{"@type":"WebSite","@id":"https:\/\/tuzlainfo.ba\/#website","url":"https:\/\/tuzlainfo.ba\/","name":"TuzlaInfo.ba","description":"Tuzla info, gradski informator - Tuzla na dlanu","publisher":{"@id":"https:\/\/tuzlainfo.ba\/#organization"},"potentialAction":[{"@type":"SearchAction","target":{"@type":"EntryPoint","urlTemplate":"https:\/\/tuzlainfo.ba\/?s={search_term_string}"},"query-input":{"@type":"PropertyValueSpecification","valueRequired":true,"valueName":"search_term_string"}}],"inLanguage":"bs-BA"},{"@type":"Organization","@id":"https:\/\/tuzlainfo.ba\/#organization","name":"TuzlaInfo.ba","url":"https:\/\/tuzlainfo.ba\/","logo":{"@type":"ImageObject","inLanguage":"bs-BA","@id":"https:\/\/tuzlainfo.ba\/#\/schema\/logo\/image\/","url":"https:\/\/tuzlainfo.ba\/wp-content\/uploads\/2021\/03\/logo-ver-3-1.png","contentUrl":"https:\/\/tuzlainfo.ba\/wp-content\/uploads\/2021\/03\/logo-ver-3-1.png","width":350,"height":95,"caption":"TuzlaInfo.ba"},"image":{"@id":"https:\/\/tuzlainfo.ba\/#\/schema\/logo\/image\/"},"sameAs":["https:\/\/www.facebook.com\/tuzlainfo.ba\/"]},{"@type":"Person","@id":"https:\/\/tuzlainfo.ba\/#\/schema\/person\/46cad4c57790cbc50781edd14870825a","name":"Tuzla Info","image":{"@type":"ImageObject","inLanguage":"bs-BA","@id":"https:\/\/tuzlainfo.ba\/#\/schema\/person\/image\/","url":"https:\/\/tuzlainfo.ba\/wp-content\/litespeed\/avatar\/b6c453a6c38e3654f2e4416c643fc25c.jpg?ver=1777051911","contentUrl":"https:\/\/tuzlainfo.ba\/wp-content\/litespeed\/avatar\/b6c453a6c38e3654f2e4416c643fc25c.jpg?ver=1777051911","caption":"Tuzla Info"}}]}},"_links":{"self":[{"href":"https:\/\/tuzlainfo.ba\/index.php\/wp-json\/wp\/v2\/posts\/166711"}],"collection":[{"href":"https:\/\/tuzlainfo.ba\/index.php\/wp-json\/wp\/v2\/posts"}],"about":[{"href":"https:\/\/tuzlainfo.ba\/index.php\/wp-json\/wp\/v2\/types\/post"}],"author":[{"embeddable":true,"href":"https:\/\/tuzlainfo.ba\/index.php\/wp-json\/wp\/v2\/users\/4"}],"replies":[{"embeddable":true,"href":"https:\/\/tuzlainfo.ba\/index.php\/wp-json\/wp\/v2\/comments?post=166711"}],"version-history":[{"count":0,"href":"https:\/\/tuzlainfo.ba\/index.php\/wp-json\/wp\/v2\/posts\/166711\/revisions"}],"wp:featuredmedia":[{"embeddable":true,"href":"https:\/\/tuzlainfo.ba\/index.php\/wp-json\/wp\/v2\/media\/166716"}],"wp:attachment":[{"href":"https:\/\/tuzlainfo.ba\/index.php\/wp-json\/wp\/v2\/media?parent=166711"}],"wp:term":[{"taxonomy":"category","embeddable":true,"href":"https:\/\/tuzlainfo.ba\/index.php\/wp-json\/wp\/v2\/categories?post=166711"},{"taxonomy":"post_tag","embeddable":true,"href":"https:\/\/tuzlainfo.ba\/index.php\/wp-json\/wp\/v2\/tags?post=166711"}],"curies":[{"name":"wp","href":"https:\/\/api.w.org\/{rel}","templated":true}]}}