{"id":166619,"date":"2022-03-16T12:00:23","date_gmt":"2022-03-16T11:00:23","guid":{"rendered":"https:\/\/tuzlainfo.ba\/?p=166619"},"modified":"2022-03-16T07:39:50","modified_gmt":"2022-03-16T06:39:50","slug":"ima-li-kraja-rastu-cijena-najavljeno-poskupljenje-mlijek","status":"publish","type":"post","link":"https:\/\/tuzlainfo.ba\/index.php\/bosna-i-hercegovina\/item\/166619-ima-li-kraja-rastu-cijena-najavljeno-poskupljenje-mlijek\/","title":{"rendered":"Ima li kraja rastu cijena: Najavljeno poskupljenje mlijeka"},"content":{"rendered":"<p>U Bosnu i Hercegovinu uveze se 177 miliona KM prera\u0111evina od mlijeka, od \u010dega je samo sira oko 92 miliona KM, a mljekarska industrija izvozi oko 93 miliona KM iz na\u0161e zemlje.<\/p>\n<p>Kazao je ovo predsjednik Vanjskotrgovinske komore BiH Ahmet Egrli\u0107 na izbornoj skup\u0161tini Grupacije prera\u0111iva\u010da mlijeka i mlije\u010dnih proizvoda u BiH, te naveo kako je pokrivenost uvoza izvozom u ovom sektoru 53 posto.<\/p>\n<p>&#8220;Ovo je jedna od strate\u0161kih privrednih grana i ono sa \u010dime \u0107e se suo\u010diti jeste pove\u0107anje cijena sirovine, hrane, \u017eitarica i svega \u0161to je neophodno za proizvodnju mlijeka i to \u0107e sigurno imati refleksije i na kona\u010dnu cijenu proizvoda. Osim toga, ote\u017eano \u0107e biti i samo poslovanje i u tom smislu nadle\u017ene institucije vlasti trebaju prepoznati ovu strate\u0161ku granu privrede, kao i neke druge, i u\u010diniti sve kroz razli\u010dite mjere da olak\u0161aju poslovanje. Nadle\u017eni moraju donijeti odre\u0111ene mjere kako bi osigurali da ovaj sektor raste i napreduje&#8221;, kazao je Egrli\u0107.<\/p>\n<p>Egrli\u0107 smatra kako bi bilo veoma dobro da se podr\u017ei smanjenje i ukidanje akciza na gorivo, kao i uvo\u0111enje diferencirane stope PDV-a, ka\u017ee i da treba smanjiti poreze i doprinose na plate, a sve kako bi se rasteretila privreda, prenio je Klix.<\/p>\n<p>&#8220;Mljekarska industrija nalazi se u velikim problemima zbog nastale krize. Imamo problema sa proljetnom sjetvom i ukoliko nadle\u017ene institucije ne preduzmu neke mjere do\u0107i \u0107e do smanjenja sto\u010dne hrane. Mi ve\u0107 imamo manjak sto\u010dne hrane, a \u0161to se ti\u010de same sjetve obezbije\u0111ena su sjemena koja su za 20 do 30 posto skuplja nego pro\u0161le godine&#8221;, kazala je Indira Omeragi\u0107, iz Mlije\u010dne industrije 99 iz Grada\u010dca, te dodala kako je najvi\u0161e poskupjelo \u0111ubrivo \u2013 za 300 posto, zbog \u010dega su i proizvo\u0111a\u010di mlijeka i farmeri u veoma lo\u0161oj situaciji.<\/p>\n<p>Zbog nastalih problema, istakla je, do\u0107i \u0107e i do poskupljenja mlijeka i mlije\u010dnih proizvoda, te dodala kako o\u010dekuju da im nadle\u017ene institucije pomognu u rje\u0161avanju problema sa kojima se ova industrija suo\u010dava.<\/p>\n<p>&nbsp;<\/p>\n","protected":false},"excerpt":{"rendered":"<p>U Bosnu i Hercegovinu uveze se 177 miliona KM prera\u0111evina od mlijeka, od \u010dega je&hellip;<\/p>\n","protected":false},"author":4,"featured_media":166622,"comment_status":"open","ping_status":"closed","sticky":false,"template":"","format":"standard","meta":{"_acf_changed":false,"footnotes":""},"categories":[291,304],"tags":[4382,4381,2382],"acf":[],"yoast_head":"<!-- This site is optimized with the Yoast SEO plugin v23.5 - https:\/\/yoast.com\/wordpress\/plugins\/seo\/ -->\n<title>Ima li kraja rastu cijena: Najavljeno poskupljenje mlijeka - TuzlaInfo.ba<\/title>\n<meta name=\"robots\" content=\"index, follow, max-snippet:-1, max-image-preview:large, max-video-preview:-1\" \/>\n<link rel=\"canonical\" href=\"https:\/\/tuzlainfo.ba\/index.php\/bosna-i-hercegovina\/item\/166619-ima-li-kraja-rastu-cijena-najavljeno-poskupljenje-mlijek\/\" \/>\n<meta property=\"og:locale\" content=\"bs_BA\" \/>\n<meta property=\"og:type\" content=\"article\" \/>\n<meta property=\"og:title\" content=\"Ima li kraja rastu cijena: Najavljeno poskupljenje mlijeka - TuzlaInfo.ba\" \/>\n<meta property=\"og:description\" content=\"U Bosnu i Hercegovinu uveze se 177 miliona KM prera\u0111evina od mlijeka, od \u010dega je&hellip;\" \/>\n<meta property=\"og:url\" content=\"https:\/\/tuzlainfo.ba\/index.php\/bosna-i-hercegovina\/item\/166619-ima-li-kraja-rastu-cijena-najavljeno-poskupljenje-mlijek\/\" \/>\n<meta property=\"og:site_name\" content=\"TuzlaInfo.ba\" \/>\n<meta property=\"article:publisher\" content=\"https:\/\/www.facebook.com\/tuzlainfo.ba\/\" \/>\n<meta property=\"article:published_time\" content=\"2022-03-16T11:00:23+00:00\" \/>\n<meta property=\"article:modified_time\" content=\"2022-03-16T06:39:50+00:00\" \/>\n<meta property=\"og:image\" content=\"https:\/\/tuzlainfo.ba\/wp-content\/uploads\/2022\/03\/inbound775425450533136161.jpg\" \/>\n\t<meta property=\"og:image:width\" content=\"1176\" \/>\n\t<meta property=\"og:image:height\" content=\"690\" \/>\n\t<meta property=\"og:image:type\" content=\"image\/jpeg\" \/>\n<meta name=\"author\" content=\"Tuzla Info\" \/>\n<meta name=\"twitter:card\" content=\"summary_large_image\" \/>\n<meta name=\"twitter:label1\" content=\"Written by\" \/>\n\t<meta name=\"twitter:data1\" content=\"Tuzla Info\" \/>\n\t<meta name=\"twitter:label2\" content=\"Est. reading time\" \/>\n\t<meta name=\"twitter:data2\" content=\"2 minute\" \/>\n<script type=\"application\/ld+json\" class=\"yoast-schema-graph\">{\"@context\":\"https:\/\/schema.org\",\"@graph\":[{\"@type\":\"Article\",\"@id\":\"https:\/\/tuzlainfo.ba\/index.php\/bosna-i-hercegovina\/item\/166619-ima-li-kraja-rastu-cijena-najavljeno-poskupljenje-mlijek\/#article\",\"isPartOf\":{\"@id\":\"https:\/\/tuzlainfo.ba\/index.php\/bosna-i-hercegovina\/item\/166619-ima-li-kraja-rastu-cijena-najavljeno-poskupljenje-mlijek\/\"},\"author\":{\"name\":\"Tuzla Info\",\"@id\":\"https:\/\/tuzlainfo.ba\/#\/schema\/person\/46cad4c57790cbc50781edd14870825a\"},\"headline\":\"Ima li kraja rastu cijena: Najavljeno poskupljenje mlijeka\",\"datePublished\":\"2022-03-16T11:00:23+00:00\",\"dateModified\":\"2022-03-16T06:39:50+00:00\",\"mainEntityOfPage\":{\"@id\":\"https:\/\/tuzlainfo.ba\/index.php\/bosna-i-hercegovina\/item\/166619-ima-li-kraja-rastu-cijena-najavljeno-poskupljenje-mlijek\/\"},\"wordCount\":356,\"commentCount\":0,\"publisher\":{\"@id\":\"https:\/\/tuzlainfo.ba\/#organization\"},\"image\":{\"@id\":\"https:\/\/tuzlainfo.ba\/index.php\/bosna-i-hercegovina\/item\/166619-ima-li-kraja-rastu-cijena-najavljeno-poskupljenje-mlijek\/#primaryimage\"},\"thumbnailUrl\":\"https:\/\/tuzlainfo.ba\/wp-content\/uploads\/2022\/03\/inbound775425450533136161.jpg\",\"keywords\":[\"Mlije\u010dni proizvodi\",\"Mlijeko\",\"vanjskotrgovinska komora\"],\"articleSection\":[\"Bosna i Hercegovina\",\"Istaknuto\"],\"inLanguage\":\"bs-BA\"},{\"@type\":\"WebPage\",\"@id\":\"https:\/\/tuzlainfo.ba\/index.php\/bosna-i-hercegovina\/item\/166619-ima-li-kraja-rastu-cijena-najavljeno-poskupljenje-mlijek\/\",\"url\":\"https:\/\/tuzlainfo.ba\/index.php\/bosna-i-hercegovina\/item\/166619-ima-li-kraja-rastu-cijena-najavljeno-poskupljenje-mlijek\/\",\"name\":\"Ima li kraja rastu cijena: Najavljeno poskupljenje mlijeka - TuzlaInfo.ba\",\"isPartOf\":{\"@id\":\"https:\/\/tuzlainfo.ba\/#website\"},\"primaryImageOfPage\":{\"@id\":\"https:\/\/tuzlainfo.ba\/index.php\/bosna-i-hercegovina\/item\/166619-ima-li-kraja-rastu-cijena-najavljeno-poskupljenje-mlijek\/#primaryimage\"},\"image\":{\"@id\":\"https:\/\/tuzlainfo.ba\/index.php\/bosna-i-hercegovina\/item\/166619-ima-li-kraja-rastu-cijena-najavljeno-poskupljenje-mlijek\/#primaryimage\"},\"thumbnailUrl\":\"https:\/\/tuzlainfo.ba\/wp-content\/uploads\/2022\/03\/inbound775425450533136161.jpg\",\"datePublished\":\"2022-03-16T11:00:23+00:00\",\"dateModified\":\"2022-03-16T06:39:50+00:00\",\"breadcrumb\":{\"@id\":\"https:\/\/tuzlainfo.ba\/index.php\/bosna-i-hercegovina\/item\/166619-ima-li-kraja-rastu-cijena-najavljeno-poskupljenje-mlijek\/#breadcrumb\"},\"inLanguage\":\"bs-BA\",\"potentialAction\":[{\"@type\":\"ReadAction\",\"target\":[\"https:\/\/tuzlainfo.ba\/index.php\/bosna-i-hercegovina\/item\/166619-ima-li-kraja-rastu-cijena-najavljeno-poskupljenje-mlijek\/\"]}]},{\"@type\":\"ImageObject\",\"inLanguage\":\"bs-BA\",\"@id\":\"https:\/\/tuzlainfo.ba\/index.php\/bosna-i-hercegovina\/item\/166619-ima-li-kraja-rastu-cijena-najavljeno-poskupljenje-mlijek\/#primaryimage\",\"url\":\"https:\/\/tuzlainfo.ba\/wp-content\/uploads\/2022\/03\/inbound775425450533136161.jpg\",\"contentUrl\":\"https:\/\/tuzlainfo.ba\/wp-content\/uploads\/2022\/03\/inbound775425450533136161.jpg\",\"width\":1176,\"height\":690},{\"@type\":\"BreadcrumbList\",\"@id\":\"https:\/\/tuzlainfo.ba\/index.php\/bosna-i-hercegovina\/item\/166619-ima-li-kraja-rastu-cijena-najavljeno-poskupljenje-mlijek\/#breadcrumb\",\"itemListElement\":[{\"@type\":\"ListItem\",\"position\":1,\"name\":\"Home\",\"item\":\"https:\/\/tuzlainfo.ba\/\"},{\"@type\":\"ListItem\",\"position\":2,\"name\":\"Ima li kraja rastu cijena: Najavljeno poskupljenje mlijeka\"}]},{\"@type\":\"WebSite\",\"@id\":\"https:\/\/tuzlainfo.ba\/#website\",\"url\":\"https:\/\/tuzlainfo.ba\/\",\"name\":\"TuzlaInfo.ba\",\"description\":\"Tuzla info, gradski informator - Tuzla na dlanu\",\"publisher\":{\"@id\":\"https:\/\/tuzlainfo.ba\/#organization\"},\"potentialAction\":[{\"@type\":\"SearchAction\",\"target\":{\"@type\":\"EntryPoint\",\"urlTemplate\":\"https:\/\/tuzlainfo.ba\/?s={search_term_string}\"},\"query-input\":{\"@type\":\"PropertyValueSpecification\",\"valueRequired\":true,\"valueName\":\"search_term_string\"}}],\"inLanguage\":\"bs-BA\"},{\"@type\":\"Organization\",\"@id\":\"https:\/\/tuzlainfo.ba\/#organization\",\"name\":\"TuzlaInfo.ba\",\"url\":\"https:\/\/tuzlainfo.ba\/\",\"logo\":{\"@type\":\"ImageObject\",\"inLanguage\":\"bs-BA\",\"@id\":\"https:\/\/tuzlainfo.ba\/#\/schema\/logo\/image\/\",\"url\":\"https:\/\/tuzlainfo.ba\/wp-content\/uploads\/2021\/03\/logo-ver-3-1.png\",\"contentUrl\":\"https:\/\/tuzlainfo.ba\/wp-content\/uploads\/2021\/03\/logo-ver-3-1.png\",\"width\":350,\"height\":95,\"caption\":\"TuzlaInfo.ba\"},\"image\":{\"@id\":\"https:\/\/tuzlainfo.ba\/#\/schema\/logo\/image\/\"},\"sameAs\":[\"https:\/\/www.facebook.com\/tuzlainfo.ba\/\"]},{\"@type\":\"Person\",\"@id\":\"https:\/\/tuzlainfo.ba\/#\/schema\/person\/46cad4c57790cbc50781edd14870825a\",\"name\":\"Tuzla Info\",\"image\":{\"@type\":\"ImageObject\",\"inLanguage\":\"bs-BA\",\"@id\":\"https:\/\/tuzlainfo.ba\/#\/schema\/person\/image\/\",\"url\":\"https:\/\/tuzlainfo.ba\/wp-content\/litespeed\/avatar\/b6c453a6c38e3654f2e4416c643fc25c.jpg?ver=1777051911\",\"contentUrl\":\"https:\/\/tuzlainfo.ba\/wp-content\/litespeed\/avatar\/b6c453a6c38e3654f2e4416c643fc25c.jpg?ver=1777051911\",\"caption\":\"Tuzla Info\"}}]}<\/script>\n<!-- \/ Yoast SEO plugin. -->","yoast_head_json":{"title":"Ima li kraja rastu cijena: Najavljeno poskupljenje mlijeka - TuzlaInfo.ba","robots":{"index":"index","follow":"follow","max-snippet":"max-snippet:-1","max-image-preview":"max-image-preview:large","max-video-preview":"max-video-preview:-1"},"canonical":"https:\/\/tuzlainfo.ba\/index.php\/bosna-i-hercegovina\/item\/166619-ima-li-kraja-rastu-cijena-najavljeno-poskupljenje-mlijek\/","og_locale":"bs_BA","og_type":"article","og_title":"Ima li kraja rastu cijena: Najavljeno poskupljenje mlijeka - TuzlaInfo.ba","og_description":"U Bosnu i Hercegovinu uveze se 177 miliona KM prera\u0111evina od mlijeka, od \u010dega je&hellip;","og_url":"https:\/\/tuzlainfo.ba\/index.php\/bosna-i-hercegovina\/item\/166619-ima-li-kraja-rastu-cijena-najavljeno-poskupljenje-mlijek\/","og_site_name":"TuzlaInfo.ba","article_publisher":"https:\/\/www.facebook.com\/tuzlainfo.ba\/","article_published_time":"2022-03-16T11:00:23+00:00","article_modified_time":"2022-03-16T06:39:50+00:00","og_image":[{"width":1176,"height":690,"url":"https:\/\/tuzlainfo.ba\/wp-content\/uploads\/2022\/03\/inbound775425450533136161.jpg","type":"image\/jpeg"}],"author":"Tuzla Info","twitter_card":"summary_large_image","twitter_misc":{"Written by":"Tuzla Info","Est. reading time":"2 minute"},"schema":{"@context":"https:\/\/schema.org","@graph":[{"@type":"Article","@id":"https:\/\/tuzlainfo.ba\/index.php\/bosna-i-hercegovina\/item\/166619-ima-li-kraja-rastu-cijena-najavljeno-poskupljenje-mlijek\/#article","isPartOf":{"@id":"https:\/\/tuzlainfo.ba\/index.php\/bosna-i-hercegovina\/item\/166619-ima-li-kraja-rastu-cijena-najavljeno-poskupljenje-mlijek\/"},"author":{"name":"Tuzla Info","@id":"https:\/\/tuzlainfo.ba\/#\/schema\/person\/46cad4c57790cbc50781edd14870825a"},"headline":"Ima li kraja rastu cijena: Najavljeno poskupljenje mlijeka","datePublished":"2022-03-16T11:00:23+00:00","dateModified":"2022-03-16T06:39:50+00:00","mainEntityOfPage":{"@id":"https:\/\/tuzlainfo.ba\/index.php\/bosna-i-hercegovina\/item\/166619-ima-li-kraja-rastu-cijena-najavljeno-poskupljenje-mlijek\/"},"wordCount":356,"commentCount":0,"publisher":{"@id":"https:\/\/tuzlainfo.ba\/#organization"},"image":{"@id":"https:\/\/tuzlainfo.ba\/index.php\/bosna-i-hercegovina\/item\/166619-ima-li-kraja-rastu-cijena-najavljeno-poskupljenje-mlijek\/#primaryimage"},"thumbnailUrl":"https:\/\/tuzlainfo.ba\/wp-content\/uploads\/2022\/03\/inbound775425450533136161.jpg","keywords":["Mlije\u010dni proizvodi","Mlijeko","vanjskotrgovinska komora"],"articleSection":["Bosna i Hercegovina","Istaknuto"],"inLanguage":"bs-BA"},{"@type":"WebPage","@id":"https:\/\/tuzlainfo.ba\/index.php\/bosna-i-hercegovina\/item\/166619-ima-li-kraja-rastu-cijena-najavljeno-poskupljenje-mlijek\/","url":"https:\/\/tuzlainfo.ba\/index.php\/bosna-i-hercegovina\/item\/166619-ima-li-kraja-rastu-cijena-najavljeno-poskupljenje-mlijek\/","name":"Ima li kraja rastu cijena: Najavljeno poskupljenje mlijeka - TuzlaInfo.ba","isPartOf":{"@id":"https:\/\/tuzlainfo.ba\/#website"},"primaryImageOfPage":{"@id":"https:\/\/tuzlainfo.ba\/index.php\/bosna-i-hercegovina\/item\/166619-ima-li-kraja-rastu-cijena-najavljeno-poskupljenje-mlijek\/#primaryimage"},"image":{"@id":"https:\/\/tuzlainfo.ba\/index.php\/bosna-i-hercegovina\/item\/166619-ima-li-kraja-rastu-cijena-najavljeno-poskupljenje-mlijek\/#primaryimage"},"thumbnailUrl":"https:\/\/tuzlainfo.ba\/wp-content\/uploads\/2022\/03\/inbound775425450533136161.jpg","datePublished":"2022-03-16T11:00:23+00:00","dateModified":"2022-03-16T06:39:50+00:00","breadcrumb":{"@id":"https:\/\/tuzlainfo.ba\/index.php\/bosna-i-hercegovina\/item\/166619-ima-li-kraja-rastu-cijena-najavljeno-poskupljenje-mlijek\/#breadcrumb"},"inLanguage":"bs-BA","potentialAction":[{"@type":"ReadAction","target":["https:\/\/tuzlainfo.ba\/index.php\/bosna-i-hercegovina\/item\/166619-ima-li-kraja-rastu-cijena-najavljeno-poskupljenje-mlijek\/"]}]},{"@type":"ImageObject","inLanguage":"bs-BA","@id":"https:\/\/tuzlainfo.ba\/index.php\/bosna-i-hercegovina\/item\/166619-ima-li-kraja-rastu-cijena-najavljeno-poskupljenje-mlijek\/#primaryimage","url":"https:\/\/tuzlainfo.ba\/wp-content\/uploads\/2022\/03\/inbound775425450533136161.jpg","contentUrl":"https:\/\/tuzlainfo.ba\/wp-content\/uploads\/2022\/03\/inbound775425450533136161.jpg","width":1176,"height":690},{"@type":"BreadcrumbList","@id":"https:\/\/tuzlainfo.ba\/index.php\/bosna-i-hercegovina\/item\/166619-ima-li-kraja-rastu-cijena-najavljeno-poskupljenje-mlijek\/#breadcrumb","itemListElement":[{"@type":"ListItem","position":1,"name":"Home","item":"https:\/\/tuzlainfo.ba\/"},{"@type":"ListItem","position":2,"name":"Ima li kraja rastu cijena: Najavljeno poskupljenje mlijeka"}]},{"@type":"WebSite","@id":"https:\/\/tuzlainfo.ba\/#website","url":"https:\/\/tuzlainfo.ba\/","name":"TuzlaInfo.ba","description":"Tuzla info, gradski informator - Tuzla na dlanu","publisher":{"@id":"https:\/\/tuzlainfo.ba\/#organization"},"potentialAction":[{"@type":"SearchAction","target":{"@type":"EntryPoint","urlTemplate":"https:\/\/tuzlainfo.ba\/?s={search_term_string}"},"query-input":{"@type":"PropertyValueSpecification","valueRequired":true,"valueName":"search_term_string"}}],"inLanguage":"bs-BA"},{"@type":"Organization","@id":"https:\/\/tuzlainfo.ba\/#organization","name":"TuzlaInfo.ba","url":"https:\/\/tuzlainfo.ba\/","logo":{"@type":"ImageObject","inLanguage":"bs-BA","@id":"https:\/\/tuzlainfo.ba\/#\/schema\/logo\/image\/","url":"https:\/\/tuzlainfo.ba\/wp-content\/uploads\/2021\/03\/logo-ver-3-1.png","contentUrl":"https:\/\/tuzlainfo.ba\/wp-content\/uploads\/2021\/03\/logo-ver-3-1.png","width":350,"height":95,"caption":"TuzlaInfo.ba"},"image":{"@id":"https:\/\/tuzlainfo.ba\/#\/schema\/logo\/image\/"},"sameAs":["https:\/\/www.facebook.com\/tuzlainfo.ba\/"]},{"@type":"Person","@id":"https:\/\/tuzlainfo.ba\/#\/schema\/person\/46cad4c57790cbc50781edd14870825a","name":"Tuzla Info","image":{"@type":"ImageObject","inLanguage":"bs-BA","@id":"https:\/\/tuzlainfo.ba\/#\/schema\/person\/image\/","url":"https:\/\/tuzlainfo.ba\/wp-content\/litespeed\/avatar\/b6c453a6c38e3654f2e4416c643fc25c.jpg?ver=1777051911","contentUrl":"https:\/\/tuzlainfo.ba\/wp-content\/litespeed\/avatar\/b6c453a6c38e3654f2e4416c643fc25c.jpg?ver=1777051911","caption":"Tuzla Info"}}]}},"_links":{"self":[{"href":"https:\/\/tuzlainfo.ba\/index.php\/wp-json\/wp\/v2\/posts\/166619"}],"collection":[{"href":"https:\/\/tuzlainfo.ba\/index.php\/wp-json\/wp\/v2\/posts"}],"about":[{"href":"https:\/\/tuzlainfo.ba\/index.php\/wp-json\/wp\/v2\/types\/post"}],"author":[{"embeddable":true,"href":"https:\/\/tuzlainfo.ba\/index.php\/wp-json\/wp\/v2\/users\/4"}],"replies":[{"embeddable":true,"href":"https:\/\/tuzlainfo.ba\/index.php\/wp-json\/wp\/v2\/comments?post=166619"}],"version-history":[{"count":0,"href":"https:\/\/tuzlainfo.ba\/index.php\/wp-json\/wp\/v2\/posts\/166619\/revisions"}],"wp:featuredmedia":[{"embeddable":true,"href":"https:\/\/tuzlainfo.ba\/index.php\/wp-json\/wp\/v2\/media\/166622"}],"wp:attachment":[{"href":"https:\/\/tuzlainfo.ba\/index.php\/wp-json\/wp\/v2\/media?parent=166619"}],"wp:term":[{"taxonomy":"category","embeddable":true,"href":"https:\/\/tuzlainfo.ba\/index.php\/wp-json\/wp\/v2\/categories?post=166619"},{"taxonomy":"post_tag","embeddable":true,"href":"https:\/\/tuzlainfo.ba\/index.php\/wp-json\/wp\/v2\/tags?post=166619"}],"curies":[{"name":"wp","href":"https:\/\/api.w.org\/{rel}","templated":true}]}}