{"id":166435,"date":"2022-03-14T15:00:10","date_gmt":"2022-03-14T14:00:10","guid":{"rendered":"https:\/\/tuzlainfo.ba\/?p=166435"},"modified":"2022-03-14T13:10:16","modified_gmt":"2022-03-14T12:10:16","slug":"veceras-u-pozoristu-mladih-tuzle-projekcija-filma-ruza","status":"publish","type":"post","link":"https:\/\/tuzlainfo.ba\/index.php\/najava-dogadaja-2\/item\/166435-veceras-u-pozoristu-mladih-tuzle-projekcija-filma-ruza\/","title":{"rendered":"Ve\u010deras u Pozori\u0161tu mladih Tuzle projekcija filma \u201cRu\u017ea\u201d"},"content":{"rendered":"<p class=\"western\" lang=\"hr-BA\" align=\"justify\">Ve\u010deras \u0107e se u 20.00h u Pozori\u0161tu mladih Tuzle, kao dio programa 18. Dana Mladih Tuzle, realizovati prikazivanje filma \u201eRu\u017ea\u201c nastalog u produkciji Mladih Tuzle u re\u017eiji Adnana Mujki\u0107a. Projekcija filma je dio \u201eSedmice filma Mladih Tuzle\u201c u organizaciji Udru\u017eenja \u201eMladi Tuzle\u201c i Pozori\u0161ta mladih Tuzle uz podr\u0161ku Srednje \u201eSavremeno \u2013 umjetni\u010dke \u0161kole\u201c Tuzla.<\/p>\n<p class=\"western\" lang=\"hr-BA\" align=\"justify\">Scenarij za igrani film \u201eRu\u017ea\u201c napisala je Amila Be\u0161irovi\u0107 na osnovu istoimenog romana autorice Nure Bazdulj Hubijar i to kao rezultat \u0161estomjese\u010dne realizacije filmskih radionica. Nakon dobijanja saglasnosti autorice i dobijanja dozvole za snimanje, organizovano je jednomjese\u010dno snimanje filma. Film je snimljen u vlastitoj produkciji uz pomo\u0107 Akademije dramskih umjetnosti Tuzla i Fondacije tuzlanske zajednice.<\/p>\n<p class=\"western\" lang=\"hr-BA\" align=\"justify\">Rad na filmu imao je za cilj istra\u017eiti produkcijsko \u2013 organizacijski segment te je, stoga, cjelokupan proces snimanja, monta\u017ee i premijere filma zapravo poslu\u017eio kao prakti\u010dna obuka za 75 mladih ljudi koji su radili na razli\u010ditim segmentima filma.<\/p>\n<p class=\"western\" lang=\"hr-BA\" align=\"justify\">To je pri\u010da o ljubavi, zaboravu, sje\u0107anju, pam\u0107enju, suo\u010davanju, ali i pri\u010da o odrastanju.<\/p>\n<p class=\"western\" lang=\"hr-BA\" align=\"justify\">U filmu igraju: Remira Osmanovi\u0107, Olivera Bla\u017eevi\u0107, Amila Be\u0161irovi\u0107, Emina Goleti\u0107, Adnan Mujki\u0107, Kemal Fazli\u0107, Eldar Zub\u010devi\u0107, Benjamin Avdi\u0107, Amina Zahirovi\u0107, Amila Kadi\u0107, Toni Krsti\u0107, Sanja Vuleta, Amna Saki\u0107, Iva \u0160imi\u0107, Tarik Ka\u010dapor, Mustafa Be\u0161i\u0107 i Sa\u0161a Pavlovi\u0107.<\/p>\n<p class=\"western\" lang=\"hr-BA\" align=\"justify\">Informacije i rezervacije karata na: 061 365 600.<\/p>\n","protected":false},"excerpt":{"rendered":"<p>Ve\u010deras \u0107e se u 20.00h u Pozori\u0161tu mladih Tuzle, kao dio programa 18. Dana Mladih&hellip;<\/p>\n","protected":false},"author":4,"featured_media":68536,"comment_status":"open","ping_status":"closed","sticky":false,"template":"","format":"standard","meta":{"_acf_changed":false,"footnotes":""},"categories":[304,11],"tags":[2926,4367],"acf":[],"yoast_head":"<!-- This site is optimized with the Yoast SEO plugin v23.5 - https:\/\/yoast.com\/wordpress\/plugins\/seo\/ -->\n<title>Ve\u010deras u Pozori\u0161tu mladih Tuzle projekcija filma \u201cRu\u017ea\u201d - TuzlaInfo.ba<\/title>\n<meta name=\"robots\" content=\"index, follow, max-snippet:-1, max-image-preview:large, max-video-preview:-1\" \/>\n<link rel=\"canonical\" href=\"https:\/\/tuzlainfo.ba\/index.php\/najava-dogadaja-2\/item\/166435-veceras-u-pozoristu-mladih-tuzle-projekcija-filma-ruza\/\" \/>\n<meta property=\"og:locale\" content=\"bs_BA\" \/>\n<meta property=\"og:type\" content=\"article\" \/>\n<meta property=\"og:title\" content=\"Ve\u010deras u Pozori\u0161tu mladih Tuzle projekcija filma \u201cRu\u017ea\u201d - TuzlaInfo.ba\" \/>\n<meta property=\"og:description\" content=\"Ve\u010deras \u0107e se u 20.00h u Pozori\u0161tu mladih Tuzle, kao dio programa 18. Dana Mladih&hellip;\" \/>\n<meta property=\"og:url\" content=\"https:\/\/tuzlainfo.ba\/index.php\/najava-dogadaja-2\/item\/166435-veceras-u-pozoristu-mladih-tuzle-projekcija-filma-ruza\/\" \/>\n<meta property=\"og:site_name\" content=\"TuzlaInfo.ba\" \/>\n<meta property=\"article:publisher\" content=\"https:\/\/www.facebook.com\/tuzlainfo.ba\/\" \/>\n<meta property=\"article:published_time\" content=\"2022-03-14T14:00:10+00:00\" \/>\n<meta property=\"article:modified_time\" content=\"2022-03-14T12:10:16+00:00\" \/>\n<meta property=\"og:image\" content=\"https:\/\/tuzlainfo.ba\/wp-content\/uploads\/2019\/03\/sadrzaj_2019_20190301_1703_ruza.jpg\" \/>\n\t<meta property=\"og:image:width\" content=\"770\" \/>\n\t<meta property=\"og:image:height\" content=\"513\" \/>\n\t<meta property=\"og:image:type\" content=\"image\/jpeg\" \/>\n<meta name=\"author\" content=\"Tuzla Info\" \/>\n<meta name=\"twitter:card\" content=\"summary_large_image\" \/>\n<meta name=\"twitter:label1\" content=\"Written by\" \/>\n\t<meta name=\"twitter:data1\" content=\"Tuzla Info\" \/>\n\t<meta name=\"twitter:label2\" content=\"Est. reading time\" \/>\n\t<meta name=\"twitter:data2\" content=\"1 minuta\" \/>\n<script type=\"application\/ld+json\" class=\"yoast-schema-graph\">{\"@context\":\"https:\/\/schema.org\",\"@graph\":[{\"@type\":\"Article\",\"@id\":\"https:\/\/tuzlainfo.ba\/index.php\/najava-dogadaja-2\/item\/166435-veceras-u-pozoristu-mladih-tuzle-projekcija-filma-ruza\/#article\",\"isPartOf\":{\"@id\":\"https:\/\/tuzlainfo.ba\/index.php\/najava-dogadaja-2\/item\/166435-veceras-u-pozoristu-mladih-tuzle-projekcija-filma-ruza\/\"},\"author\":{\"name\":\"Tuzla Info\",\"@id\":\"https:\/\/tuzlainfo.ba\/#\/schema\/person\/46cad4c57790cbc50781edd14870825a\"},\"headline\":\"Ve\u010deras u Pozori\u0161tu mladih Tuzle projekcija filma \u201cRu\u017ea\u201d\",\"datePublished\":\"2022-03-14T14:00:10+00:00\",\"dateModified\":\"2022-03-14T12:10:16+00:00\",\"mainEntityOfPage\":{\"@id\":\"https:\/\/tuzlainfo.ba\/index.php\/najava-dogadaja-2\/item\/166435-veceras-u-pozoristu-mladih-tuzle-projekcija-filma-ruza\/\"},\"wordCount\":240,\"commentCount\":0,\"publisher\":{\"@id\":\"https:\/\/tuzlainfo.ba\/#organization\"},\"image\":{\"@id\":\"https:\/\/tuzlainfo.ba\/index.php\/najava-dogadaja-2\/item\/166435-veceras-u-pozoristu-mladih-tuzle-projekcija-filma-ruza\/#primaryimage\"},\"thumbnailUrl\":\"https:\/\/tuzlainfo.ba\/wp-content\/uploads\/2019\/03\/sadrzaj_2019_20190301_1703_ruza.jpg\",\"keywords\":[\"pozori\u0161te mladih tuzla\",\"ru\u017ea\"],\"articleSection\":[\"Istaknuto\",\"Najave i doga\u0111aji\"],\"inLanguage\":\"bs-BA\"},{\"@type\":\"WebPage\",\"@id\":\"https:\/\/tuzlainfo.ba\/index.php\/najava-dogadaja-2\/item\/166435-veceras-u-pozoristu-mladih-tuzle-projekcija-filma-ruza\/\",\"url\":\"https:\/\/tuzlainfo.ba\/index.php\/najava-dogadaja-2\/item\/166435-veceras-u-pozoristu-mladih-tuzle-projekcija-filma-ruza\/\",\"name\":\"Ve\u010deras u Pozori\u0161tu mladih Tuzle projekcija filma \u201cRu\u017ea\u201d - TuzlaInfo.ba\",\"isPartOf\":{\"@id\":\"https:\/\/tuzlainfo.ba\/#website\"},\"primaryImageOfPage\":{\"@id\":\"https:\/\/tuzlainfo.ba\/index.php\/najava-dogadaja-2\/item\/166435-veceras-u-pozoristu-mladih-tuzle-projekcija-filma-ruza\/#primaryimage\"},\"image\":{\"@id\":\"https:\/\/tuzlainfo.ba\/index.php\/najava-dogadaja-2\/item\/166435-veceras-u-pozoristu-mladih-tuzle-projekcija-filma-ruza\/#primaryimage\"},\"thumbnailUrl\":\"https:\/\/tuzlainfo.ba\/wp-content\/uploads\/2019\/03\/sadrzaj_2019_20190301_1703_ruza.jpg\",\"datePublished\":\"2022-03-14T14:00:10+00:00\",\"dateModified\":\"2022-03-14T12:10:16+00:00\",\"breadcrumb\":{\"@id\":\"https:\/\/tuzlainfo.ba\/index.php\/najava-dogadaja-2\/item\/166435-veceras-u-pozoristu-mladih-tuzle-projekcija-filma-ruza\/#breadcrumb\"},\"inLanguage\":\"bs-BA\",\"potentialAction\":[{\"@type\":\"ReadAction\",\"target\":[\"https:\/\/tuzlainfo.ba\/index.php\/najava-dogadaja-2\/item\/166435-veceras-u-pozoristu-mladih-tuzle-projekcija-filma-ruza\/\"]}]},{\"@type\":\"ImageObject\",\"inLanguage\":\"bs-BA\",\"@id\":\"https:\/\/tuzlainfo.ba\/index.php\/najava-dogadaja-2\/item\/166435-veceras-u-pozoristu-mladih-tuzle-projekcija-filma-ruza\/#primaryimage\",\"url\":\"https:\/\/tuzlainfo.ba\/wp-content\/uploads\/2019\/03\/sadrzaj_2019_20190301_1703_ruza.jpg\",\"contentUrl\":\"https:\/\/tuzlainfo.ba\/wp-content\/uploads\/2019\/03\/sadrzaj_2019_20190301_1703_ruza.jpg\",\"width\":770,\"height\":513,\"caption\":\"1703 ruza\"},{\"@type\":\"BreadcrumbList\",\"@id\":\"https:\/\/tuzlainfo.ba\/index.php\/najava-dogadaja-2\/item\/166435-veceras-u-pozoristu-mladih-tuzle-projekcija-filma-ruza\/#breadcrumb\",\"itemListElement\":[{\"@type\":\"ListItem\",\"position\":1,\"name\":\"Home\",\"item\":\"https:\/\/tuzlainfo.ba\/\"},{\"@type\":\"ListItem\",\"position\":2,\"name\":\"Ve\u010deras u Pozori\u0161tu mladih Tuzle projekcija filma \u201cRu\u017ea\u201d\"}]},{\"@type\":\"WebSite\",\"@id\":\"https:\/\/tuzlainfo.ba\/#website\",\"url\":\"https:\/\/tuzlainfo.ba\/\",\"name\":\"TuzlaInfo.ba\",\"description\":\"Tuzla info, gradski informator - Tuzla na dlanu\",\"publisher\":{\"@id\":\"https:\/\/tuzlainfo.ba\/#organization\"},\"potentialAction\":[{\"@type\":\"SearchAction\",\"target\":{\"@type\":\"EntryPoint\",\"urlTemplate\":\"https:\/\/tuzlainfo.ba\/?s={search_term_string}\"},\"query-input\":{\"@type\":\"PropertyValueSpecification\",\"valueRequired\":true,\"valueName\":\"search_term_string\"}}],\"inLanguage\":\"bs-BA\"},{\"@type\":\"Organization\",\"@id\":\"https:\/\/tuzlainfo.ba\/#organization\",\"name\":\"TuzlaInfo.ba\",\"url\":\"https:\/\/tuzlainfo.ba\/\",\"logo\":{\"@type\":\"ImageObject\",\"inLanguage\":\"bs-BA\",\"@id\":\"https:\/\/tuzlainfo.ba\/#\/schema\/logo\/image\/\",\"url\":\"https:\/\/tuzlainfo.ba\/wp-content\/uploads\/2021\/03\/logo-ver-3-1.png\",\"contentUrl\":\"https:\/\/tuzlainfo.ba\/wp-content\/uploads\/2021\/03\/logo-ver-3-1.png\",\"width\":350,\"height\":95,\"caption\":\"TuzlaInfo.ba\"},\"image\":{\"@id\":\"https:\/\/tuzlainfo.ba\/#\/schema\/logo\/image\/\"},\"sameAs\":[\"https:\/\/www.facebook.com\/tuzlainfo.ba\/\"]},{\"@type\":\"Person\",\"@id\":\"https:\/\/tuzlainfo.ba\/#\/schema\/person\/46cad4c57790cbc50781edd14870825a\",\"name\":\"Tuzla Info\",\"image\":{\"@type\":\"ImageObject\",\"inLanguage\":\"bs-BA\",\"@id\":\"https:\/\/tuzlainfo.ba\/#\/schema\/person\/image\/\",\"url\":\"https:\/\/tuzlainfo.ba\/wp-content\/litespeed\/avatar\/b6c453a6c38e3654f2e4416c643fc25c.jpg?ver=1777051911\",\"contentUrl\":\"https:\/\/tuzlainfo.ba\/wp-content\/litespeed\/avatar\/b6c453a6c38e3654f2e4416c643fc25c.jpg?ver=1777051911\",\"caption\":\"Tuzla Info\"}}]}<\/script>\n<!-- \/ Yoast SEO plugin. -->","yoast_head_json":{"title":"Ve\u010deras u Pozori\u0161tu mladih Tuzle projekcija filma \u201cRu\u017ea\u201d - TuzlaInfo.ba","robots":{"index":"index","follow":"follow","max-snippet":"max-snippet:-1","max-image-preview":"max-image-preview:large","max-video-preview":"max-video-preview:-1"},"canonical":"https:\/\/tuzlainfo.ba\/index.php\/najava-dogadaja-2\/item\/166435-veceras-u-pozoristu-mladih-tuzle-projekcija-filma-ruza\/","og_locale":"bs_BA","og_type":"article","og_title":"Ve\u010deras u Pozori\u0161tu mladih Tuzle projekcija filma \u201cRu\u017ea\u201d - TuzlaInfo.ba","og_description":"Ve\u010deras \u0107e se u 20.00h u Pozori\u0161tu mladih Tuzle, kao dio programa 18. Dana Mladih&hellip;","og_url":"https:\/\/tuzlainfo.ba\/index.php\/najava-dogadaja-2\/item\/166435-veceras-u-pozoristu-mladih-tuzle-projekcija-filma-ruza\/","og_site_name":"TuzlaInfo.ba","article_publisher":"https:\/\/www.facebook.com\/tuzlainfo.ba\/","article_published_time":"2022-03-14T14:00:10+00:00","article_modified_time":"2022-03-14T12:10:16+00:00","og_image":[{"width":770,"height":513,"url":"https:\/\/tuzlainfo.ba\/wp-content\/uploads\/2019\/03\/sadrzaj_2019_20190301_1703_ruza.jpg","type":"image\/jpeg"}],"author":"Tuzla Info","twitter_card":"summary_large_image","twitter_misc":{"Written by":"Tuzla Info","Est. reading time":"1 minuta"},"schema":{"@context":"https:\/\/schema.org","@graph":[{"@type":"Article","@id":"https:\/\/tuzlainfo.ba\/index.php\/najava-dogadaja-2\/item\/166435-veceras-u-pozoristu-mladih-tuzle-projekcija-filma-ruza\/#article","isPartOf":{"@id":"https:\/\/tuzlainfo.ba\/index.php\/najava-dogadaja-2\/item\/166435-veceras-u-pozoristu-mladih-tuzle-projekcija-filma-ruza\/"},"author":{"name":"Tuzla Info","@id":"https:\/\/tuzlainfo.ba\/#\/schema\/person\/46cad4c57790cbc50781edd14870825a"},"headline":"Ve\u010deras u Pozori\u0161tu mladih Tuzle projekcija filma \u201cRu\u017ea\u201d","datePublished":"2022-03-14T14:00:10+00:00","dateModified":"2022-03-14T12:10:16+00:00","mainEntityOfPage":{"@id":"https:\/\/tuzlainfo.ba\/index.php\/najava-dogadaja-2\/item\/166435-veceras-u-pozoristu-mladih-tuzle-projekcija-filma-ruza\/"},"wordCount":240,"commentCount":0,"publisher":{"@id":"https:\/\/tuzlainfo.ba\/#organization"},"image":{"@id":"https:\/\/tuzlainfo.ba\/index.php\/najava-dogadaja-2\/item\/166435-veceras-u-pozoristu-mladih-tuzle-projekcija-filma-ruza\/#primaryimage"},"thumbnailUrl":"https:\/\/tuzlainfo.ba\/wp-content\/uploads\/2019\/03\/sadrzaj_2019_20190301_1703_ruza.jpg","keywords":["pozori\u0161te mladih tuzla","ru\u017ea"],"articleSection":["Istaknuto","Najave i doga\u0111aji"],"inLanguage":"bs-BA"},{"@type":"WebPage","@id":"https:\/\/tuzlainfo.ba\/index.php\/najava-dogadaja-2\/item\/166435-veceras-u-pozoristu-mladih-tuzle-projekcija-filma-ruza\/","url":"https:\/\/tuzlainfo.ba\/index.php\/najava-dogadaja-2\/item\/166435-veceras-u-pozoristu-mladih-tuzle-projekcija-filma-ruza\/","name":"Ve\u010deras u Pozori\u0161tu mladih Tuzle projekcija filma \u201cRu\u017ea\u201d - TuzlaInfo.ba","isPartOf":{"@id":"https:\/\/tuzlainfo.ba\/#website"},"primaryImageOfPage":{"@id":"https:\/\/tuzlainfo.ba\/index.php\/najava-dogadaja-2\/item\/166435-veceras-u-pozoristu-mladih-tuzle-projekcija-filma-ruza\/#primaryimage"},"image":{"@id":"https:\/\/tuzlainfo.ba\/index.php\/najava-dogadaja-2\/item\/166435-veceras-u-pozoristu-mladih-tuzle-projekcija-filma-ruza\/#primaryimage"},"thumbnailUrl":"https:\/\/tuzlainfo.ba\/wp-content\/uploads\/2019\/03\/sadrzaj_2019_20190301_1703_ruza.jpg","datePublished":"2022-03-14T14:00:10+00:00","dateModified":"2022-03-14T12:10:16+00:00","breadcrumb":{"@id":"https:\/\/tuzlainfo.ba\/index.php\/najava-dogadaja-2\/item\/166435-veceras-u-pozoristu-mladih-tuzle-projekcija-filma-ruza\/#breadcrumb"},"inLanguage":"bs-BA","potentialAction":[{"@type":"ReadAction","target":["https:\/\/tuzlainfo.ba\/index.php\/najava-dogadaja-2\/item\/166435-veceras-u-pozoristu-mladih-tuzle-projekcija-filma-ruza\/"]}]},{"@type":"ImageObject","inLanguage":"bs-BA","@id":"https:\/\/tuzlainfo.ba\/index.php\/najava-dogadaja-2\/item\/166435-veceras-u-pozoristu-mladih-tuzle-projekcija-filma-ruza\/#primaryimage","url":"https:\/\/tuzlainfo.ba\/wp-content\/uploads\/2019\/03\/sadrzaj_2019_20190301_1703_ruza.jpg","contentUrl":"https:\/\/tuzlainfo.ba\/wp-content\/uploads\/2019\/03\/sadrzaj_2019_20190301_1703_ruza.jpg","width":770,"height":513,"caption":"1703 ruza"},{"@type":"BreadcrumbList","@id":"https:\/\/tuzlainfo.ba\/index.php\/najava-dogadaja-2\/item\/166435-veceras-u-pozoristu-mladih-tuzle-projekcija-filma-ruza\/#breadcrumb","itemListElement":[{"@type":"ListItem","position":1,"name":"Home","item":"https:\/\/tuzlainfo.ba\/"},{"@type":"ListItem","position":2,"name":"Ve\u010deras u Pozori\u0161tu mladih Tuzle projekcija filma \u201cRu\u017ea\u201d"}]},{"@type":"WebSite","@id":"https:\/\/tuzlainfo.ba\/#website","url":"https:\/\/tuzlainfo.ba\/","name":"TuzlaInfo.ba","description":"Tuzla info, gradski informator - Tuzla na dlanu","publisher":{"@id":"https:\/\/tuzlainfo.ba\/#organization"},"potentialAction":[{"@type":"SearchAction","target":{"@type":"EntryPoint","urlTemplate":"https:\/\/tuzlainfo.ba\/?s={search_term_string}"},"query-input":{"@type":"PropertyValueSpecification","valueRequired":true,"valueName":"search_term_string"}}],"inLanguage":"bs-BA"},{"@type":"Organization","@id":"https:\/\/tuzlainfo.ba\/#organization","name":"TuzlaInfo.ba","url":"https:\/\/tuzlainfo.ba\/","logo":{"@type":"ImageObject","inLanguage":"bs-BA","@id":"https:\/\/tuzlainfo.ba\/#\/schema\/logo\/image\/","url":"https:\/\/tuzlainfo.ba\/wp-content\/uploads\/2021\/03\/logo-ver-3-1.png","contentUrl":"https:\/\/tuzlainfo.ba\/wp-content\/uploads\/2021\/03\/logo-ver-3-1.png","width":350,"height":95,"caption":"TuzlaInfo.ba"},"image":{"@id":"https:\/\/tuzlainfo.ba\/#\/schema\/logo\/image\/"},"sameAs":["https:\/\/www.facebook.com\/tuzlainfo.ba\/"]},{"@type":"Person","@id":"https:\/\/tuzlainfo.ba\/#\/schema\/person\/46cad4c57790cbc50781edd14870825a","name":"Tuzla Info","image":{"@type":"ImageObject","inLanguage":"bs-BA","@id":"https:\/\/tuzlainfo.ba\/#\/schema\/person\/image\/","url":"https:\/\/tuzlainfo.ba\/wp-content\/litespeed\/avatar\/b6c453a6c38e3654f2e4416c643fc25c.jpg?ver=1777051911","contentUrl":"https:\/\/tuzlainfo.ba\/wp-content\/litespeed\/avatar\/b6c453a6c38e3654f2e4416c643fc25c.jpg?ver=1777051911","caption":"Tuzla Info"}}]}},"_links":{"self":[{"href":"https:\/\/tuzlainfo.ba\/index.php\/wp-json\/wp\/v2\/posts\/166435"}],"collection":[{"href":"https:\/\/tuzlainfo.ba\/index.php\/wp-json\/wp\/v2\/posts"}],"about":[{"href":"https:\/\/tuzlainfo.ba\/index.php\/wp-json\/wp\/v2\/types\/post"}],"author":[{"embeddable":true,"href":"https:\/\/tuzlainfo.ba\/index.php\/wp-json\/wp\/v2\/users\/4"}],"replies":[{"embeddable":true,"href":"https:\/\/tuzlainfo.ba\/index.php\/wp-json\/wp\/v2\/comments?post=166435"}],"version-history":[{"count":0,"href":"https:\/\/tuzlainfo.ba\/index.php\/wp-json\/wp\/v2\/posts\/166435\/revisions"}],"wp:featuredmedia":[{"embeddable":true,"href":"https:\/\/tuzlainfo.ba\/index.php\/wp-json\/wp\/v2\/media\/68536"}],"wp:attachment":[{"href":"https:\/\/tuzlainfo.ba\/index.php\/wp-json\/wp\/v2\/media?parent=166435"}],"wp:term":[{"taxonomy":"category","embeddable":true,"href":"https:\/\/tuzlainfo.ba\/index.php\/wp-json\/wp\/v2\/categories?post=166435"},{"taxonomy":"post_tag","embeddable":true,"href":"https:\/\/tuzlainfo.ba\/index.php\/wp-json\/wp\/v2\/tags?post=166435"}],"curies":[{"name":"wp","href":"https:\/\/api.w.org\/{rel}","templated":true}]}}