{"id":166325,"date":"2022-03-12T14:44:11","date_gmt":"2022-03-12T13:44:11","guid":{"rendered":"https:\/\/tuzlainfo.ba\/?p=166325"},"modified":"2022-03-12T22:24:52","modified_gmt":"2022-03-12T21:24:52","slug":"foto-video-niste-sami-u-tuzli-odrzan-skup-podrske-ukrajini-i-miru-u-evropi-i-bih","status":"publish","type":"post","link":"https:\/\/tuzlainfo.ba\/index.php\/novosti\/item\/166325-foto-video-niste-sami-u-tuzli-odrzan-skup-podrske-ukrajini-i-miru-u-evropi-i-bih\/","title":{"rendered":"FOTO \/ VIDEO \/ Niste sami: U Tuzli odr\u017ean skup podr\u0161ke Ukrajini i miru u Evropi i BiH"},"content":{"rendered":"<p>Danas je na Trgu slobode u Tuzli, uz prisustvo oko 5.000 gra\u0111ana odr\u017ean skup podr\u0161ke Ukrajini te miru u Evropi i Bosni i Hercegovini.<\/p>\n<p>Skup su organizovali Grada Tuzla, Foruma gra\u0111ana Tuzla i Memorijalni centar Srebrenica \u2013 Poto\u010dari.<\/p>\n<p>&#8211; Ukrajina danas nije sama. Ni Tuzla danas nije sama. Mi smo se ovdje okupili i okupili su se gra\u0111ani u vi\u0161e od stotinu evropskih gradova da ka\u017eu stop agresiji na Ukrajinu, da ka\u017eu &#8216;da, miru&#8217;. Boli nas patnja naroda u Ukrajini, bombardovanje Trga slobode u Harkovu i zato sa Trga slobode u Tuzli osu\u0111ujemo agresiju na Ukrajinu. Slike u\u017easa iz Ukrajine bude sje\u0107anja na na\u0161e patnje iz pro\u0161losti bude i bude u nama strah od budu\u0107nosti. Mnogi strahuju od budu\u0107nosti, da bi Putin mogao otvoriti jo\u0161 jedan front u BiH pomo\u0107u svojih ve\u0107 deklariranih marioneta i separatista. Ne treba se bojati &#8211; istakao je danas Jasmin Imamovi\u0107, gradona\u010delnik Tuzle.<\/p>\n<p>Na skupe obratio i direktor Memorijalnog centra Srebrenica \u2013 Poto\u010dari Emir Suljagi\u0107 koji je upozorio da su u entitetu RS odr\u017eavaju mitinzi u znak podr\u0161ke Putinovoj agresiji, te da se u Ukrajini\u00a0 brani mir u BiH, dok je Vehid \u0160ehi\u0107 istakao kako \u0107e uvijek biti vi\u0161e gra\u0111ana i gra\u0111anki Bosne i Hercegovine koji \u0107e biti na strani civiliziranog svijeta od onih koji podr\u017eavaju re\u017eime poput Putinovog u Rusiji.<\/p>\n<p><iframe title=\"Skup podr\u0161ke Ukrajini i miru u Evropi i Bosni i Hercegovini (Tuzla, 12.03.2022.)\" width=\"1170\" height=\"658\" src=\"https:\/\/www.youtube.com\/embed\/kdNyv8260CE?feature=oembed\" frameborder=\"0\" allow=\"accelerometer; autoplay; clipboard-write; encrypted-media; gyroscope; picture-in-picture\" allowfullscreen><\/iframe><\/p>\n<p>Vesna Ter\u0161eli\u010d, iz Centra za suo\u010davanje sa pro\u0161lo\u0161\u0107u u Zagrebu, je istakla da Evropska unija treba promijeniti politiku i prema Ukrajini kako bi se zaustavio Putinov napad.<\/p>\n<p>Otpravnik poslova Ambasade Ukrajine u Sarajevu Serhii Miniailo zahvalio je gra\u0111anima Tuzle na dana\u0161njem skupu podr\u0161ke.<\/p>\n<p>&#8211; Zahvaljujem se Gradu Tuzla i stanovni\u0161tvu i gra\u0111anima BiH koji su se okupili danas u ovom aktu podr\u0161ke Ukrajini i solidarnosti. Aktu solidarnosti, ne samo Ukrajini nego vrijednostima slobode, nezavisnosti i dostojanstva koji su va\u017eni za sve ljude &#8211; rekao je otpravnik poslova Ambasade Ukrajine u Sarajevu.<\/p>\n<p>Skup podr\u0161ke Ukrajini i miru u Evropi i BiH na Trgu slobode u Tuzli je protekao mirno, a okupljeni gra\u0111ani su istakli prije svega antiratne parole.<\/p>\n<p><iframe style=\"border: none; overflow: hidden;\" src=\"https:\/\/www.facebook.com\/plugins\/post.php?href=https%3A%2F%2Fwww.facebook.com%2Ftuzlainfo.ba%2Fposts%2F4469548309811910&amp;show_text=true&amp;width=500\" width=\"500\" height=\"700\" frameborder=\"0\" scrolling=\"no\" allowfullscreen=\"allowfullscreen\"><\/iframe><\/p>\n","protected":false},"excerpt":{"rendered":"<p>Danas je na Trgu slobode u Tuzli, uz prisustvo oko 5.000 gra\u0111ana odr\u017ean skup podr\u0161ke&hellip;<\/p>\n","protected":false},"author":2,"featured_media":166326,"comment_status":"open","ping_status":"closed","sticky":false,"template":"","format":"standard","meta":{"_acf_changed":false,"footnotes":""},"categories":[304,12,306],"tags":[331,4355,1073],"acf":[],"yoast_head":"<!-- This site is optimized with the Yoast SEO plugin v23.5 - https:\/\/yoast.com\/wordpress\/plugins\/seo\/ -->\n<title>FOTO \/ VIDEO \/ Niste sami: U Tuzli odr\u017ean skup podr\u0161ke Ukrajini i miru u Evropi i BiH - TuzlaInfo.ba<\/title>\n<meta name=\"robots\" content=\"index, follow, max-snippet:-1, max-image-preview:large, max-video-preview:-1\" \/>\n<link rel=\"canonical\" href=\"https:\/\/tuzlainfo.ba\/index.php\/novosti\/item\/166325-foto-video-niste-sami-u-tuzli-odrzan-skup-podrske-ukrajini-i-miru-u-evropi-i-bih\/\" \/>\n<meta property=\"og:locale\" content=\"bs_BA\" \/>\n<meta property=\"og:type\" content=\"article\" \/>\n<meta property=\"og:title\" content=\"FOTO \/ VIDEO \/ Niste sami: U Tuzli odr\u017ean skup podr\u0161ke Ukrajini i miru u Evropi i BiH - TuzlaInfo.ba\" \/>\n<meta property=\"og:description\" content=\"Danas je na Trgu slobode u Tuzli, uz prisustvo oko 5.000 gra\u0111ana odr\u017ean skup podr\u0161ke&hellip;\" \/>\n<meta property=\"og:url\" content=\"https:\/\/tuzlainfo.ba\/index.php\/novosti\/item\/166325-foto-video-niste-sami-u-tuzli-odrzan-skup-podrske-ukrajini-i-miru-u-evropi-i-bih\/\" \/>\n<meta property=\"og:site_name\" content=\"TuzlaInfo.ba\" \/>\n<meta property=\"article:publisher\" content=\"https:\/\/www.facebook.com\/tuzlainfo.ba\/\" \/>\n<meta property=\"article:published_time\" content=\"2022-03-12T13:44:11+00:00\" \/>\n<meta property=\"article:modified_time\" content=\"2022-03-12T21:24:52+00:00\" \/>\n<meta property=\"og:image\" content=\"https:\/\/tuzlainfo.ba\/wp-content\/uploads\/2022\/03\/A1.jpg\" \/>\n\t<meta property=\"og:image:width\" content=\"1600\" \/>\n\t<meta property=\"og:image:height\" content=\"1200\" \/>\n\t<meta property=\"og:image:type\" content=\"image\/jpeg\" \/>\n<meta name=\"author\" content=\"nedim\" \/>\n<meta name=\"twitter:card\" content=\"summary_large_image\" \/>\n<meta name=\"twitter:label1\" content=\"Written by\" \/>\n\t<meta name=\"twitter:data1\" content=\"nedim\" \/>\n\t<meta name=\"twitter:label2\" content=\"Est. reading time\" \/>\n\t<meta name=\"twitter:data2\" content=\"2 minute\" \/>\n<script type=\"application\/ld+json\" class=\"yoast-schema-graph\">{\"@context\":\"https:\/\/schema.org\",\"@graph\":[{\"@type\":\"Article\",\"@id\":\"https:\/\/tuzlainfo.ba\/index.php\/novosti\/item\/166325-foto-video-niste-sami-u-tuzli-odrzan-skup-podrske-ukrajini-i-miru-u-evropi-i-bih\/#article\",\"isPartOf\":{\"@id\":\"https:\/\/tuzlainfo.ba\/index.php\/novosti\/item\/166325-foto-video-niste-sami-u-tuzli-odrzan-skup-podrske-ukrajini-i-miru-u-evropi-i-bih\/\"},\"author\":{\"name\":\"nedim\",\"@id\":\"https:\/\/tuzlainfo.ba\/#\/schema\/person\/f434e20dc27ea133923aab08451b7f7f\"},\"headline\":\"FOTO \/ VIDEO \/ Niste sami: U Tuzli odr\u017ean skup podr\u0161ke Ukrajini i miru u Evropi i BiH\",\"datePublished\":\"2022-03-12T13:44:11+00:00\",\"dateModified\":\"2022-03-12T21:24:52+00:00\",\"mainEntityOfPage\":{\"@id\":\"https:\/\/tuzlainfo.ba\/index.php\/novosti\/item\/166325-foto-video-niste-sami-u-tuzli-odrzan-skup-podrske-ukrajini-i-miru-u-evropi-i-bih\/\"},\"wordCount\":392,\"commentCount\":0,\"publisher\":{\"@id\":\"https:\/\/tuzlainfo.ba\/#organization\"},\"image\":{\"@id\":\"https:\/\/tuzlainfo.ba\/index.php\/novosti\/item\/166325-foto-video-niste-sami-u-tuzli-odrzan-skup-podrske-ukrajini-i-miru-u-evropi-i-bih\/#primaryimage\"},\"thumbnailUrl\":\"https:\/\/tuzlainfo.ba\/wp-content\/uploads\/2022\/03\/A1.jpg\",\"keywords\":[\"grad tuzla\",\"skup podr\u0161ke ukrajini\",\"trg slobode\"],\"articleSection\":[\"Istaknuto\",\"Novosti\",\"Preporu\u010dujemo\"],\"inLanguage\":\"bs-BA\"},{\"@type\":\"WebPage\",\"@id\":\"https:\/\/tuzlainfo.ba\/index.php\/novosti\/item\/166325-foto-video-niste-sami-u-tuzli-odrzan-skup-podrske-ukrajini-i-miru-u-evropi-i-bih\/\",\"url\":\"https:\/\/tuzlainfo.ba\/index.php\/novosti\/item\/166325-foto-video-niste-sami-u-tuzli-odrzan-skup-podrske-ukrajini-i-miru-u-evropi-i-bih\/\",\"name\":\"FOTO \/ VIDEO \/ Niste sami: U Tuzli odr\u017ean skup podr\u0161ke Ukrajini i miru u Evropi i BiH - TuzlaInfo.ba\",\"isPartOf\":{\"@id\":\"https:\/\/tuzlainfo.ba\/#website\"},\"primaryImageOfPage\":{\"@id\":\"https:\/\/tuzlainfo.ba\/index.php\/novosti\/item\/166325-foto-video-niste-sami-u-tuzli-odrzan-skup-podrske-ukrajini-i-miru-u-evropi-i-bih\/#primaryimage\"},\"image\":{\"@id\":\"https:\/\/tuzlainfo.ba\/index.php\/novosti\/item\/166325-foto-video-niste-sami-u-tuzli-odrzan-skup-podrske-ukrajini-i-miru-u-evropi-i-bih\/#primaryimage\"},\"thumbnailUrl\":\"https:\/\/tuzlainfo.ba\/wp-content\/uploads\/2022\/03\/A1.jpg\",\"datePublished\":\"2022-03-12T13:44:11+00:00\",\"dateModified\":\"2022-03-12T21:24:52+00:00\",\"breadcrumb\":{\"@id\":\"https:\/\/tuzlainfo.ba\/index.php\/novosti\/item\/166325-foto-video-niste-sami-u-tuzli-odrzan-skup-podrske-ukrajini-i-miru-u-evropi-i-bih\/#breadcrumb\"},\"inLanguage\":\"bs-BA\",\"potentialAction\":[{\"@type\":\"ReadAction\",\"target\":[\"https:\/\/tuzlainfo.ba\/index.php\/novosti\/item\/166325-foto-video-niste-sami-u-tuzli-odrzan-skup-podrske-ukrajini-i-miru-u-evropi-i-bih\/\"]}]},{\"@type\":\"ImageObject\",\"inLanguage\":\"bs-BA\",\"@id\":\"https:\/\/tuzlainfo.ba\/index.php\/novosti\/item\/166325-foto-video-niste-sami-u-tuzli-odrzan-skup-podrske-ukrajini-i-miru-u-evropi-i-bih\/#primaryimage\",\"url\":\"https:\/\/tuzlainfo.ba\/wp-content\/uploads\/2022\/03\/A1.jpg\",\"contentUrl\":\"https:\/\/tuzlainfo.ba\/wp-content\/uploads\/2022\/03\/A1.jpg\",\"width\":1600,\"height\":1200},{\"@type\":\"BreadcrumbList\",\"@id\":\"https:\/\/tuzlainfo.ba\/index.php\/novosti\/item\/166325-foto-video-niste-sami-u-tuzli-odrzan-skup-podrske-ukrajini-i-miru-u-evropi-i-bih\/#breadcrumb\",\"itemListElement\":[{\"@type\":\"ListItem\",\"position\":1,\"name\":\"Home\",\"item\":\"https:\/\/tuzlainfo.ba\/\"},{\"@type\":\"ListItem\",\"position\":2,\"name\":\"FOTO \/ VIDEO \/ Niste sami: U Tuzli odr\u017ean skup podr\u0161ke Ukrajini i miru u Evropi i BiH\"}]},{\"@type\":\"WebSite\",\"@id\":\"https:\/\/tuzlainfo.ba\/#website\",\"url\":\"https:\/\/tuzlainfo.ba\/\",\"name\":\"TuzlaInfo.ba\",\"description\":\"Tuzla info, gradski informator - Tuzla na dlanu\",\"publisher\":{\"@id\":\"https:\/\/tuzlainfo.ba\/#organization\"},\"potentialAction\":[{\"@type\":\"SearchAction\",\"target\":{\"@type\":\"EntryPoint\",\"urlTemplate\":\"https:\/\/tuzlainfo.ba\/?s={search_term_string}\"},\"query-input\":{\"@type\":\"PropertyValueSpecification\",\"valueRequired\":true,\"valueName\":\"search_term_string\"}}],\"inLanguage\":\"bs-BA\"},{\"@type\":\"Organization\",\"@id\":\"https:\/\/tuzlainfo.ba\/#organization\",\"name\":\"TuzlaInfo.ba\",\"url\":\"https:\/\/tuzlainfo.ba\/\",\"logo\":{\"@type\":\"ImageObject\",\"inLanguage\":\"bs-BA\",\"@id\":\"https:\/\/tuzlainfo.ba\/#\/schema\/logo\/image\/\",\"url\":\"https:\/\/tuzlainfo.ba\/wp-content\/uploads\/2021\/03\/logo-ver-3-1.png\",\"contentUrl\":\"https:\/\/tuzlainfo.ba\/wp-content\/uploads\/2021\/03\/logo-ver-3-1.png\",\"width\":350,\"height\":95,\"caption\":\"TuzlaInfo.ba\"},\"image\":{\"@id\":\"https:\/\/tuzlainfo.ba\/#\/schema\/logo\/image\/\"},\"sameAs\":[\"https:\/\/www.facebook.com\/tuzlainfo.ba\/\"]},{\"@type\":\"Person\",\"@id\":\"https:\/\/tuzlainfo.ba\/#\/schema\/person\/f434e20dc27ea133923aab08451b7f7f\",\"name\":\"nedim\",\"image\":{\"@type\":\"ImageObject\",\"inLanguage\":\"bs-BA\",\"@id\":\"https:\/\/tuzlainfo.ba\/#\/schema\/person\/image\/\",\"url\":\"https:\/\/tuzlainfo.ba\/wp-content\/litespeed\/avatar\/aabad687af24844af817603ac1cbdc4f.jpg?ver=1777306975\",\"contentUrl\":\"https:\/\/tuzlainfo.ba\/wp-content\/litespeed\/avatar\/aabad687af24844af817603ac1cbdc4f.jpg?ver=1777306975\",\"caption\":\"nedim\"},\"description\":\"Tuzlainfo.ba pratite na dru\u0161tvenim mre\u017eama: Facebook, Instagram i Youtube. Svoje pri\u010de, upite i fotografije \u0161aljite na na\u0161u e-mail adresu.\"}]}<\/script>\n<!-- \/ Yoast SEO plugin. -->","yoast_head_json":{"title":"FOTO \/ VIDEO \/ Niste sami: U Tuzli odr\u017ean skup podr\u0161ke Ukrajini i miru u Evropi i BiH - TuzlaInfo.ba","robots":{"index":"index","follow":"follow","max-snippet":"max-snippet:-1","max-image-preview":"max-image-preview:large","max-video-preview":"max-video-preview:-1"},"canonical":"https:\/\/tuzlainfo.ba\/index.php\/novosti\/item\/166325-foto-video-niste-sami-u-tuzli-odrzan-skup-podrske-ukrajini-i-miru-u-evropi-i-bih\/","og_locale":"bs_BA","og_type":"article","og_title":"FOTO \/ VIDEO \/ Niste sami: U Tuzli odr\u017ean skup podr\u0161ke Ukrajini i miru u Evropi i BiH - TuzlaInfo.ba","og_description":"Danas je na Trgu slobode u Tuzli, uz prisustvo oko 5.000 gra\u0111ana odr\u017ean skup podr\u0161ke&hellip;","og_url":"https:\/\/tuzlainfo.ba\/index.php\/novosti\/item\/166325-foto-video-niste-sami-u-tuzli-odrzan-skup-podrske-ukrajini-i-miru-u-evropi-i-bih\/","og_site_name":"TuzlaInfo.ba","article_publisher":"https:\/\/www.facebook.com\/tuzlainfo.ba\/","article_published_time":"2022-03-12T13:44:11+00:00","article_modified_time":"2022-03-12T21:24:52+00:00","og_image":[{"width":1600,"height":1200,"url":"https:\/\/tuzlainfo.ba\/wp-content\/uploads\/2022\/03\/A1.jpg","type":"image\/jpeg"}],"author":"nedim","twitter_card":"summary_large_image","twitter_misc":{"Written by":"nedim","Est. reading time":"2 minute"},"schema":{"@context":"https:\/\/schema.org","@graph":[{"@type":"Article","@id":"https:\/\/tuzlainfo.ba\/index.php\/novosti\/item\/166325-foto-video-niste-sami-u-tuzli-odrzan-skup-podrske-ukrajini-i-miru-u-evropi-i-bih\/#article","isPartOf":{"@id":"https:\/\/tuzlainfo.ba\/index.php\/novosti\/item\/166325-foto-video-niste-sami-u-tuzli-odrzan-skup-podrske-ukrajini-i-miru-u-evropi-i-bih\/"},"author":{"name":"nedim","@id":"https:\/\/tuzlainfo.ba\/#\/schema\/person\/f434e20dc27ea133923aab08451b7f7f"},"headline":"FOTO \/ VIDEO \/ Niste sami: U Tuzli odr\u017ean skup podr\u0161ke Ukrajini i miru u Evropi i BiH","datePublished":"2022-03-12T13:44:11+00:00","dateModified":"2022-03-12T21:24:52+00:00","mainEntityOfPage":{"@id":"https:\/\/tuzlainfo.ba\/index.php\/novosti\/item\/166325-foto-video-niste-sami-u-tuzli-odrzan-skup-podrske-ukrajini-i-miru-u-evropi-i-bih\/"},"wordCount":392,"commentCount":0,"publisher":{"@id":"https:\/\/tuzlainfo.ba\/#organization"},"image":{"@id":"https:\/\/tuzlainfo.ba\/index.php\/novosti\/item\/166325-foto-video-niste-sami-u-tuzli-odrzan-skup-podrske-ukrajini-i-miru-u-evropi-i-bih\/#primaryimage"},"thumbnailUrl":"https:\/\/tuzlainfo.ba\/wp-content\/uploads\/2022\/03\/A1.jpg","keywords":["grad tuzla","skup podr\u0161ke ukrajini","trg slobode"],"articleSection":["Istaknuto","Novosti","Preporu\u010dujemo"],"inLanguage":"bs-BA"},{"@type":"WebPage","@id":"https:\/\/tuzlainfo.ba\/index.php\/novosti\/item\/166325-foto-video-niste-sami-u-tuzli-odrzan-skup-podrske-ukrajini-i-miru-u-evropi-i-bih\/","url":"https:\/\/tuzlainfo.ba\/index.php\/novosti\/item\/166325-foto-video-niste-sami-u-tuzli-odrzan-skup-podrske-ukrajini-i-miru-u-evropi-i-bih\/","name":"FOTO \/ VIDEO \/ Niste sami: U Tuzli odr\u017ean skup podr\u0161ke Ukrajini i miru u Evropi i BiH - TuzlaInfo.ba","isPartOf":{"@id":"https:\/\/tuzlainfo.ba\/#website"},"primaryImageOfPage":{"@id":"https:\/\/tuzlainfo.ba\/index.php\/novosti\/item\/166325-foto-video-niste-sami-u-tuzli-odrzan-skup-podrske-ukrajini-i-miru-u-evropi-i-bih\/#primaryimage"},"image":{"@id":"https:\/\/tuzlainfo.ba\/index.php\/novosti\/item\/166325-foto-video-niste-sami-u-tuzli-odrzan-skup-podrske-ukrajini-i-miru-u-evropi-i-bih\/#primaryimage"},"thumbnailUrl":"https:\/\/tuzlainfo.ba\/wp-content\/uploads\/2022\/03\/A1.jpg","datePublished":"2022-03-12T13:44:11+00:00","dateModified":"2022-03-12T21:24:52+00:00","breadcrumb":{"@id":"https:\/\/tuzlainfo.ba\/index.php\/novosti\/item\/166325-foto-video-niste-sami-u-tuzli-odrzan-skup-podrske-ukrajini-i-miru-u-evropi-i-bih\/#breadcrumb"},"inLanguage":"bs-BA","potentialAction":[{"@type":"ReadAction","target":["https:\/\/tuzlainfo.ba\/index.php\/novosti\/item\/166325-foto-video-niste-sami-u-tuzli-odrzan-skup-podrske-ukrajini-i-miru-u-evropi-i-bih\/"]}]},{"@type":"ImageObject","inLanguage":"bs-BA","@id":"https:\/\/tuzlainfo.ba\/index.php\/novosti\/item\/166325-foto-video-niste-sami-u-tuzli-odrzan-skup-podrske-ukrajini-i-miru-u-evropi-i-bih\/#primaryimage","url":"https:\/\/tuzlainfo.ba\/wp-content\/uploads\/2022\/03\/A1.jpg","contentUrl":"https:\/\/tuzlainfo.ba\/wp-content\/uploads\/2022\/03\/A1.jpg","width":1600,"height":1200},{"@type":"BreadcrumbList","@id":"https:\/\/tuzlainfo.ba\/index.php\/novosti\/item\/166325-foto-video-niste-sami-u-tuzli-odrzan-skup-podrske-ukrajini-i-miru-u-evropi-i-bih\/#breadcrumb","itemListElement":[{"@type":"ListItem","position":1,"name":"Home","item":"https:\/\/tuzlainfo.ba\/"},{"@type":"ListItem","position":2,"name":"FOTO \/ VIDEO \/ Niste sami: U Tuzli odr\u017ean skup podr\u0161ke Ukrajini i miru u Evropi i BiH"}]},{"@type":"WebSite","@id":"https:\/\/tuzlainfo.ba\/#website","url":"https:\/\/tuzlainfo.ba\/","name":"TuzlaInfo.ba","description":"Tuzla info, gradski informator - Tuzla na dlanu","publisher":{"@id":"https:\/\/tuzlainfo.ba\/#organization"},"potentialAction":[{"@type":"SearchAction","target":{"@type":"EntryPoint","urlTemplate":"https:\/\/tuzlainfo.ba\/?s={search_term_string}"},"query-input":{"@type":"PropertyValueSpecification","valueRequired":true,"valueName":"search_term_string"}}],"inLanguage":"bs-BA"},{"@type":"Organization","@id":"https:\/\/tuzlainfo.ba\/#organization","name":"TuzlaInfo.ba","url":"https:\/\/tuzlainfo.ba\/","logo":{"@type":"ImageObject","inLanguage":"bs-BA","@id":"https:\/\/tuzlainfo.ba\/#\/schema\/logo\/image\/","url":"https:\/\/tuzlainfo.ba\/wp-content\/uploads\/2021\/03\/logo-ver-3-1.png","contentUrl":"https:\/\/tuzlainfo.ba\/wp-content\/uploads\/2021\/03\/logo-ver-3-1.png","width":350,"height":95,"caption":"TuzlaInfo.ba"},"image":{"@id":"https:\/\/tuzlainfo.ba\/#\/schema\/logo\/image\/"},"sameAs":["https:\/\/www.facebook.com\/tuzlainfo.ba\/"]},{"@type":"Person","@id":"https:\/\/tuzlainfo.ba\/#\/schema\/person\/f434e20dc27ea133923aab08451b7f7f","name":"nedim","image":{"@type":"ImageObject","inLanguage":"bs-BA","@id":"https:\/\/tuzlainfo.ba\/#\/schema\/person\/image\/","url":"https:\/\/tuzlainfo.ba\/wp-content\/litespeed\/avatar\/aabad687af24844af817603ac1cbdc4f.jpg?ver=1777306975","contentUrl":"https:\/\/tuzlainfo.ba\/wp-content\/litespeed\/avatar\/aabad687af24844af817603ac1cbdc4f.jpg?ver=1777306975","caption":"nedim"},"description":"Tuzlainfo.ba pratite na dru\u0161tvenim mre\u017eama: Facebook, Instagram i Youtube. Svoje pri\u010de, upite i fotografije \u0161aljite na na\u0161u e-mail adresu."}]}},"_links":{"self":[{"href":"https:\/\/tuzlainfo.ba\/index.php\/wp-json\/wp\/v2\/posts\/166325"}],"collection":[{"href":"https:\/\/tuzlainfo.ba\/index.php\/wp-json\/wp\/v2\/posts"}],"about":[{"href":"https:\/\/tuzlainfo.ba\/index.php\/wp-json\/wp\/v2\/types\/post"}],"author":[{"embeddable":true,"href":"https:\/\/tuzlainfo.ba\/index.php\/wp-json\/wp\/v2\/users\/2"}],"replies":[{"embeddable":true,"href":"https:\/\/tuzlainfo.ba\/index.php\/wp-json\/wp\/v2\/comments?post=166325"}],"version-history":[{"count":0,"href":"https:\/\/tuzlainfo.ba\/index.php\/wp-json\/wp\/v2\/posts\/166325\/revisions"}],"wp:featuredmedia":[{"embeddable":true,"href":"https:\/\/tuzlainfo.ba\/index.php\/wp-json\/wp\/v2\/media\/166326"}],"wp:attachment":[{"href":"https:\/\/tuzlainfo.ba\/index.php\/wp-json\/wp\/v2\/media?parent=166325"}],"wp:term":[{"taxonomy":"category","embeddable":true,"href":"https:\/\/tuzlainfo.ba\/index.php\/wp-json\/wp\/v2\/categories?post=166325"},{"taxonomy":"post_tag","embeddable":true,"href":"https:\/\/tuzlainfo.ba\/index.php\/wp-json\/wp\/v2\/tags?post=166325"}],"curies":[{"name":"wp","href":"https:\/\/api.w.org\/{rel}","templated":true}]}}