{"id":166092,"date":"2022-03-10T08:38:47","date_gmt":"2022-03-10T07:38:47","guid":{"rendered":"https:\/\/tuzlainfo.ba\/?p=166092"},"modified":"2022-03-10T08:40:53","modified_gmt":"2022-03-10T07:40:53","slug":"vukanovic-zabili-smo-noz-u-ledja-rusiji","status":"publish","type":"post","link":"https:\/\/tuzlainfo.ba\/index.php\/bosna-i-hercegovina\/item\/166092-vukanovic-zabili-smo-noz-u-ledja-rusiji\/","title":{"rendered":"Vukanovi\u0107: Zabili smo no\u017e u le\u0111a Rusiji"},"content":{"rendered":"<p>U Narodnoj skup\u0161tini Republike Srpske, tokom rasprave o polo\u017eaju bora\u010dko-invalidske kategorije, kratko mogli su se \u010duti i stavovi o globalnim pitanjima.<\/p>\n<p>Tu temu pokrenuo je opozicionar Neboj\u0161a Vukanovi\u0107 koji je kritikovao \u010dlana Predsjedni\u0161tva Bosne i Hercegovine Milorada Dodika zbog sastanka sa ambasadorom Sjedinjenih Ameri\u010dkih Dr\u017eava u Sarajevu Michaelom Murphyem.<\/p>\n<p>\u201cDanas se va\u0161 predsjednik sastao sa Amerikom, ja sam mo\u017eda jedan od rijetkih, ako ne i jedini u ovoj skup\u0161tini koji govori da nismo smjeli zabiti no\u017e u le\u0111a Rusiji i da nema ko drugi staviti veto\u201d, istakao je Vukanovi\u0107 i istakao kako poziva na mir, \u201cali Sven Alkalaj glasa\u201d.<\/p>\n<p>Upitao je poslanike vladaju\u0107eg SNSD-a jesu li opet \u201cda\u0161ak svje\u017eine\u201d pitaju\u0107i ih za\u0161to su zabili no\u017e u le\u0111a Rusiji, prenio je N1.<\/p>\n<p>\u201cKo \u0107e da nas brani ako do\u0111e stani pani\u201d, upitao je Vukanovi\u0107 tra\u017ee\u0107i stav SNSD-a o Ukrajini.<\/p>\n<p>\u201cImajte jasan stav kao ja, ne smijemo Rusiji zabiti no\u017e u le\u0111a, ho\u0107emo mir, \u017eao mi je svake \u017ertve\u201d, rekao je Vukanovi\u0107.<\/p>\n<p>Odgovorio mu je SNSD-ov Sr\u0111an Mazalica koji je ina\u010de podr\u0161ku Rusiji uputio i na Twitteru.<\/p>\n<p>\u201cSve sam mogao \u010duti, ali da Neboj\u0161a Vukanovi\u0107 govori za\u0161to ste izdali Rusiju\u201d, prokomentarisao je Mazalica uz smijeh i ocjenu kako je sve \u201cte\u0161ko lupetanje\u201d.<\/p>\n<p>\u201cSNSD se zala\u017ee za saradnju sa svim dr\u017eavama u svijetu\u201d, rekao je Mazalica napominju\u0107i kako se Dodik \u010duo sa ruskim \u0161efom diplomatije Sergejom Lavrovom i \u201cobjasnio mu situaciju i tijesno sara\u0111uje sa ruskim ambasadorom\u201d.<\/p>\n<p>Mazalica je ponovio kako smatra da je najbolje zadr\u017eati neutralan stav, ali je i podsjetio Vukanovi\u0107a da je na prijedlog PDP-ovog Igora Crnatka Predsjedni\u0161tvo Bosne i Hercegovine u vrijeme mandata Mladena Ivani\u0107a usvojilo Vanjskopoliti\u010dku strategiju Bosne i Hercegovine \u201cu kojoj je definisano da se po onim pitanjima po kojima Predsjedni\u0161tvo ne mo\u017ee zauzeti stav, prati spoljna politika Evropske unije\u201d, rekao je Mazalica uz zaklju\u010dak kako je snagu Svenu Alkalaju, ambasadoru Bosne i Hercegovine u Ujedinjenim nacijama dao Mladen Ivani\u0107.<\/p>\n","protected":false},"excerpt":{"rendered":"<p>U Narodnoj skup\u0161tini Republike Srpske, tokom rasprave o polo\u017eaju bora\u010dko-invalidske kategorije, kratko mogli su se&hellip;<\/p>\n","protected":false},"author":4,"featured_media":149280,"comment_status":"open","ping_status":"closed","sticky":false,"template":"","format":"standard","meta":{"_acf_changed":false,"footnotes":""},"categories":[291],"tags":[1341],"acf":[],"yoast_head":"<!-- This site is optimized with the Yoast SEO plugin v23.5 - https:\/\/yoast.com\/wordpress\/plugins\/seo\/ -->\n<title>Vukanovi\u0107: Zabili smo no\u017e u le\u0111a Rusiji - TuzlaInfo.ba<\/title>\n<meta name=\"robots\" content=\"index, follow, max-snippet:-1, max-image-preview:large, max-video-preview:-1\" \/>\n<link rel=\"canonical\" href=\"https:\/\/tuzlainfo.ba\/index.php\/bosna-i-hercegovina\/item\/166092-vukanovic-zabili-smo-noz-u-ledja-rusiji\/\" \/>\n<meta property=\"og:locale\" content=\"bs_BA\" \/>\n<meta property=\"og:type\" content=\"article\" \/>\n<meta property=\"og:title\" content=\"Vukanovi\u0107: Zabili smo no\u017e u le\u0111a Rusiji - TuzlaInfo.ba\" \/>\n<meta property=\"og:description\" content=\"U Narodnoj skup\u0161tini Republike Srpske, tokom rasprave o polo\u017eaju bora\u010dko-invalidske kategorije, kratko mogli su se&hellip;\" \/>\n<meta property=\"og:url\" content=\"https:\/\/tuzlainfo.ba\/index.php\/bosna-i-hercegovina\/item\/166092-vukanovic-zabili-smo-noz-u-ledja-rusiji\/\" \/>\n<meta property=\"og:site_name\" content=\"TuzlaInfo.ba\" \/>\n<meta property=\"article:publisher\" content=\"https:\/\/www.facebook.com\/tuzlainfo.ba\/\" \/>\n<meta property=\"article:published_time\" content=\"2022-03-10T07:38:47+00:00\" \/>\n<meta property=\"article:modified_time\" content=\"2022-03-10T07:40:53+00:00\" \/>\n<meta property=\"og:image\" content=\"https:\/\/tuzlainfo.ba\/wp-content\/uploads\/2021\/09\/2809_nebojsa_vukanovic.jpg\" \/>\n\t<meta property=\"og:image:width\" content=\"1000\" \/>\n\t<meta property=\"og:image:height\" content=\"536\" \/>\n\t<meta property=\"og:image:type\" content=\"image\/jpeg\" \/>\n<meta name=\"author\" content=\"Tuzla Info\" \/>\n<meta name=\"twitter:card\" content=\"summary_large_image\" \/>\n<meta name=\"twitter:label1\" content=\"Written by\" \/>\n\t<meta name=\"twitter:data1\" content=\"Tuzla Info\" \/>\n\t<meta name=\"twitter:label2\" content=\"Est. reading time\" \/>\n\t<meta name=\"twitter:data2\" content=\"2 minute\" \/>\n<script type=\"application\/ld+json\" class=\"yoast-schema-graph\">{\"@context\":\"https:\/\/schema.org\",\"@graph\":[{\"@type\":\"Article\",\"@id\":\"https:\/\/tuzlainfo.ba\/index.php\/bosna-i-hercegovina\/item\/166092-vukanovic-zabili-smo-noz-u-ledja-rusiji\/#article\",\"isPartOf\":{\"@id\":\"https:\/\/tuzlainfo.ba\/index.php\/bosna-i-hercegovina\/item\/166092-vukanovic-zabili-smo-noz-u-ledja-rusiji\/\"},\"author\":{\"name\":\"Tuzla Info\",\"@id\":\"https:\/\/tuzlainfo.ba\/#\/schema\/person\/46cad4c57790cbc50781edd14870825a\"},\"headline\":\"Vukanovi\u0107: Zabili smo no\u017e u le\u0111a Rusiji\",\"datePublished\":\"2022-03-10T07:38:47+00:00\",\"dateModified\":\"2022-03-10T07:40:53+00:00\",\"mainEntityOfPage\":{\"@id\":\"https:\/\/tuzlainfo.ba\/index.php\/bosna-i-hercegovina\/item\/166092-vukanovic-zabili-smo-noz-u-ledja-rusiji\/\"},\"wordCount\":360,\"commentCount\":0,\"publisher\":{\"@id\":\"https:\/\/tuzlainfo.ba\/#organization\"},\"image\":{\"@id\":\"https:\/\/tuzlainfo.ba\/index.php\/bosna-i-hercegovina\/item\/166092-vukanovic-zabili-smo-noz-u-ledja-rusiji\/#primaryimage\"},\"thumbnailUrl\":\"https:\/\/tuzlainfo.ba\/wp-content\/uploads\/2021\/09\/2809_nebojsa_vukanovic.jpg\",\"keywords\":[\"neboj\u0161a Vukanovi\u0107\"],\"articleSection\":[\"Bosna i Hercegovina\"],\"inLanguage\":\"bs-BA\"},{\"@type\":\"WebPage\",\"@id\":\"https:\/\/tuzlainfo.ba\/index.php\/bosna-i-hercegovina\/item\/166092-vukanovic-zabili-smo-noz-u-ledja-rusiji\/\",\"url\":\"https:\/\/tuzlainfo.ba\/index.php\/bosna-i-hercegovina\/item\/166092-vukanovic-zabili-smo-noz-u-ledja-rusiji\/\",\"name\":\"Vukanovi\u0107: Zabili smo no\u017e u le\u0111a Rusiji - TuzlaInfo.ba\",\"isPartOf\":{\"@id\":\"https:\/\/tuzlainfo.ba\/#website\"},\"primaryImageOfPage\":{\"@id\":\"https:\/\/tuzlainfo.ba\/index.php\/bosna-i-hercegovina\/item\/166092-vukanovic-zabili-smo-noz-u-ledja-rusiji\/#primaryimage\"},\"image\":{\"@id\":\"https:\/\/tuzlainfo.ba\/index.php\/bosna-i-hercegovina\/item\/166092-vukanovic-zabili-smo-noz-u-ledja-rusiji\/#primaryimage\"},\"thumbnailUrl\":\"https:\/\/tuzlainfo.ba\/wp-content\/uploads\/2021\/09\/2809_nebojsa_vukanovic.jpg\",\"datePublished\":\"2022-03-10T07:38:47+00:00\",\"dateModified\":\"2022-03-10T07:40:53+00:00\",\"breadcrumb\":{\"@id\":\"https:\/\/tuzlainfo.ba\/index.php\/bosna-i-hercegovina\/item\/166092-vukanovic-zabili-smo-noz-u-ledja-rusiji\/#breadcrumb\"},\"inLanguage\":\"bs-BA\",\"potentialAction\":[{\"@type\":\"ReadAction\",\"target\":[\"https:\/\/tuzlainfo.ba\/index.php\/bosna-i-hercegovina\/item\/166092-vukanovic-zabili-smo-noz-u-ledja-rusiji\/\"]}]},{\"@type\":\"ImageObject\",\"inLanguage\":\"bs-BA\",\"@id\":\"https:\/\/tuzlainfo.ba\/index.php\/bosna-i-hercegovina\/item\/166092-vukanovic-zabili-smo-noz-u-ledja-rusiji\/#primaryimage\",\"url\":\"https:\/\/tuzlainfo.ba\/wp-content\/uploads\/2021\/09\/2809_nebojsa_vukanovic.jpg\",\"contentUrl\":\"https:\/\/tuzlainfo.ba\/wp-content\/uploads\/2021\/09\/2809_nebojsa_vukanovic.jpg\",\"width\":1000,\"height\":536},{\"@type\":\"BreadcrumbList\",\"@id\":\"https:\/\/tuzlainfo.ba\/index.php\/bosna-i-hercegovina\/item\/166092-vukanovic-zabili-smo-noz-u-ledja-rusiji\/#breadcrumb\",\"itemListElement\":[{\"@type\":\"ListItem\",\"position\":1,\"name\":\"Home\",\"item\":\"https:\/\/tuzlainfo.ba\/\"},{\"@type\":\"ListItem\",\"position\":2,\"name\":\"Vukanovi\u0107: Zabili smo no\u017e u le\u0111a Rusiji\"}]},{\"@type\":\"WebSite\",\"@id\":\"https:\/\/tuzlainfo.ba\/#website\",\"url\":\"https:\/\/tuzlainfo.ba\/\",\"name\":\"TuzlaInfo.ba\",\"description\":\"Tuzla info, gradski informator - Tuzla na dlanu\",\"publisher\":{\"@id\":\"https:\/\/tuzlainfo.ba\/#organization\"},\"potentialAction\":[{\"@type\":\"SearchAction\",\"target\":{\"@type\":\"EntryPoint\",\"urlTemplate\":\"https:\/\/tuzlainfo.ba\/?s={search_term_string}\"},\"query-input\":{\"@type\":\"PropertyValueSpecification\",\"valueRequired\":true,\"valueName\":\"search_term_string\"}}],\"inLanguage\":\"bs-BA\"},{\"@type\":\"Organization\",\"@id\":\"https:\/\/tuzlainfo.ba\/#organization\",\"name\":\"TuzlaInfo.ba\",\"url\":\"https:\/\/tuzlainfo.ba\/\",\"logo\":{\"@type\":\"ImageObject\",\"inLanguage\":\"bs-BA\",\"@id\":\"https:\/\/tuzlainfo.ba\/#\/schema\/logo\/image\/\",\"url\":\"https:\/\/tuzlainfo.ba\/wp-content\/uploads\/2021\/03\/logo-ver-3-1.png\",\"contentUrl\":\"https:\/\/tuzlainfo.ba\/wp-content\/uploads\/2021\/03\/logo-ver-3-1.png\",\"width\":350,\"height\":95,\"caption\":\"TuzlaInfo.ba\"},\"image\":{\"@id\":\"https:\/\/tuzlainfo.ba\/#\/schema\/logo\/image\/\"},\"sameAs\":[\"https:\/\/www.facebook.com\/tuzlainfo.ba\/\"]},{\"@type\":\"Person\",\"@id\":\"https:\/\/tuzlainfo.ba\/#\/schema\/person\/46cad4c57790cbc50781edd14870825a\",\"name\":\"Tuzla Info\",\"image\":{\"@type\":\"ImageObject\",\"inLanguage\":\"bs-BA\",\"@id\":\"https:\/\/tuzlainfo.ba\/#\/schema\/person\/image\/\",\"url\":\"https:\/\/tuzlainfo.ba\/wp-content\/litespeed\/avatar\/b6c453a6c38e3654f2e4416c643fc25c.jpg?ver=1777051911\",\"contentUrl\":\"https:\/\/tuzlainfo.ba\/wp-content\/litespeed\/avatar\/b6c453a6c38e3654f2e4416c643fc25c.jpg?ver=1777051911\",\"caption\":\"Tuzla Info\"}}]}<\/script>\n<!-- \/ Yoast SEO plugin. -->","yoast_head_json":{"title":"Vukanovi\u0107: Zabili smo no\u017e u le\u0111a Rusiji - TuzlaInfo.ba","robots":{"index":"index","follow":"follow","max-snippet":"max-snippet:-1","max-image-preview":"max-image-preview:large","max-video-preview":"max-video-preview:-1"},"canonical":"https:\/\/tuzlainfo.ba\/index.php\/bosna-i-hercegovina\/item\/166092-vukanovic-zabili-smo-noz-u-ledja-rusiji\/","og_locale":"bs_BA","og_type":"article","og_title":"Vukanovi\u0107: Zabili smo no\u017e u le\u0111a Rusiji - TuzlaInfo.ba","og_description":"U Narodnoj skup\u0161tini Republike Srpske, tokom rasprave o polo\u017eaju bora\u010dko-invalidske kategorije, kratko mogli su se&hellip;","og_url":"https:\/\/tuzlainfo.ba\/index.php\/bosna-i-hercegovina\/item\/166092-vukanovic-zabili-smo-noz-u-ledja-rusiji\/","og_site_name":"TuzlaInfo.ba","article_publisher":"https:\/\/www.facebook.com\/tuzlainfo.ba\/","article_published_time":"2022-03-10T07:38:47+00:00","article_modified_time":"2022-03-10T07:40:53+00:00","og_image":[{"width":1000,"height":536,"url":"https:\/\/tuzlainfo.ba\/wp-content\/uploads\/2021\/09\/2809_nebojsa_vukanovic.jpg","type":"image\/jpeg"}],"author":"Tuzla Info","twitter_card":"summary_large_image","twitter_misc":{"Written by":"Tuzla Info","Est. reading time":"2 minute"},"schema":{"@context":"https:\/\/schema.org","@graph":[{"@type":"Article","@id":"https:\/\/tuzlainfo.ba\/index.php\/bosna-i-hercegovina\/item\/166092-vukanovic-zabili-smo-noz-u-ledja-rusiji\/#article","isPartOf":{"@id":"https:\/\/tuzlainfo.ba\/index.php\/bosna-i-hercegovina\/item\/166092-vukanovic-zabili-smo-noz-u-ledja-rusiji\/"},"author":{"name":"Tuzla Info","@id":"https:\/\/tuzlainfo.ba\/#\/schema\/person\/46cad4c57790cbc50781edd14870825a"},"headline":"Vukanovi\u0107: Zabili smo no\u017e u le\u0111a Rusiji","datePublished":"2022-03-10T07:38:47+00:00","dateModified":"2022-03-10T07:40:53+00:00","mainEntityOfPage":{"@id":"https:\/\/tuzlainfo.ba\/index.php\/bosna-i-hercegovina\/item\/166092-vukanovic-zabili-smo-noz-u-ledja-rusiji\/"},"wordCount":360,"commentCount":0,"publisher":{"@id":"https:\/\/tuzlainfo.ba\/#organization"},"image":{"@id":"https:\/\/tuzlainfo.ba\/index.php\/bosna-i-hercegovina\/item\/166092-vukanovic-zabili-smo-noz-u-ledja-rusiji\/#primaryimage"},"thumbnailUrl":"https:\/\/tuzlainfo.ba\/wp-content\/uploads\/2021\/09\/2809_nebojsa_vukanovic.jpg","keywords":["neboj\u0161a Vukanovi\u0107"],"articleSection":["Bosna i Hercegovina"],"inLanguage":"bs-BA"},{"@type":"WebPage","@id":"https:\/\/tuzlainfo.ba\/index.php\/bosna-i-hercegovina\/item\/166092-vukanovic-zabili-smo-noz-u-ledja-rusiji\/","url":"https:\/\/tuzlainfo.ba\/index.php\/bosna-i-hercegovina\/item\/166092-vukanovic-zabili-smo-noz-u-ledja-rusiji\/","name":"Vukanovi\u0107: Zabili smo no\u017e u le\u0111a Rusiji - TuzlaInfo.ba","isPartOf":{"@id":"https:\/\/tuzlainfo.ba\/#website"},"primaryImageOfPage":{"@id":"https:\/\/tuzlainfo.ba\/index.php\/bosna-i-hercegovina\/item\/166092-vukanovic-zabili-smo-noz-u-ledja-rusiji\/#primaryimage"},"image":{"@id":"https:\/\/tuzlainfo.ba\/index.php\/bosna-i-hercegovina\/item\/166092-vukanovic-zabili-smo-noz-u-ledja-rusiji\/#primaryimage"},"thumbnailUrl":"https:\/\/tuzlainfo.ba\/wp-content\/uploads\/2021\/09\/2809_nebojsa_vukanovic.jpg","datePublished":"2022-03-10T07:38:47+00:00","dateModified":"2022-03-10T07:40:53+00:00","breadcrumb":{"@id":"https:\/\/tuzlainfo.ba\/index.php\/bosna-i-hercegovina\/item\/166092-vukanovic-zabili-smo-noz-u-ledja-rusiji\/#breadcrumb"},"inLanguage":"bs-BA","potentialAction":[{"@type":"ReadAction","target":["https:\/\/tuzlainfo.ba\/index.php\/bosna-i-hercegovina\/item\/166092-vukanovic-zabili-smo-noz-u-ledja-rusiji\/"]}]},{"@type":"ImageObject","inLanguage":"bs-BA","@id":"https:\/\/tuzlainfo.ba\/index.php\/bosna-i-hercegovina\/item\/166092-vukanovic-zabili-smo-noz-u-ledja-rusiji\/#primaryimage","url":"https:\/\/tuzlainfo.ba\/wp-content\/uploads\/2021\/09\/2809_nebojsa_vukanovic.jpg","contentUrl":"https:\/\/tuzlainfo.ba\/wp-content\/uploads\/2021\/09\/2809_nebojsa_vukanovic.jpg","width":1000,"height":536},{"@type":"BreadcrumbList","@id":"https:\/\/tuzlainfo.ba\/index.php\/bosna-i-hercegovina\/item\/166092-vukanovic-zabili-smo-noz-u-ledja-rusiji\/#breadcrumb","itemListElement":[{"@type":"ListItem","position":1,"name":"Home","item":"https:\/\/tuzlainfo.ba\/"},{"@type":"ListItem","position":2,"name":"Vukanovi\u0107: Zabili smo no\u017e u le\u0111a Rusiji"}]},{"@type":"WebSite","@id":"https:\/\/tuzlainfo.ba\/#website","url":"https:\/\/tuzlainfo.ba\/","name":"TuzlaInfo.ba","description":"Tuzla info, gradski informator - Tuzla na dlanu","publisher":{"@id":"https:\/\/tuzlainfo.ba\/#organization"},"potentialAction":[{"@type":"SearchAction","target":{"@type":"EntryPoint","urlTemplate":"https:\/\/tuzlainfo.ba\/?s={search_term_string}"},"query-input":{"@type":"PropertyValueSpecification","valueRequired":true,"valueName":"search_term_string"}}],"inLanguage":"bs-BA"},{"@type":"Organization","@id":"https:\/\/tuzlainfo.ba\/#organization","name":"TuzlaInfo.ba","url":"https:\/\/tuzlainfo.ba\/","logo":{"@type":"ImageObject","inLanguage":"bs-BA","@id":"https:\/\/tuzlainfo.ba\/#\/schema\/logo\/image\/","url":"https:\/\/tuzlainfo.ba\/wp-content\/uploads\/2021\/03\/logo-ver-3-1.png","contentUrl":"https:\/\/tuzlainfo.ba\/wp-content\/uploads\/2021\/03\/logo-ver-3-1.png","width":350,"height":95,"caption":"TuzlaInfo.ba"},"image":{"@id":"https:\/\/tuzlainfo.ba\/#\/schema\/logo\/image\/"},"sameAs":["https:\/\/www.facebook.com\/tuzlainfo.ba\/"]},{"@type":"Person","@id":"https:\/\/tuzlainfo.ba\/#\/schema\/person\/46cad4c57790cbc50781edd14870825a","name":"Tuzla Info","image":{"@type":"ImageObject","inLanguage":"bs-BA","@id":"https:\/\/tuzlainfo.ba\/#\/schema\/person\/image\/","url":"https:\/\/tuzlainfo.ba\/wp-content\/litespeed\/avatar\/b6c453a6c38e3654f2e4416c643fc25c.jpg?ver=1777051911","contentUrl":"https:\/\/tuzlainfo.ba\/wp-content\/litespeed\/avatar\/b6c453a6c38e3654f2e4416c643fc25c.jpg?ver=1777051911","caption":"Tuzla Info"}}]}},"_links":{"self":[{"href":"https:\/\/tuzlainfo.ba\/index.php\/wp-json\/wp\/v2\/posts\/166092"}],"collection":[{"href":"https:\/\/tuzlainfo.ba\/index.php\/wp-json\/wp\/v2\/posts"}],"about":[{"href":"https:\/\/tuzlainfo.ba\/index.php\/wp-json\/wp\/v2\/types\/post"}],"author":[{"embeddable":true,"href":"https:\/\/tuzlainfo.ba\/index.php\/wp-json\/wp\/v2\/users\/4"}],"replies":[{"embeddable":true,"href":"https:\/\/tuzlainfo.ba\/index.php\/wp-json\/wp\/v2\/comments?post=166092"}],"version-history":[{"count":0,"href":"https:\/\/tuzlainfo.ba\/index.php\/wp-json\/wp\/v2\/posts\/166092\/revisions"}],"wp:featuredmedia":[{"embeddable":true,"href":"https:\/\/tuzlainfo.ba\/index.php\/wp-json\/wp\/v2\/media\/149280"}],"wp:attachment":[{"href":"https:\/\/tuzlainfo.ba\/index.php\/wp-json\/wp\/v2\/media?parent=166092"}],"wp:term":[{"taxonomy":"category","embeddable":true,"href":"https:\/\/tuzlainfo.ba\/index.php\/wp-json\/wp\/v2\/categories?post=166092"},{"taxonomy":"post_tag","embeddable":true,"href":"https:\/\/tuzlainfo.ba\/index.php\/wp-json\/wp\/v2\/tags?post=166092"}],"curies":[{"name":"wp","href":"https:\/\/api.w.org\/{rel}","templated":true}]}}