{"id":165550,"date":"2022-03-03T22:24:19","date_gmt":"2022-03-03T21:24:19","guid":{"rendered":"https:\/\/tuzlainfo.ba\/?p=165550"},"modified":"2022-03-03T22:24:19","modified_gmt":"2022-03-03T21:24:19","slug":"olaf-scholz-za-njemacke-medije-ozbiljno-razgovaramo-o-prijemu-zemalja-zapadnog-balkana-u-eu","status":"publish","type":"post","link":"https:\/\/tuzlainfo.ba\/index.php\/clanci\/sa-svih-strana\/item\/165550-olaf-scholz-za-njemacke-medije-ozbiljno-razgovaramo-o-prijemu-zemalja-zapadnog-balkana-u-eu\/","title":{"rendered":"Olaf Scholz za njema\u010dke medije: Ozbiljno razgovaramo o prijemu zemalja zapadnog Balkana u EU"},"content":{"rendered":"<p>Ozbiljno razgovaramo o prijemu zemalja zapadnog Balkana u Evropsku Uniju, rekao je Olaf \u0160olc, njema\u010dki kancelar u emisiji njema\u010dke televizije ZDF.<\/p>\n<p>&#8220;Svi znamo koliko to ve\u0107 dugo traje za neke zemlje Zapadnog Balkana, uglavnom zemlje biv\u0161e Jugoslavije, koje \u010dekaju ulazak u \u010dlanstvo. Te zemlje jo\u0161 nisu dobile odluku a neke odluke koje smo donosili u pro\u0161losti su potpuno neprihvatljive i zato \u017eelim jasno re\u0107i da zemlje tamo koje su se jasno izrazile da \u017eele evropsku perspektivu, dobiju od nas jasne stavove&#8221;, rekao je on.<\/p>\n<p>On je ovo rekao odgovaraju\u0107i na pitanje njema\u010dke novinarke da li je za to da Ukrajina primljena u EU.<\/p>\n<p>Podsje\u0107anja radi prije nekoliko mjeseci u istoj emisiji je na pitanje Volodimira Zelenskog, predsjednika Ukrajine, da li \u0107e primiti Ukrajinu u EU odgovorio da prvo treba primiti zemlje zapadnog Balkana.<\/p>\n<p>\u0160olc je u intervju za njema\u010dku televiziju, kazao da je &#8220;u Ukrajini rat protiv ukrajinskog naroda, a Putin zastupa tezu da ukrajinski narod ne postoji&#8221;.<\/p>\n<p>&#8220;Gra\u0111ani Ukrajine su se odlu\u010dili za samostalnost, za vlastitu zemlju. Ono \u0161to sada vidimo je o\u010digledno da ukrajinski narod postoji, to je narod koji se brani&#8221;, rekao je.<\/p>\n<p>On je rekao da je u Moskvi prije posjete Putinu polo\u017eio vijenac na grob \u017ertvama njema\u010dkog rata protiv Rusije.<\/p>\n<p>&#8220;Predamnom su stajali u po\u010dasnim stroju ruski vojnici koji nisu imali ni 20 godina. Ti momci sada idu u rat neki su mo\u017eda i poginuli&#8221;, rekao je on.<\/p>\n<p>Ponovio je da je po\u010detak rata u Ukrajini prekretnica za Evropu i da se Evropa mora vratiti normalnim odnosima.<\/p>\n<p>\u0160olc je rekao da je Rusija napala Ukrajinu bez povoda, te da ona nije bila prijetnja Rusiji, kao ni NATO.<\/p>\n<p>Rekao je da od Gerharda \u0160redera, biv\u0161eg njema\u010dkog kancelara, o\u010dekuje da napusti pozicije u Upravi ruskog Gasproma.<\/p>\n<p>&#8220;Vjerujem da jo\u0161 uvijek ima puno prijatelja sa kojima je u kontaktu koji ga mogu uvjeriti da razmisli o svojim odlukama iz pro\u0161losti. To bi i meni bilo va\u017eno&#8221;, rekao je on.<\/p>\n","protected":false},"excerpt":{"rendered":"<p>Ozbiljno razgovaramo o prijemu zemalja zapadnog Balkana u Evropsku Uniju, rekao je Olaf \u0160olc, njema\u010dki&hellip;<\/p>\n","protected":false},"author":2,"featured_media":165551,"comment_status":"open","ping_status":"closed","sticky":false,"template":"","format":"standard","meta":{"_acf_changed":false,"footnotes":""},"categories":[16],"tags":[2754],"acf":[],"yoast_head":"<!-- This site is optimized with the Yoast SEO plugin v23.5 - https:\/\/yoast.com\/wordpress\/plugins\/seo\/ -->\n<title>Olaf Scholz za njema\u010dke medije: Ozbiljno razgovaramo o prijemu zemalja zapadnog Balkana u EU - TuzlaInfo.ba<\/title>\n<meta name=\"robots\" content=\"index, follow, max-snippet:-1, max-image-preview:large, max-video-preview:-1\" \/>\n<link rel=\"canonical\" href=\"https:\/\/tuzlainfo.ba\/index.php\/clanci\/sa-svih-strana\/item\/165550-olaf-scholz-za-njemacke-medije-ozbiljno-razgovaramo-o-prijemu-zemalja-zapadnog-balkana-u-eu\/\" \/>\n<meta property=\"og:locale\" content=\"bs_BA\" \/>\n<meta property=\"og:type\" content=\"article\" \/>\n<meta property=\"og:title\" content=\"Olaf Scholz za njema\u010dke medije: Ozbiljno razgovaramo o prijemu zemalja zapadnog Balkana u EU - TuzlaInfo.ba\" \/>\n<meta property=\"og:description\" content=\"Ozbiljno razgovaramo o prijemu zemalja zapadnog Balkana u Evropsku Uniju, rekao je Olaf \u0160olc, njema\u010dki&hellip;\" \/>\n<meta property=\"og:url\" content=\"https:\/\/tuzlainfo.ba\/index.php\/clanci\/sa-svih-strana\/item\/165550-olaf-scholz-za-njemacke-medije-ozbiljno-razgovaramo-o-prijemu-zemalja-zapadnog-balkana-u-eu\/\" \/>\n<meta property=\"og:site_name\" content=\"TuzlaInfo.ba\" \/>\n<meta property=\"article:publisher\" content=\"https:\/\/www.facebook.com\/tuzlainfo.ba\/\" \/>\n<meta property=\"article:published_time\" content=\"2022-03-03T21:24:19+00:00\" \/>\n<meta property=\"og:image\" content=\"https:\/\/tuzlainfo.ba\/wp-content\/uploads\/2022\/03\/0303_sholz.jpg\" \/>\n\t<meta property=\"og:image:width\" content=\"1000\" \/>\n\t<meta property=\"og:image:height\" content=\"575\" \/>\n\t<meta property=\"og:image:type\" content=\"image\/jpeg\" \/>\n<meta name=\"author\" content=\"nedim\" \/>\n<meta name=\"twitter:card\" content=\"summary_large_image\" \/>\n<meta name=\"twitter:label1\" content=\"Written by\" \/>\n\t<meta name=\"twitter:data1\" content=\"nedim\" \/>\n\t<meta name=\"twitter:label2\" content=\"Est. reading time\" \/>\n\t<meta name=\"twitter:data2\" content=\"2 minute\" \/>\n<script type=\"application\/ld+json\" class=\"yoast-schema-graph\">{\"@context\":\"https:\/\/schema.org\",\"@graph\":[{\"@type\":\"Article\",\"@id\":\"https:\/\/tuzlainfo.ba\/index.php\/clanci\/sa-svih-strana\/item\/165550-olaf-scholz-za-njemacke-medije-ozbiljno-razgovaramo-o-prijemu-zemalja-zapadnog-balkana-u-eu\/#article\",\"isPartOf\":{\"@id\":\"https:\/\/tuzlainfo.ba\/index.php\/clanci\/sa-svih-strana\/item\/165550-olaf-scholz-za-njemacke-medije-ozbiljno-razgovaramo-o-prijemu-zemalja-zapadnog-balkana-u-eu\/\"},\"author\":{\"name\":\"nedim\",\"@id\":\"https:\/\/tuzlainfo.ba\/#\/schema\/person\/f434e20dc27ea133923aab08451b7f7f\"},\"headline\":\"Olaf Scholz za njema\u010dke medije: Ozbiljno razgovaramo o prijemu zemalja zapadnog Balkana u EU\",\"datePublished\":\"2022-03-03T21:24:19+00:00\",\"dateModified\":\"2022-03-03T21:24:19+00:00\",\"mainEntityOfPage\":{\"@id\":\"https:\/\/tuzlainfo.ba\/index.php\/clanci\/sa-svih-strana\/item\/165550-olaf-scholz-za-njemacke-medije-ozbiljno-razgovaramo-o-prijemu-zemalja-zapadnog-balkana-u-eu\/\"},\"wordCount\":357,\"commentCount\":0,\"publisher\":{\"@id\":\"https:\/\/tuzlainfo.ba\/#organization\"},\"image\":{\"@id\":\"https:\/\/tuzlainfo.ba\/index.php\/clanci\/sa-svih-strana\/item\/165550-olaf-scholz-za-njemacke-medije-ozbiljno-razgovaramo-o-prijemu-zemalja-zapadnog-balkana-u-eu\/#primaryimage\"},\"thumbnailUrl\":\"https:\/\/tuzlainfo.ba\/wp-content\/uploads\/2022\/03\/0303_sholz.jpg\",\"keywords\":[\"Olaf Scholz\"],\"articleSection\":[\"Sa svih strana\"],\"inLanguage\":\"bs-BA\"},{\"@type\":\"WebPage\",\"@id\":\"https:\/\/tuzlainfo.ba\/index.php\/clanci\/sa-svih-strana\/item\/165550-olaf-scholz-za-njemacke-medije-ozbiljno-razgovaramo-o-prijemu-zemalja-zapadnog-balkana-u-eu\/\",\"url\":\"https:\/\/tuzlainfo.ba\/index.php\/clanci\/sa-svih-strana\/item\/165550-olaf-scholz-za-njemacke-medije-ozbiljno-razgovaramo-o-prijemu-zemalja-zapadnog-balkana-u-eu\/\",\"name\":\"Olaf Scholz za njema\u010dke medije: Ozbiljno razgovaramo o prijemu zemalja zapadnog Balkana u EU - TuzlaInfo.ba\",\"isPartOf\":{\"@id\":\"https:\/\/tuzlainfo.ba\/#website\"},\"primaryImageOfPage\":{\"@id\":\"https:\/\/tuzlainfo.ba\/index.php\/clanci\/sa-svih-strana\/item\/165550-olaf-scholz-za-njemacke-medije-ozbiljno-razgovaramo-o-prijemu-zemalja-zapadnog-balkana-u-eu\/#primaryimage\"},\"image\":{\"@id\":\"https:\/\/tuzlainfo.ba\/index.php\/clanci\/sa-svih-strana\/item\/165550-olaf-scholz-za-njemacke-medije-ozbiljno-razgovaramo-o-prijemu-zemalja-zapadnog-balkana-u-eu\/#primaryimage\"},\"thumbnailUrl\":\"https:\/\/tuzlainfo.ba\/wp-content\/uploads\/2022\/03\/0303_sholz.jpg\",\"datePublished\":\"2022-03-03T21:24:19+00:00\",\"dateModified\":\"2022-03-03T21:24:19+00:00\",\"breadcrumb\":{\"@id\":\"https:\/\/tuzlainfo.ba\/index.php\/clanci\/sa-svih-strana\/item\/165550-olaf-scholz-za-njemacke-medije-ozbiljno-razgovaramo-o-prijemu-zemalja-zapadnog-balkana-u-eu\/#breadcrumb\"},\"inLanguage\":\"bs-BA\",\"potentialAction\":[{\"@type\":\"ReadAction\",\"target\":[\"https:\/\/tuzlainfo.ba\/index.php\/clanci\/sa-svih-strana\/item\/165550-olaf-scholz-za-njemacke-medije-ozbiljno-razgovaramo-o-prijemu-zemalja-zapadnog-balkana-u-eu\/\"]}]},{\"@type\":\"ImageObject\",\"inLanguage\":\"bs-BA\",\"@id\":\"https:\/\/tuzlainfo.ba\/index.php\/clanci\/sa-svih-strana\/item\/165550-olaf-scholz-za-njemacke-medije-ozbiljno-razgovaramo-o-prijemu-zemalja-zapadnog-balkana-u-eu\/#primaryimage\",\"url\":\"https:\/\/tuzlainfo.ba\/wp-content\/uploads\/2022\/03\/0303_sholz.jpg\",\"contentUrl\":\"https:\/\/tuzlainfo.ba\/wp-content\/uploads\/2022\/03\/0303_sholz.jpg\",\"width\":1000,\"height\":575},{\"@type\":\"BreadcrumbList\",\"@id\":\"https:\/\/tuzlainfo.ba\/index.php\/clanci\/sa-svih-strana\/item\/165550-olaf-scholz-za-njemacke-medije-ozbiljno-razgovaramo-o-prijemu-zemalja-zapadnog-balkana-u-eu\/#breadcrumb\",\"itemListElement\":[{\"@type\":\"ListItem\",\"position\":1,\"name\":\"Home\",\"item\":\"https:\/\/tuzlainfo.ba\/\"},{\"@type\":\"ListItem\",\"position\":2,\"name\":\"Olaf Scholz za njema\u010dke medije: Ozbiljno razgovaramo o prijemu zemalja zapadnog Balkana u EU\"}]},{\"@type\":\"WebSite\",\"@id\":\"https:\/\/tuzlainfo.ba\/#website\",\"url\":\"https:\/\/tuzlainfo.ba\/\",\"name\":\"TuzlaInfo.ba\",\"description\":\"Tuzla info, gradski informator - Tuzla na dlanu\",\"publisher\":{\"@id\":\"https:\/\/tuzlainfo.ba\/#organization\"},\"potentialAction\":[{\"@type\":\"SearchAction\",\"target\":{\"@type\":\"EntryPoint\",\"urlTemplate\":\"https:\/\/tuzlainfo.ba\/?s={search_term_string}\"},\"query-input\":{\"@type\":\"PropertyValueSpecification\",\"valueRequired\":true,\"valueName\":\"search_term_string\"}}],\"inLanguage\":\"bs-BA\"},{\"@type\":\"Organization\",\"@id\":\"https:\/\/tuzlainfo.ba\/#organization\",\"name\":\"TuzlaInfo.ba\",\"url\":\"https:\/\/tuzlainfo.ba\/\",\"logo\":{\"@type\":\"ImageObject\",\"inLanguage\":\"bs-BA\",\"@id\":\"https:\/\/tuzlainfo.ba\/#\/schema\/logo\/image\/\",\"url\":\"https:\/\/tuzlainfo.ba\/wp-content\/uploads\/2021\/03\/logo-ver-3-1.png\",\"contentUrl\":\"https:\/\/tuzlainfo.ba\/wp-content\/uploads\/2021\/03\/logo-ver-3-1.png\",\"width\":350,\"height\":95,\"caption\":\"TuzlaInfo.ba\"},\"image\":{\"@id\":\"https:\/\/tuzlainfo.ba\/#\/schema\/logo\/image\/\"},\"sameAs\":[\"https:\/\/www.facebook.com\/tuzlainfo.ba\/\"]},{\"@type\":\"Person\",\"@id\":\"https:\/\/tuzlainfo.ba\/#\/schema\/person\/f434e20dc27ea133923aab08451b7f7f\",\"name\":\"nedim\",\"image\":{\"@type\":\"ImageObject\",\"inLanguage\":\"bs-BA\",\"@id\":\"https:\/\/tuzlainfo.ba\/#\/schema\/person\/image\/\",\"url\":\"https:\/\/tuzlainfo.ba\/wp-content\/litespeed\/avatar\/aabad687af24844af817603ac1cbdc4f.jpg?ver=1777306975\",\"contentUrl\":\"https:\/\/tuzlainfo.ba\/wp-content\/litespeed\/avatar\/aabad687af24844af817603ac1cbdc4f.jpg?ver=1777306975\",\"caption\":\"nedim\"},\"description\":\"Tuzlainfo.ba pratite na dru\u0161tvenim mre\u017eama: Facebook, Instagram i Youtube. Svoje pri\u010de, upite i fotografije \u0161aljite na na\u0161u e-mail adresu.\"}]}<\/script>\n<!-- \/ Yoast SEO plugin. -->","yoast_head_json":{"title":"Olaf Scholz za njema\u010dke medije: Ozbiljno razgovaramo o prijemu zemalja zapadnog Balkana u EU - TuzlaInfo.ba","robots":{"index":"index","follow":"follow","max-snippet":"max-snippet:-1","max-image-preview":"max-image-preview:large","max-video-preview":"max-video-preview:-1"},"canonical":"https:\/\/tuzlainfo.ba\/index.php\/clanci\/sa-svih-strana\/item\/165550-olaf-scholz-za-njemacke-medije-ozbiljno-razgovaramo-o-prijemu-zemalja-zapadnog-balkana-u-eu\/","og_locale":"bs_BA","og_type":"article","og_title":"Olaf Scholz za njema\u010dke medije: Ozbiljno razgovaramo o prijemu zemalja zapadnog Balkana u EU - TuzlaInfo.ba","og_description":"Ozbiljno razgovaramo o prijemu zemalja zapadnog Balkana u Evropsku Uniju, rekao je Olaf \u0160olc, njema\u010dki&hellip;","og_url":"https:\/\/tuzlainfo.ba\/index.php\/clanci\/sa-svih-strana\/item\/165550-olaf-scholz-za-njemacke-medije-ozbiljno-razgovaramo-o-prijemu-zemalja-zapadnog-balkana-u-eu\/","og_site_name":"TuzlaInfo.ba","article_publisher":"https:\/\/www.facebook.com\/tuzlainfo.ba\/","article_published_time":"2022-03-03T21:24:19+00:00","og_image":[{"width":1000,"height":575,"url":"https:\/\/tuzlainfo.ba\/wp-content\/uploads\/2022\/03\/0303_sholz.jpg","type":"image\/jpeg"}],"author":"nedim","twitter_card":"summary_large_image","twitter_misc":{"Written by":"nedim","Est. reading time":"2 minute"},"schema":{"@context":"https:\/\/schema.org","@graph":[{"@type":"Article","@id":"https:\/\/tuzlainfo.ba\/index.php\/clanci\/sa-svih-strana\/item\/165550-olaf-scholz-za-njemacke-medije-ozbiljno-razgovaramo-o-prijemu-zemalja-zapadnog-balkana-u-eu\/#article","isPartOf":{"@id":"https:\/\/tuzlainfo.ba\/index.php\/clanci\/sa-svih-strana\/item\/165550-olaf-scholz-za-njemacke-medije-ozbiljno-razgovaramo-o-prijemu-zemalja-zapadnog-balkana-u-eu\/"},"author":{"name":"nedim","@id":"https:\/\/tuzlainfo.ba\/#\/schema\/person\/f434e20dc27ea133923aab08451b7f7f"},"headline":"Olaf Scholz za njema\u010dke medije: Ozbiljno razgovaramo o prijemu zemalja zapadnog Balkana u EU","datePublished":"2022-03-03T21:24:19+00:00","dateModified":"2022-03-03T21:24:19+00:00","mainEntityOfPage":{"@id":"https:\/\/tuzlainfo.ba\/index.php\/clanci\/sa-svih-strana\/item\/165550-olaf-scholz-za-njemacke-medije-ozbiljno-razgovaramo-o-prijemu-zemalja-zapadnog-balkana-u-eu\/"},"wordCount":357,"commentCount":0,"publisher":{"@id":"https:\/\/tuzlainfo.ba\/#organization"},"image":{"@id":"https:\/\/tuzlainfo.ba\/index.php\/clanci\/sa-svih-strana\/item\/165550-olaf-scholz-za-njemacke-medije-ozbiljno-razgovaramo-o-prijemu-zemalja-zapadnog-balkana-u-eu\/#primaryimage"},"thumbnailUrl":"https:\/\/tuzlainfo.ba\/wp-content\/uploads\/2022\/03\/0303_sholz.jpg","keywords":["Olaf Scholz"],"articleSection":["Sa svih strana"],"inLanguage":"bs-BA"},{"@type":"WebPage","@id":"https:\/\/tuzlainfo.ba\/index.php\/clanci\/sa-svih-strana\/item\/165550-olaf-scholz-za-njemacke-medije-ozbiljno-razgovaramo-o-prijemu-zemalja-zapadnog-balkana-u-eu\/","url":"https:\/\/tuzlainfo.ba\/index.php\/clanci\/sa-svih-strana\/item\/165550-olaf-scholz-za-njemacke-medije-ozbiljno-razgovaramo-o-prijemu-zemalja-zapadnog-balkana-u-eu\/","name":"Olaf Scholz za njema\u010dke medije: Ozbiljno razgovaramo o prijemu zemalja zapadnog Balkana u EU - TuzlaInfo.ba","isPartOf":{"@id":"https:\/\/tuzlainfo.ba\/#website"},"primaryImageOfPage":{"@id":"https:\/\/tuzlainfo.ba\/index.php\/clanci\/sa-svih-strana\/item\/165550-olaf-scholz-za-njemacke-medije-ozbiljno-razgovaramo-o-prijemu-zemalja-zapadnog-balkana-u-eu\/#primaryimage"},"image":{"@id":"https:\/\/tuzlainfo.ba\/index.php\/clanci\/sa-svih-strana\/item\/165550-olaf-scholz-za-njemacke-medije-ozbiljno-razgovaramo-o-prijemu-zemalja-zapadnog-balkana-u-eu\/#primaryimage"},"thumbnailUrl":"https:\/\/tuzlainfo.ba\/wp-content\/uploads\/2022\/03\/0303_sholz.jpg","datePublished":"2022-03-03T21:24:19+00:00","dateModified":"2022-03-03T21:24:19+00:00","breadcrumb":{"@id":"https:\/\/tuzlainfo.ba\/index.php\/clanci\/sa-svih-strana\/item\/165550-olaf-scholz-za-njemacke-medije-ozbiljno-razgovaramo-o-prijemu-zemalja-zapadnog-balkana-u-eu\/#breadcrumb"},"inLanguage":"bs-BA","potentialAction":[{"@type":"ReadAction","target":["https:\/\/tuzlainfo.ba\/index.php\/clanci\/sa-svih-strana\/item\/165550-olaf-scholz-za-njemacke-medije-ozbiljno-razgovaramo-o-prijemu-zemalja-zapadnog-balkana-u-eu\/"]}]},{"@type":"ImageObject","inLanguage":"bs-BA","@id":"https:\/\/tuzlainfo.ba\/index.php\/clanci\/sa-svih-strana\/item\/165550-olaf-scholz-za-njemacke-medije-ozbiljno-razgovaramo-o-prijemu-zemalja-zapadnog-balkana-u-eu\/#primaryimage","url":"https:\/\/tuzlainfo.ba\/wp-content\/uploads\/2022\/03\/0303_sholz.jpg","contentUrl":"https:\/\/tuzlainfo.ba\/wp-content\/uploads\/2022\/03\/0303_sholz.jpg","width":1000,"height":575},{"@type":"BreadcrumbList","@id":"https:\/\/tuzlainfo.ba\/index.php\/clanci\/sa-svih-strana\/item\/165550-olaf-scholz-za-njemacke-medije-ozbiljno-razgovaramo-o-prijemu-zemalja-zapadnog-balkana-u-eu\/#breadcrumb","itemListElement":[{"@type":"ListItem","position":1,"name":"Home","item":"https:\/\/tuzlainfo.ba\/"},{"@type":"ListItem","position":2,"name":"Olaf Scholz za njema\u010dke medije: Ozbiljno razgovaramo o prijemu zemalja zapadnog Balkana u EU"}]},{"@type":"WebSite","@id":"https:\/\/tuzlainfo.ba\/#website","url":"https:\/\/tuzlainfo.ba\/","name":"TuzlaInfo.ba","description":"Tuzla info, gradski informator - Tuzla na dlanu","publisher":{"@id":"https:\/\/tuzlainfo.ba\/#organization"},"potentialAction":[{"@type":"SearchAction","target":{"@type":"EntryPoint","urlTemplate":"https:\/\/tuzlainfo.ba\/?s={search_term_string}"},"query-input":{"@type":"PropertyValueSpecification","valueRequired":true,"valueName":"search_term_string"}}],"inLanguage":"bs-BA"},{"@type":"Organization","@id":"https:\/\/tuzlainfo.ba\/#organization","name":"TuzlaInfo.ba","url":"https:\/\/tuzlainfo.ba\/","logo":{"@type":"ImageObject","inLanguage":"bs-BA","@id":"https:\/\/tuzlainfo.ba\/#\/schema\/logo\/image\/","url":"https:\/\/tuzlainfo.ba\/wp-content\/uploads\/2021\/03\/logo-ver-3-1.png","contentUrl":"https:\/\/tuzlainfo.ba\/wp-content\/uploads\/2021\/03\/logo-ver-3-1.png","width":350,"height":95,"caption":"TuzlaInfo.ba"},"image":{"@id":"https:\/\/tuzlainfo.ba\/#\/schema\/logo\/image\/"},"sameAs":["https:\/\/www.facebook.com\/tuzlainfo.ba\/"]},{"@type":"Person","@id":"https:\/\/tuzlainfo.ba\/#\/schema\/person\/f434e20dc27ea133923aab08451b7f7f","name":"nedim","image":{"@type":"ImageObject","inLanguage":"bs-BA","@id":"https:\/\/tuzlainfo.ba\/#\/schema\/person\/image\/","url":"https:\/\/tuzlainfo.ba\/wp-content\/litespeed\/avatar\/aabad687af24844af817603ac1cbdc4f.jpg?ver=1777306975","contentUrl":"https:\/\/tuzlainfo.ba\/wp-content\/litespeed\/avatar\/aabad687af24844af817603ac1cbdc4f.jpg?ver=1777306975","caption":"nedim"},"description":"Tuzlainfo.ba pratite na dru\u0161tvenim mre\u017eama: Facebook, Instagram i Youtube. Svoje pri\u010de, upite i fotografije \u0161aljite na na\u0161u e-mail adresu."}]}},"_links":{"self":[{"href":"https:\/\/tuzlainfo.ba\/index.php\/wp-json\/wp\/v2\/posts\/165550"}],"collection":[{"href":"https:\/\/tuzlainfo.ba\/index.php\/wp-json\/wp\/v2\/posts"}],"about":[{"href":"https:\/\/tuzlainfo.ba\/index.php\/wp-json\/wp\/v2\/types\/post"}],"author":[{"embeddable":true,"href":"https:\/\/tuzlainfo.ba\/index.php\/wp-json\/wp\/v2\/users\/2"}],"replies":[{"embeddable":true,"href":"https:\/\/tuzlainfo.ba\/index.php\/wp-json\/wp\/v2\/comments?post=165550"}],"version-history":[{"count":0,"href":"https:\/\/tuzlainfo.ba\/index.php\/wp-json\/wp\/v2\/posts\/165550\/revisions"}],"wp:featuredmedia":[{"embeddable":true,"href":"https:\/\/tuzlainfo.ba\/index.php\/wp-json\/wp\/v2\/media\/165551"}],"wp:attachment":[{"href":"https:\/\/tuzlainfo.ba\/index.php\/wp-json\/wp\/v2\/media?parent=165550"}],"wp:term":[{"taxonomy":"category","embeddable":true,"href":"https:\/\/tuzlainfo.ba\/index.php\/wp-json\/wp\/v2\/categories?post=165550"},{"taxonomy":"post_tag","embeddable":true,"href":"https:\/\/tuzlainfo.ba\/index.php\/wp-json\/wp\/v2\/tags?post=165550"}],"curies":[{"name":"wp","href":"https:\/\/api.w.org\/{rel}","templated":true}]}}