{"id":165429,"date":"2022-03-02T20:59:13","date_gmt":"2022-03-02T19:59:13","guid":{"rendered":"https:\/\/tuzlainfo.ba\/?p=165429"},"modified":"2022-03-02T18:49:41","modified_gmt":"2022-03-02T17:49:41","slug":"jedini-u-bih-gradska-verinarska-stanica-tuzla-nabavila-moderan-ct-aparat","status":"publish","type":"post","link":"https:\/\/tuzlainfo.ba\/index.php\/novosti\/item\/165429-jedini-u-bih-gradska-verinarska-stanica-tuzla-nabavila-moderan-ct-aparat\/","title":{"rendered":"Jedini u BiH: Gradska verinarska stanica Tuzla nabavila moderan CT aparat"},"content":{"rendered":"<p>Javno preduze\u0107e Gradska veterinarska stanica Tuzla je nabavila CT aparat koji \u0107e kvalitetno slu\u017eiti u dijagnostici samog otkrivanja bolesti, \u0161to ih \u010dini jedinom veterinarskom stanicom u Bosni i Hercegovini koja ima i tu opremu za dalji rad.<\/p>\n<p>Prvi u BiH imaju i Centar za smje\u0161taj, njegu i humano udomljavanje napu\u0161tenih pasa, koje se tu pripremaju za slanje u druge dr\u017eave, specijalizovanim vozilom, jedinim u ovoj regiji, a najvi\u0161e pasa je izvezeno u Velku Britaniju.<\/p>\n<p>I dalje je aktivno \u010dipovanje pasa, \u0161to je i zakonska obaveza vlasnika pasa, i \u0161to se kontinuirano provodi, pojasnio je u razgovoru za RTV7 Tuzla Ernes Kari\u0107, doktor veterinarskih nauka.<\/p>\n<p>Prema njegovim rije\u010dima, imali su slu\u010dajeve prisustva korona virusa kod \u017eivotinja, a ovom prilikom je upozorio i na pojavu krpelja i probleme koje izazivaju kod \u017eivotinja, kao i potrebu za vakcinacijom \u017eivotinja, naro\u010dito zbog pribli\u017eavanja Kurban bajrama kada \u0107e biti veoma zna\u010dajno imati zdrave \u017eivotinje i ispravno meso, a posebno kako bi se izbjegla pojava bruceloze kod \u017eivotinja \u2013 kao zoonoze koja je na\u017ealost prisutna u \u017eivotinjskom svijetu i kao jako opasna mo\u017ee pre\u0107i na \u010dovjeka.<\/p>\n<p>Vi\u0161e u video prilogu RTV 7:<\/p>\n<p><iframe title=\"JP Gradska veterinarska stanica Tuzla jedina u BiH nabavila CT aparat za dijagnostiku bolesti.\" width=\"800\" height=\"450\" src=\"https:\/\/www.youtube.com\/embed\/cdaWv4JJjwE?feature=oembed\" frameborder=\"0\" allow=\"accelerometer; autoplay; clipboard-write; encrypted-media; gyroscope; picture-in-picture; web-share\" referrerpolicy=\"strict-origin-when-cross-origin\" allowfullscreen><\/iframe><\/p>\n<p>&nbsp;<\/p>\n","protected":false},"excerpt":{"rendered":"<p>Javno preduze\u0107e Gradska veterinarska stanica Tuzla je nabavila CT aparat koji \u0107e kvalitetno slu\u017eiti u dijagnostici samog otkrivanja bolesti, \u0161to ih \u010dini jedinom veterinarskom stanicom u Bosni i Hercegovini koja ima i tu opremu za dalji rad. Prvi u BiH imaju i Centar za smje\u0161taj, njegu i humano udomljavanje napu\u0161tenih pasa, koje se tu pripremaju [&hellip;]<\/p>\n","protected":false},"author":2,"featured_media":165430,"comment_status":"open","ping_status":"closed","sticky":false,"template":"","format":"standard","meta":{"footnotes":""},"categories":[304,12],"tags":[4267],"class_list":["post-165429","post","type-post","status-publish","format-standard","has-post-thumbnail","hentry","category-istaknuto","category-novosti","tag-veterinarska-stanica-tuzla"],"yoast_head":"<!-- This site is optimized with the Yoast SEO plugin v28.4 - https:\/\/yoast.com\/product\/yoast-seo-wordpress\/ -->\n<title>Jedini u BiH: Gradska verinarska stanica Tuzla nabavila moderan CT aparat<\/title>\n<meta name=\"robots\" content=\"index, follow, max-snippet:-1, max-image-preview:large, max-video-preview:-1\" \/>\n<link rel=\"canonical\" href=\"https:\/\/tuzlainfo.ba\/index.php\/novosti\/item\/165429-jedini-u-bih-gradska-verinarska-stanica-tuzla-nabavila-moderan-ct-aparat\/\" \/>\n<meta property=\"og:locale\" content=\"bs_BA\" \/>\n<meta property=\"og:type\" content=\"article\" \/>\n<meta property=\"og:title\" content=\"Jedini u BiH: Gradska verinarska stanica Tuzla nabavila moderan CT aparat\" \/>\n<meta property=\"og:description\" content=\"Javno preduze\u0107e Gradska veterinarska stanica Tuzla je nabavila CT aparat koji \u0107e kvalitetno slu\u017eiti u dijagnostici samog otkrivanja bolesti, \u0161to ih \u010dini jedinom veterinarskom stanicom u Bosni i Hercegovini koja ima i tu opremu za dalji rad. Prvi u BiH imaju i Centar za smje\u0161taj, njegu i humano udomljavanje napu\u0161tenih pasa, koje se tu pripremaju [&hellip;]\" \/>\n<meta property=\"og:url\" content=\"https:\/\/tuzlainfo.ba\/index.php\/novosti\/item\/165429-jedini-u-bih-gradska-verinarska-stanica-tuzla-nabavila-moderan-ct-aparat\/\" \/>\n<meta property=\"og:site_name\" content=\"TuzlaInfo.ba\" \/>\n<meta property=\"article:publisher\" content=\"https:\/\/www.facebook.com\/tuzlainfo.ba\/\" \/>\n<meta property=\"article:published_time\" content=\"2022-03-02T19:59:13+00:00\" \/>\n<meta property=\"og:image\" content=\"https:\/\/tuzlainfo.ba\/wp-content\/uploads\/2022\/03\/0203_veterninar.jpg\" \/>\n\t<meta property=\"og:image:width\" content=\"1000\" \/>\n\t<meta property=\"og:image:height\" content=\"558\" \/>\n\t<meta property=\"og:image:type\" content=\"image\/jpeg\" \/>\n<meta name=\"author\" content=\"nedim\" \/>\n<meta name=\"twitter:card\" content=\"summary_large_image\" \/>\n<meta name=\"twitter:label1\" content=\"Written by\" \/>\n\t<meta name=\"twitter:data1\" content=\"nedim\" \/>\n\t<meta name=\"twitter:label2\" content=\"Est. reading time\" \/>\n\t<meta name=\"twitter:data2\" content=\"1 minuta\" \/>\n<script type=\"application\/ld+json\" class=\"yoast-schema-graph\">{\"@context\":\"https:\\\/\\\/schema.org\",\"@graph\":[{\"@type\":\"Article\",\"@id\":\"https:\\\/\\\/tuzlainfo.ba\\\/index.php\\\/novosti\\\/item\\\/165429-jedini-u-bih-gradska-verinarska-stanica-tuzla-nabavila-moderan-ct-aparat\\\/#article\",\"isPartOf\":{\"@id\":\"https:\\\/\\\/tuzlainfo.ba\\\/index.php\\\/novosti\\\/item\\\/165429-jedini-u-bih-gradska-verinarska-stanica-tuzla-nabavila-moderan-ct-aparat\\\/\"},\"author\":{\"name\":\"nedim\",\"@id\":\"https:\\\/\\\/tuzlainfo.ba\\\/#\\\/schema\\\/person\\\/f434e20dc27ea133923aab08451b7f7f\"},\"headline\":\"Jedini u BiH: Gradska verinarska stanica Tuzla nabavila moderan CT aparat\",\"datePublished\":\"2022-03-02T19:59:13+00:00\",\"mainEntityOfPage\":{\"@id\":\"https:\\\/\\\/tuzlainfo.ba\\\/index.php\\\/novosti\\\/item\\\/165429-jedini-u-bih-gradska-verinarska-stanica-tuzla-nabavila-moderan-ct-aparat\\\/\"},\"wordCount\":216,\"commentCount\":0,\"publisher\":{\"@id\":\"https:\\\/\\\/tuzlainfo.ba\\\/#organization\"},\"image\":{\"@id\":\"https:\\\/\\\/tuzlainfo.ba\\\/index.php\\\/novosti\\\/item\\\/165429-jedini-u-bih-gradska-verinarska-stanica-tuzla-nabavila-moderan-ct-aparat\\\/#primaryimage\"},\"thumbnailUrl\":\"https:\\\/\\\/tuzlainfo.ba\\\/wp-content\\\/uploads\\\/2022\\\/03\\\/0203_veterninar.jpg\",\"keywords\":[\"Veterinarska stanica Tuzla\"],\"articleSection\":[\"Istaknuto\",\"Novosti\"],\"inLanguage\":\"bs-BA\",\"copyrightYear\":\"2022\",\"copyrightHolder\":{\"@id\":\"https:\\\/\\\/tuzlainfo.ba\\\/#organization\"}},{\"@type\":\"WebPage\",\"@id\":\"https:\\\/\\\/tuzlainfo.ba\\\/index.php\\\/novosti\\\/item\\\/165429-jedini-u-bih-gradska-verinarska-stanica-tuzla-nabavila-moderan-ct-aparat\\\/\",\"url\":\"https:\\\/\\\/tuzlainfo.ba\\\/index.php\\\/novosti\\\/item\\\/165429-jedini-u-bih-gradska-verinarska-stanica-tuzla-nabavila-moderan-ct-aparat\\\/\",\"name\":\"Jedini u BiH: Gradska verinarska stanica Tuzla nabavila moderan CT aparat\",\"isPartOf\":{\"@id\":\"https:\\\/\\\/tuzlainfo.ba\\\/#website\"},\"primaryImageOfPage\":{\"@id\":\"https:\\\/\\\/tuzlainfo.ba\\\/index.php\\\/novosti\\\/item\\\/165429-jedini-u-bih-gradska-verinarska-stanica-tuzla-nabavila-moderan-ct-aparat\\\/#primaryimage\"},\"image\":{\"@id\":\"https:\\\/\\\/tuzlainfo.ba\\\/index.php\\\/novosti\\\/item\\\/165429-jedini-u-bih-gradska-verinarska-stanica-tuzla-nabavila-moderan-ct-aparat\\\/#primaryimage\"},\"thumbnailUrl\":\"https:\\\/\\\/tuzlainfo.ba\\\/wp-content\\\/uploads\\\/2022\\\/03\\\/0203_veterninar.jpg\",\"datePublished\":\"2022-03-02T19:59:13+00:00\",\"breadcrumb\":{\"@id\":\"https:\\\/\\\/tuzlainfo.ba\\\/index.php\\\/novosti\\\/item\\\/165429-jedini-u-bih-gradska-verinarska-stanica-tuzla-nabavila-moderan-ct-aparat\\\/#breadcrumb\"},\"inLanguage\":\"bs-BA\",\"potentialAction\":[{\"@type\":\"ReadAction\",\"target\":[\"https:\\\/\\\/tuzlainfo.ba\\\/index.php\\\/novosti\\\/item\\\/165429-jedini-u-bih-gradska-verinarska-stanica-tuzla-nabavila-moderan-ct-aparat\\\/\"]}]},{\"@type\":\"ImageObject\",\"inLanguage\":\"bs-BA\",\"@id\":\"https:\\\/\\\/tuzlainfo.ba\\\/index.php\\\/novosti\\\/item\\\/165429-jedini-u-bih-gradska-verinarska-stanica-tuzla-nabavila-moderan-ct-aparat\\\/#primaryimage\",\"url\":\"https:\\\/\\\/tuzlainfo.ba\\\/wp-content\\\/uploads\\\/2022\\\/03\\\/0203_veterninar.jpg\",\"contentUrl\":\"https:\\\/\\\/tuzlainfo.ba\\\/wp-content\\\/uploads\\\/2022\\\/03\\\/0203_veterninar.jpg\",\"width\":1000,\"height\":558},{\"@type\":\"BreadcrumbList\",\"@id\":\"https:\\\/\\\/tuzlainfo.ba\\\/index.php\\\/novosti\\\/item\\\/165429-jedini-u-bih-gradska-verinarska-stanica-tuzla-nabavila-moderan-ct-aparat\\\/#breadcrumb\",\"itemListElement\":[{\"@type\":\"ListItem\",\"position\":1,\"name\":\"Home\",\"item\":\"https:\\\/\\\/tuzlainfo.ba\\\/\"},{\"@type\":\"ListItem\",\"position\":2,\"name\":\"Jedini u BiH: Gradska verinarska stanica Tuzla nabavila moderan CT aparat\"}]},{\"@type\":\"WebSite\",\"@id\":\"https:\\\/\\\/tuzlainfo.ba\\\/#website\",\"url\":\"https:\\\/\\\/tuzlainfo.ba\\\/\",\"name\":\"TuzlaInfo.ba\",\"description\":\"Tuzla info, gradski informator - Tuzla na dlanu\",\"publisher\":{\"@id\":\"https:\\\/\\\/tuzlainfo.ba\\\/#organization\"},\"potentialAction\":[{\"@type\":\"SearchAction\",\"target\":{\"@type\":\"EntryPoint\",\"urlTemplate\":\"https:\\\/\\\/tuzlainfo.ba\\\/?s={search_term_string}\"},\"query-input\":{\"@type\":\"PropertyValueSpecification\",\"valueRequired\":true,\"valueName\":\"search_term_string\"}}],\"inLanguage\":\"bs-BA\"},{\"@type\":\"Organization\",\"@id\":\"https:\\\/\\\/tuzlainfo.ba\\\/#organization\",\"name\":\"TuzlaInfo.ba\",\"url\":\"https:\\\/\\\/tuzlainfo.ba\\\/\",\"logo\":{\"@type\":\"ImageObject\",\"inLanguage\":\"bs-BA\",\"@id\":\"https:\\\/\\\/tuzlainfo.ba\\\/#\\\/schema\\\/logo\\\/image\\\/\",\"url\":\"https:\\\/\\\/tuzlainfo.ba\\\/wp-content\\\/uploads\\\/2021\\\/03\\\/logo-ver-3-1.png\",\"contentUrl\":\"https:\\\/\\\/tuzlainfo.ba\\\/wp-content\\\/uploads\\\/2021\\\/03\\\/logo-ver-3-1.png\",\"width\":350,\"height\":95,\"caption\":\"TuzlaInfo.ba\"},\"image\":{\"@id\":\"https:\\\/\\\/tuzlainfo.ba\\\/#\\\/schema\\\/logo\\\/image\\\/\"},\"sameAs\":[\"https:\\\/\\\/www.facebook.com\\\/tuzlainfo.ba\\\/\"]},{\"@type\":\"Person\",\"@id\":\"https:\\\/\\\/tuzlainfo.ba\\\/#\\\/schema\\\/person\\\/f434e20dc27ea133923aab08451b7f7f\",\"name\":\"nedim\",\"image\":{\"@type\":\"ImageObject\",\"inLanguage\":\"bs-BA\",\"@id\":\"https:\\\/\\\/secure.gravatar.com\\\/avatar\\\/5b928a2e7e70a54208d2eb6c1edcb75a5350d6ae97d5f0a701203d456823f6f3?s=96&d=mm&r=g\",\"url\":\"https:\\\/\\\/secure.gravatar.com\\\/avatar\\\/5b928a2e7e70a54208d2eb6c1edcb75a5350d6ae97d5f0a701203d456823f6f3?s=96&d=mm&r=g\",\"contentUrl\":\"https:\\\/\\\/secure.gravatar.com\\\/avatar\\\/5b928a2e7e70a54208d2eb6c1edcb75a5350d6ae97d5f0a701203d456823f6f3?s=96&d=mm&r=g\",\"caption\":\"nedim\"},\"description\":\"Tuzlainfo.ba pratite na dru\u0161tvenim mre\u017eama: Facebook, Instagram i Youtube. Svoje pri\u010de, upite i fotografije \u0161aljite na na\u0161u e-mail adresu.\"}]}<\/script>\n<!-- \/ Yoast SEO plugin. -->","yoast_head_json":{"title":"Jedini u BiH: Gradska verinarska stanica Tuzla nabavila moderan CT aparat","robots":{"index":"index","follow":"follow","max-snippet":"max-snippet:-1","max-image-preview":"max-image-preview:large","max-video-preview":"max-video-preview:-1"},"canonical":"https:\/\/tuzlainfo.ba\/index.php\/novosti\/item\/165429-jedini-u-bih-gradska-verinarska-stanica-tuzla-nabavila-moderan-ct-aparat\/","og_locale":"bs_BA","og_type":"article","og_title":"Jedini u BiH: Gradska verinarska stanica Tuzla nabavila moderan CT aparat","og_description":"Javno preduze\u0107e Gradska veterinarska stanica Tuzla je nabavila CT aparat koji \u0107e kvalitetno slu\u017eiti u dijagnostici samog otkrivanja bolesti, \u0161to ih \u010dini jedinom veterinarskom stanicom u Bosni i Hercegovini koja ima i tu opremu za dalji rad. Prvi u BiH imaju i Centar za smje\u0161taj, njegu i humano udomljavanje napu\u0161tenih pasa, koje se tu pripremaju [&hellip;]","og_url":"https:\/\/tuzlainfo.ba\/index.php\/novosti\/item\/165429-jedini-u-bih-gradska-verinarska-stanica-tuzla-nabavila-moderan-ct-aparat\/","og_site_name":"TuzlaInfo.ba","article_publisher":"https:\/\/www.facebook.com\/tuzlainfo.ba\/","article_published_time":"2022-03-02T19:59:13+00:00","og_image":[{"width":1000,"height":558,"url":"https:\/\/tuzlainfo.ba\/wp-content\/uploads\/2022\/03\/0203_veterninar.jpg","type":"image\/jpeg"}],"author":"nedim","twitter_card":"summary_large_image","twitter_misc":{"Written by":"nedim","Est. reading time":"1 minuta"},"schema":{"@context":"https:\/\/schema.org","@graph":[{"@type":"Article","@id":"https:\/\/tuzlainfo.ba\/index.php\/novosti\/item\/165429-jedini-u-bih-gradska-verinarska-stanica-tuzla-nabavila-moderan-ct-aparat\/#article","isPartOf":{"@id":"https:\/\/tuzlainfo.ba\/index.php\/novosti\/item\/165429-jedini-u-bih-gradska-verinarska-stanica-tuzla-nabavila-moderan-ct-aparat\/"},"author":{"name":"nedim","@id":"https:\/\/tuzlainfo.ba\/#\/schema\/person\/f434e20dc27ea133923aab08451b7f7f"},"headline":"Jedini u BiH: Gradska verinarska stanica Tuzla nabavila moderan CT aparat","datePublished":"2022-03-02T19:59:13+00:00","mainEntityOfPage":{"@id":"https:\/\/tuzlainfo.ba\/index.php\/novosti\/item\/165429-jedini-u-bih-gradska-verinarska-stanica-tuzla-nabavila-moderan-ct-aparat\/"},"wordCount":216,"commentCount":0,"publisher":{"@id":"https:\/\/tuzlainfo.ba\/#organization"},"image":{"@id":"https:\/\/tuzlainfo.ba\/index.php\/novosti\/item\/165429-jedini-u-bih-gradska-verinarska-stanica-tuzla-nabavila-moderan-ct-aparat\/#primaryimage"},"thumbnailUrl":"https:\/\/tuzlainfo.ba\/wp-content\/uploads\/2022\/03\/0203_veterninar.jpg","keywords":["Veterinarska stanica Tuzla"],"articleSection":["Istaknuto","Novosti"],"inLanguage":"bs-BA","copyrightYear":"2022","copyrightHolder":{"@id":"https:\/\/tuzlainfo.ba\/#organization"}},{"@type":"WebPage","@id":"https:\/\/tuzlainfo.ba\/index.php\/novosti\/item\/165429-jedini-u-bih-gradska-verinarska-stanica-tuzla-nabavila-moderan-ct-aparat\/","url":"https:\/\/tuzlainfo.ba\/index.php\/novosti\/item\/165429-jedini-u-bih-gradska-verinarska-stanica-tuzla-nabavila-moderan-ct-aparat\/","name":"Jedini u BiH: Gradska verinarska stanica Tuzla nabavila moderan CT aparat","isPartOf":{"@id":"https:\/\/tuzlainfo.ba\/#website"},"primaryImageOfPage":{"@id":"https:\/\/tuzlainfo.ba\/index.php\/novosti\/item\/165429-jedini-u-bih-gradska-verinarska-stanica-tuzla-nabavila-moderan-ct-aparat\/#primaryimage"},"image":{"@id":"https:\/\/tuzlainfo.ba\/index.php\/novosti\/item\/165429-jedini-u-bih-gradska-verinarska-stanica-tuzla-nabavila-moderan-ct-aparat\/#primaryimage"},"thumbnailUrl":"https:\/\/tuzlainfo.ba\/wp-content\/uploads\/2022\/03\/0203_veterninar.jpg","datePublished":"2022-03-02T19:59:13+00:00","breadcrumb":{"@id":"https:\/\/tuzlainfo.ba\/index.php\/novosti\/item\/165429-jedini-u-bih-gradska-verinarska-stanica-tuzla-nabavila-moderan-ct-aparat\/#breadcrumb"},"inLanguage":"bs-BA","potentialAction":[{"@type":"ReadAction","target":["https:\/\/tuzlainfo.ba\/index.php\/novosti\/item\/165429-jedini-u-bih-gradska-verinarska-stanica-tuzla-nabavila-moderan-ct-aparat\/"]}]},{"@type":"ImageObject","inLanguage":"bs-BA","@id":"https:\/\/tuzlainfo.ba\/index.php\/novosti\/item\/165429-jedini-u-bih-gradska-verinarska-stanica-tuzla-nabavila-moderan-ct-aparat\/#primaryimage","url":"https:\/\/tuzlainfo.ba\/wp-content\/uploads\/2022\/03\/0203_veterninar.jpg","contentUrl":"https:\/\/tuzlainfo.ba\/wp-content\/uploads\/2022\/03\/0203_veterninar.jpg","width":1000,"height":558},{"@type":"BreadcrumbList","@id":"https:\/\/tuzlainfo.ba\/index.php\/novosti\/item\/165429-jedini-u-bih-gradska-verinarska-stanica-tuzla-nabavila-moderan-ct-aparat\/#breadcrumb","itemListElement":[{"@type":"ListItem","position":1,"name":"Home","item":"https:\/\/tuzlainfo.ba\/"},{"@type":"ListItem","position":2,"name":"Jedini u BiH: Gradska verinarska stanica Tuzla nabavila moderan CT aparat"}]},{"@type":"WebSite","@id":"https:\/\/tuzlainfo.ba\/#website","url":"https:\/\/tuzlainfo.ba\/","name":"TuzlaInfo.ba","description":"Tuzla info, gradski informator - Tuzla na dlanu","publisher":{"@id":"https:\/\/tuzlainfo.ba\/#organization"},"potentialAction":[{"@type":"SearchAction","target":{"@type":"EntryPoint","urlTemplate":"https:\/\/tuzlainfo.ba\/?s={search_term_string}"},"query-input":{"@type":"PropertyValueSpecification","valueRequired":true,"valueName":"search_term_string"}}],"inLanguage":"bs-BA"},{"@type":"Organization","@id":"https:\/\/tuzlainfo.ba\/#organization","name":"TuzlaInfo.ba","url":"https:\/\/tuzlainfo.ba\/","logo":{"@type":"ImageObject","inLanguage":"bs-BA","@id":"https:\/\/tuzlainfo.ba\/#\/schema\/logo\/image\/","url":"https:\/\/tuzlainfo.ba\/wp-content\/uploads\/2021\/03\/logo-ver-3-1.png","contentUrl":"https:\/\/tuzlainfo.ba\/wp-content\/uploads\/2021\/03\/logo-ver-3-1.png","width":350,"height":95,"caption":"TuzlaInfo.ba"},"image":{"@id":"https:\/\/tuzlainfo.ba\/#\/schema\/logo\/image\/"},"sameAs":["https:\/\/www.facebook.com\/tuzlainfo.ba\/"]},{"@type":"Person","@id":"https:\/\/tuzlainfo.ba\/#\/schema\/person\/f434e20dc27ea133923aab08451b7f7f","name":"nedim","image":{"@type":"ImageObject","inLanguage":"bs-BA","@id":"https:\/\/secure.gravatar.com\/avatar\/5b928a2e7e70a54208d2eb6c1edcb75a5350d6ae97d5f0a701203d456823f6f3?s=96&d=mm&r=g","url":"https:\/\/secure.gravatar.com\/avatar\/5b928a2e7e70a54208d2eb6c1edcb75a5350d6ae97d5f0a701203d456823f6f3?s=96&d=mm&r=g","contentUrl":"https:\/\/secure.gravatar.com\/avatar\/5b928a2e7e70a54208d2eb6c1edcb75a5350d6ae97d5f0a701203d456823f6f3?s=96&d=mm&r=g","caption":"nedim"},"description":"Tuzlainfo.ba pratite na dru\u0161tvenim mre\u017eama: Facebook, Instagram i Youtube. Svoje pri\u010de, upite i fotografije \u0161aljite na na\u0161u e-mail adresu."}]}},"_links":{"self":[{"href":"https:\/\/tuzlainfo.ba\/index.php\/wp-json\/wp\/v2\/posts\/165429","targetHints":{"allow":["GET"]}}],"collection":[{"href":"https:\/\/tuzlainfo.ba\/index.php\/wp-json\/wp\/v2\/posts"}],"about":[{"href":"https:\/\/tuzlainfo.ba\/index.php\/wp-json\/wp\/v2\/types\/post"}],"author":[{"embeddable":true,"href":"https:\/\/tuzlainfo.ba\/index.php\/wp-json\/wp\/v2\/users\/2"}],"replies":[{"embeddable":true,"href":"https:\/\/tuzlainfo.ba\/index.php\/wp-json\/wp\/v2\/comments?post=165429"}],"version-history":[{"count":0,"href":"https:\/\/tuzlainfo.ba\/index.php\/wp-json\/wp\/v2\/posts\/165429\/revisions"}],"wp:featuredmedia":[{"embeddable":true,"href":"https:\/\/tuzlainfo.ba\/index.php\/wp-json\/wp\/v2\/media\/165430"}],"wp:attachment":[{"href":"https:\/\/tuzlainfo.ba\/index.php\/wp-json\/wp\/v2\/media?parent=165429"}],"wp:term":[{"taxonomy":"category","embeddable":true,"href":"https:\/\/tuzlainfo.ba\/index.php\/wp-json\/wp\/v2\/categories?post=165429"},{"taxonomy":"post_tag","embeddable":true,"href":"https:\/\/tuzlainfo.ba\/index.php\/wp-json\/wp\/v2\/tags?post=165429"}],"curies":[{"name":"wp","href":"https:\/\/api.w.org\/{rel}","templated":true}]}}