{"id":165369,"date":"2022-03-02T08:27:40","date_gmt":"2022-03-02T07:27:40","guid":{"rendered":"https:\/\/tuzlainfo.ba\/?p=165369"},"modified":"2022-03-02T08:27:40","modified_gmt":"2022-03-02T07:27:40","slug":"biden-ruskim-avionima-zabranjen-ulazak-u-zracni-prostor-sad-a-putin-ne-zna-sta-ga-ceka","status":"publish","type":"post","link":"https:\/\/tuzlainfo.ba\/index.php\/clanci\/sa-svih-strana\/item\/165369-biden-ruskim-avionima-zabranjen-ulazak-u-zracni-prostor-sad-a-putin-ne-zna-sta-ga-ceka\/","title":{"rendered":"Biden: Ruskim avionima zabranjen ulazak u zra\u010dni prostor SAD-a, Putin ne zna \u0161ta ga \u010deka"},"content":{"rendered":"<div id=\"excerpt\" class=\"mt-5 md:mt-2 xl:mt-3 mb-5 font-sans font-semibold text-lg lg:text-xl leading-6 md:leading-7\">\n<p class=\"lead\">Predsjednik Sjedinjenih Ameri\u010dkih Dr\u017eava Joe Biden se sino\u0107 obratio na zajedni\u010dkoj sjednici Kongresa, prilikom \u010dega je obe\u0107ao &#8220;nepokolebljivu odlu\u010dnost da \u0107e sloboda uvijek trijumfirati nad tiranijom&#8221;.<\/p>\n<\/div>\n<div class=\"bg-gray-100\">\n<div id=\"ads_intext\" class=\"mx-auto my-2 text-center\" data-google-query-id=\"CLar6ZHzpvYCFZG4ewod7E8CAA\">\n<p>Biden se prvi put Kongresu obratio po pitanju NATO-a i vojnih intervencija u Evropi.<\/p>\n<p>On je rekao da \u0107e kazniti Vladimira Putina za invaziju na Ukrajinu, a u sklopu toga je najavio da \u0107e SAD zatvoriti svoj zra\u010dni prostor za ruske avione. Sli\u010dne odluke su donijele i zemlje Evropske unije i Kanade, me\u0111utim Biden je tada odbio da izbaci Rusiju iz zra\u010dnog prostora SAD-a.<\/p>\n<p>Da bi kaznio Rusiju za invaziju, osim zabrane letenja ameri\u010dkim nebom, Biden je obe\u0107ao i da \u0107e se obra\u010dunati s ruskim oligarsima. Biden je rekao da ameri\u010dko ministarstvo pravosu\u0111a okuplja posebnu radnu skupinu koja \u0107e istra\u017eiti &#8220;zlo\u010dine ruskih oligarha&#8221;.<\/p>\n<p>&#8220;Pridru\u017eujemo se na\u0161im evropskim saveznicima kako bismo prona\u0161li i zaplijenili njihove jahte, njihove luksuzne stanove, njihove privatne avione. Dolazimo po njihove lo\u0161e steknute dobitke&#8221;, rekao je.<\/p>\n<p>U svom jednosatnom obra\u0107anju zastupnicima, demokratski predsjednik je rekao: &#8220;Putinov je rat bio s predumi\u0161ljajem i ni\u010dim izazvan. On je odbacio ponovljene napore u diplomatiji. Mislio je da Zapad i NATO ne\u0107e odgovoriti. I mislio je da bi nas mogao podijeliti ovdje kod ku\u0107e&#8221;.<\/p>\n<p>Dodao je i kako Putin ne zna \u0161ta ga o\u010dekuje te da su Sjedinjene Ameri\u010dke Dr\u017eave odlu\u010dne uzvratiti zbog napada na suverenu evropsku dr\u017eavu.<\/p>\n<\/div>\n<\/div>\n","protected":false},"excerpt":{"rendered":"<p>Predsjednik Sjedinjenih Ameri\u010dkih Dr\u017eava Joe Biden se sino\u0107 obratio na zajedni\u010dkoj sjednici Kongresa, prilikom \u010dega&hellip;<\/p>\n","protected":false},"author":4,"featured_media":139286,"comment_status":"open","ping_status":"closed","sticky":false,"template":"","format":"standard","meta":{"_acf_changed":false,"footnotes":""},"categories":[16],"tags":[1533,3496],"acf":[],"yoast_head":"<!-- This site is optimized with the Yoast SEO plugin v23.5 - https:\/\/yoast.com\/wordpress\/plugins\/seo\/ -->\n<title>Biden: Ruskim avionima zabranjen ulazak u zra\u010dni prostor SAD-a, Putin ne zna \u0161ta ga \u010deka - TuzlaInfo.ba<\/title>\n<meta name=\"robots\" content=\"index, follow, max-snippet:-1, max-image-preview:large, max-video-preview:-1\" \/>\n<link rel=\"canonical\" href=\"https:\/\/tuzlainfo.ba\/index.php\/clanci\/sa-svih-strana\/item\/165369-biden-ruskim-avionima-zabranjen-ulazak-u-zracni-prostor-sad-a-putin-ne-zna-sta-ga-ceka\/\" \/>\n<meta property=\"og:locale\" content=\"bs_BA\" \/>\n<meta property=\"og:type\" content=\"article\" \/>\n<meta property=\"og:title\" content=\"Biden: Ruskim avionima zabranjen ulazak u zra\u010dni prostor SAD-a, Putin ne zna \u0161ta ga \u010deka - TuzlaInfo.ba\" \/>\n<meta property=\"og:description\" content=\"Predsjednik Sjedinjenih Ameri\u010dkih Dr\u017eava Joe Biden se sino\u0107 obratio na zajedni\u010dkoj sjednici Kongresa, prilikom \u010dega&hellip;\" \/>\n<meta property=\"og:url\" content=\"https:\/\/tuzlainfo.ba\/index.php\/clanci\/sa-svih-strana\/item\/165369-biden-ruskim-avionima-zabranjen-ulazak-u-zracni-prostor-sad-a-putin-ne-zna-sta-ga-ceka\/\" \/>\n<meta property=\"og:site_name\" content=\"TuzlaInfo.ba\" \/>\n<meta property=\"article:publisher\" content=\"https:\/\/www.facebook.com\/tuzlainfo.ba\/\" \/>\n<meta property=\"article:published_time\" content=\"2022-03-02T07:27:40+00:00\" \/>\n<meta property=\"og:image\" content=\"https:\/\/tuzlainfo.ba\/wp-content\/uploads\/2021\/06\/1006_joe_biden.jpg\" \/>\n\t<meta property=\"og:image:width\" content=\"1229\" \/>\n\t<meta property=\"og:image:height\" content=\"881\" \/>\n\t<meta property=\"og:image:type\" content=\"image\/jpeg\" \/>\n<meta name=\"author\" content=\"Tuzla Info\" \/>\n<meta name=\"twitter:card\" content=\"summary_large_image\" \/>\n<meta name=\"twitter:label1\" content=\"Written by\" \/>\n\t<meta name=\"twitter:data1\" content=\"Tuzla Info\" \/>\n\t<meta name=\"twitter:label2\" content=\"Est. reading time\" \/>\n\t<meta name=\"twitter:data2\" content=\"1 minuta\" \/>\n<script type=\"application\/ld+json\" class=\"yoast-schema-graph\">{\"@context\":\"https:\/\/schema.org\",\"@graph\":[{\"@type\":\"Article\",\"@id\":\"https:\/\/tuzlainfo.ba\/index.php\/clanci\/sa-svih-strana\/item\/165369-biden-ruskim-avionima-zabranjen-ulazak-u-zracni-prostor-sad-a-putin-ne-zna-sta-ga-ceka\/#article\",\"isPartOf\":{\"@id\":\"https:\/\/tuzlainfo.ba\/index.php\/clanci\/sa-svih-strana\/item\/165369-biden-ruskim-avionima-zabranjen-ulazak-u-zracni-prostor-sad-a-putin-ne-zna-sta-ga-ceka\/\"},\"author\":{\"name\":\"Tuzla Info\",\"@id\":\"https:\/\/tuzlainfo.ba\/#\/schema\/person\/46cad4c57790cbc50781edd14870825a\"},\"headline\":\"Biden: Ruskim avionima zabranjen ulazak u zra\u010dni prostor SAD-a, Putin ne zna \u0161ta ga \u010deka\",\"datePublished\":\"2022-03-02T07:27:40+00:00\",\"dateModified\":\"2022-03-02T07:27:40+00:00\",\"mainEntityOfPage\":{\"@id\":\"https:\/\/tuzlainfo.ba\/index.php\/clanci\/sa-svih-strana\/item\/165369-biden-ruskim-avionima-zabranjen-ulazak-u-zracni-prostor-sad-a-putin-ne-zna-sta-ga-ceka\/\"},\"wordCount\":269,\"commentCount\":0,\"publisher\":{\"@id\":\"https:\/\/tuzlainfo.ba\/#organization\"},\"image\":{\"@id\":\"https:\/\/tuzlainfo.ba\/index.php\/clanci\/sa-svih-strana\/item\/165369-biden-ruskim-avionima-zabranjen-ulazak-u-zracni-prostor-sad-a-putin-ne-zna-sta-ga-ceka\/#primaryimage\"},\"thumbnailUrl\":\"https:\/\/tuzlainfo.ba\/wp-content\/uploads\/2021\/06\/1006_joe_biden.jpg\",\"keywords\":[\"joe biden\",\"Vladimir Putin\"],\"articleSection\":[\"Sa svih strana\"],\"inLanguage\":\"bs-BA\"},{\"@type\":\"WebPage\",\"@id\":\"https:\/\/tuzlainfo.ba\/index.php\/clanci\/sa-svih-strana\/item\/165369-biden-ruskim-avionima-zabranjen-ulazak-u-zracni-prostor-sad-a-putin-ne-zna-sta-ga-ceka\/\",\"url\":\"https:\/\/tuzlainfo.ba\/index.php\/clanci\/sa-svih-strana\/item\/165369-biden-ruskim-avionima-zabranjen-ulazak-u-zracni-prostor-sad-a-putin-ne-zna-sta-ga-ceka\/\",\"name\":\"Biden: Ruskim avionima zabranjen ulazak u zra\u010dni prostor SAD-a, Putin ne zna \u0161ta ga \u010deka - TuzlaInfo.ba\",\"isPartOf\":{\"@id\":\"https:\/\/tuzlainfo.ba\/#website\"},\"primaryImageOfPage\":{\"@id\":\"https:\/\/tuzlainfo.ba\/index.php\/clanci\/sa-svih-strana\/item\/165369-biden-ruskim-avionima-zabranjen-ulazak-u-zracni-prostor-sad-a-putin-ne-zna-sta-ga-ceka\/#primaryimage\"},\"image\":{\"@id\":\"https:\/\/tuzlainfo.ba\/index.php\/clanci\/sa-svih-strana\/item\/165369-biden-ruskim-avionima-zabranjen-ulazak-u-zracni-prostor-sad-a-putin-ne-zna-sta-ga-ceka\/#primaryimage\"},\"thumbnailUrl\":\"https:\/\/tuzlainfo.ba\/wp-content\/uploads\/2021\/06\/1006_joe_biden.jpg\",\"datePublished\":\"2022-03-02T07:27:40+00:00\",\"dateModified\":\"2022-03-02T07:27:40+00:00\",\"breadcrumb\":{\"@id\":\"https:\/\/tuzlainfo.ba\/index.php\/clanci\/sa-svih-strana\/item\/165369-biden-ruskim-avionima-zabranjen-ulazak-u-zracni-prostor-sad-a-putin-ne-zna-sta-ga-ceka\/#breadcrumb\"},\"inLanguage\":\"bs-BA\",\"potentialAction\":[{\"@type\":\"ReadAction\",\"target\":[\"https:\/\/tuzlainfo.ba\/index.php\/clanci\/sa-svih-strana\/item\/165369-biden-ruskim-avionima-zabranjen-ulazak-u-zracni-prostor-sad-a-putin-ne-zna-sta-ga-ceka\/\"]}]},{\"@type\":\"ImageObject\",\"inLanguage\":\"bs-BA\",\"@id\":\"https:\/\/tuzlainfo.ba\/index.php\/clanci\/sa-svih-strana\/item\/165369-biden-ruskim-avionima-zabranjen-ulazak-u-zracni-prostor-sad-a-putin-ne-zna-sta-ga-ceka\/#primaryimage\",\"url\":\"https:\/\/tuzlainfo.ba\/wp-content\/uploads\/2021\/06\/1006_joe_biden.jpg\",\"contentUrl\":\"https:\/\/tuzlainfo.ba\/wp-content\/uploads\/2021\/06\/1006_joe_biden.jpg\",\"width\":1229,\"height\":881},{\"@type\":\"BreadcrumbList\",\"@id\":\"https:\/\/tuzlainfo.ba\/index.php\/clanci\/sa-svih-strana\/item\/165369-biden-ruskim-avionima-zabranjen-ulazak-u-zracni-prostor-sad-a-putin-ne-zna-sta-ga-ceka\/#breadcrumb\",\"itemListElement\":[{\"@type\":\"ListItem\",\"position\":1,\"name\":\"Home\",\"item\":\"https:\/\/tuzlainfo.ba\/\"},{\"@type\":\"ListItem\",\"position\":2,\"name\":\"Biden: Ruskim avionima zabranjen ulazak u zra\u010dni prostor SAD-a, Putin ne zna \u0161ta ga \u010deka\"}]},{\"@type\":\"WebSite\",\"@id\":\"https:\/\/tuzlainfo.ba\/#website\",\"url\":\"https:\/\/tuzlainfo.ba\/\",\"name\":\"TuzlaInfo.ba\",\"description\":\"Tuzla info, gradski informator - Tuzla na dlanu\",\"publisher\":{\"@id\":\"https:\/\/tuzlainfo.ba\/#organization\"},\"potentialAction\":[{\"@type\":\"SearchAction\",\"target\":{\"@type\":\"EntryPoint\",\"urlTemplate\":\"https:\/\/tuzlainfo.ba\/?s={search_term_string}\"},\"query-input\":{\"@type\":\"PropertyValueSpecification\",\"valueRequired\":true,\"valueName\":\"search_term_string\"}}],\"inLanguage\":\"bs-BA\"},{\"@type\":\"Organization\",\"@id\":\"https:\/\/tuzlainfo.ba\/#organization\",\"name\":\"TuzlaInfo.ba\",\"url\":\"https:\/\/tuzlainfo.ba\/\",\"logo\":{\"@type\":\"ImageObject\",\"inLanguage\":\"bs-BA\",\"@id\":\"https:\/\/tuzlainfo.ba\/#\/schema\/logo\/image\/\",\"url\":\"https:\/\/tuzlainfo.ba\/wp-content\/uploads\/2021\/03\/logo-ver-3-1.png\",\"contentUrl\":\"https:\/\/tuzlainfo.ba\/wp-content\/uploads\/2021\/03\/logo-ver-3-1.png\",\"width\":350,\"height\":95,\"caption\":\"TuzlaInfo.ba\"},\"image\":{\"@id\":\"https:\/\/tuzlainfo.ba\/#\/schema\/logo\/image\/\"},\"sameAs\":[\"https:\/\/www.facebook.com\/tuzlainfo.ba\/\"]},{\"@type\":\"Person\",\"@id\":\"https:\/\/tuzlainfo.ba\/#\/schema\/person\/46cad4c57790cbc50781edd14870825a\",\"name\":\"Tuzla Info\",\"image\":{\"@type\":\"ImageObject\",\"inLanguage\":\"bs-BA\",\"@id\":\"https:\/\/tuzlainfo.ba\/#\/schema\/person\/image\/\",\"url\":\"https:\/\/tuzlainfo.ba\/wp-content\/litespeed\/avatar\/b6c453a6c38e3654f2e4416c643fc25c.jpg?ver=1777051911\",\"contentUrl\":\"https:\/\/tuzlainfo.ba\/wp-content\/litespeed\/avatar\/b6c453a6c38e3654f2e4416c643fc25c.jpg?ver=1777051911\",\"caption\":\"Tuzla Info\"}}]}<\/script>\n<!-- \/ Yoast SEO plugin. -->","yoast_head_json":{"title":"Biden: Ruskim avionima zabranjen ulazak u zra\u010dni prostor SAD-a, Putin ne zna \u0161ta ga \u010deka - TuzlaInfo.ba","robots":{"index":"index","follow":"follow","max-snippet":"max-snippet:-1","max-image-preview":"max-image-preview:large","max-video-preview":"max-video-preview:-1"},"canonical":"https:\/\/tuzlainfo.ba\/index.php\/clanci\/sa-svih-strana\/item\/165369-biden-ruskim-avionima-zabranjen-ulazak-u-zracni-prostor-sad-a-putin-ne-zna-sta-ga-ceka\/","og_locale":"bs_BA","og_type":"article","og_title":"Biden: Ruskim avionima zabranjen ulazak u zra\u010dni prostor SAD-a, Putin ne zna \u0161ta ga \u010deka - TuzlaInfo.ba","og_description":"Predsjednik Sjedinjenih Ameri\u010dkih Dr\u017eava Joe Biden se sino\u0107 obratio na zajedni\u010dkoj sjednici Kongresa, prilikom \u010dega&hellip;","og_url":"https:\/\/tuzlainfo.ba\/index.php\/clanci\/sa-svih-strana\/item\/165369-biden-ruskim-avionima-zabranjen-ulazak-u-zracni-prostor-sad-a-putin-ne-zna-sta-ga-ceka\/","og_site_name":"TuzlaInfo.ba","article_publisher":"https:\/\/www.facebook.com\/tuzlainfo.ba\/","article_published_time":"2022-03-02T07:27:40+00:00","og_image":[{"width":1229,"height":881,"url":"https:\/\/tuzlainfo.ba\/wp-content\/uploads\/2021\/06\/1006_joe_biden.jpg","type":"image\/jpeg"}],"author":"Tuzla Info","twitter_card":"summary_large_image","twitter_misc":{"Written by":"Tuzla Info","Est. reading time":"1 minuta"},"schema":{"@context":"https:\/\/schema.org","@graph":[{"@type":"Article","@id":"https:\/\/tuzlainfo.ba\/index.php\/clanci\/sa-svih-strana\/item\/165369-biden-ruskim-avionima-zabranjen-ulazak-u-zracni-prostor-sad-a-putin-ne-zna-sta-ga-ceka\/#article","isPartOf":{"@id":"https:\/\/tuzlainfo.ba\/index.php\/clanci\/sa-svih-strana\/item\/165369-biden-ruskim-avionima-zabranjen-ulazak-u-zracni-prostor-sad-a-putin-ne-zna-sta-ga-ceka\/"},"author":{"name":"Tuzla Info","@id":"https:\/\/tuzlainfo.ba\/#\/schema\/person\/46cad4c57790cbc50781edd14870825a"},"headline":"Biden: Ruskim avionima zabranjen ulazak u zra\u010dni prostor SAD-a, Putin ne zna \u0161ta ga \u010deka","datePublished":"2022-03-02T07:27:40+00:00","dateModified":"2022-03-02T07:27:40+00:00","mainEntityOfPage":{"@id":"https:\/\/tuzlainfo.ba\/index.php\/clanci\/sa-svih-strana\/item\/165369-biden-ruskim-avionima-zabranjen-ulazak-u-zracni-prostor-sad-a-putin-ne-zna-sta-ga-ceka\/"},"wordCount":269,"commentCount":0,"publisher":{"@id":"https:\/\/tuzlainfo.ba\/#organization"},"image":{"@id":"https:\/\/tuzlainfo.ba\/index.php\/clanci\/sa-svih-strana\/item\/165369-biden-ruskim-avionima-zabranjen-ulazak-u-zracni-prostor-sad-a-putin-ne-zna-sta-ga-ceka\/#primaryimage"},"thumbnailUrl":"https:\/\/tuzlainfo.ba\/wp-content\/uploads\/2021\/06\/1006_joe_biden.jpg","keywords":["joe biden","Vladimir Putin"],"articleSection":["Sa svih strana"],"inLanguage":"bs-BA"},{"@type":"WebPage","@id":"https:\/\/tuzlainfo.ba\/index.php\/clanci\/sa-svih-strana\/item\/165369-biden-ruskim-avionima-zabranjen-ulazak-u-zracni-prostor-sad-a-putin-ne-zna-sta-ga-ceka\/","url":"https:\/\/tuzlainfo.ba\/index.php\/clanci\/sa-svih-strana\/item\/165369-biden-ruskim-avionima-zabranjen-ulazak-u-zracni-prostor-sad-a-putin-ne-zna-sta-ga-ceka\/","name":"Biden: Ruskim avionima zabranjen ulazak u zra\u010dni prostor SAD-a, Putin ne zna \u0161ta ga \u010deka - TuzlaInfo.ba","isPartOf":{"@id":"https:\/\/tuzlainfo.ba\/#website"},"primaryImageOfPage":{"@id":"https:\/\/tuzlainfo.ba\/index.php\/clanci\/sa-svih-strana\/item\/165369-biden-ruskim-avionima-zabranjen-ulazak-u-zracni-prostor-sad-a-putin-ne-zna-sta-ga-ceka\/#primaryimage"},"image":{"@id":"https:\/\/tuzlainfo.ba\/index.php\/clanci\/sa-svih-strana\/item\/165369-biden-ruskim-avionima-zabranjen-ulazak-u-zracni-prostor-sad-a-putin-ne-zna-sta-ga-ceka\/#primaryimage"},"thumbnailUrl":"https:\/\/tuzlainfo.ba\/wp-content\/uploads\/2021\/06\/1006_joe_biden.jpg","datePublished":"2022-03-02T07:27:40+00:00","dateModified":"2022-03-02T07:27:40+00:00","breadcrumb":{"@id":"https:\/\/tuzlainfo.ba\/index.php\/clanci\/sa-svih-strana\/item\/165369-biden-ruskim-avionima-zabranjen-ulazak-u-zracni-prostor-sad-a-putin-ne-zna-sta-ga-ceka\/#breadcrumb"},"inLanguage":"bs-BA","potentialAction":[{"@type":"ReadAction","target":["https:\/\/tuzlainfo.ba\/index.php\/clanci\/sa-svih-strana\/item\/165369-biden-ruskim-avionima-zabranjen-ulazak-u-zracni-prostor-sad-a-putin-ne-zna-sta-ga-ceka\/"]}]},{"@type":"ImageObject","inLanguage":"bs-BA","@id":"https:\/\/tuzlainfo.ba\/index.php\/clanci\/sa-svih-strana\/item\/165369-biden-ruskim-avionima-zabranjen-ulazak-u-zracni-prostor-sad-a-putin-ne-zna-sta-ga-ceka\/#primaryimage","url":"https:\/\/tuzlainfo.ba\/wp-content\/uploads\/2021\/06\/1006_joe_biden.jpg","contentUrl":"https:\/\/tuzlainfo.ba\/wp-content\/uploads\/2021\/06\/1006_joe_biden.jpg","width":1229,"height":881},{"@type":"BreadcrumbList","@id":"https:\/\/tuzlainfo.ba\/index.php\/clanci\/sa-svih-strana\/item\/165369-biden-ruskim-avionima-zabranjen-ulazak-u-zracni-prostor-sad-a-putin-ne-zna-sta-ga-ceka\/#breadcrumb","itemListElement":[{"@type":"ListItem","position":1,"name":"Home","item":"https:\/\/tuzlainfo.ba\/"},{"@type":"ListItem","position":2,"name":"Biden: Ruskim avionima zabranjen ulazak u zra\u010dni prostor SAD-a, Putin ne zna \u0161ta ga \u010deka"}]},{"@type":"WebSite","@id":"https:\/\/tuzlainfo.ba\/#website","url":"https:\/\/tuzlainfo.ba\/","name":"TuzlaInfo.ba","description":"Tuzla info, gradski informator - Tuzla na dlanu","publisher":{"@id":"https:\/\/tuzlainfo.ba\/#organization"},"potentialAction":[{"@type":"SearchAction","target":{"@type":"EntryPoint","urlTemplate":"https:\/\/tuzlainfo.ba\/?s={search_term_string}"},"query-input":{"@type":"PropertyValueSpecification","valueRequired":true,"valueName":"search_term_string"}}],"inLanguage":"bs-BA"},{"@type":"Organization","@id":"https:\/\/tuzlainfo.ba\/#organization","name":"TuzlaInfo.ba","url":"https:\/\/tuzlainfo.ba\/","logo":{"@type":"ImageObject","inLanguage":"bs-BA","@id":"https:\/\/tuzlainfo.ba\/#\/schema\/logo\/image\/","url":"https:\/\/tuzlainfo.ba\/wp-content\/uploads\/2021\/03\/logo-ver-3-1.png","contentUrl":"https:\/\/tuzlainfo.ba\/wp-content\/uploads\/2021\/03\/logo-ver-3-1.png","width":350,"height":95,"caption":"TuzlaInfo.ba"},"image":{"@id":"https:\/\/tuzlainfo.ba\/#\/schema\/logo\/image\/"},"sameAs":["https:\/\/www.facebook.com\/tuzlainfo.ba\/"]},{"@type":"Person","@id":"https:\/\/tuzlainfo.ba\/#\/schema\/person\/46cad4c57790cbc50781edd14870825a","name":"Tuzla Info","image":{"@type":"ImageObject","inLanguage":"bs-BA","@id":"https:\/\/tuzlainfo.ba\/#\/schema\/person\/image\/","url":"https:\/\/tuzlainfo.ba\/wp-content\/litespeed\/avatar\/b6c453a6c38e3654f2e4416c643fc25c.jpg?ver=1777051911","contentUrl":"https:\/\/tuzlainfo.ba\/wp-content\/litespeed\/avatar\/b6c453a6c38e3654f2e4416c643fc25c.jpg?ver=1777051911","caption":"Tuzla Info"}}]}},"_links":{"self":[{"href":"https:\/\/tuzlainfo.ba\/index.php\/wp-json\/wp\/v2\/posts\/165369"}],"collection":[{"href":"https:\/\/tuzlainfo.ba\/index.php\/wp-json\/wp\/v2\/posts"}],"about":[{"href":"https:\/\/tuzlainfo.ba\/index.php\/wp-json\/wp\/v2\/types\/post"}],"author":[{"embeddable":true,"href":"https:\/\/tuzlainfo.ba\/index.php\/wp-json\/wp\/v2\/users\/4"}],"replies":[{"embeddable":true,"href":"https:\/\/tuzlainfo.ba\/index.php\/wp-json\/wp\/v2\/comments?post=165369"}],"version-history":[{"count":0,"href":"https:\/\/tuzlainfo.ba\/index.php\/wp-json\/wp\/v2\/posts\/165369\/revisions"}],"wp:featuredmedia":[{"embeddable":true,"href":"https:\/\/tuzlainfo.ba\/index.php\/wp-json\/wp\/v2\/media\/139286"}],"wp:attachment":[{"href":"https:\/\/tuzlainfo.ba\/index.php\/wp-json\/wp\/v2\/media?parent=165369"}],"wp:term":[{"taxonomy":"category","embeddable":true,"href":"https:\/\/tuzlainfo.ba\/index.php\/wp-json\/wp\/v2\/categories?post=165369"},{"taxonomy":"post_tag","embeddable":true,"href":"https:\/\/tuzlainfo.ba\/index.php\/wp-json\/wp\/v2\/tags?post=165369"}],"curies":[{"name":"wp","href":"https:\/\/api.w.org\/{rel}","templated":true}]}}