{"id":164965,"date":"2022-02-25T17:00:00","date_gmt":"2022-02-25T16:00:00","guid":{"rendered":"https:\/\/tuzlainfo.ba\/?p=164965"},"modified":"2022-02-25T15:08:21","modified_gmt":"2022-02-25T14:08:21","slug":"agencija-za-bankarstvo-fbih-o-statusu-sberbank-cekamo-misljenje-ambasade-sad-a","status":"publish","type":"post","link":"https:\/\/tuzlainfo.ba\/index.php\/bosna-i-hercegovina\/item\/164965-agencija-za-bankarstvo-fbih-o-statusu-sberbank-cekamo-misljenje-ambasade-sad-a\/","title":{"rendered":"Agencija za bankarstvo FBiH o statusu Sberbank: \u010cekamo mi\u0161ljenje Ambasade SAD-a"},"content":{"rendered":"<p>&#8211; Nema razloga za paniku me\u0111u gra\u0111anima. Sberbank BH je stabilna, kapitalizirana, registrovana u Bosni i Hercegovini. Radi po na\u0161im zakonima, vlasnik joj je Sberbank Austria &#8211; ka\u017ee za <a href=\"https:\/\/faktor.ba\/vijest\/agencija-za-bankarstvo-fbih-klijenti-mogu-podici-novac-iz-sberbank-cekamo-misljenje-ambasade-sad-a\/154911\">Faktor<\/a> Jasmin Mahmuzi\u0107, direktor Agencije za bankarstvo Federacije Bosne i Hercegovine.<\/p>\n<div id=\"player\">U Sarajevu su se danas stvorile gu\u017eve pred poslovnicama i bankomatima Sberbank BH jer su se gra\u0111ani upla\u0161ili da bi mogli ostati bez svog novca.<\/div>\n<div class=\"post-content post-content-holder\">\n<p>Naime, Sberbank, koji je u ve\u0107inskom vlasni\u0161tvu Rusije, na\u0161ao se pod sankcijama Sjedinjenih Ameri\u010dkih Dr\u017eava zbog agresije Moskve na Ukrajinu.<\/p>\n<p>&#8211; Razgovarali smo jutros sa \u010delnicima Sberbank BH i \u017eelim poru\u010diti gra\u0111anima da \u0107e svima njima koji \u017eele podi\u0107i ili povu\u0107i novac iz ove banke to biti omogu\u0107eno. To je njihovo pravo i niko im to ne mo\u017ee oduzeti. Koliko znamo, sankcije se odnose na pla\u0107anje u ameri\u010dkim dolarima, a ne u konvertibilnim markama ili eurima &#8211; istakao je Mahmuzi\u0107.<\/p>\n<p>Dodao je kako su poja\u0161njenje potra\u017eili u Ambasadi SAD-a u BiH.<\/p>\n<p>&#8211; Odgovorili su nam da oni \u010dekaju poja\u0161njenje iz Washingtona. Zasad moramo biti strpljivi &#8211; isti\u010de Mahmuzi\u0107.<\/p>\n<p>Iz Sberbank BH su u svom saop\u0107enju naveli da posluju uobi\u010dajeno, pru\u017eaju\u0107i sve proizvode i usluge svim svojim klijentima, pi\u0161e Faktor.<\/p>\n<\/div>\n","protected":false},"excerpt":{"rendered":"<p>&#8211; Nema razloga za paniku me\u0111u gra\u0111anima. Sberbank BH je stabilna, kapitalizirana, registrovana u Bosni&hellip;<\/p>\n","protected":false},"author":2,"featured_media":164967,"comment_status":"open","ping_status":"closed","sticky":false,"template":"","format":"standard","meta":{"_acf_changed":false,"footnotes":""},"categories":[291],"tags":[4233],"acf":[],"yoast_head":"<!-- This site is optimized with the Yoast SEO plugin v23.5 - https:\/\/yoast.com\/wordpress\/plugins\/seo\/ -->\n<title>Agencija za bankarstvo FBiH o statusu Sberbank: \u010cekamo mi\u0161ljenje Ambasade SAD-a - TuzlaInfo.ba<\/title>\n<meta name=\"robots\" content=\"index, follow, max-snippet:-1, max-image-preview:large, max-video-preview:-1\" \/>\n<link rel=\"canonical\" href=\"https:\/\/tuzlainfo.ba\/index.php\/bosna-i-hercegovina\/item\/164965-agencija-za-bankarstvo-fbih-o-statusu-sberbank-cekamo-misljenje-ambasade-sad-a\/\" \/>\n<meta property=\"og:locale\" content=\"bs_BA\" \/>\n<meta property=\"og:type\" content=\"article\" \/>\n<meta property=\"og:title\" content=\"Agencija za bankarstvo FBiH o statusu Sberbank: \u010cekamo mi\u0161ljenje Ambasade SAD-a - TuzlaInfo.ba\" \/>\n<meta property=\"og:description\" content=\"&#8211; Nema razloga za paniku me\u0111u gra\u0111anima. Sberbank BH je stabilna, kapitalizirana, registrovana u Bosni&hellip;\" \/>\n<meta property=\"og:url\" content=\"https:\/\/tuzlainfo.ba\/index.php\/bosna-i-hercegovina\/item\/164965-agencija-za-bankarstvo-fbih-o-statusu-sberbank-cekamo-misljenje-ambasade-sad-a\/\" \/>\n<meta property=\"og:site_name\" content=\"TuzlaInfo.ba\" \/>\n<meta property=\"article:publisher\" content=\"https:\/\/www.facebook.com\/tuzlainfo.ba\/\" \/>\n<meta property=\"article:published_time\" content=\"2022-02-25T16:00:00+00:00\" \/>\n<meta property=\"article:modified_time\" content=\"2022-02-25T14:08:21+00:00\" \/>\n<meta property=\"og:image\" content=\"https:\/\/tuzlainfo.ba\/wp-content\/uploads\/2022\/02\/2502_sberbank.jpg\" \/>\n\t<meta property=\"og:image:width\" content=\"1000\" \/>\n\t<meta property=\"og:image:height\" content=\"667\" \/>\n\t<meta property=\"og:image:type\" content=\"image\/jpeg\" \/>\n<meta name=\"author\" content=\"nedim\" \/>\n<meta name=\"twitter:card\" content=\"summary_large_image\" \/>\n<meta name=\"twitter:label1\" content=\"Written by\" \/>\n\t<meta name=\"twitter:data1\" content=\"nedim\" \/>\n\t<meta name=\"twitter:label2\" content=\"Est. reading time\" \/>\n\t<meta name=\"twitter:data2\" content=\"1 minuta\" \/>\n<script type=\"application\/ld+json\" class=\"yoast-schema-graph\">{\"@context\":\"https:\/\/schema.org\",\"@graph\":[{\"@type\":\"Article\",\"@id\":\"https:\/\/tuzlainfo.ba\/index.php\/bosna-i-hercegovina\/item\/164965-agencija-za-bankarstvo-fbih-o-statusu-sberbank-cekamo-misljenje-ambasade-sad-a\/#article\",\"isPartOf\":{\"@id\":\"https:\/\/tuzlainfo.ba\/index.php\/bosna-i-hercegovina\/item\/164965-agencija-za-bankarstvo-fbih-o-statusu-sberbank-cekamo-misljenje-ambasade-sad-a\/\"},\"author\":{\"name\":\"nedim\",\"@id\":\"https:\/\/tuzlainfo.ba\/#\/schema\/person\/f434e20dc27ea133923aab08451b7f7f\"},\"headline\":\"Agencija za bankarstvo FBiH o statusu Sberbank: \u010cekamo mi\u0161ljenje Ambasade SAD-a\",\"datePublished\":\"2022-02-25T16:00:00+00:00\",\"dateModified\":\"2022-02-25T14:08:21+00:00\",\"mainEntityOfPage\":{\"@id\":\"https:\/\/tuzlainfo.ba\/index.php\/bosna-i-hercegovina\/item\/164965-agencija-za-bankarstvo-fbih-o-statusu-sberbank-cekamo-misljenje-ambasade-sad-a\/\"},\"wordCount\":235,\"commentCount\":0,\"publisher\":{\"@id\":\"https:\/\/tuzlainfo.ba\/#organization\"},\"image\":{\"@id\":\"https:\/\/tuzlainfo.ba\/index.php\/bosna-i-hercegovina\/item\/164965-agencija-za-bankarstvo-fbih-o-statusu-sberbank-cekamo-misljenje-ambasade-sad-a\/#primaryimage\"},\"thumbnailUrl\":\"https:\/\/tuzlainfo.ba\/wp-content\/uploads\/2022\/02\/2502_sberbank.jpg\",\"keywords\":[\"sberbank\"],\"articleSection\":[\"Bosna i Hercegovina\"],\"inLanguage\":\"bs-BA\"},{\"@type\":\"WebPage\",\"@id\":\"https:\/\/tuzlainfo.ba\/index.php\/bosna-i-hercegovina\/item\/164965-agencija-za-bankarstvo-fbih-o-statusu-sberbank-cekamo-misljenje-ambasade-sad-a\/\",\"url\":\"https:\/\/tuzlainfo.ba\/index.php\/bosna-i-hercegovina\/item\/164965-agencija-za-bankarstvo-fbih-o-statusu-sberbank-cekamo-misljenje-ambasade-sad-a\/\",\"name\":\"Agencija za bankarstvo FBiH o statusu Sberbank: \u010cekamo mi\u0161ljenje Ambasade SAD-a - TuzlaInfo.ba\",\"isPartOf\":{\"@id\":\"https:\/\/tuzlainfo.ba\/#website\"},\"primaryImageOfPage\":{\"@id\":\"https:\/\/tuzlainfo.ba\/index.php\/bosna-i-hercegovina\/item\/164965-agencija-za-bankarstvo-fbih-o-statusu-sberbank-cekamo-misljenje-ambasade-sad-a\/#primaryimage\"},\"image\":{\"@id\":\"https:\/\/tuzlainfo.ba\/index.php\/bosna-i-hercegovina\/item\/164965-agencija-za-bankarstvo-fbih-o-statusu-sberbank-cekamo-misljenje-ambasade-sad-a\/#primaryimage\"},\"thumbnailUrl\":\"https:\/\/tuzlainfo.ba\/wp-content\/uploads\/2022\/02\/2502_sberbank.jpg\",\"datePublished\":\"2022-02-25T16:00:00+00:00\",\"dateModified\":\"2022-02-25T14:08:21+00:00\",\"breadcrumb\":{\"@id\":\"https:\/\/tuzlainfo.ba\/index.php\/bosna-i-hercegovina\/item\/164965-agencija-za-bankarstvo-fbih-o-statusu-sberbank-cekamo-misljenje-ambasade-sad-a\/#breadcrumb\"},\"inLanguage\":\"bs-BA\",\"potentialAction\":[{\"@type\":\"ReadAction\",\"target\":[\"https:\/\/tuzlainfo.ba\/index.php\/bosna-i-hercegovina\/item\/164965-agencija-za-bankarstvo-fbih-o-statusu-sberbank-cekamo-misljenje-ambasade-sad-a\/\"]}]},{\"@type\":\"ImageObject\",\"inLanguage\":\"bs-BA\",\"@id\":\"https:\/\/tuzlainfo.ba\/index.php\/bosna-i-hercegovina\/item\/164965-agencija-za-bankarstvo-fbih-o-statusu-sberbank-cekamo-misljenje-ambasade-sad-a\/#primaryimage\",\"url\":\"https:\/\/tuzlainfo.ba\/wp-content\/uploads\/2022\/02\/2502_sberbank.jpg\",\"contentUrl\":\"https:\/\/tuzlainfo.ba\/wp-content\/uploads\/2022\/02\/2502_sberbank.jpg\",\"width\":1000,\"height\":667},{\"@type\":\"BreadcrumbList\",\"@id\":\"https:\/\/tuzlainfo.ba\/index.php\/bosna-i-hercegovina\/item\/164965-agencija-za-bankarstvo-fbih-o-statusu-sberbank-cekamo-misljenje-ambasade-sad-a\/#breadcrumb\",\"itemListElement\":[{\"@type\":\"ListItem\",\"position\":1,\"name\":\"Home\",\"item\":\"https:\/\/tuzlainfo.ba\/\"},{\"@type\":\"ListItem\",\"position\":2,\"name\":\"Agencija za bankarstvo FBiH o statusu Sberbank: \u010cekamo mi\u0161ljenje Ambasade SAD-a\"}]},{\"@type\":\"WebSite\",\"@id\":\"https:\/\/tuzlainfo.ba\/#website\",\"url\":\"https:\/\/tuzlainfo.ba\/\",\"name\":\"TuzlaInfo.ba\",\"description\":\"Tuzla info, gradski informator - Tuzla na dlanu\",\"publisher\":{\"@id\":\"https:\/\/tuzlainfo.ba\/#organization\"},\"potentialAction\":[{\"@type\":\"SearchAction\",\"target\":{\"@type\":\"EntryPoint\",\"urlTemplate\":\"https:\/\/tuzlainfo.ba\/?s={search_term_string}\"},\"query-input\":{\"@type\":\"PropertyValueSpecification\",\"valueRequired\":true,\"valueName\":\"search_term_string\"}}],\"inLanguage\":\"bs-BA\"},{\"@type\":\"Organization\",\"@id\":\"https:\/\/tuzlainfo.ba\/#organization\",\"name\":\"TuzlaInfo.ba\",\"url\":\"https:\/\/tuzlainfo.ba\/\",\"logo\":{\"@type\":\"ImageObject\",\"inLanguage\":\"bs-BA\",\"@id\":\"https:\/\/tuzlainfo.ba\/#\/schema\/logo\/image\/\",\"url\":\"https:\/\/tuzlainfo.ba\/wp-content\/uploads\/2021\/03\/logo-ver-3-1.png\",\"contentUrl\":\"https:\/\/tuzlainfo.ba\/wp-content\/uploads\/2021\/03\/logo-ver-3-1.png\",\"width\":350,\"height\":95,\"caption\":\"TuzlaInfo.ba\"},\"image\":{\"@id\":\"https:\/\/tuzlainfo.ba\/#\/schema\/logo\/image\/\"},\"sameAs\":[\"https:\/\/www.facebook.com\/tuzlainfo.ba\/\"]},{\"@type\":\"Person\",\"@id\":\"https:\/\/tuzlainfo.ba\/#\/schema\/person\/f434e20dc27ea133923aab08451b7f7f\",\"name\":\"nedim\",\"image\":{\"@type\":\"ImageObject\",\"inLanguage\":\"bs-BA\",\"@id\":\"https:\/\/tuzlainfo.ba\/#\/schema\/person\/image\/\",\"url\":\"https:\/\/tuzlainfo.ba\/wp-content\/litespeed\/avatar\/aabad687af24844af817603ac1cbdc4f.jpg?ver=1777306975\",\"contentUrl\":\"https:\/\/tuzlainfo.ba\/wp-content\/litespeed\/avatar\/aabad687af24844af817603ac1cbdc4f.jpg?ver=1777306975\",\"caption\":\"nedim\"},\"description\":\"Tuzlainfo.ba pratite na dru\u0161tvenim mre\u017eama: Facebook, Instagram i Youtube. Svoje pri\u010de, upite i fotografije \u0161aljite na na\u0161u e-mail adresu.\"}]}<\/script>\n<!-- \/ Yoast SEO plugin. -->","yoast_head_json":{"title":"Agencija za bankarstvo FBiH o statusu Sberbank: \u010cekamo mi\u0161ljenje Ambasade SAD-a - TuzlaInfo.ba","robots":{"index":"index","follow":"follow","max-snippet":"max-snippet:-1","max-image-preview":"max-image-preview:large","max-video-preview":"max-video-preview:-1"},"canonical":"https:\/\/tuzlainfo.ba\/index.php\/bosna-i-hercegovina\/item\/164965-agencija-za-bankarstvo-fbih-o-statusu-sberbank-cekamo-misljenje-ambasade-sad-a\/","og_locale":"bs_BA","og_type":"article","og_title":"Agencija za bankarstvo FBiH o statusu Sberbank: \u010cekamo mi\u0161ljenje Ambasade SAD-a - TuzlaInfo.ba","og_description":"&#8211; Nema razloga za paniku me\u0111u gra\u0111anima. Sberbank BH je stabilna, kapitalizirana, registrovana u Bosni&hellip;","og_url":"https:\/\/tuzlainfo.ba\/index.php\/bosna-i-hercegovina\/item\/164965-agencija-za-bankarstvo-fbih-o-statusu-sberbank-cekamo-misljenje-ambasade-sad-a\/","og_site_name":"TuzlaInfo.ba","article_publisher":"https:\/\/www.facebook.com\/tuzlainfo.ba\/","article_published_time":"2022-02-25T16:00:00+00:00","article_modified_time":"2022-02-25T14:08:21+00:00","og_image":[{"width":1000,"height":667,"url":"https:\/\/tuzlainfo.ba\/wp-content\/uploads\/2022\/02\/2502_sberbank.jpg","type":"image\/jpeg"}],"author":"nedim","twitter_card":"summary_large_image","twitter_misc":{"Written by":"nedim","Est. reading time":"1 minuta"},"schema":{"@context":"https:\/\/schema.org","@graph":[{"@type":"Article","@id":"https:\/\/tuzlainfo.ba\/index.php\/bosna-i-hercegovina\/item\/164965-agencija-za-bankarstvo-fbih-o-statusu-sberbank-cekamo-misljenje-ambasade-sad-a\/#article","isPartOf":{"@id":"https:\/\/tuzlainfo.ba\/index.php\/bosna-i-hercegovina\/item\/164965-agencija-za-bankarstvo-fbih-o-statusu-sberbank-cekamo-misljenje-ambasade-sad-a\/"},"author":{"name":"nedim","@id":"https:\/\/tuzlainfo.ba\/#\/schema\/person\/f434e20dc27ea133923aab08451b7f7f"},"headline":"Agencija za bankarstvo FBiH o statusu Sberbank: \u010cekamo mi\u0161ljenje Ambasade SAD-a","datePublished":"2022-02-25T16:00:00+00:00","dateModified":"2022-02-25T14:08:21+00:00","mainEntityOfPage":{"@id":"https:\/\/tuzlainfo.ba\/index.php\/bosna-i-hercegovina\/item\/164965-agencija-za-bankarstvo-fbih-o-statusu-sberbank-cekamo-misljenje-ambasade-sad-a\/"},"wordCount":235,"commentCount":0,"publisher":{"@id":"https:\/\/tuzlainfo.ba\/#organization"},"image":{"@id":"https:\/\/tuzlainfo.ba\/index.php\/bosna-i-hercegovina\/item\/164965-agencija-za-bankarstvo-fbih-o-statusu-sberbank-cekamo-misljenje-ambasade-sad-a\/#primaryimage"},"thumbnailUrl":"https:\/\/tuzlainfo.ba\/wp-content\/uploads\/2022\/02\/2502_sberbank.jpg","keywords":["sberbank"],"articleSection":["Bosna i Hercegovina"],"inLanguage":"bs-BA"},{"@type":"WebPage","@id":"https:\/\/tuzlainfo.ba\/index.php\/bosna-i-hercegovina\/item\/164965-agencija-za-bankarstvo-fbih-o-statusu-sberbank-cekamo-misljenje-ambasade-sad-a\/","url":"https:\/\/tuzlainfo.ba\/index.php\/bosna-i-hercegovina\/item\/164965-agencija-za-bankarstvo-fbih-o-statusu-sberbank-cekamo-misljenje-ambasade-sad-a\/","name":"Agencija za bankarstvo FBiH o statusu Sberbank: \u010cekamo mi\u0161ljenje Ambasade SAD-a - TuzlaInfo.ba","isPartOf":{"@id":"https:\/\/tuzlainfo.ba\/#website"},"primaryImageOfPage":{"@id":"https:\/\/tuzlainfo.ba\/index.php\/bosna-i-hercegovina\/item\/164965-agencija-za-bankarstvo-fbih-o-statusu-sberbank-cekamo-misljenje-ambasade-sad-a\/#primaryimage"},"image":{"@id":"https:\/\/tuzlainfo.ba\/index.php\/bosna-i-hercegovina\/item\/164965-agencija-za-bankarstvo-fbih-o-statusu-sberbank-cekamo-misljenje-ambasade-sad-a\/#primaryimage"},"thumbnailUrl":"https:\/\/tuzlainfo.ba\/wp-content\/uploads\/2022\/02\/2502_sberbank.jpg","datePublished":"2022-02-25T16:00:00+00:00","dateModified":"2022-02-25T14:08:21+00:00","breadcrumb":{"@id":"https:\/\/tuzlainfo.ba\/index.php\/bosna-i-hercegovina\/item\/164965-agencija-za-bankarstvo-fbih-o-statusu-sberbank-cekamo-misljenje-ambasade-sad-a\/#breadcrumb"},"inLanguage":"bs-BA","potentialAction":[{"@type":"ReadAction","target":["https:\/\/tuzlainfo.ba\/index.php\/bosna-i-hercegovina\/item\/164965-agencija-za-bankarstvo-fbih-o-statusu-sberbank-cekamo-misljenje-ambasade-sad-a\/"]}]},{"@type":"ImageObject","inLanguage":"bs-BA","@id":"https:\/\/tuzlainfo.ba\/index.php\/bosna-i-hercegovina\/item\/164965-agencija-za-bankarstvo-fbih-o-statusu-sberbank-cekamo-misljenje-ambasade-sad-a\/#primaryimage","url":"https:\/\/tuzlainfo.ba\/wp-content\/uploads\/2022\/02\/2502_sberbank.jpg","contentUrl":"https:\/\/tuzlainfo.ba\/wp-content\/uploads\/2022\/02\/2502_sberbank.jpg","width":1000,"height":667},{"@type":"BreadcrumbList","@id":"https:\/\/tuzlainfo.ba\/index.php\/bosna-i-hercegovina\/item\/164965-agencija-za-bankarstvo-fbih-o-statusu-sberbank-cekamo-misljenje-ambasade-sad-a\/#breadcrumb","itemListElement":[{"@type":"ListItem","position":1,"name":"Home","item":"https:\/\/tuzlainfo.ba\/"},{"@type":"ListItem","position":2,"name":"Agencija za bankarstvo FBiH o statusu Sberbank: \u010cekamo mi\u0161ljenje Ambasade SAD-a"}]},{"@type":"WebSite","@id":"https:\/\/tuzlainfo.ba\/#website","url":"https:\/\/tuzlainfo.ba\/","name":"TuzlaInfo.ba","description":"Tuzla info, gradski informator - Tuzla na dlanu","publisher":{"@id":"https:\/\/tuzlainfo.ba\/#organization"},"potentialAction":[{"@type":"SearchAction","target":{"@type":"EntryPoint","urlTemplate":"https:\/\/tuzlainfo.ba\/?s={search_term_string}"},"query-input":{"@type":"PropertyValueSpecification","valueRequired":true,"valueName":"search_term_string"}}],"inLanguage":"bs-BA"},{"@type":"Organization","@id":"https:\/\/tuzlainfo.ba\/#organization","name":"TuzlaInfo.ba","url":"https:\/\/tuzlainfo.ba\/","logo":{"@type":"ImageObject","inLanguage":"bs-BA","@id":"https:\/\/tuzlainfo.ba\/#\/schema\/logo\/image\/","url":"https:\/\/tuzlainfo.ba\/wp-content\/uploads\/2021\/03\/logo-ver-3-1.png","contentUrl":"https:\/\/tuzlainfo.ba\/wp-content\/uploads\/2021\/03\/logo-ver-3-1.png","width":350,"height":95,"caption":"TuzlaInfo.ba"},"image":{"@id":"https:\/\/tuzlainfo.ba\/#\/schema\/logo\/image\/"},"sameAs":["https:\/\/www.facebook.com\/tuzlainfo.ba\/"]},{"@type":"Person","@id":"https:\/\/tuzlainfo.ba\/#\/schema\/person\/f434e20dc27ea133923aab08451b7f7f","name":"nedim","image":{"@type":"ImageObject","inLanguage":"bs-BA","@id":"https:\/\/tuzlainfo.ba\/#\/schema\/person\/image\/","url":"https:\/\/tuzlainfo.ba\/wp-content\/litespeed\/avatar\/aabad687af24844af817603ac1cbdc4f.jpg?ver=1777306975","contentUrl":"https:\/\/tuzlainfo.ba\/wp-content\/litespeed\/avatar\/aabad687af24844af817603ac1cbdc4f.jpg?ver=1777306975","caption":"nedim"},"description":"Tuzlainfo.ba pratite na dru\u0161tvenim mre\u017eama: Facebook, Instagram i Youtube. Svoje pri\u010de, upite i fotografije \u0161aljite na na\u0161u e-mail adresu."}]}},"_links":{"self":[{"href":"https:\/\/tuzlainfo.ba\/index.php\/wp-json\/wp\/v2\/posts\/164965"}],"collection":[{"href":"https:\/\/tuzlainfo.ba\/index.php\/wp-json\/wp\/v2\/posts"}],"about":[{"href":"https:\/\/tuzlainfo.ba\/index.php\/wp-json\/wp\/v2\/types\/post"}],"author":[{"embeddable":true,"href":"https:\/\/tuzlainfo.ba\/index.php\/wp-json\/wp\/v2\/users\/2"}],"replies":[{"embeddable":true,"href":"https:\/\/tuzlainfo.ba\/index.php\/wp-json\/wp\/v2\/comments?post=164965"}],"version-history":[{"count":0,"href":"https:\/\/tuzlainfo.ba\/index.php\/wp-json\/wp\/v2\/posts\/164965\/revisions"}],"wp:featuredmedia":[{"embeddable":true,"href":"https:\/\/tuzlainfo.ba\/index.php\/wp-json\/wp\/v2\/media\/164967"}],"wp:attachment":[{"href":"https:\/\/tuzlainfo.ba\/index.php\/wp-json\/wp\/v2\/media?parent=164965"}],"wp:term":[{"taxonomy":"category","embeddable":true,"href":"https:\/\/tuzlainfo.ba\/index.php\/wp-json\/wp\/v2\/categories?post=164965"},{"taxonomy":"post_tag","embeddable":true,"href":"https:\/\/tuzlainfo.ba\/index.php\/wp-json\/wp\/v2\/tags?post=164965"}],"curies":[{"name":"wp","href":"https:\/\/api.w.org\/{rel}","templated":true}]}}