{"id":164666,"date":"2022-02-22T22:05:31","date_gmt":"2022-02-22T21:05:31","guid":{"rendered":"https:\/\/tuzlainfo.ba\/?p=164666"},"modified":"2022-02-22T22:05:31","modified_gmt":"2022-02-22T21:05:31","slug":"biden-sad-ce-braniti-svaki-pedalj-nato-teritorija","status":"publish","type":"post","link":"https:\/\/tuzlainfo.ba\/index.php\/clanci\/sa-svih-strana\/item\/164666-biden-sad-ce-braniti-svaki-pedalj-nato-teritorija\/","title":{"rendered":"Biden: SAD \u0107e braniti svaki pedalj NATO teritorija"},"content":{"rendered":"<p>Joe Biden, predsjednik Sjedinjenih Ameri\u010dkih Dr\u017eava po\u010deo je svoje obra\u0107anje javnosti povodom sankcija koje su mogu\u0107e Rusiji.<\/p>\n<p>\u201cJu\u010der je Putin najavio priznanje dvije separatisti\u010dke regije u Ukrajini. To je najava invazije. Ovo je zadiranje u me\u0111unarodno pravo i zaslu\u017euje reakciju\u201d, rekao je na po\u010detku Biden najavljuju\u0107i sankcije.<\/p>\n<p>Izme\u0111u ostalog, naveo je kako \u0107e po\u010deti uvoditi sankcije koje idu\u00a0puno\u00a0dalje od onog \u0161to smo uveli 2014. godine.<\/p>\n<p>\u201cDa budem jasan: ovo su potpuno odbrambeni potezi s na\u0161e strane, nemamo se namjeru boriti protiv Rusije\u201d, rekao je Biden tokom obra\u0107anja u Bijeloj ku\u0107i.<\/p>\n<p>Izme\u0111u ostalog, kazao je kako imaju namjeru poslati nepogre\u0161ivu poruku.<\/p>\n<p>\u201cMe\u0111utim, \u017eelimo poslati nepogre\u0161ivu poruku da \u0107e Sjedinjene Dr\u017eave, zajedno s na\u0161im saveznicima, braniti svaki pedalj teritorija NATO-a i pridr\u017eavati se obaveza koje smo dali NATO-u. Administracija jo\u0161 uvijek vjeruje da je Rusija \u201cspremna i\u0107i mnogo dalje u pokretanju masivnog vojnog napada na Ukrajinu. Nadam se da sam u krivu u vezi s tim\u201d, rekao je.<\/p>\n<p>Dodao je kako Rusija samo eskalira svoje prijetnje prema ostatusku teritorije Ukrajine.<\/p>\n<p>\u201cJo\u0161 uvijek ima vi\u0161e od sto pedeset hiljada ruskih vojnika koji okru\u017euju Ukrajinu\u201d, kazao je Putin.<\/p>\n<p>Najavljuju\u0107i nove sankcije Rusiji u utorak, predsjednik Biden je rekao da je Putin \u201cbizarno utvrdio\u201d da su ukrajinske regije Donjeck i Lugansk neovisne republike, a zatim je ovlastio ruske snage da se rasporede u tim regijama.<\/p>\n<p>\u201cJednostavno re\u010deno, Rusija je upravo objavila da izrezuje veliki dio Ukrajine. Prema mom mi\u0161ljenju, on postavlja opravdanje da silom zauzme vi\u0161e teritorija\u2026 Ovo je po\u010detak ruske invazije na Ukrajinu, kao \u0161to je nazna\u010dio, i zatra\u017eio dopu\u0161tenje da to mo\u017ee u\u010diniti od svoje Dume\u201d, kazao je Biden.<\/p>\n<p>Biden je rekao da nove sankcije daleko nadilaze one provedene 2014., kada je Rusija napala Krim, te da su SAD i njihovi saveznici \u201cspremni i\u0107i dalje\u201d ako Putin nastavi dalje sa svojom invazijom.<\/p>\n<p>\u201cZa koga, u ime Boga, Putin misli da mu daje pravo da progla\u0161ava nove takozvane zemlje na teritoriji koja pripada njegovim kom\u0161ijama?\u201d rekao je Biden.<\/p>\n","protected":false},"excerpt":{"rendered":"<p>Joe Biden, predsjednik Sjedinjenih Ameri\u010dkih Dr\u017eava po\u010deo je svoje obra\u0107anje javnosti povodom sankcija koje su&hellip;<\/p>\n","protected":false},"author":2,"featured_media":164667,"comment_status":"open","ping_status":"closed","sticky":false,"template":"","format":"standard","meta":{"_acf_changed":false,"footnotes":""},"categories":[16],"tags":[1533],"acf":[],"yoast_head":"<!-- This site is optimized with the Yoast SEO plugin v23.5 - https:\/\/yoast.com\/wordpress\/plugins\/seo\/ -->\n<title>Biden: SAD \u0107e braniti svaki pedalj NATO teritorija - TuzlaInfo.ba<\/title>\n<meta name=\"robots\" content=\"index, follow, max-snippet:-1, max-image-preview:large, max-video-preview:-1\" \/>\n<link rel=\"canonical\" href=\"https:\/\/tuzlainfo.ba\/index.php\/clanci\/sa-svih-strana\/item\/164666-biden-sad-ce-braniti-svaki-pedalj-nato-teritorija\/\" \/>\n<meta property=\"og:locale\" content=\"bs_BA\" \/>\n<meta property=\"og:type\" content=\"article\" \/>\n<meta property=\"og:title\" content=\"Biden: SAD \u0107e braniti svaki pedalj NATO teritorija - TuzlaInfo.ba\" \/>\n<meta property=\"og:description\" content=\"Joe Biden, predsjednik Sjedinjenih Ameri\u010dkih Dr\u017eava po\u010deo je svoje obra\u0107anje javnosti povodom sankcija koje su&hellip;\" \/>\n<meta property=\"og:url\" content=\"https:\/\/tuzlainfo.ba\/index.php\/clanci\/sa-svih-strana\/item\/164666-biden-sad-ce-braniti-svaki-pedalj-nato-teritorija\/\" \/>\n<meta property=\"og:site_name\" content=\"TuzlaInfo.ba\" \/>\n<meta property=\"article:publisher\" content=\"https:\/\/www.facebook.com\/tuzlainfo.ba\/\" \/>\n<meta property=\"article:published_time\" content=\"2022-02-22T21:05:31+00:00\" \/>\n<meta property=\"og:image\" content=\"https:\/\/tuzlainfo.ba\/wp-content\/uploads\/2022\/02\/2202_biden.jpg\" \/>\n\t<meta property=\"og:image:width\" content=\"1125\" \/>\n\t<meta property=\"og:image:height\" content=\"750\" \/>\n\t<meta property=\"og:image:type\" content=\"image\/jpeg\" \/>\n<meta name=\"author\" content=\"nedim\" \/>\n<meta name=\"twitter:card\" content=\"summary_large_image\" \/>\n<meta name=\"twitter:label1\" content=\"Written by\" \/>\n\t<meta name=\"twitter:data1\" content=\"nedim\" \/>\n\t<meta name=\"twitter:label2\" content=\"Est. reading time\" \/>\n\t<meta name=\"twitter:data2\" content=\"2 minute\" \/>\n<script type=\"application\/ld+json\" class=\"yoast-schema-graph\">{\"@context\":\"https:\/\/schema.org\",\"@graph\":[{\"@type\":\"Article\",\"@id\":\"https:\/\/tuzlainfo.ba\/index.php\/clanci\/sa-svih-strana\/item\/164666-biden-sad-ce-braniti-svaki-pedalj-nato-teritorija\/#article\",\"isPartOf\":{\"@id\":\"https:\/\/tuzlainfo.ba\/index.php\/clanci\/sa-svih-strana\/item\/164666-biden-sad-ce-braniti-svaki-pedalj-nato-teritorija\/\"},\"author\":{\"name\":\"nedim\",\"@id\":\"https:\/\/tuzlainfo.ba\/#\/schema\/person\/f434e20dc27ea133923aab08451b7f7f\"},\"headline\":\"Biden: SAD \u0107e braniti svaki pedalj NATO teritorija\",\"datePublished\":\"2022-02-22T21:05:31+00:00\",\"dateModified\":\"2022-02-22T21:05:31+00:00\",\"mainEntityOfPage\":{\"@id\":\"https:\/\/tuzlainfo.ba\/index.php\/clanci\/sa-svih-strana\/item\/164666-biden-sad-ce-braniti-svaki-pedalj-nato-teritorija\/\"},\"wordCount\":371,\"commentCount\":0,\"publisher\":{\"@id\":\"https:\/\/tuzlainfo.ba\/#organization\"},\"image\":{\"@id\":\"https:\/\/tuzlainfo.ba\/index.php\/clanci\/sa-svih-strana\/item\/164666-biden-sad-ce-braniti-svaki-pedalj-nato-teritorija\/#primaryimage\"},\"thumbnailUrl\":\"https:\/\/tuzlainfo.ba\/wp-content\/uploads\/2022\/02\/2202_biden.jpg\",\"keywords\":[\"joe biden\"],\"articleSection\":[\"Sa svih strana\"],\"inLanguage\":\"bs-BA\"},{\"@type\":\"WebPage\",\"@id\":\"https:\/\/tuzlainfo.ba\/index.php\/clanci\/sa-svih-strana\/item\/164666-biden-sad-ce-braniti-svaki-pedalj-nato-teritorija\/\",\"url\":\"https:\/\/tuzlainfo.ba\/index.php\/clanci\/sa-svih-strana\/item\/164666-biden-sad-ce-braniti-svaki-pedalj-nato-teritorija\/\",\"name\":\"Biden: SAD \u0107e braniti svaki pedalj NATO teritorija - TuzlaInfo.ba\",\"isPartOf\":{\"@id\":\"https:\/\/tuzlainfo.ba\/#website\"},\"primaryImageOfPage\":{\"@id\":\"https:\/\/tuzlainfo.ba\/index.php\/clanci\/sa-svih-strana\/item\/164666-biden-sad-ce-braniti-svaki-pedalj-nato-teritorija\/#primaryimage\"},\"image\":{\"@id\":\"https:\/\/tuzlainfo.ba\/index.php\/clanci\/sa-svih-strana\/item\/164666-biden-sad-ce-braniti-svaki-pedalj-nato-teritorija\/#primaryimage\"},\"thumbnailUrl\":\"https:\/\/tuzlainfo.ba\/wp-content\/uploads\/2022\/02\/2202_biden.jpg\",\"datePublished\":\"2022-02-22T21:05:31+00:00\",\"dateModified\":\"2022-02-22T21:05:31+00:00\",\"breadcrumb\":{\"@id\":\"https:\/\/tuzlainfo.ba\/index.php\/clanci\/sa-svih-strana\/item\/164666-biden-sad-ce-braniti-svaki-pedalj-nato-teritorija\/#breadcrumb\"},\"inLanguage\":\"bs-BA\",\"potentialAction\":[{\"@type\":\"ReadAction\",\"target\":[\"https:\/\/tuzlainfo.ba\/index.php\/clanci\/sa-svih-strana\/item\/164666-biden-sad-ce-braniti-svaki-pedalj-nato-teritorija\/\"]}]},{\"@type\":\"ImageObject\",\"inLanguage\":\"bs-BA\",\"@id\":\"https:\/\/tuzlainfo.ba\/index.php\/clanci\/sa-svih-strana\/item\/164666-biden-sad-ce-braniti-svaki-pedalj-nato-teritorija\/#primaryimage\",\"url\":\"https:\/\/tuzlainfo.ba\/wp-content\/uploads\/2022\/02\/2202_biden.jpg\",\"contentUrl\":\"https:\/\/tuzlainfo.ba\/wp-content\/uploads\/2022\/02\/2202_biden.jpg\",\"width\":1125,\"height\":750},{\"@type\":\"BreadcrumbList\",\"@id\":\"https:\/\/tuzlainfo.ba\/index.php\/clanci\/sa-svih-strana\/item\/164666-biden-sad-ce-braniti-svaki-pedalj-nato-teritorija\/#breadcrumb\",\"itemListElement\":[{\"@type\":\"ListItem\",\"position\":1,\"name\":\"Home\",\"item\":\"https:\/\/tuzlainfo.ba\/\"},{\"@type\":\"ListItem\",\"position\":2,\"name\":\"Biden: SAD \u0107e braniti svaki pedalj NATO teritorija\"}]},{\"@type\":\"WebSite\",\"@id\":\"https:\/\/tuzlainfo.ba\/#website\",\"url\":\"https:\/\/tuzlainfo.ba\/\",\"name\":\"TuzlaInfo.ba\",\"description\":\"Tuzla info, gradski informator - Tuzla na dlanu\",\"publisher\":{\"@id\":\"https:\/\/tuzlainfo.ba\/#organization\"},\"potentialAction\":[{\"@type\":\"SearchAction\",\"target\":{\"@type\":\"EntryPoint\",\"urlTemplate\":\"https:\/\/tuzlainfo.ba\/?s={search_term_string}\"},\"query-input\":{\"@type\":\"PropertyValueSpecification\",\"valueRequired\":true,\"valueName\":\"search_term_string\"}}],\"inLanguage\":\"bs-BA\"},{\"@type\":\"Organization\",\"@id\":\"https:\/\/tuzlainfo.ba\/#organization\",\"name\":\"TuzlaInfo.ba\",\"url\":\"https:\/\/tuzlainfo.ba\/\",\"logo\":{\"@type\":\"ImageObject\",\"inLanguage\":\"bs-BA\",\"@id\":\"https:\/\/tuzlainfo.ba\/#\/schema\/logo\/image\/\",\"url\":\"https:\/\/tuzlainfo.ba\/wp-content\/uploads\/2021\/03\/logo-ver-3-1.png\",\"contentUrl\":\"https:\/\/tuzlainfo.ba\/wp-content\/uploads\/2021\/03\/logo-ver-3-1.png\",\"width\":350,\"height\":95,\"caption\":\"TuzlaInfo.ba\"},\"image\":{\"@id\":\"https:\/\/tuzlainfo.ba\/#\/schema\/logo\/image\/\"},\"sameAs\":[\"https:\/\/www.facebook.com\/tuzlainfo.ba\/\"]},{\"@type\":\"Person\",\"@id\":\"https:\/\/tuzlainfo.ba\/#\/schema\/person\/f434e20dc27ea133923aab08451b7f7f\",\"name\":\"nedim\",\"image\":{\"@type\":\"ImageObject\",\"inLanguage\":\"bs-BA\",\"@id\":\"https:\/\/tuzlainfo.ba\/#\/schema\/person\/image\/\",\"url\":\"https:\/\/tuzlainfo.ba\/wp-content\/litespeed\/avatar\/aabad687af24844af817603ac1cbdc4f.jpg?ver=1777306975\",\"contentUrl\":\"https:\/\/tuzlainfo.ba\/wp-content\/litespeed\/avatar\/aabad687af24844af817603ac1cbdc4f.jpg?ver=1777306975\",\"caption\":\"nedim\"},\"description\":\"Tuzlainfo.ba pratite na dru\u0161tvenim mre\u017eama: Facebook, Instagram i Youtube. Svoje pri\u010de, upite i fotografije \u0161aljite na na\u0161u e-mail adresu.\"}]}<\/script>\n<!-- \/ Yoast SEO plugin. -->","yoast_head_json":{"title":"Biden: SAD \u0107e braniti svaki pedalj NATO teritorija - TuzlaInfo.ba","robots":{"index":"index","follow":"follow","max-snippet":"max-snippet:-1","max-image-preview":"max-image-preview:large","max-video-preview":"max-video-preview:-1"},"canonical":"https:\/\/tuzlainfo.ba\/index.php\/clanci\/sa-svih-strana\/item\/164666-biden-sad-ce-braniti-svaki-pedalj-nato-teritorija\/","og_locale":"bs_BA","og_type":"article","og_title":"Biden: SAD \u0107e braniti svaki pedalj NATO teritorija - TuzlaInfo.ba","og_description":"Joe Biden, predsjednik Sjedinjenih Ameri\u010dkih Dr\u017eava po\u010deo je svoje obra\u0107anje javnosti povodom sankcija koje su&hellip;","og_url":"https:\/\/tuzlainfo.ba\/index.php\/clanci\/sa-svih-strana\/item\/164666-biden-sad-ce-braniti-svaki-pedalj-nato-teritorija\/","og_site_name":"TuzlaInfo.ba","article_publisher":"https:\/\/www.facebook.com\/tuzlainfo.ba\/","article_published_time":"2022-02-22T21:05:31+00:00","og_image":[{"width":1125,"height":750,"url":"https:\/\/tuzlainfo.ba\/wp-content\/uploads\/2022\/02\/2202_biden.jpg","type":"image\/jpeg"}],"author":"nedim","twitter_card":"summary_large_image","twitter_misc":{"Written by":"nedim","Est. reading time":"2 minute"},"schema":{"@context":"https:\/\/schema.org","@graph":[{"@type":"Article","@id":"https:\/\/tuzlainfo.ba\/index.php\/clanci\/sa-svih-strana\/item\/164666-biden-sad-ce-braniti-svaki-pedalj-nato-teritorija\/#article","isPartOf":{"@id":"https:\/\/tuzlainfo.ba\/index.php\/clanci\/sa-svih-strana\/item\/164666-biden-sad-ce-braniti-svaki-pedalj-nato-teritorija\/"},"author":{"name":"nedim","@id":"https:\/\/tuzlainfo.ba\/#\/schema\/person\/f434e20dc27ea133923aab08451b7f7f"},"headline":"Biden: SAD \u0107e braniti svaki pedalj NATO teritorija","datePublished":"2022-02-22T21:05:31+00:00","dateModified":"2022-02-22T21:05:31+00:00","mainEntityOfPage":{"@id":"https:\/\/tuzlainfo.ba\/index.php\/clanci\/sa-svih-strana\/item\/164666-biden-sad-ce-braniti-svaki-pedalj-nato-teritorija\/"},"wordCount":371,"commentCount":0,"publisher":{"@id":"https:\/\/tuzlainfo.ba\/#organization"},"image":{"@id":"https:\/\/tuzlainfo.ba\/index.php\/clanci\/sa-svih-strana\/item\/164666-biden-sad-ce-braniti-svaki-pedalj-nato-teritorija\/#primaryimage"},"thumbnailUrl":"https:\/\/tuzlainfo.ba\/wp-content\/uploads\/2022\/02\/2202_biden.jpg","keywords":["joe biden"],"articleSection":["Sa svih strana"],"inLanguage":"bs-BA"},{"@type":"WebPage","@id":"https:\/\/tuzlainfo.ba\/index.php\/clanci\/sa-svih-strana\/item\/164666-biden-sad-ce-braniti-svaki-pedalj-nato-teritorija\/","url":"https:\/\/tuzlainfo.ba\/index.php\/clanci\/sa-svih-strana\/item\/164666-biden-sad-ce-braniti-svaki-pedalj-nato-teritorija\/","name":"Biden: SAD \u0107e braniti svaki pedalj NATO teritorija - TuzlaInfo.ba","isPartOf":{"@id":"https:\/\/tuzlainfo.ba\/#website"},"primaryImageOfPage":{"@id":"https:\/\/tuzlainfo.ba\/index.php\/clanci\/sa-svih-strana\/item\/164666-biden-sad-ce-braniti-svaki-pedalj-nato-teritorija\/#primaryimage"},"image":{"@id":"https:\/\/tuzlainfo.ba\/index.php\/clanci\/sa-svih-strana\/item\/164666-biden-sad-ce-braniti-svaki-pedalj-nato-teritorija\/#primaryimage"},"thumbnailUrl":"https:\/\/tuzlainfo.ba\/wp-content\/uploads\/2022\/02\/2202_biden.jpg","datePublished":"2022-02-22T21:05:31+00:00","dateModified":"2022-02-22T21:05:31+00:00","breadcrumb":{"@id":"https:\/\/tuzlainfo.ba\/index.php\/clanci\/sa-svih-strana\/item\/164666-biden-sad-ce-braniti-svaki-pedalj-nato-teritorija\/#breadcrumb"},"inLanguage":"bs-BA","potentialAction":[{"@type":"ReadAction","target":["https:\/\/tuzlainfo.ba\/index.php\/clanci\/sa-svih-strana\/item\/164666-biden-sad-ce-braniti-svaki-pedalj-nato-teritorija\/"]}]},{"@type":"ImageObject","inLanguage":"bs-BA","@id":"https:\/\/tuzlainfo.ba\/index.php\/clanci\/sa-svih-strana\/item\/164666-biden-sad-ce-braniti-svaki-pedalj-nato-teritorija\/#primaryimage","url":"https:\/\/tuzlainfo.ba\/wp-content\/uploads\/2022\/02\/2202_biden.jpg","contentUrl":"https:\/\/tuzlainfo.ba\/wp-content\/uploads\/2022\/02\/2202_biden.jpg","width":1125,"height":750},{"@type":"BreadcrumbList","@id":"https:\/\/tuzlainfo.ba\/index.php\/clanci\/sa-svih-strana\/item\/164666-biden-sad-ce-braniti-svaki-pedalj-nato-teritorija\/#breadcrumb","itemListElement":[{"@type":"ListItem","position":1,"name":"Home","item":"https:\/\/tuzlainfo.ba\/"},{"@type":"ListItem","position":2,"name":"Biden: SAD \u0107e braniti svaki pedalj NATO teritorija"}]},{"@type":"WebSite","@id":"https:\/\/tuzlainfo.ba\/#website","url":"https:\/\/tuzlainfo.ba\/","name":"TuzlaInfo.ba","description":"Tuzla info, gradski informator - Tuzla na dlanu","publisher":{"@id":"https:\/\/tuzlainfo.ba\/#organization"},"potentialAction":[{"@type":"SearchAction","target":{"@type":"EntryPoint","urlTemplate":"https:\/\/tuzlainfo.ba\/?s={search_term_string}"},"query-input":{"@type":"PropertyValueSpecification","valueRequired":true,"valueName":"search_term_string"}}],"inLanguage":"bs-BA"},{"@type":"Organization","@id":"https:\/\/tuzlainfo.ba\/#organization","name":"TuzlaInfo.ba","url":"https:\/\/tuzlainfo.ba\/","logo":{"@type":"ImageObject","inLanguage":"bs-BA","@id":"https:\/\/tuzlainfo.ba\/#\/schema\/logo\/image\/","url":"https:\/\/tuzlainfo.ba\/wp-content\/uploads\/2021\/03\/logo-ver-3-1.png","contentUrl":"https:\/\/tuzlainfo.ba\/wp-content\/uploads\/2021\/03\/logo-ver-3-1.png","width":350,"height":95,"caption":"TuzlaInfo.ba"},"image":{"@id":"https:\/\/tuzlainfo.ba\/#\/schema\/logo\/image\/"},"sameAs":["https:\/\/www.facebook.com\/tuzlainfo.ba\/"]},{"@type":"Person","@id":"https:\/\/tuzlainfo.ba\/#\/schema\/person\/f434e20dc27ea133923aab08451b7f7f","name":"nedim","image":{"@type":"ImageObject","inLanguage":"bs-BA","@id":"https:\/\/tuzlainfo.ba\/#\/schema\/person\/image\/","url":"https:\/\/tuzlainfo.ba\/wp-content\/litespeed\/avatar\/aabad687af24844af817603ac1cbdc4f.jpg?ver=1777306975","contentUrl":"https:\/\/tuzlainfo.ba\/wp-content\/litespeed\/avatar\/aabad687af24844af817603ac1cbdc4f.jpg?ver=1777306975","caption":"nedim"},"description":"Tuzlainfo.ba pratite na dru\u0161tvenim mre\u017eama: Facebook, Instagram i Youtube. Svoje pri\u010de, upite i fotografije \u0161aljite na na\u0161u e-mail adresu."}]}},"_links":{"self":[{"href":"https:\/\/tuzlainfo.ba\/index.php\/wp-json\/wp\/v2\/posts\/164666"}],"collection":[{"href":"https:\/\/tuzlainfo.ba\/index.php\/wp-json\/wp\/v2\/posts"}],"about":[{"href":"https:\/\/tuzlainfo.ba\/index.php\/wp-json\/wp\/v2\/types\/post"}],"author":[{"embeddable":true,"href":"https:\/\/tuzlainfo.ba\/index.php\/wp-json\/wp\/v2\/users\/2"}],"replies":[{"embeddable":true,"href":"https:\/\/tuzlainfo.ba\/index.php\/wp-json\/wp\/v2\/comments?post=164666"}],"version-history":[{"count":0,"href":"https:\/\/tuzlainfo.ba\/index.php\/wp-json\/wp\/v2\/posts\/164666\/revisions"}],"wp:featuredmedia":[{"embeddable":true,"href":"https:\/\/tuzlainfo.ba\/index.php\/wp-json\/wp\/v2\/media\/164667"}],"wp:attachment":[{"href":"https:\/\/tuzlainfo.ba\/index.php\/wp-json\/wp\/v2\/media?parent=164666"}],"wp:term":[{"taxonomy":"category","embeddable":true,"href":"https:\/\/tuzlainfo.ba\/index.php\/wp-json\/wp\/v2\/categories?post=164666"},{"taxonomy":"post_tag","embeddable":true,"href":"https:\/\/tuzlainfo.ba\/index.php\/wp-json\/wp\/v2\/tags?post=164666"}],"curies":[{"name":"wp","href":"https:\/\/api.w.org\/{rel}","templated":true}]}}