{"id":164632,"date":"2022-02-22T20:50:54","date_gmt":"2022-02-22T19:50:54","guid":{"rendered":"https:\/\/tuzlainfo.ba\/?p=164632"},"modified":"2022-02-22T20:56:50","modified_gmt":"2022-02-22T19:56:50","slug":"upfbih-radnicima-se-zbog-poskupljenja-struje-daju-ugovori-sa-minimalnom-platom","status":"publish","type":"post","link":"https:\/\/tuzlainfo.ba\/index.php\/bosna-i-hercegovina\/item\/164632-upfbih-radnicima-se-zbog-poskupljenja-struje-daju-ugovori-sa-minimalnom-platom\/","title":{"rendered":"UPFBiH: &#8220;Radnicima se zbog poskupljenja struje daju ugovori sa minimalnom platom&#8221;"},"content":{"rendered":"<p>Predstavnici poslodavaca i sindikata upozorili su danas na mogu\u0107e negativne posljedice poskupljenja elektri\u010dne energije na poslovanje kompanija i broj zaposlenih i pozvali Vladu FBiH da hitno reaguje.<\/p>\n<p>Predsjednik Udru\u017eenja poslodavaca FBiH Adnan Smailbegovi\u0107 izjavio je na pres-konferenciji da se pokazalo da usvajanje izmjena Zakona o elektri\u010dnoj energiji FBiH nije rije\u0161ilo probleme poskupljenja.<\/p>\n<p>\u2013 Rekao bih da Vlada FBiH i Elektroprivreda BiH poku\u0161avaju da na\u0111u nove na\u010dine kako da izvuku dodatni novac iz privrede pa tako i kroz nove ugovore koje nude privrednim dru\u0161tvima \u2013 naveo je Smailbegovi\u0107.<\/p>\n<p>Pojasnio je da je u novim ugovorima ograni\u010dena koli\u010dina elektri\u010dne energije s tolerancijoim za prekora\u010denje od pet posto, a penali za ve\u0107e prekora\u010denje su rigorozni i mogu skoro uduplati ra\u010dun.<\/p>\n<p>Smailbegovi\u0107 je istakao da je posebno problemati\u010dno \u0161to ugovori predvi\u0111aju da \u0107e ukoliko Elektroprivreda iz bilo kojeg razloga bude morala uvoziti elektri\u010dnu energiju ona tu ve\u0107u cijenu ura\u010dunati u tro\u0161kove.<\/p>\n<p>Predsjednica Samostalnog sindikata \u0161umarstva, prerade drveta i papira BiH Lejla \u0106ati\u0107 izrazila je zabrinutost da \u0107e poskupljenje elektri\u010dne energije dovesti do otpu\u0161tanja radnika i smanjenja plata.<\/p>\n<p>Naglasila je da ve\u0107 imaju informacije iz odre\u0111enih firmi da se radnicima nude ugovori s minimalni platom \u2013 532 KM, \u0161to se opravdava poskupljenjem struje.<\/p>\n<p>Predsjednik Sindikata metalaca FBiH\u00a0Bajro Melez poru\u010dio je da je neophodno zaustaviti poskupljenja koja dovode do otpu\u0161tanja radnika i pozvao Vladu FBiH da hitno poduzme potrebne mjere.<\/p>\n","protected":false},"excerpt":{"rendered":"<p>Predstavnici poslodavaca i sindikata upozorili su danas na mogu\u0107e negativne posljedice poskupljenja elektri\u010dne energije na&hellip;<\/p>\n","protected":false},"author":4,"featured_media":164633,"comment_status":"open","ping_status":"closed","sticky":false,"template":"","format":"standard","meta":{"_acf_changed":false,"footnotes":""},"categories":[291,304],"tags":[1866,1880,1713],"acf":[],"yoast_head":"<!-- This site is optimized with the Yoast SEO plugin v23.5 - https:\/\/yoast.com\/wordpress\/plugins\/seo\/ -->\n<title>UPFBiH: &quot;Radnicima se zbog poskupljenja struje daju ugovori sa minimalnom platom&quot; - TuzlaInfo.ba<\/title>\n<meta name=\"robots\" content=\"index, follow, max-snippet:-1, max-image-preview:large, max-video-preview:-1\" \/>\n<link rel=\"canonical\" href=\"https:\/\/tuzlainfo.ba\/index.php\/bosna-i-hercegovina\/item\/164632-upfbih-radnicima-se-zbog-poskupljenja-struje-daju-ugovori-sa-minimalnom-platom\/\" \/>\n<meta property=\"og:locale\" content=\"bs_BA\" \/>\n<meta property=\"og:type\" content=\"article\" \/>\n<meta property=\"og:title\" content=\"UPFBiH: &quot;Radnicima se zbog poskupljenja struje daju ugovori sa minimalnom platom&quot; - TuzlaInfo.ba\" \/>\n<meta property=\"og:description\" content=\"Predstavnici poslodavaca i sindikata upozorili su danas na mogu\u0107e negativne posljedice poskupljenja elektri\u010dne energije na&hellip;\" \/>\n<meta property=\"og:url\" content=\"https:\/\/tuzlainfo.ba\/index.php\/bosna-i-hercegovina\/item\/164632-upfbih-radnicima-se-zbog-poskupljenja-struje-daju-ugovori-sa-minimalnom-platom\/\" \/>\n<meta property=\"og:site_name\" content=\"TuzlaInfo.ba\" \/>\n<meta property=\"article:publisher\" content=\"https:\/\/www.facebook.com\/tuzlainfo.ba\/\" \/>\n<meta property=\"article:published_time\" content=\"2022-02-22T19:50:54+00:00\" \/>\n<meta property=\"article:modified_time\" content=\"2022-02-22T19:56:50+00:00\" \/>\n<meta property=\"og:image\" content=\"https:\/\/tuzlainfo.ba\/wp-content\/uploads\/2022\/02\/2202-adnan-smailbegovic.jpg\" \/>\n\t<meta property=\"og:image:width\" content=\"1620\" \/>\n\t<meta property=\"og:image:height\" content=\"1080\" \/>\n\t<meta property=\"og:image:type\" content=\"image\/jpeg\" \/>\n<meta name=\"author\" content=\"Tuzla Info\" \/>\n<meta name=\"twitter:card\" content=\"summary_large_image\" \/>\n<meta name=\"twitter:label1\" content=\"Written by\" \/>\n\t<meta name=\"twitter:data1\" content=\"Tuzla Info\" \/>\n\t<meta name=\"twitter:label2\" content=\"Est. reading time\" \/>\n\t<meta name=\"twitter:data2\" content=\"1 minuta\" \/>\n<script type=\"application\/ld+json\" class=\"yoast-schema-graph\">{\"@context\":\"https:\/\/schema.org\",\"@graph\":[{\"@type\":\"Article\",\"@id\":\"https:\/\/tuzlainfo.ba\/index.php\/bosna-i-hercegovina\/item\/164632-upfbih-radnicima-se-zbog-poskupljenja-struje-daju-ugovori-sa-minimalnom-platom\/#article\",\"isPartOf\":{\"@id\":\"https:\/\/tuzlainfo.ba\/index.php\/bosna-i-hercegovina\/item\/164632-upfbih-radnicima-se-zbog-poskupljenja-struje-daju-ugovori-sa-minimalnom-platom\/\"},\"author\":{\"name\":\"Tuzla Info\",\"@id\":\"https:\/\/tuzlainfo.ba\/#\/schema\/person\/46cad4c57790cbc50781edd14870825a\"},\"headline\":\"UPFBiH: &#8220;Radnicima se zbog poskupljenja struje daju ugovori sa minimalnom platom&#8221;\",\"datePublished\":\"2022-02-22T19:50:54+00:00\",\"dateModified\":\"2022-02-22T19:56:50+00:00\",\"mainEntityOfPage\":{\"@id\":\"https:\/\/tuzlainfo.ba\/index.php\/bosna-i-hercegovina\/item\/164632-upfbih-radnicima-se-zbog-poskupljenja-struje-daju-ugovori-sa-minimalnom-platom\/\"},\"wordCount\":259,\"commentCount\":0,\"publisher\":{\"@id\":\"https:\/\/tuzlainfo.ba\/#organization\"},\"image\":{\"@id\":\"https:\/\/tuzlainfo.ba\/index.php\/bosna-i-hercegovina\/item\/164632-upfbih-radnicima-se-zbog-poskupljenja-struje-daju-ugovori-sa-minimalnom-platom\/#primaryimage\"},\"thumbnailUrl\":\"https:\/\/tuzlainfo.ba\/wp-content\/uploads\/2022\/02\/2202-adnan-smailbegovic.jpg\",\"keywords\":[\"poskupljenje\",\"struja\",\"Udru\u017eenje poslodavaca FBiH\"],\"articleSection\":[\"Bosna i Hercegovina\",\"Istaknuto\"],\"inLanguage\":\"bs-BA\"},{\"@type\":\"WebPage\",\"@id\":\"https:\/\/tuzlainfo.ba\/index.php\/bosna-i-hercegovina\/item\/164632-upfbih-radnicima-se-zbog-poskupljenja-struje-daju-ugovori-sa-minimalnom-platom\/\",\"url\":\"https:\/\/tuzlainfo.ba\/index.php\/bosna-i-hercegovina\/item\/164632-upfbih-radnicima-se-zbog-poskupljenja-struje-daju-ugovori-sa-minimalnom-platom\/\",\"name\":\"UPFBiH: \\\"Radnicima se zbog poskupljenja struje daju ugovori sa minimalnom platom\\\" - TuzlaInfo.ba\",\"isPartOf\":{\"@id\":\"https:\/\/tuzlainfo.ba\/#website\"},\"primaryImageOfPage\":{\"@id\":\"https:\/\/tuzlainfo.ba\/index.php\/bosna-i-hercegovina\/item\/164632-upfbih-radnicima-se-zbog-poskupljenja-struje-daju-ugovori-sa-minimalnom-platom\/#primaryimage\"},\"image\":{\"@id\":\"https:\/\/tuzlainfo.ba\/index.php\/bosna-i-hercegovina\/item\/164632-upfbih-radnicima-se-zbog-poskupljenja-struje-daju-ugovori-sa-minimalnom-platom\/#primaryimage\"},\"thumbnailUrl\":\"https:\/\/tuzlainfo.ba\/wp-content\/uploads\/2022\/02\/2202-adnan-smailbegovic.jpg\",\"datePublished\":\"2022-02-22T19:50:54+00:00\",\"dateModified\":\"2022-02-22T19:56:50+00:00\",\"breadcrumb\":{\"@id\":\"https:\/\/tuzlainfo.ba\/index.php\/bosna-i-hercegovina\/item\/164632-upfbih-radnicima-se-zbog-poskupljenja-struje-daju-ugovori-sa-minimalnom-platom\/#breadcrumb\"},\"inLanguage\":\"bs-BA\",\"potentialAction\":[{\"@type\":\"ReadAction\",\"target\":[\"https:\/\/tuzlainfo.ba\/index.php\/bosna-i-hercegovina\/item\/164632-upfbih-radnicima-se-zbog-poskupljenja-struje-daju-ugovori-sa-minimalnom-platom\/\"]}]},{\"@type\":\"ImageObject\",\"inLanguage\":\"bs-BA\",\"@id\":\"https:\/\/tuzlainfo.ba\/index.php\/bosna-i-hercegovina\/item\/164632-upfbih-radnicima-se-zbog-poskupljenja-struje-daju-ugovori-sa-minimalnom-platom\/#primaryimage\",\"url\":\"https:\/\/tuzlainfo.ba\/wp-content\/uploads\/2022\/02\/2202-adnan-smailbegovic.jpg\",\"contentUrl\":\"https:\/\/tuzlainfo.ba\/wp-content\/uploads\/2022\/02\/2202-adnan-smailbegovic.jpg\",\"width\":1620,\"height\":1080},{\"@type\":\"BreadcrumbList\",\"@id\":\"https:\/\/tuzlainfo.ba\/index.php\/bosna-i-hercegovina\/item\/164632-upfbih-radnicima-se-zbog-poskupljenja-struje-daju-ugovori-sa-minimalnom-platom\/#breadcrumb\",\"itemListElement\":[{\"@type\":\"ListItem\",\"position\":1,\"name\":\"Home\",\"item\":\"https:\/\/tuzlainfo.ba\/\"},{\"@type\":\"ListItem\",\"position\":2,\"name\":\"UPFBiH: &#8220;Radnicima se zbog poskupljenja struje daju ugovori sa minimalnom platom&#8221;\"}]},{\"@type\":\"WebSite\",\"@id\":\"https:\/\/tuzlainfo.ba\/#website\",\"url\":\"https:\/\/tuzlainfo.ba\/\",\"name\":\"TuzlaInfo.ba\",\"description\":\"Tuzla info, gradski informator - Tuzla na dlanu\",\"publisher\":{\"@id\":\"https:\/\/tuzlainfo.ba\/#organization\"},\"potentialAction\":[{\"@type\":\"SearchAction\",\"target\":{\"@type\":\"EntryPoint\",\"urlTemplate\":\"https:\/\/tuzlainfo.ba\/?s={search_term_string}\"},\"query-input\":{\"@type\":\"PropertyValueSpecification\",\"valueRequired\":true,\"valueName\":\"search_term_string\"}}],\"inLanguage\":\"bs-BA\"},{\"@type\":\"Organization\",\"@id\":\"https:\/\/tuzlainfo.ba\/#organization\",\"name\":\"TuzlaInfo.ba\",\"url\":\"https:\/\/tuzlainfo.ba\/\",\"logo\":{\"@type\":\"ImageObject\",\"inLanguage\":\"bs-BA\",\"@id\":\"https:\/\/tuzlainfo.ba\/#\/schema\/logo\/image\/\",\"url\":\"https:\/\/tuzlainfo.ba\/wp-content\/uploads\/2021\/03\/logo-ver-3-1.png\",\"contentUrl\":\"https:\/\/tuzlainfo.ba\/wp-content\/uploads\/2021\/03\/logo-ver-3-1.png\",\"width\":350,\"height\":95,\"caption\":\"TuzlaInfo.ba\"},\"image\":{\"@id\":\"https:\/\/tuzlainfo.ba\/#\/schema\/logo\/image\/\"},\"sameAs\":[\"https:\/\/www.facebook.com\/tuzlainfo.ba\/\"]},{\"@type\":\"Person\",\"@id\":\"https:\/\/tuzlainfo.ba\/#\/schema\/person\/46cad4c57790cbc50781edd14870825a\",\"name\":\"Tuzla Info\",\"image\":{\"@type\":\"ImageObject\",\"inLanguage\":\"bs-BA\",\"@id\":\"https:\/\/tuzlainfo.ba\/#\/schema\/person\/image\/\",\"url\":\"https:\/\/tuzlainfo.ba\/wp-content\/litespeed\/avatar\/b6c453a6c38e3654f2e4416c643fc25c.jpg?ver=1777051911\",\"contentUrl\":\"https:\/\/tuzlainfo.ba\/wp-content\/litespeed\/avatar\/b6c453a6c38e3654f2e4416c643fc25c.jpg?ver=1777051911\",\"caption\":\"Tuzla Info\"}}]}<\/script>\n<!-- \/ Yoast SEO plugin. -->","yoast_head_json":{"title":"UPFBiH: \"Radnicima se zbog poskupljenja struje daju ugovori sa minimalnom platom\" - TuzlaInfo.ba","robots":{"index":"index","follow":"follow","max-snippet":"max-snippet:-1","max-image-preview":"max-image-preview:large","max-video-preview":"max-video-preview:-1"},"canonical":"https:\/\/tuzlainfo.ba\/index.php\/bosna-i-hercegovina\/item\/164632-upfbih-radnicima-se-zbog-poskupljenja-struje-daju-ugovori-sa-minimalnom-platom\/","og_locale":"bs_BA","og_type":"article","og_title":"UPFBiH: \"Radnicima se zbog poskupljenja struje daju ugovori sa minimalnom platom\" - TuzlaInfo.ba","og_description":"Predstavnici poslodavaca i sindikata upozorili su danas na mogu\u0107e negativne posljedice poskupljenja elektri\u010dne energije na&hellip;","og_url":"https:\/\/tuzlainfo.ba\/index.php\/bosna-i-hercegovina\/item\/164632-upfbih-radnicima-se-zbog-poskupljenja-struje-daju-ugovori-sa-minimalnom-platom\/","og_site_name":"TuzlaInfo.ba","article_publisher":"https:\/\/www.facebook.com\/tuzlainfo.ba\/","article_published_time":"2022-02-22T19:50:54+00:00","article_modified_time":"2022-02-22T19:56:50+00:00","og_image":[{"width":1620,"height":1080,"url":"https:\/\/tuzlainfo.ba\/wp-content\/uploads\/2022\/02\/2202-adnan-smailbegovic.jpg","type":"image\/jpeg"}],"author":"Tuzla Info","twitter_card":"summary_large_image","twitter_misc":{"Written by":"Tuzla Info","Est. reading time":"1 minuta"},"schema":{"@context":"https:\/\/schema.org","@graph":[{"@type":"Article","@id":"https:\/\/tuzlainfo.ba\/index.php\/bosna-i-hercegovina\/item\/164632-upfbih-radnicima-se-zbog-poskupljenja-struje-daju-ugovori-sa-minimalnom-platom\/#article","isPartOf":{"@id":"https:\/\/tuzlainfo.ba\/index.php\/bosna-i-hercegovina\/item\/164632-upfbih-radnicima-se-zbog-poskupljenja-struje-daju-ugovori-sa-minimalnom-platom\/"},"author":{"name":"Tuzla Info","@id":"https:\/\/tuzlainfo.ba\/#\/schema\/person\/46cad4c57790cbc50781edd14870825a"},"headline":"UPFBiH: &#8220;Radnicima se zbog poskupljenja struje daju ugovori sa minimalnom platom&#8221;","datePublished":"2022-02-22T19:50:54+00:00","dateModified":"2022-02-22T19:56:50+00:00","mainEntityOfPage":{"@id":"https:\/\/tuzlainfo.ba\/index.php\/bosna-i-hercegovina\/item\/164632-upfbih-radnicima-se-zbog-poskupljenja-struje-daju-ugovori-sa-minimalnom-platom\/"},"wordCount":259,"commentCount":0,"publisher":{"@id":"https:\/\/tuzlainfo.ba\/#organization"},"image":{"@id":"https:\/\/tuzlainfo.ba\/index.php\/bosna-i-hercegovina\/item\/164632-upfbih-radnicima-se-zbog-poskupljenja-struje-daju-ugovori-sa-minimalnom-platom\/#primaryimage"},"thumbnailUrl":"https:\/\/tuzlainfo.ba\/wp-content\/uploads\/2022\/02\/2202-adnan-smailbegovic.jpg","keywords":["poskupljenje","struja","Udru\u017eenje poslodavaca FBiH"],"articleSection":["Bosna i Hercegovina","Istaknuto"],"inLanguage":"bs-BA"},{"@type":"WebPage","@id":"https:\/\/tuzlainfo.ba\/index.php\/bosna-i-hercegovina\/item\/164632-upfbih-radnicima-se-zbog-poskupljenja-struje-daju-ugovori-sa-minimalnom-platom\/","url":"https:\/\/tuzlainfo.ba\/index.php\/bosna-i-hercegovina\/item\/164632-upfbih-radnicima-se-zbog-poskupljenja-struje-daju-ugovori-sa-minimalnom-platom\/","name":"UPFBiH: \"Radnicima se zbog poskupljenja struje daju ugovori sa minimalnom platom\" - TuzlaInfo.ba","isPartOf":{"@id":"https:\/\/tuzlainfo.ba\/#website"},"primaryImageOfPage":{"@id":"https:\/\/tuzlainfo.ba\/index.php\/bosna-i-hercegovina\/item\/164632-upfbih-radnicima-se-zbog-poskupljenja-struje-daju-ugovori-sa-minimalnom-platom\/#primaryimage"},"image":{"@id":"https:\/\/tuzlainfo.ba\/index.php\/bosna-i-hercegovina\/item\/164632-upfbih-radnicima-se-zbog-poskupljenja-struje-daju-ugovori-sa-minimalnom-platom\/#primaryimage"},"thumbnailUrl":"https:\/\/tuzlainfo.ba\/wp-content\/uploads\/2022\/02\/2202-adnan-smailbegovic.jpg","datePublished":"2022-02-22T19:50:54+00:00","dateModified":"2022-02-22T19:56:50+00:00","breadcrumb":{"@id":"https:\/\/tuzlainfo.ba\/index.php\/bosna-i-hercegovina\/item\/164632-upfbih-radnicima-se-zbog-poskupljenja-struje-daju-ugovori-sa-minimalnom-platom\/#breadcrumb"},"inLanguage":"bs-BA","potentialAction":[{"@type":"ReadAction","target":["https:\/\/tuzlainfo.ba\/index.php\/bosna-i-hercegovina\/item\/164632-upfbih-radnicima-se-zbog-poskupljenja-struje-daju-ugovori-sa-minimalnom-platom\/"]}]},{"@type":"ImageObject","inLanguage":"bs-BA","@id":"https:\/\/tuzlainfo.ba\/index.php\/bosna-i-hercegovina\/item\/164632-upfbih-radnicima-se-zbog-poskupljenja-struje-daju-ugovori-sa-minimalnom-platom\/#primaryimage","url":"https:\/\/tuzlainfo.ba\/wp-content\/uploads\/2022\/02\/2202-adnan-smailbegovic.jpg","contentUrl":"https:\/\/tuzlainfo.ba\/wp-content\/uploads\/2022\/02\/2202-adnan-smailbegovic.jpg","width":1620,"height":1080},{"@type":"BreadcrumbList","@id":"https:\/\/tuzlainfo.ba\/index.php\/bosna-i-hercegovina\/item\/164632-upfbih-radnicima-se-zbog-poskupljenja-struje-daju-ugovori-sa-minimalnom-platom\/#breadcrumb","itemListElement":[{"@type":"ListItem","position":1,"name":"Home","item":"https:\/\/tuzlainfo.ba\/"},{"@type":"ListItem","position":2,"name":"UPFBiH: &#8220;Radnicima se zbog poskupljenja struje daju ugovori sa minimalnom platom&#8221;"}]},{"@type":"WebSite","@id":"https:\/\/tuzlainfo.ba\/#website","url":"https:\/\/tuzlainfo.ba\/","name":"TuzlaInfo.ba","description":"Tuzla info, gradski informator - Tuzla na dlanu","publisher":{"@id":"https:\/\/tuzlainfo.ba\/#organization"},"potentialAction":[{"@type":"SearchAction","target":{"@type":"EntryPoint","urlTemplate":"https:\/\/tuzlainfo.ba\/?s={search_term_string}"},"query-input":{"@type":"PropertyValueSpecification","valueRequired":true,"valueName":"search_term_string"}}],"inLanguage":"bs-BA"},{"@type":"Organization","@id":"https:\/\/tuzlainfo.ba\/#organization","name":"TuzlaInfo.ba","url":"https:\/\/tuzlainfo.ba\/","logo":{"@type":"ImageObject","inLanguage":"bs-BA","@id":"https:\/\/tuzlainfo.ba\/#\/schema\/logo\/image\/","url":"https:\/\/tuzlainfo.ba\/wp-content\/uploads\/2021\/03\/logo-ver-3-1.png","contentUrl":"https:\/\/tuzlainfo.ba\/wp-content\/uploads\/2021\/03\/logo-ver-3-1.png","width":350,"height":95,"caption":"TuzlaInfo.ba"},"image":{"@id":"https:\/\/tuzlainfo.ba\/#\/schema\/logo\/image\/"},"sameAs":["https:\/\/www.facebook.com\/tuzlainfo.ba\/"]},{"@type":"Person","@id":"https:\/\/tuzlainfo.ba\/#\/schema\/person\/46cad4c57790cbc50781edd14870825a","name":"Tuzla Info","image":{"@type":"ImageObject","inLanguage":"bs-BA","@id":"https:\/\/tuzlainfo.ba\/#\/schema\/person\/image\/","url":"https:\/\/tuzlainfo.ba\/wp-content\/litespeed\/avatar\/b6c453a6c38e3654f2e4416c643fc25c.jpg?ver=1777051911","contentUrl":"https:\/\/tuzlainfo.ba\/wp-content\/litespeed\/avatar\/b6c453a6c38e3654f2e4416c643fc25c.jpg?ver=1777051911","caption":"Tuzla Info"}}]}},"_links":{"self":[{"href":"https:\/\/tuzlainfo.ba\/index.php\/wp-json\/wp\/v2\/posts\/164632"}],"collection":[{"href":"https:\/\/tuzlainfo.ba\/index.php\/wp-json\/wp\/v2\/posts"}],"about":[{"href":"https:\/\/tuzlainfo.ba\/index.php\/wp-json\/wp\/v2\/types\/post"}],"author":[{"embeddable":true,"href":"https:\/\/tuzlainfo.ba\/index.php\/wp-json\/wp\/v2\/users\/4"}],"replies":[{"embeddable":true,"href":"https:\/\/tuzlainfo.ba\/index.php\/wp-json\/wp\/v2\/comments?post=164632"}],"version-history":[{"count":0,"href":"https:\/\/tuzlainfo.ba\/index.php\/wp-json\/wp\/v2\/posts\/164632\/revisions"}],"wp:featuredmedia":[{"embeddable":true,"href":"https:\/\/tuzlainfo.ba\/index.php\/wp-json\/wp\/v2\/media\/164633"}],"wp:attachment":[{"href":"https:\/\/tuzlainfo.ba\/index.php\/wp-json\/wp\/v2\/media?parent=164632"}],"wp:term":[{"taxonomy":"category","embeddable":true,"href":"https:\/\/tuzlainfo.ba\/index.php\/wp-json\/wp\/v2\/categories?post=164632"},{"taxonomy":"post_tag","embeddable":true,"href":"https:\/\/tuzlainfo.ba\/index.php\/wp-json\/wp\/v2\/tags?post=164632"}],"curies":[{"name":"wp","href":"https:\/\/api.w.org\/{rel}","templated":true}]}}