{"id":164488,"date":"2022-02-21T14:44:28","date_gmt":"2022-02-21T13:44:28","guid":{"rendered":"https:\/\/tuzlainfo.ba\/?p=164488"},"modified":"2022-02-21T14:44:28","modified_gmt":"2022-02-21T13:44:28","slug":"grlic-radman-izbori-u-bih-u-ovakvim-uslovima-ce-destabilizirati-drzavu","status":"publish","type":"post","link":"https:\/\/tuzlainfo.ba\/index.php\/clanci\/sa-svih-strana\/item\/164488-grlic-radman-izbori-u-bih-u-ovakvim-uslovima-ce-destabilizirati-drzavu\/","title":{"rendered":"Grli\u0107-Radman: Izbori u BiH u ovakvim uslovima \u0107e destabilizirati dr\u017eavu"},"content":{"rendered":"<p>Ministar vanjskih poslova Republike Hrvatske Gordan Grli\u0107 Radman kazao je danas u Briselu da je situacija u Bosni i Hercegovini du\u017ee vrijeme u fokusu Vije\u0107a Evropske unije, a o njoj \u0107e se raspravljati i na dana\u0161njem sastanku ministara vanjskih poslova.<\/p>\n<p>Naglasio je da je postizanje dogovora o izmjenama Izbornog zakona BiH od velikog zna\u010daja kako bi Bosna i Hercegovina postala institucionalno funkcionalna i stabilna dr\u017eava.<\/p>\n<p>\u2013 Hrvatska \u0107e i dalje podr\u017eavati cjelovitost i teritorijalni integritet BiH, a podr\u017eavat \u0107emo i ono \u0161to donose hrvatska tijela, a to je Hrvatski narod sabor \u0161to je u interesu ravnopravne zastupljenosti i konstitutivnosti koju ostvaruju \u2013 dodao je \u0161ef hrvatske diplomatije.<\/p>\n<p>Ka\u017ee da \u0107e njihov anga\u017eman i\u0107i u tom smijeru da se osvijeste dr\u017eave \u010dlanice EU koliko je stabilnost, funkcionalnost i prosperitet BIH kao cjelovite dr\u017eave koja napreduje ka evropskom putu va\u017ena, i koliko je za postizanje toga va\u017ena izmjena Izbornog zakona koja \u0107e zadovoljiti sve strane.<\/p>\n<p>\u2013 Hrvatska ne mo\u017ee podr\u017eati kalendar izbora odnosno odr\u017eavanje izbora samo zbog izbora ukoliko se odr\u017ee po ovakvim uvjetima jer \u0107e oni nadalje destabilizirati dr\u017eavu i produbiti krizu \u2013 stava je Grli\u0107-Radman.<\/p>\n<p>Stoga, ka\u017ee, politi\u010dki lideri jo\u0161 uvijek imaju \u0161ansu te ih je pozvao kao i posrednike tih pregovora da ulo\u017ee sve politi\u010dke napore kako bi se postigao dogovor oko izmjene Izbornog zakona.<\/p>\n<p>Tvrdi da Hrvatska ima podr\u0161ku za to unutar Evropske unije, jer ka\u017ee da je svima u interesu stabilnost BiH, samo je potrebno jasno izraziti o \u010demu se radi u toj multinacionalnoj dr\u017eavi.<\/p>\n<p>\u2013 Ovaj problem nije od ju\u010der, a sada imamo situaciju da je hrvatski \u010dlan Predsjedni\u0161tva izabran ne voljom Hrvata nego voljom ve\u0107inskog naroda koji mora pokazati vi\u0161e razumijevanja za najmalobrojniji narod u BiH \u2013 zaklju\u010dio je ministar vanjskih poslova Hrvatske Gordan Grli\u0107-Radman.<\/p>\n","protected":false},"excerpt":{"rendered":"<p>Ministar vanjskih poslova Republike Hrvatske Gordan Grli\u0107 Radman kazao je danas u Briselu da je&hellip;<\/p>\n","protected":false},"author":4,"featured_media":142749,"comment_status":"open","ping_status":"closed","sticky":false,"template":"","format":"standard","meta":{"_acf_changed":false,"footnotes":""},"categories":[16],"tags":[2043],"acf":[],"yoast_head":"<!-- This site is optimized with the Yoast SEO plugin v23.5 - https:\/\/yoast.com\/wordpress\/plugins\/seo\/ -->\n<title>Grli\u0107-Radman: Izbori u BiH u ovakvim uslovima \u0107e destabilizirati dr\u017eavu - TuzlaInfo.ba<\/title>\n<meta name=\"robots\" content=\"index, follow, max-snippet:-1, max-image-preview:large, max-video-preview:-1\" \/>\n<link rel=\"canonical\" href=\"https:\/\/tuzlainfo.ba\/index.php\/clanci\/sa-svih-strana\/item\/164488-grlic-radman-izbori-u-bih-u-ovakvim-uslovima-ce-destabilizirati-drzavu\/\" \/>\n<meta property=\"og:locale\" content=\"bs_BA\" \/>\n<meta property=\"og:type\" content=\"article\" \/>\n<meta property=\"og:title\" content=\"Grli\u0107-Radman: Izbori u BiH u ovakvim uslovima \u0107e destabilizirati dr\u017eavu - TuzlaInfo.ba\" \/>\n<meta property=\"og:description\" content=\"Ministar vanjskih poslova Republike Hrvatske Gordan Grli\u0107 Radman kazao je danas u Briselu da je&hellip;\" \/>\n<meta property=\"og:url\" content=\"https:\/\/tuzlainfo.ba\/index.php\/clanci\/sa-svih-strana\/item\/164488-grlic-radman-izbori-u-bih-u-ovakvim-uslovima-ce-destabilizirati-drzavu\/\" \/>\n<meta property=\"og:site_name\" content=\"TuzlaInfo.ba\" \/>\n<meta property=\"article:publisher\" content=\"https:\/\/www.facebook.com\/tuzlainfo.ba\/\" \/>\n<meta property=\"article:published_time\" content=\"2022-02-21T13:44:28+00:00\" \/>\n<meta property=\"og:image\" content=\"https:\/\/tuzlainfo.ba\/wp-content\/uploads\/2021\/07\/2307_grlic-radman.jpg\" \/>\n\t<meta property=\"og:image:width\" content=\"864\" \/>\n\t<meta property=\"og:image:height\" content=\"486\" \/>\n\t<meta property=\"og:image:type\" content=\"image\/jpeg\" \/>\n<meta name=\"author\" content=\"Tuzla Info\" \/>\n<meta name=\"twitter:card\" content=\"summary_large_image\" \/>\n<meta name=\"twitter:label1\" content=\"Written by\" \/>\n\t<meta name=\"twitter:data1\" content=\"Tuzla Info\" \/>\n\t<meta name=\"twitter:label2\" content=\"Est. reading time\" \/>\n\t<meta name=\"twitter:data2\" content=\"2 minute\" \/>\n<script type=\"application\/ld+json\" class=\"yoast-schema-graph\">{\"@context\":\"https:\/\/schema.org\",\"@graph\":[{\"@type\":\"Article\",\"@id\":\"https:\/\/tuzlainfo.ba\/index.php\/clanci\/sa-svih-strana\/item\/164488-grlic-radman-izbori-u-bih-u-ovakvim-uslovima-ce-destabilizirati-drzavu\/#article\",\"isPartOf\":{\"@id\":\"https:\/\/tuzlainfo.ba\/index.php\/clanci\/sa-svih-strana\/item\/164488-grlic-radman-izbori-u-bih-u-ovakvim-uslovima-ce-destabilizirati-drzavu\/\"},\"author\":{\"name\":\"Tuzla Info\",\"@id\":\"https:\/\/tuzlainfo.ba\/#\/schema\/person\/46cad4c57790cbc50781edd14870825a\"},\"headline\":\"Grli\u0107-Radman: Izbori u BiH u ovakvim uslovima \u0107e destabilizirati dr\u017eavu\",\"datePublished\":\"2022-02-21T13:44:28+00:00\",\"dateModified\":\"2022-02-21T13:44:28+00:00\",\"mainEntityOfPage\":{\"@id\":\"https:\/\/tuzlainfo.ba\/index.php\/clanci\/sa-svih-strana\/item\/164488-grlic-radman-izbori-u-bih-u-ovakvim-uslovima-ce-destabilizirati-drzavu\/\"},\"wordCount\":329,\"commentCount\":0,\"publisher\":{\"@id\":\"https:\/\/tuzlainfo.ba\/#organization\"},\"image\":{\"@id\":\"https:\/\/tuzlainfo.ba\/index.php\/clanci\/sa-svih-strana\/item\/164488-grlic-radman-izbori-u-bih-u-ovakvim-uslovima-ce-destabilizirati-drzavu\/#primaryimage\"},\"thumbnailUrl\":\"https:\/\/tuzlainfo.ba\/wp-content\/uploads\/2021\/07\/2307_grlic-radman.jpg\",\"keywords\":[\"grli\u0107-radman\"],\"articleSection\":[\"Sa svih strana\"],\"inLanguage\":\"bs-BA\"},{\"@type\":\"WebPage\",\"@id\":\"https:\/\/tuzlainfo.ba\/index.php\/clanci\/sa-svih-strana\/item\/164488-grlic-radman-izbori-u-bih-u-ovakvim-uslovima-ce-destabilizirati-drzavu\/\",\"url\":\"https:\/\/tuzlainfo.ba\/index.php\/clanci\/sa-svih-strana\/item\/164488-grlic-radman-izbori-u-bih-u-ovakvim-uslovima-ce-destabilizirati-drzavu\/\",\"name\":\"Grli\u0107-Radman: Izbori u BiH u ovakvim uslovima \u0107e destabilizirati dr\u017eavu - TuzlaInfo.ba\",\"isPartOf\":{\"@id\":\"https:\/\/tuzlainfo.ba\/#website\"},\"primaryImageOfPage\":{\"@id\":\"https:\/\/tuzlainfo.ba\/index.php\/clanci\/sa-svih-strana\/item\/164488-grlic-radman-izbori-u-bih-u-ovakvim-uslovima-ce-destabilizirati-drzavu\/#primaryimage\"},\"image\":{\"@id\":\"https:\/\/tuzlainfo.ba\/index.php\/clanci\/sa-svih-strana\/item\/164488-grlic-radman-izbori-u-bih-u-ovakvim-uslovima-ce-destabilizirati-drzavu\/#primaryimage\"},\"thumbnailUrl\":\"https:\/\/tuzlainfo.ba\/wp-content\/uploads\/2021\/07\/2307_grlic-radman.jpg\",\"datePublished\":\"2022-02-21T13:44:28+00:00\",\"dateModified\":\"2022-02-21T13:44:28+00:00\",\"breadcrumb\":{\"@id\":\"https:\/\/tuzlainfo.ba\/index.php\/clanci\/sa-svih-strana\/item\/164488-grlic-radman-izbori-u-bih-u-ovakvim-uslovima-ce-destabilizirati-drzavu\/#breadcrumb\"},\"inLanguage\":\"bs-BA\",\"potentialAction\":[{\"@type\":\"ReadAction\",\"target\":[\"https:\/\/tuzlainfo.ba\/index.php\/clanci\/sa-svih-strana\/item\/164488-grlic-radman-izbori-u-bih-u-ovakvim-uslovima-ce-destabilizirati-drzavu\/\"]}]},{\"@type\":\"ImageObject\",\"inLanguage\":\"bs-BA\",\"@id\":\"https:\/\/tuzlainfo.ba\/index.php\/clanci\/sa-svih-strana\/item\/164488-grlic-radman-izbori-u-bih-u-ovakvim-uslovima-ce-destabilizirati-drzavu\/#primaryimage\",\"url\":\"https:\/\/tuzlainfo.ba\/wp-content\/uploads\/2021\/07\/2307_grlic-radman.jpg\",\"contentUrl\":\"https:\/\/tuzlainfo.ba\/wp-content\/uploads\/2021\/07\/2307_grlic-radman.jpg\",\"width\":864,\"height\":486},{\"@type\":\"BreadcrumbList\",\"@id\":\"https:\/\/tuzlainfo.ba\/index.php\/clanci\/sa-svih-strana\/item\/164488-grlic-radman-izbori-u-bih-u-ovakvim-uslovima-ce-destabilizirati-drzavu\/#breadcrumb\",\"itemListElement\":[{\"@type\":\"ListItem\",\"position\":1,\"name\":\"Home\",\"item\":\"https:\/\/tuzlainfo.ba\/\"},{\"@type\":\"ListItem\",\"position\":2,\"name\":\"Grli\u0107-Radman: Izbori u BiH u ovakvim uslovima \u0107e destabilizirati dr\u017eavu\"}]},{\"@type\":\"WebSite\",\"@id\":\"https:\/\/tuzlainfo.ba\/#website\",\"url\":\"https:\/\/tuzlainfo.ba\/\",\"name\":\"TuzlaInfo.ba\",\"description\":\"Tuzla info, gradski informator - Tuzla na dlanu\",\"publisher\":{\"@id\":\"https:\/\/tuzlainfo.ba\/#organization\"},\"potentialAction\":[{\"@type\":\"SearchAction\",\"target\":{\"@type\":\"EntryPoint\",\"urlTemplate\":\"https:\/\/tuzlainfo.ba\/?s={search_term_string}\"},\"query-input\":{\"@type\":\"PropertyValueSpecification\",\"valueRequired\":true,\"valueName\":\"search_term_string\"}}],\"inLanguage\":\"bs-BA\"},{\"@type\":\"Organization\",\"@id\":\"https:\/\/tuzlainfo.ba\/#organization\",\"name\":\"TuzlaInfo.ba\",\"url\":\"https:\/\/tuzlainfo.ba\/\",\"logo\":{\"@type\":\"ImageObject\",\"inLanguage\":\"bs-BA\",\"@id\":\"https:\/\/tuzlainfo.ba\/#\/schema\/logo\/image\/\",\"url\":\"https:\/\/tuzlainfo.ba\/wp-content\/uploads\/2021\/03\/logo-ver-3-1.png\",\"contentUrl\":\"https:\/\/tuzlainfo.ba\/wp-content\/uploads\/2021\/03\/logo-ver-3-1.png\",\"width\":350,\"height\":95,\"caption\":\"TuzlaInfo.ba\"},\"image\":{\"@id\":\"https:\/\/tuzlainfo.ba\/#\/schema\/logo\/image\/\"},\"sameAs\":[\"https:\/\/www.facebook.com\/tuzlainfo.ba\/\"]},{\"@type\":\"Person\",\"@id\":\"https:\/\/tuzlainfo.ba\/#\/schema\/person\/46cad4c57790cbc50781edd14870825a\",\"name\":\"Tuzla Info\",\"image\":{\"@type\":\"ImageObject\",\"inLanguage\":\"bs-BA\",\"@id\":\"https:\/\/tuzlainfo.ba\/#\/schema\/person\/image\/\",\"url\":\"https:\/\/tuzlainfo.ba\/wp-content\/litespeed\/avatar\/b6c453a6c38e3654f2e4416c643fc25c.jpg?ver=1777051911\",\"contentUrl\":\"https:\/\/tuzlainfo.ba\/wp-content\/litespeed\/avatar\/b6c453a6c38e3654f2e4416c643fc25c.jpg?ver=1777051911\",\"caption\":\"Tuzla Info\"}}]}<\/script>\n<!-- \/ Yoast SEO plugin. -->","yoast_head_json":{"title":"Grli\u0107-Radman: Izbori u BiH u ovakvim uslovima \u0107e destabilizirati dr\u017eavu - TuzlaInfo.ba","robots":{"index":"index","follow":"follow","max-snippet":"max-snippet:-1","max-image-preview":"max-image-preview:large","max-video-preview":"max-video-preview:-1"},"canonical":"https:\/\/tuzlainfo.ba\/index.php\/clanci\/sa-svih-strana\/item\/164488-grlic-radman-izbori-u-bih-u-ovakvim-uslovima-ce-destabilizirati-drzavu\/","og_locale":"bs_BA","og_type":"article","og_title":"Grli\u0107-Radman: Izbori u BiH u ovakvim uslovima \u0107e destabilizirati dr\u017eavu - TuzlaInfo.ba","og_description":"Ministar vanjskih poslova Republike Hrvatske Gordan Grli\u0107 Radman kazao je danas u Briselu da je&hellip;","og_url":"https:\/\/tuzlainfo.ba\/index.php\/clanci\/sa-svih-strana\/item\/164488-grlic-radman-izbori-u-bih-u-ovakvim-uslovima-ce-destabilizirati-drzavu\/","og_site_name":"TuzlaInfo.ba","article_publisher":"https:\/\/www.facebook.com\/tuzlainfo.ba\/","article_published_time":"2022-02-21T13:44:28+00:00","og_image":[{"width":864,"height":486,"url":"https:\/\/tuzlainfo.ba\/wp-content\/uploads\/2021\/07\/2307_grlic-radman.jpg","type":"image\/jpeg"}],"author":"Tuzla Info","twitter_card":"summary_large_image","twitter_misc":{"Written by":"Tuzla Info","Est. reading time":"2 minute"},"schema":{"@context":"https:\/\/schema.org","@graph":[{"@type":"Article","@id":"https:\/\/tuzlainfo.ba\/index.php\/clanci\/sa-svih-strana\/item\/164488-grlic-radman-izbori-u-bih-u-ovakvim-uslovima-ce-destabilizirati-drzavu\/#article","isPartOf":{"@id":"https:\/\/tuzlainfo.ba\/index.php\/clanci\/sa-svih-strana\/item\/164488-grlic-radman-izbori-u-bih-u-ovakvim-uslovima-ce-destabilizirati-drzavu\/"},"author":{"name":"Tuzla Info","@id":"https:\/\/tuzlainfo.ba\/#\/schema\/person\/46cad4c57790cbc50781edd14870825a"},"headline":"Grli\u0107-Radman: Izbori u BiH u ovakvim uslovima \u0107e destabilizirati dr\u017eavu","datePublished":"2022-02-21T13:44:28+00:00","dateModified":"2022-02-21T13:44:28+00:00","mainEntityOfPage":{"@id":"https:\/\/tuzlainfo.ba\/index.php\/clanci\/sa-svih-strana\/item\/164488-grlic-radman-izbori-u-bih-u-ovakvim-uslovima-ce-destabilizirati-drzavu\/"},"wordCount":329,"commentCount":0,"publisher":{"@id":"https:\/\/tuzlainfo.ba\/#organization"},"image":{"@id":"https:\/\/tuzlainfo.ba\/index.php\/clanci\/sa-svih-strana\/item\/164488-grlic-radman-izbori-u-bih-u-ovakvim-uslovima-ce-destabilizirati-drzavu\/#primaryimage"},"thumbnailUrl":"https:\/\/tuzlainfo.ba\/wp-content\/uploads\/2021\/07\/2307_grlic-radman.jpg","keywords":["grli\u0107-radman"],"articleSection":["Sa svih strana"],"inLanguage":"bs-BA"},{"@type":"WebPage","@id":"https:\/\/tuzlainfo.ba\/index.php\/clanci\/sa-svih-strana\/item\/164488-grlic-radman-izbori-u-bih-u-ovakvim-uslovima-ce-destabilizirati-drzavu\/","url":"https:\/\/tuzlainfo.ba\/index.php\/clanci\/sa-svih-strana\/item\/164488-grlic-radman-izbori-u-bih-u-ovakvim-uslovima-ce-destabilizirati-drzavu\/","name":"Grli\u0107-Radman: Izbori u BiH u ovakvim uslovima \u0107e destabilizirati dr\u017eavu - TuzlaInfo.ba","isPartOf":{"@id":"https:\/\/tuzlainfo.ba\/#website"},"primaryImageOfPage":{"@id":"https:\/\/tuzlainfo.ba\/index.php\/clanci\/sa-svih-strana\/item\/164488-grlic-radman-izbori-u-bih-u-ovakvim-uslovima-ce-destabilizirati-drzavu\/#primaryimage"},"image":{"@id":"https:\/\/tuzlainfo.ba\/index.php\/clanci\/sa-svih-strana\/item\/164488-grlic-radman-izbori-u-bih-u-ovakvim-uslovima-ce-destabilizirati-drzavu\/#primaryimage"},"thumbnailUrl":"https:\/\/tuzlainfo.ba\/wp-content\/uploads\/2021\/07\/2307_grlic-radman.jpg","datePublished":"2022-02-21T13:44:28+00:00","dateModified":"2022-02-21T13:44:28+00:00","breadcrumb":{"@id":"https:\/\/tuzlainfo.ba\/index.php\/clanci\/sa-svih-strana\/item\/164488-grlic-radman-izbori-u-bih-u-ovakvim-uslovima-ce-destabilizirati-drzavu\/#breadcrumb"},"inLanguage":"bs-BA","potentialAction":[{"@type":"ReadAction","target":["https:\/\/tuzlainfo.ba\/index.php\/clanci\/sa-svih-strana\/item\/164488-grlic-radman-izbori-u-bih-u-ovakvim-uslovima-ce-destabilizirati-drzavu\/"]}]},{"@type":"ImageObject","inLanguage":"bs-BA","@id":"https:\/\/tuzlainfo.ba\/index.php\/clanci\/sa-svih-strana\/item\/164488-grlic-radman-izbori-u-bih-u-ovakvim-uslovima-ce-destabilizirati-drzavu\/#primaryimage","url":"https:\/\/tuzlainfo.ba\/wp-content\/uploads\/2021\/07\/2307_grlic-radman.jpg","contentUrl":"https:\/\/tuzlainfo.ba\/wp-content\/uploads\/2021\/07\/2307_grlic-radman.jpg","width":864,"height":486},{"@type":"BreadcrumbList","@id":"https:\/\/tuzlainfo.ba\/index.php\/clanci\/sa-svih-strana\/item\/164488-grlic-radman-izbori-u-bih-u-ovakvim-uslovima-ce-destabilizirati-drzavu\/#breadcrumb","itemListElement":[{"@type":"ListItem","position":1,"name":"Home","item":"https:\/\/tuzlainfo.ba\/"},{"@type":"ListItem","position":2,"name":"Grli\u0107-Radman: Izbori u BiH u ovakvim uslovima \u0107e destabilizirati dr\u017eavu"}]},{"@type":"WebSite","@id":"https:\/\/tuzlainfo.ba\/#website","url":"https:\/\/tuzlainfo.ba\/","name":"TuzlaInfo.ba","description":"Tuzla info, gradski informator - Tuzla na dlanu","publisher":{"@id":"https:\/\/tuzlainfo.ba\/#organization"},"potentialAction":[{"@type":"SearchAction","target":{"@type":"EntryPoint","urlTemplate":"https:\/\/tuzlainfo.ba\/?s={search_term_string}"},"query-input":{"@type":"PropertyValueSpecification","valueRequired":true,"valueName":"search_term_string"}}],"inLanguage":"bs-BA"},{"@type":"Organization","@id":"https:\/\/tuzlainfo.ba\/#organization","name":"TuzlaInfo.ba","url":"https:\/\/tuzlainfo.ba\/","logo":{"@type":"ImageObject","inLanguage":"bs-BA","@id":"https:\/\/tuzlainfo.ba\/#\/schema\/logo\/image\/","url":"https:\/\/tuzlainfo.ba\/wp-content\/uploads\/2021\/03\/logo-ver-3-1.png","contentUrl":"https:\/\/tuzlainfo.ba\/wp-content\/uploads\/2021\/03\/logo-ver-3-1.png","width":350,"height":95,"caption":"TuzlaInfo.ba"},"image":{"@id":"https:\/\/tuzlainfo.ba\/#\/schema\/logo\/image\/"},"sameAs":["https:\/\/www.facebook.com\/tuzlainfo.ba\/"]},{"@type":"Person","@id":"https:\/\/tuzlainfo.ba\/#\/schema\/person\/46cad4c57790cbc50781edd14870825a","name":"Tuzla Info","image":{"@type":"ImageObject","inLanguage":"bs-BA","@id":"https:\/\/tuzlainfo.ba\/#\/schema\/person\/image\/","url":"https:\/\/tuzlainfo.ba\/wp-content\/litespeed\/avatar\/b6c453a6c38e3654f2e4416c643fc25c.jpg?ver=1777051911","contentUrl":"https:\/\/tuzlainfo.ba\/wp-content\/litespeed\/avatar\/b6c453a6c38e3654f2e4416c643fc25c.jpg?ver=1777051911","caption":"Tuzla Info"}}]}},"_links":{"self":[{"href":"https:\/\/tuzlainfo.ba\/index.php\/wp-json\/wp\/v2\/posts\/164488"}],"collection":[{"href":"https:\/\/tuzlainfo.ba\/index.php\/wp-json\/wp\/v2\/posts"}],"about":[{"href":"https:\/\/tuzlainfo.ba\/index.php\/wp-json\/wp\/v2\/types\/post"}],"author":[{"embeddable":true,"href":"https:\/\/tuzlainfo.ba\/index.php\/wp-json\/wp\/v2\/users\/4"}],"replies":[{"embeddable":true,"href":"https:\/\/tuzlainfo.ba\/index.php\/wp-json\/wp\/v2\/comments?post=164488"}],"version-history":[{"count":0,"href":"https:\/\/tuzlainfo.ba\/index.php\/wp-json\/wp\/v2\/posts\/164488\/revisions"}],"wp:featuredmedia":[{"embeddable":true,"href":"https:\/\/tuzlainfo.ba\/index.php\/wp-json\/wp\/v2\/media\/142749"}],"wp:attachment":[{"href":"https:\/\/tuzlainfo.ba\/index.php\/wp-json\/wp\/v2\/media?parent=164488"}],"wp:term":[{"taxonomy":"category","embeddable":true,"href":"https:\/\/tuzlainfo.ba\/index.php\/wp-json\/wp\/v2\/categories?post=164488"},{"taxonomy":"post_tag","embeddable":true,"href":"https:\/\/tuzlainfo.ba\/index.php\/wp-json\/wp\/v2\/tags?post=164488"}],"curies":[{"name":"wp","href":"https:\/\/api.w.org\/{rel}","templated":true}]}}