{"id":164148,"date":"2022-02-17T22:06:36","date_gmt":"2022-02-17T21:06:36","guid":{"rendered":"https:\/\/tuzlainfo.ba\/?p=164148"},"modified":"2022-02-17T22:17:45","modified_gmt":"2022-02-17T21:17:45","slug":"nagradjeni-najbolji-radovi-foto-kino-kluba-tuzla-predstavio-svoju-16-klupsku-izlozbu","status":"publish","type":"post","link":"https:\/\/tuzlainfo.ba\/index.php\/novosti\/item\/164148-nagradjeni-najbolji-radovi-foto-kino-kluba-tuzla-predstavio-svoju-16-klupsku-izlozbu\/","title":{"rendered":"Nagra\u0111eni najbolji radovi: Foto kino kluba Tuzla predstavio svoju &#8220;16. klupsku izlo\u017ebu&#8221;"},"content":{"rendered":"<p>U Bosanskom kulturnom centru TK u Tuzli ve\u010deras je otvorena 16. klupska izlo\u017eba Foto kino kluba Tuzla. Na izlo\u017ebi je prikazano 47 fotografija od kojih je devet nagra\u0111eno i pohvaljeno, a izlo\u017ebu je otvorio Zlatko Duki\u0107.<\/p>\n<p>Stru\u010dni \u017eiri za odabir najboljih fotografija na izlo\u017ebi \u010dinili su: Barbara Schmidt, GMPSA, EFIAP\/s , Njema\u010dka, Drago Metljak, KMF FZS, EFIAP\/b , Slovenija i Samir Zahirovi\u0107, KMF AUFBiH, EFIAP\/b, Bosna i Hercegovina, dok su za postavku izlo\u017ebe bili zadu\u017eeni Ahmet Huki\u0107, Samir Zahirovi\u0107 i Samir Mujaki\u0107.<\/p>\n<p>Najuspje\u0161niji autor umjetni\u010dke fotografije po izboru \u017eirija je Edmond Ibrahimi iz Tuzle, koji je osvojio prvu nagradu.<\/p>\n<p>Edmond, kako nam je kazao, veliki interes i ljubav prema magi\u010dnosti fotografije njeguje od 2009. godine. Njegove fotografija \u010desto krase i \u010dlanke na portalu Tuzlainfo.ba, a 2013. godine u\u010dlanjuje se u Foto kino klub Tuzla i stru\u010dno obrazuje kroz edukativne procese koje je vodio kandidat majstora fotografije Roberta Andreja\u0161a.<\/p>\n<div id=\"penci-post-gallery__33437\" class=\"penci-post-gallery-container masonry grid column-3\" data-height=\"150\" data-margin=\"3\"><div class=\"inner-gallery-masonry-container\"><div class=\"item-gallery-masonry grid\"><a class=\"\" href=\"https:\/\/tuzlainfo.ba\/wp-content\/uploads\/2022\/02\/Fotokino_klub_izlozba-1.jpg\"><div class=\"inner-item-masonry-gallery\"><img decoding=\"async\" src=\"https:\/\/tuzlainfo.ba\/wp-content\/uploads\/2022\/02\/Fotokino_klub_izlozba-1-585x390.jpg\" alt=\"\" title=\"Fotokino_klub_izlozba (1)\"><\/div><\/a><\/div><div class=\"item-gallery-masonry grid\"><a class=\"\" href=\"https:\/\/tuzlainfo.ba\/wp-content\/uploads\/2022\/02\/Fotokino_klub_izlozba-2.jpg\"><div class=\"inner-item-masonry-gallery\"><img decoding=\"async\" src=\"https:\/\/tuzlainfo.ba\/wp-content\/uploads\/2022\/02\/Fotokino_klub_izlozba-2-585x390.jpg\" alt=\"\" title=\"Fotokino_klub_izlozba (2)\"><\/div><\/a><\/div><div class=\"item-gallery-masonry grid\"><a class=\"\" href=\"https:\/\/tuzlainfo.ba\/wp-content\/uploads\/2022\/02\/Fotokino_klub_izlozba-3.jpg\"><div class=\"inner-item-masonry-gallery\"><img decoding=\"async\" src=\"https:\/\/tuzlainfo.ba\/wp-content\/uploads\/2022\/02\/Fotokino_klub_izlozba-3-585x390.jpg\" alt=\"\" title=\"Fotokino_klub_izlozba (3)\"><\/div><\/a><\/div><div class=\"item-gallery-masonry grid\"><a class=\"\" href=\"https:\/\/tuzlainfo.ba\/wp-content\/uploads\/2022\/02\/Fotokino_klub_izlozba-4.jpg\"><div class=\"inner-item-masonry-gallery\"><img decoding=\"async\" src=\"https:\/\/tuzlainfo.ba\/wp-content\/uploads\/2022\/02\/Fotokino_klub_izlozba-4-585x390.jpg\" alt=\"\" title=\"Fotokino_klub_izlozba (4)\"><\/div><\/a><\/div><div class=\"item-gallery-masonry grid\"><a class=\"\" href=\"https:\/\/tuzlainfo.ba\/wp-content\/uploads\/2022\/02\/Fotokino_klub_izlozba-5.jpg\"><div class=\"inner-item-masonry-gallery\"><img decoding=\"async\" src=\"https:\/\/tuzlainfo.ba\/wp-content\/uploads\/2022\/02\/Fotokino_klub_izlozba-5-585x390.jpg\" alt=\"\" title=\"Fotokino_klub_izlozba (5)\"><\/div><\/a><\/div><div class=\"item-gallery-masonry grid\"><a class=\"\" href=\"https:\/\/tuzlainfo.ba\/wp-content\/uploads\/2022\/02\/Fotokino_klub_izlozba-6.jpg\"><div class=\"inner-item-masonry-gallery\"><img decoding=\"async\" src=\"https:\/\/tuzlainfo.ba\/wp-content\/uploads\/2022\/02\/Fotokino_klub_izlozba-6-585x390.jpg\" alt=\"\" title=\"Fotokino_klub_izlozba (6)\"><\/div><\/a><\/div><div class=\"item-gallery-masonry grid\"><a class=\"\" href=\"https:\/\/tuzlainfo.ba\/wp-content\/uploads\/2022\/02\/Fotokino_klub_izlozba-8.jpg\"><div class=\"inner-item-masonry-gallery\"><img decoding=\"async\" src=\"https:\/\/tuzlainfo.ba\/wp-content\/uploads\/2022\/02\/Fotokino_klub_izlozba-8-585x390.jpg\" alt=\"\" title=\"Fotokino_klub_izlozba (8)\"><\/div><\/a><\/div><div class=\"item-gallery-masonry grid\"><a class=\"\" href=\"https:\/\/tuzlainfo.ba\/wp-content\/uploads\/2022\/02\/Fotokino_klub_izlozba-7.jpg\"><div class=\"inner-item-masonry-gallery\"><img decoding=\"async\" src=\"https:\/\/tuzlainfo.ba\/wp-content\/uploads\/2022\/02\/Fotokino_klub_izlozba-7-585x390.jpg\" alt=\"\" title=\"Fotokino_klub_izlozba (7)\"><\/div><\/a><\/div><div class=\"item-gallery-masonry grid\"><a class=\"\" href=\"https:\/\/tuzlainfo.ba\/wp-content\/uploads\/2022\/02\/Fotokino_klub_izlozba-9.jpg\"><div class=\"inner-item-masonry-gallery\"><img decoding=\"async\" src=\"https:\/\/tuzlainfo.ba\/wp-content\/uploads\/2022\/02\/Fotokino_klub_izlozba-9-585x390.jpg\" alt=\"\" title=\"Fotokino_klub_izlozba (9)\"><\/div><\/a><\/div><div class=\"item-gallery-masonry grid\"><a class=\"\" href=\"https:\/\/tuzlainfo.ba\/wp-content\/uploads\/2022\/02\/Fotokino_klub_izlozba-10.jpg\"><div class=\"inner-item-masonry-gallery\"><img decoding=\"async\" src=\"https:\/\/tuzlainfo.ba\/wp-content\/uploads\/2022\/02\/Fotokino_klub_izlozba-10-585x390.jpg\" alt=\"\" title=\"Fotokino_klub_izlozba (10)\"><\/div><\/a><\/div><div class=\"item-gallery-masonry grid\"><a class=\"\" href=\"https:\/\/tuzlainfo.ba\/wp-content\/uploads\/2022\/02\/Fotokino_klub_izlozba-11.jpg\"><div class=\"inner-item-masonry-gallery\"><img decoding=\"async\" src=\"https:\/\/tuzlainfo.ba\/wp-content\/uploads\/2022\/02\/Fotokino_klub_izlozba-11-585x390.jpg\" alt=\"\" title=\"Fotokino_klub_izlozba (11)\"><\/div><\/a><\/div><div class=\"item-gallery-masonry grid\"><a class=\"\" href=\"https:\/\/tuzlainfo.ba\/wp-content\/uploads\/2022\/02\/Fotokino_klub_izlozba-12.jpg\"><div class=\"inner-item-masonry-gallery\"><img decoding=\"async\" src=\"https:\/\/tuzlainfo.ba\/wp-content\/uploads\/2022\/02\/Fotokino_klub_izlozba-12-585x390.jpg\" alt=\"\" title=\"Fotokino_klub_izlozba (12)\"><\/div><\/a><\/div><div class=\"item-gallery-masonry grid\"><a class=\"\" href=\"https:\/\/tuzlainfo.ba\/wp-content\/uploads\/2022\/02\/Fotokino_klub_izlozba-13.jpg\"><div class=\"inner-item-masonry-gallery\"><img decoding=\"async\" src=\"https:\/\/tuzlainfo.ba\/wp-content\/uploads\/2022\/02\/Fotokino_klub_izlozba-13-585x390.jpg\" alt=\"\" title=\"Fotokino_klub_izlozba (13)\"><\/div><\/a><\/div><div class=\"item-gallery-masonry grid\"><a class=\"\" href=\"https:\/\/tuzlainfo.ba\/wp-content\/uploads\/2022\/02\/Fotokino_klub_izlozba-14.jpg\"><div class=\"inner-item-masonry-gallery\"><img decoding=\"async\" src=\"https:\/\/tuzlainfo.ba\/wp-content\/uploads\/2022\/02\/Fotokino_klub_izlozba-14-585x390.jpg\" alt=\"\" title=\"Fotokino_klub_izlozba (14)\"><\/div><\/a><\/div><\/div><\/div>\n<p>&#8211; Do sada sam imao jednu samostalnu izlo\u017ebu, a uglavnom svoje radove izla\u017eem na zajedni\u010dkim izlo\u017ebama na\u0161ih \u010dlanova. Na ovoj izlo\u017ebi sam zastupljen sa \u010detiri fotografije, od koji je jedna, koja nasi naziv &#8220;Vili&#8221;, nagra\u0111ena prvim mjestom, \u0161to mi je zaista velika \u010dast i podstrek za dalji rad. Uglavnom fotografi\u0161em portrete ljudi, a najvi\u0161e se fokusiram na o\u010di i izraze lica. Pobjedni\u010dki portret prikazuje na\u0161eg Vilija, koji prodaje CD-ove u centru grada i dobro je poznat svima, rekao je Edmond za Tuzlainfo.ba.<\/p>\n<p>Druga nagrada pripala je Adnanu Ja\u0161arevi\u0107u za fotografiju &#8220;Koverta&#8221; i Hasanu Pu\u0161karu za fotografiju &#8220;Skrivene suze&#8221;, dok su tre\u0107enagra\u0111eni Luka Duspara za fotografiju &#8220;Leptir&#8221; i Nermin Smaji\u0107 za svoj rad &#8220;Lines&#8221;. Pohvaljeni su radovi Samira Mujaki\u0107a, Ahmeta Huki\u0107a i Andreja Bo\u017eanovi\u0107a.<\/p>\n<p>Vjerne publike, koja u\u017eiva u bh. umjetni\u010dkoj fotografiji, zbog epidemilo\u0161kih mjera, ove je godine bilo mnogo manje. To, me\u0111utim, nije umanjilo kvalitet izlo\u017ebe koja je i ove godine bila bez zadane teme.<\/p>\n<p>&#8211; U\u010destvovali su umjetnici fotografi, a ovo je ne\u0161to na \u0161to smo mi ponosni jer su tu i \u010dlanovi na\u0161eg Kluba i Tuzlaci koji, itekako, u\u017eivaju u fotografiji i prave kvalitetne fotografije, rekao je za Tuzlainfo.ba Ahmet Huki\u0107, predsjednik Foto kino kluba Tuzla.<\/p>\n<p>Izlo\u017eba se u Velikoj galeriji BKC-a u Tuzli mo\u017ee pogledati svakog radnog dana do kraja februara. <strong>\/S.P.\/<\/strong><\/p>\n<p><iframe title=\"Tuzla: 16. Klupska izlo\u017eba Foto kino kluba Tuzla\" width=\"1170\" height=\"658\" src=\"https:\/\/www.youtube.com\/embed\/SnI-yexPV1A?feature=oembed\" frameborder=\"0\" allow=\"accelerometer; autoplay; clipboard-write; encrypted-media; gyroscope; picture-in-picture\" allowfullscreen><\/iframe><\/p>\n","protected":false},"excerpt":{"rendered":"<p>U Bosanskom kulturnom centru TK u Tuzli ve\u010deras je otvorena 16. klupska izlo\u017eba Foto kino&hellip;<\/p>\n","protected":false},"author":2,"featured_media":164154,"comment_status":"open","ping_status":"closed","sticky":false,"template":"","format":"standard","meta":{"_acf_changed":false,"footnotes":""},"categories":[304,12,306],"tags":[524,742,4188,1036],"acf":[],"yoast_head":"<!-- This site is optimized with the Yoast SEO plugin v23.5 - https:\/\/yoast.com\/wordpress\/plugins\/seo\/ -->\n<title>Nagra\u0111eni najbolji radovi: Foto kino kluba Tuzla predstavio svoju &quot;16. klupsku izlo\u017ebu&quot; - TuzlaInfo.ba<\/title>\n<meta name=\"robots\" content=\"index, follow, max-snippet:-1, max-image-preview:large, max-video-preview:-1\" \/>\n<link rel=\"canonical\" href=\"https:\/\/tuzlainfo.ba\/index.php\/novosti\/item\/164148-nagradjeni-najbolji-radovi-foto-kino-kluba-tuzla-predstavio-svoju-16-klupsku-izlozbu\/\" \/>\n<meta property=\"og:locale\" content=\"bs_BA\" \/>\n<meta property=\"og:type\" content=\"article\" \/>\n<meta property=\"og:title\" content=\"Nagra\u0111eni najbolji radovi: Foto kino kluba Tuzla predstavio svoju &quot;16. klupsku izlo\u017ebu&quot; - TuzlaInfo.ba\" \/>\n<meta property=\"og:description\" content=\"U Bosanskom kulturnom centru TK u Tuzli ve\u010deras je otvorena 16. klupska izlo\u017eba Foto kino&hellip;\" \/>\n<meta property=\"og:url\" content=\"https:\/\/tuzlainfo.ba\/index.php\/novosti\/item\/164148-nagradjeni-najbolji-radovi-foto-kino-kluba-tuzla-predstavio-svoju-16-klupsku-izlozbu\/\" \/>\n<meta property=\"og:site_name\" content=\"TuzlaInfo.ba\" \/>\n<meta property=\"article:publisher\" content=\"https:\/\/www.facebook.com\/tuzlainfo.ba\/\" \/>\n<meta property=\"article:published_time\" content=\"2022-02-17T21:06:36+00:00\" \/>\n<meta property=\"article:modified_time\" content=\"2022-02-17T21:17:45+00:00\" \/>\n<meta property=\"og:image\" content=\"https:\/\/tuzlainfo.ba\/wp-content\/uploads\/2022\/02\/Fotokino_klub_izlozba-9.jpg\" \/>\n\t<meta property=\"og:image:width\" content=\"1000\" \/>\n\t<meta property=\"og:image:height\" content=\"666\" \/>\n\t<meta property=\"og:image:type\" content=\"image\/jpeg\" \/>\n<meta name=\"author\" content=\"nedim\" \/>\n<meta name=\"twitter:card\" content=\"summary_large_image\" \/>\n<meta name=\"twitter:label1\" content=\"Written by\" \/>\n\t<meta name=\"twitter:data1\" content=\"nedim\" \/>\n\t<meta name=\"twitter:label2\" content=\"Est. reading time\" \/>\n\t<meta name=\"twitter:data2\" content=\"2 minute\" \/>\n<script type=\"application\/ld+json\" class=\"yoast-schema-graph\">{\"@context\":\"https:\/\/schema.org\",\"@graph\":[{\"@type\":\"Article\",\"@id\":\"https:\/\/tuzlainfo.ba\/index.php\/novosti\/item\/164148-nagradjeni-najbolji-radovi-foto-kino-kluba-tuzla-predstavio-svoju-16-klupsku-izlozbu\/#article\",\"isPartOf\":{\"@id\":\"https:\/\/tuzlainfo.ba\/index.php\/novosti\/item\/164148-nagradjeni-najbolji-radovi-foto-kino-kluba-tuzla-predstavio-svoju-16-klupsku-izlozbu\/\"},\"author\":{\"name\":\"nedim\",\"@id\":\"https:\/\/tuzlainfo.ba\/#\/schema\/person\/f434e20dc27ea133923aab08451b7f7f\"},\"headline\":\"Nagra\u0111eni najbolji radovi: Foto kino kluba Tuzla predstavio svoju &#8220;16. klupsku izlo\u017ebu&#8221;\",\"datePublished\":\"2022-02-17T21:06:36+00:00\",\"dateModified\":\"2022-02-17T21:17:45+00:00\",\"mainEntityOfPage\":{\"@id\":\"https:\/\/tuzlainfo.ba\/index.php\/novosti\/item\/164148-nagradjeni-najbolji-radovi-foto-kino-kluba-tuzla-predstavio-svoju-16-klupsku-izlozbu\/\"},\"wordCount\":435,\"commentCount\":0,\"publisher\":{\"@id\":\"https:\/\/tuzlainfo.ba\/#organization\"},\"image\":{\"@id\":\"https:\/\/tuzlainfo.ba\/index.php\/novosti\/item\/164148-nagradjeni-najbolji-radovi-foto-kino-kluba-tuzla-predstavio-svoju-16-klupsku-izlozbu\/#primaryimage\"},\"thumbnailUrl\":\"https:\/\/tuzlainfo.ba\/wp-content\/uploads\/2022\/02\/Fotokino_klub_izlozba-9.jpg\",\"keywords\":[\"bkc tk\",\"bkc tuzla\",\"foto kino klub tuzla\",\"izlo\u017eba\"],\"articleSection\":[\"Istaknuto\",\"Novosti\",\"Preporu\u010dujemo\"],\"inLanguage\":\"bs-BA\"},{\"@type\":\"WebPage\",\"@id\":\"https:\/\/tuzlainfo.ba\/index.php\/novosti\/item\/164148-nagradjeni-najbolji-radovi-foto-kino-kluba-tuzla-predstavio-svoju-16-klupsku-izlozbu\/\",\"url\":\"https:\/\/tuzlainfo.ba\/index.php\/novosti\/item\/164148-nagradjeni-najbolji-radovi-foto-kino-kluba-tuzla-predstavio-svoju-16-klupsku-izlozbu\/\",\"name\":\"Nagra\u0111eni najbolji radovi: Foto kino kluba Tuzla predstavio svoju \\\"16. klupsku izlo\u017ebu\\\" - TuzlaInfo.ba\",\"isPartOf\":{\"@id\":\"https:\/\/tuzlainfo.ba\/#website\"},\"primaryImageOfPage\":{\"@id\":\"https:\/\/tuzlainfo.ba\/index.php\/novosti\/item\/164148-nagradjeni-najbolji-radovi-foto-kino-kluba-tuzla-predstavio-svoju-16-klupsku-izlozbu\/#primaryimage\"},\"image\":{\"@id\":\"https:\/\/tuzlainfo.ba\/index.php\/novosti\/item\/164148-nagradjeni-najbolji-radovi-foto-kino-kluba-tuzla-predstavio-svoju-16-klupsku-izlozbu\/#primaryimage\"},\"thumbnailUrl\":\"https:\/\/tuzlainfo.ba\/wp-content\/uploads\/2022\/02\/Fotokino_klub_izlozba-9.jpg\",\"datePublished\":\"2022-02-17T21:06:36+00:00\",\"dateModified\":\"2022-02-17T21:17:45+00:00\",\"breadcrumb\":{\"@id\":\"https:\/\/tuzlainfo.ba\/index.php\/novosti\/item\/164148-nagradjeni-najbolji-radovi-foto-kino-kluba-tuzla-predstavio-svoju-16-klupsku-izlozbu\/#breadcrumb\"},\"inLanguage\":\"bs-BA\",\"potentialAction\":[{\"@type\":\"ReadAction\",\"target\":[\"https:\/\/tuzlainfo.ba\/index.php\/novosti\/item\/164148-nagradjeni-najbolji-radovi-foto-kino-kluba-tuzla-predstavio-svoju-16-klupsku-izlozbu\/\"]}]},{\"@type\":\"ImageObject\",\"inLanguage\":\"bs-BA\",\"@id\":\"https:\/\/tuzlainfo.ba\/index.php\/novosti\/item\/164148-nagradjeni-najbolji-radovi-foto-kino-kluba-tuzla-predstavio-svoju-16-klupsku-izlozbu\/#primaryimage\",\"url\":\"https:\/\/tuzlainfo.ba\/wp-content\/uploads\/2022\/02\/Fotokino_klub_izlozba-9.jpg\",\"contentUrl\":\"https:\/\/tuzlainfo.ba\/wp-content\/uploads\/2022\/02\/Fotokino_klub_izlozba-9.jpg\",\"width\":1000,\"height\":666},{\"@type\":\"BreadcrumbList\",\"@id\":\"https:\/\/tuzlainfo.ba\/index.php\/novosti\/item\/164148-nagradjeni-najbolji-radovi-foto-kino-kluba-tuzla-predstavio-svoju-16-klupsku-izlozbu\/#breadcrumb\",\"itemListElement\":[{\"@type\":\"ListItem\",\"position\":1,\"name\":\"Home\",\"item\":\"https:\/\/tuzlainfo.ba\/\"},{\"@type\":\"ListItem\",\"position\":2,\"name\":\"Nagra\u0111eni najbolji radovi: Foto kino kluba Tuzla predstavio svoju &#8220;16. klupsku izlo\u017ebu&#8221;\"}]},{\"@type\":\"WebSite\",\"@id\":\"https:\/\/tuzlainfo.ba\/#website\",\"url\":\"https:\/\/tuzlainfo.ba\/\",\"name\":\"TuzlaInfo.ba\",\"description\":\"Tuzla info, gradski informator - Tuzla na dlanu\",\"publisher\":{\"@id\":\"https:\/\/tuzlainfo.ba\/#organization\"},\"potentialAction\":[{\"@type\":\"SearchAction\",\"target\":{\"@type\":\"EntryPoint\",\"urlTemplate\":\"https:\/\/tuzlainfo.ba\/?s={search_term_string}\"},\"query-input\":{\"@type\":\"PropertyValueSpecification\",\"valueRequired\":true,\"valueName\":\"search_term_string\"}}],\"inLanguage\":\"bs-BA\"},{\"@type\":\"Organization\",\"@id\":\"https:\/\/tuzlainfo.ba\/#organization\",\"name\":\"TuzlaInfo.ba\",\"url\":\"https:\/\/tuzlainfo.ba\/\",\"logo\":{\"@type\":\"ImageObject\",\"inLanguage\":\"bs-BA\",\"@id\":\"https:\/\/tuzlainfo.ba\/#\/schema\/logo\/image\/\",\"url\":\"https:\/\/tuzlainfo.ba\/wp-content\/uploads\/2021\/03\/logo-ver-3-1.png\",\"contentUrl\":\"https:\/\/tuzlainfo.ba\/wp-content\/uploads\/2021\/03\/logo-ver-3-1.png\",\"width\":350,\"height\":95,\"caption\":\"TuzlaInfo.ba\"},\"image\":{\"@id\":\"https:\/\/tuzlainfo.ba\/#\/schema\/logo\/image\/\"},\"sameAs\":[\"https:\/\/www.facebook.com\/tuzlainfo.ba\/\"]},{\"@type\":\"Person\",\"@id\":\"https:\/\/tuzlainfo.ba\/#\/schema\/person\/f434e20dc27ea133923aab08451b7f7f\",\"name\":\"nedim\",\"image\":{\"@type\":\"ImageObject\",\"inLanguage\":\"bs-BA\",\"@id\":\"https:\/\/tuzlainfo.ba\/#\/schema\/person\/image\/\",\"url\":\"https:\/\/tuzlainfo.ba\/wp-content\/litespeed\/avatar\/aabad687af24844af817603ac1cbdc4f.jpg?ver=1777306975\",\"contentUrl\":\"https:\/\/tuzlainfo.ba\/wp-content\/litespeed\/avatar\/aabad687af24844af817603ac1cbdc4f.jpg?ver=1777306975\",\"caption\":\"nedim\"},\"description\":\"Tuzlainfo.ba pratite na dru\u0161tvenim mre\u017eama: Facebook, Instagram i Youtube. Svoje pri\u010de, upite i fotografije \u0161aljite na na\u0161u e-mail adresu.\"}]}<\/script>\n<!-- \/ Yoast SEO plugin. -->","yoast_head_json":{"title":"Nagra\u0111eni najbolji radovi: Foto kino kluba Tuzla predstavio svoju \"16. klupsku izlo\u017ebu\" - TuzlaInfo.ba","robots":{"index":"index","follow":"follow","max-snippet":"max-snippet:-1","max-image-preview":"max-image-preview:large","max-video-preview":"max-video-preview:-1"},"canonical":"https:\/\/tuzlainfo.ba\/index.php\/novosti\/item\/164148-nagradjeni-najbolji-radovi-foto-kino-kluba-tuzla-predstavio-svoju-16-klupsku-izlozbu\/","og_locale":"bs_BA","og_type":"article","og_title":"Nagra\u0111eni najbolji radovi: Foto kino kluba Tuzla predstavio svoju \"16. klupsku izlo\u017ebu\" - TuzlaInfo.ba","og_description":"U Bosanskom kulturnom centru TK u Tuzli ve\u010deras je otvorena 16. klupska izlo\u017eba Foto kino&hellip;","og_url":"https:\/\/tuzlainfo.ba\/index.php\/novosti\/item\/164148-nagradjeni-najbolji-radovi-foto-kino-kluba-tuzla-predstavio-svoju-16-klupsku-izlozbu\/","og_site_name":"TuzlaInfo.ba","article_publisher":"https:\/\/www.facebook.com\/tuzlainfo.ba\/","article_published_time":"2022-02-17T21:06:36+00:00","article_modified_time":"2022-02-17T21:17:45+00:00","og_image":[{"width":1000,"height":666,"url":"https:\/\/tuzlainfo.ba\/wp-content\/uploads\/2022\/02\/Fotokino_klub_izlozba-9.jpg","type":"image\/jpeg"}],"author":"nedim","twitter_card":"summary_large_image","twitter_misc":{"Written by":"nedim","Est. reading time":"2 minute"},"schema":{"@context":"https:\/\/schema.org","@graph":[{"@type":"Article","@id":"https:\/\/tuzlainfo.ba\/index.php\/novosti\/item\/164148-nagradjeni-najbolji-radovi-foto-kino-kluba-tuzla-predstavio-svoju-16-klupsku-izlozbu\/#article","isPartOf":{"@id":"https:\/\/tuzlainfo.ba\/index.php\/novosti\/item\/164148-nagradjeni-najbolji-radovi-foto-kino-kluba-tuzla-predstavio-svoju-16-klupsku-izlozbu\/"},"author":{"name":"nedim","@id":"https:\/\/tuzlainfo.ba\/#\/schema\/person\/f434e20dc27ea133923aab08451b7f7f"},"headline":"Nagra\u0111eni najbolji radovi: Foto kino kluba Tuzla predstavio svoju &#8220;16. klupsku izlo\u017ebu&#8221;","datePublished":"2022-02-17T21:06:36+00:00","dateModified":"2022-02-17T21:17:45+00:00","mainEntityOfPage":{"@id":"https:\/\/tuzlainfo.ba\/index.php\/novosti\/item\/164148-nagradjeni-najbolji-radovi-foto-kino-kluba-tuzla-predstavio-svoju-16-klupsku-izlozbu\/"},"wordCount":435,"commentCount":0,"publisher":{"@id":"https:\/\/tuzlainfo.ba\/#organization"},"image":{"@id":"https:\/\/tuzlainfo.ba\/index.php\/novosti\/item\/164148-nagradjeni-najbolji-radovi-foto-kino-kluba-tuzla-predstavio-svoju-16-klupsku-izlozbu\/#primaryimage"},"thumbnailUrl":"https:\/\/tuzlainfo.ba\/wp-content\/uploads\/2022\/02\/Fotokino_klub_izlozba-9.jpg","keywords":["bkc tk","bkc tuzla","foto kino klub tuzla","izlo\u017eba"],"articleSection":["Istaknuto","Novosti","Preporu\u010dujemo"],"inLanguage":"bs-BA"},{"@type":"WebPage","@id":"https:\/\/tuzlainfo.ba\/index.php\/novosti\/item\/164148-nagradjeni-najbolji-radovi-foto-kino-kluba-tuzla-predstavio-svoju-16-klupsku-izlozbu\/","url":"https:\/\/tuzlainfo.ba\/index.php\/novosti\/item\/164148-nagradjeni-najbolji-radovi-foto-kino-kluba-tuzla-predstavio-svoju-16-klupsku-izlozbu\/","name":"Nagra\u0111eni najbolji radovi: Foto kino kluba Tuzla predstavio svoju \"16. klupsku izlo\u017ebu\" - TuzlaInfo.ba","isPartOf":{"@id":"https:\/\/tuzlainfo.ba\/#website"},"primaryImageOfPage":{"@id":"https:\/\/tuzlainfo.ba\/index.php\/novosti\/item\/164148-nagradjeni-najbolji-radovi-foto-kino-kluba-tuzla-predstavio-svoju-16-klupsku-izlozbu\/#primaryimage"},"image":{"@id":"https:\/\/tuzlainfo.ba\/index.php\/novosti\/item\/164148-nagradjeni-najbolji-radovi-foto-kino-kluba-tuzla-predstavio-svoju-16-klupsku-izlozbu\/#primaryimage"},"thumbnailUrl":"https:\/\/tuzlainfo.ba\/wp-content\/uploads\/2022\/02\/Fotokino_klub_izlozba-9.jpg","datePublished":"2022-02-17T21:06:36+00:00","dateModified":"2022-02-17T21:17:45+00:00","breadcrumb":{"@id":"https:\/\/tuzlainfo.ba\/index.php\/novosti\/item\/164148-nagradjeni-najbolji-radovi-foto-kino-kluba-tuzla-predstavio-svoju-16-klupsku-izlozbu\/#breadcrumb"},"inLanguage":"bs-BA","potentialAction":[{"@type":"ReadAction","target":["https:\/\/tuzlainfo.ba\/index.php\/novosti\/item\/164148-nagradjeni-najbolji-radovi-foto-kino-kluba-tuzla-predstavio-svoju-16-klupsku-izlozbu\/"]}]},{"@type":"ImageObject","inLanguage":"bs-BA","@id":"https:\/\/tuzlainfo.ba\/index.php\/novosti\/item\/164148-nagradjeni-najbolji-radovi-foto-kino-kluba-tuzla-predstavio-svoju-16-klupsku-izlozbu\/#primaryimage","url":"https:\/\/tuzlainfo.ba\/wp-content\/uploads\/2022\/02\/Fotokino_klub_izlozba-9.jpg","contentUrl":"https:\/\/tuzlainfo.ba\/wp-content\/uploads\/2022\/02\/Fotokino_klub_izlozba-9.jpg","width":1000,"height":666},{"@type":"BreadcrumbList","@id":"https:\/\/tuzlainfo.ba\/index.php\/novosti\/item\/164148-nagradjeni-najbolji-radovi-foto-kino-kluba-tuzla-predstavio-svoju-16-klupsku-izlozbu\/#breadcrumb","itemListElement":[{"@type":"ListItem","position":1,"name":"Home","item":"https:\/\/tuzlainfo.ba\/"},{"@type":"ListItem","position":2,"name":"Nagra\u0111eni najbolji radovi: Foto kino kluba Tuzla predstavio svoju &#8220;16. klupsku izlo\u017ebu&#8221;"}]},{"@type":"WebSite","@id":"https:\/\/tuzlainfo.ba\/#website","url":"https:\/\/tuzlainfo.ba\/","name":"TuzlaInfo.ba","description":"Tuzla info, gradski informator - Tuzla na dlanu","publisher":{"@id":"https:\/\/tuzlainfo.ba\/#organization"},"potentialAction":[{"@type":"SearchAction","target":{"@type":"EntryPoint","urlTemplate":"https:\/\/tuzlainfo.ba\/?s={search_term_string}"},"query-input":{"@type":"PropertyValueSpecification","valueRequired":true,"valueName":"search_term_string"}}],"inLanguage":"bs-BA"},{"@type":"Organization","@id":"https:\/\/tuzlainfo.ba\/#organization","name":"TuzlaInfo.ba","url":"https:\/\/tuzlainfo.ba\/","logo":{"@type":"ImageObject","inLanguage":"bs-BA","@id":"https:\/\/tuzlainfo.ba\/#\/schema\/logo\/image\/","url":"https:\/\/tuzlainfo.ba\/wp-content\/uploads\/2021\/03\/logo-ver-3-1.png","contentUrl":"https:\/\/tuzlainfo.ba\/wp-content\/uploads\/2021\/03\/logo-ver-3-1.png","width":350,"height":95,"caption":"TuzlaInfo.ba"},"image":{"@id":"https:\/\/tuzlainfo.ba\/#\/schema\/logo\/image\/"},"sameAs":["https:\/\/www.facebook.com\/tuzlainfo.ba\/"]},{"@type":"Person","@id":"https:\/\/tuzlainfo.ba\/#\/schema\/person\/f434e20dc27ea133923aab08451b7f7f","name":"nedim","image":{"@type":"ImageObject","inLanguage":"bs-BA","@id":"https:\/\/tuzlainfo.ba\/#\/schema\/person\/image\/","url":"https:\/\/tuzlainfo.ba\/wp-content\/litespeed\/avatar\/aabad687af24844af817603ac1cbdc4f.jpg?ver=1777306975","contentUrl":"https:\/\/tuzlainfo.ba\/wp-content\/litespeed\/avatar\/aabad687af24844af817603ac1cbdc4f.jpg?ver=1777306975","caption":"nedim"},"description":"Tuzlainfo.ba pratite na dru\u0161tvenim mre\u017eama: Facebook, Instagram i Youtube. Svoje pri\u010de, upite i fotografije \u0161aljite na na\u0161u e-mail adresu."}]}},"_links":{"self":[{"href":"https:\/\/tuzlainfo.ba\/index.php\/wp-json\/wp\/v2\/posts\/164148"}],"collection":[{"href":"https:\/\/tuzlainfo.ba\/index.php\/wp-json\/wp\/v2\/posts"}],"about":[{"href":"https:\/\/tuzlainfo.ba\/index.php\/wp-json\/wp\/v2\/types\/post"}],"author":[{"embeddable":true,"href":"https:\/\/tuzlainfo.ba\/index.php\/wp-json\/wp\/v2\/users\/2"}],"replies":[{"embeddable":true,"href":"https:\/\/tuzlainfo.ba\/index.php\/wp-json\/wp\/v2\/comments?post=164148"}],"version-history":[{"count":0,"href":"https:\/\/tuzlainfo.ba\/index.php\/wp-json\/wp\/v2\/posts\/164148\/revisions"}],"wp:featuredmedia":[{"embeddable":true,"href":"https:\/\/tuzlainfo.ba\/index.php\/wp-json\/wp\/v2\/media\/164154"}],"wp:attachment":[{"href":"https:\/\/tuzlainfo.ba\/index.php\/wp-json\/wp\/v2\/media?parent=164148"}],"wp:term":[{"taxonomy":"category","embeddable":true,"href":"https:\/\/tuzlainfo.ba\/index.php\/wp-json\/wp\/v2\/categories?post=164148"},{"taxonomy":"post_tag","embeddable":true,"href":"https:\/\/tuzlainfo.ba\/index.php\/wp-json\/wp\/v2\/tags?post=164148"}],"curies":[{"name":"wp","href":"https:\/\/api.w.org\/{rel}","templated":true}]}}