{"id":164124,"date":"2022-02-17T18:47:31","date_gmt":"2022-02-17T17:47:31","guid":{"rendered":"https:\/\/tuzlainfo.ba\/?p=164124"},"modified":"2022-02-17T18:47:31","modified_gmt":"2022-02-17T17:47:31","slug":"izmjene-zakona-o-izmjenama-javnih-prihoda-usvojene-i-u-domu-naroda-fbih","status":"publish","type":"post","link":"https:\/\/tuzlainfo.ba\/index.php\/bosna-i-hercegovina\/item\/164124-izmjene-zakona-o-izmjenama-javnih-prihoda-usvojene-i-u-domu-naroda-fbih\/","title":{"rendered":"Izmjene Zakona o izmjenama javnih prihoda usvojene i u Domu naroda FBiH"},"content":{"rendered":"<header id=\"header\">\n<nav class=\"navbar\" role=\"navigation\">\n<nav class=\"main-navbar\" role=\"navigation\">\n<div id=\"navbar-main\">\n<div class=\"menu-td-demo-header-menu-container\"><\/div>\n<\/div>\n<\/nav>\n<\/nav>\n<\/header>\n<p><main id=\"main\" role=\"main\"><\/p>\n<div class=\"content-area\">\n<article id=\"post-187892\" class=\"post-187892 post type-post status-publish format-standard has-post-thumbnail category-naslovnica category-politika tag-dom-naroda-fbih tag-salko-zildzic tag-zakon-o-raspodjeli-prihoda-u-fbih\">\n<div class=\"entry-content\">\n<p>Dom naroda FBiH usvojio je izmjene Zakona o izmjenama javnih prihoda kojim \u0107e Kanton Sarajevo dobivati manje, a ostali kantoni ne\u0161to vi\u0161e novca, \u010dime je djelim\u010dno ispravljena vi\u0161egodi\u0161nja nepravda zbog koje su prema kalkulacijama Tuzlanski kanton, ZDK, SBK, HNK, i USK o\u0161te\u0107eni za stotine miliona KM.<\/p>\n<p>U Domu naroda su izmjene usvojene uz 41 glas za, pet glasova protiv, dok su tri delegata bila suzdr\u017eana.<\/p>\n<p>S obzirom da je ove izmjene usvojio i Predstavni\u010dki dom, on mo\u017ee stupiti na snagu.<\/p>\n<p>Podsje\u0107amo, Zastupni\u010dki dom Parlamenta Federacije Bosne i Hercegovine (ZD FBiH)\u00a0 u januaru je usvojio izmjene Zakona o pripadnosti javnih prihoda. Nakon vi\u0161esatne rasprave zakon je usvojen sa 62 glasa za. Osam parlamentaraca je bilo protiv, dok ih je pet bilo suzdr\u017eano.<\/p>\n<p>Izmjene podrazumijevaju da se smanji ponder na osnovu kojeg Kanton Sarajevo dobija vi\u0161e javnih prihoda od drugih kantona.<\/p>\n<p>&#8220;Po svim analizama TK je postoje\u0107im Zakonom o p\u0161ripadnosti javnih prihoda o\u0161te\u0107en za nekih 40 miliona godi\u0161nje. Usvajanjem ovog Zakona za koji smatramo da koliko-toliko donosi neku pravednost TK bi trebao u ovoj godini da dobije izme\u0111u 15 i 20 miliona&#8221;, istakao je Fahrudin Skopljak, delegat u Domu naroda PFBiH.<\/p>\n<p>Po novom Zakonu onder 2 za Kanton Sarajevo bi se sljede\u0107e godine smanjio na 1,4, a godinu kasnije na 1,3. Naglasio je bi se smanjenje zaustavilo na 1,3. Ocijenio je da bi time Kanton Sarajevo prihodovao 86 miliona KM manje te da bi taj novac bio raspodijeljen po drugim kantonima.<\/p>\n<\/div>\n<\/article>\n<\/div>\n<p><\/main><\/p>\n","protected":false},"excerpt":{"rendered":"<p>Dom naroda FBiH usvojio je izmjene Zakona o izmjenama javnih prihoda kojim \u0107e Kanton Sarajevo&hellip;<\/p>\n","protected":false},"author":2,"featured_media":164125,"comment_status":"open","ping_status":"closed","sticky":false,"template":"","format":"standard","meta":{"_acf_changed":false,"footnotes":""},"categories":[291,304],"tags":[3797,2990],"acf":[],"yoast_head":"<!-- This site is optimized with the Yoast SEO plugin v23.5 - https:\/\/yoast.com\/wordpress\/plugins\/seo\/ -->\n<title>Izmjene Zakona o izmjenama javnih prihoda usvojene i u Domu naroda FBiH - TuzlaInfo.ba<\/title>\n<meta name=\"robots\" content=\"index, follow, max-snippet:-1, max-image-preview:large, max-video-preview:-1\" \/>\n<link rel=\"canonical\" href=\"https:\/\/tuzlainfo.ba\/index.php\/bosna-i-hercegovina\/item\/164124-izmjene-zakona-o-izmjenama-javnih-prihoda-usvojene-i-u-domu-naroda-fbih\/\" \/>\n<meta property=\"og:locale\" content=\"bs_BA\" \/>\n<meta property=\"og:type\" content=\"article\" \/>\n<meta property=\"og:title\" content=\"Izmjene Zakona o izmjenama javnih prihoda usvojene i u Domu naroda FBiH - TuzlaInfo.ba\" \/>\n<meta property=\"og:description\" content=\"Dom naroda FBiH usvojio je izmjene Zakona o izmjenama javnih prihoda kojim \u0107e Kanton Sarajevo&hellip;\" \/>\n<meta property=\"og:url\" content=\"https:\/\/tuzlainfo.ba\/index.php\/bosna-i-hercegovina\/item\/164124-izmjene-zakona-o-izmjenama-javnih-prihoda-usvojene-i-u-domu-naroda-fbih\/\" \/>\n<meta property=\"og:site_name\" content=\"TuzlaInfo.ba\" \/>\n<meta property=\"article:publisher\" content=\"https:\/\/www.facebook.com\/tuzlainfo.ba\/\" \/>\n<meta property=\"article:published_time\" content=\"2022-02-17T17:47:31+00:00\" \/>\n<meta property=\"og:image\" content=\"https:\/\/tuzlainfo.ba\/wp-content\/uploads\/2022\/02\/1702_dom_naroda.jpg\" \/>\n\t<meta property=\"og:image:width\" content=\"800\" \/>\n\t<meta property=\"og:image:height\" content=\"440\" \/>\n\t<meta property=\"og:image:type\" content=\"image\/jpeg\" \/>\n<meta name=\"author\" content=\"nedim\" \/>\n<meta name=\"twitter:card\" content=\"summary_large_image\" \/>\n<meta name=\"twitter:label1\" content=\"Written by\" \/>\n\t<meta name=\"twitter:data1\" content=\"nedim\" \/>\n\t<meta name=\"twitter:label2\" content=\"Est. reading time\" \/>\n\t<meta name=\"twitter:data2\" content=\"1 minuta\" \/>\n<script type=\"application\/ld+json\" class=\"yoast-schema-graph\">{\"@context\":\"https:\/\/schema.org\",\"@graph\":[{\"@type\":\"Article\",\"@id\":\"https:\/\/tuzlainfo.ba\/index.php\/bosna-i-hercegovina\/item\/164124-izmjene-zakona-o-izmjenama-javnih-prihoda-usvojene-i-u-domu-naroda-fbih\/#article\",\"isPartOf\":{\"@id\":\"https:\/\/tuzlainfo.ba\/index.php\/bosna-i-hercegovina\/item\/164124-izmjene-zakona-o-izmjenama-javnih-prihoda-usvojene-i-u-domu-naroda-fbih\/\"},\"author\":{\"name\":\"nedim\",\"@id\":\"https:\/\/tuzlainfo.ba\/#\/schema\/person\/f434e20dc27ea133923aab08451b7f7f\"},\"headline\":\"Izmjene Zakona o izmjenama javnih prihoda usvojene i u Domu naroda FBiH\",\"datePublished\":\"2022-02-17T17:47:31+00:00\",\"dateModified\":\"2022-02-17T17:47:31+00:00\",\"mainEntityOfPage\":{\"@id\":\"https:\/\/tuzlainfo.ba\/index.php\/bosna-i-hercegovina\/item\/164124-izmjene-zakona-o-izmjenama-javnih-prihoda-usvojene-i-u-domu-naroda-fbih\/\"},\"wordCount\":263,\"commentCount\":0,\"publisher\":{\"@id\":\"https:\/\/tuzlainfo.ba\/#organization\"},\"image\":{\"@id\":\"https:\/\/tuzlainfo.ba\/index.php\/bosna-i-hercegovina\/item\/164124-izmjene-zakona-o-izmjenama-javnih-prihoda-usvojene-i-u-domu-naroda-fbih\/#primaryimage\"},\"thumbnailUrl\":\"https:\/\/tuzlainfo.ba\/wp-content\/uploads\/2022\/02\/1702_dom_naroda.jpg\",\"keywords\":[\"dom naroda parlamenta fbih\",\"Zakon o pripadnosti javnih prihoda\"],\"articleSection\":[\"Bosna i Hercegovina\",\"Istaknuto\"],\"inLanguage\":\"bs-BA\"},{\"@type\":\"WebPage\",\"@id\":\"https:\/\/tuzlainfo.ba\/index.php\/bosna-i-hercegovina\/item\/164124-izmjene-zakona-o-izmjenama-javnih-prihoda-usvojene-i-u-domu-naroda-fbih\/\",\"url\":\"https:\/\/tuzlainfo.ba\/index.php\/bosna-i-hercegovina\/item\/164124-izmjene-zakona-o-izmjenama-javnih-prihoda-usvojene-i-u-domu-naroda-fbih\/\",\"name\":\"Izmjene Zakona o izmjenama javnih prihoda usvojene i u Domu naroda FBiH - TuzlaInfo.ba\",\"isPartOf\":{\"@id\":\"https:\/\/tuzlainfo.ba\/#website\"},\"primaryImageOfPage\":{\"@id\":\"https:\/\/tuzlainfo.ba\/index.php\/bosna-i-hercegovina\/item\/164124-izmjene-zakona-o-izmjenama-javnih-prihoda-usvojene-i-u-domu-naroda-fbih\/#primaryimage\"},\"image\":{\"@id\":\"https:\/\/tuzlainfo.ba\/index.php\/bosna-i-hercegovina\/item\/164124-izmjene-zakona-o-izmjenama-javnih-prihoda-usvojene-i-u-domu-naroda-fbih\/#primaryimage\"},\"thumbnailUrl\":\"https:\/\/tuzlainfo.ba\/wp-content\/uploads\/2022\/02\/1702_dom_naroda.jpg\",\"datePublished\":\"2022-02-17T17:47:31+00:00\",\"dateModified\":\"2022-02-17T17:47:31+00:00\",\"breadcrumb\":{\"@id\":\"https:\/\/tuzlainfo.ba\/index.php\/bosna-i-hercegovina\/item\/164124-izmjene-zakona-o-izmjenama-javnih-prihoda-usvojene-i-u-domu-naroda-fbih\/#breadcrumb\"},\"inLanguage\":\"bs-BA\",\"potentialAction\":[{\"@type\":\"ReadAction\",\"target\":[\"https:\/\/tuzlainfo.ba\/index.php\/bosna-i-hercegovina\/item\/164124-izmjene-zakona-o-izmjenama-javnih-prihoda-usvojene-i-u-domu-naroda-fbih\/\"]}]},{\"@type\":\"ImageObject\",\"inLanguage\":\"bs-BA\",\"@id\":\"https:\/\/tuzlainfo.ba\/index.php\/bosna-i-hercegovina\/item\/164124-izmjene-zakona-o-izmjenama-javnih-prihoda-usvojene-i-u-domu-naroda-fbih\/#primaryimage\",\"url\":\"https:\/\/tuzlainfo.ba\/wp-content\/uploads\/2022\/02\/1702_dom_naroda.jpg\",\"contentUrl\":\"https:\/\/tuzlainfo.ba\/wp-content\/uploads\/2022\/02\/1702_dom_naroda.jpg\",\"width\":800,\"height\":440},{\"@type\":\"BreadcrumbList\",\"@id\":\"https:\/\/tuzlainfo.ba\/index.php\/bosna-i-hercegovina\/item\/164124-izmjene-zakona-o-izmjenama-javnih-prihoda-usvojene-i-u-domu-naroda-fbih\/#breadcrumb\",\"itemListElement\":[{\"@type\":\"ListItem\",\"position\":1,\"name\":\"Home\",\"item\":\"https:\/\/tuzlainfo.ba\/\"},{\"@type\":\"ListItem\",\"position\":2,\"name\":\"Izmjene Zakona o izmjenama javnih prihoda usvojene i u Domu naroda FBiH\"}]},{\"@type\":\"WebSite\",\"@id\":\"https:\/\/tuzlainfo.ba\/#website\",\"url\":\"https:\/\/tuzlainfo.ba\/\",\"name\":\"TuzlaInfo.ba\",\"description\":\"Tuzla info, gradski informator - Tuzla na dlanu\",\"publisher\":{\"@id\":\"https:\/\/tuzlainfo.ba\/#organization\"},\"potentialAction\":[{\"@type\":\"SearchAction\",\"target\":{\"@type\":\"EntryPoint\",\"urlTemplate\":\"https:\/\/tuzlainfo.ba\/?s={search_term_string}\"},\"query-input\":{\"@type\":\"PropertyValueSpecification\",\"valueRequired\":true,\"valueName\":\"search_term_string\"}}],\"inLanguage\":\"bs-BA\"},{\"@type\":\"Organization\",\"@id\":\"https:\/\/tuzlainfo.ba\/#organization\",\"name\":\"TuzlaInfo.ba\",\"url\":\"https:\/\/tuzlainfo.ba\/\",\"logo\":{\"@type\":\"ImageObject\",\"inLanguage\":\"bs-BA\",\"@id\":\"https:\/\/tuzlainfo.ba\/#\/schema\/logo\/image\/\",\"url\":\"https:\/\/tuzlainfo.ba\/wp-content\/uploads\/2021\/03\/logo-ver-3-1.png\",\"contentUrl\":\"https:\/\/tuzlainfo.ba\/wp-content\/uploads\/2021\/03\/logo-ver-3-1.png\",\"width\":350,\"height\":95,\"caption\":\"TuzlaInfo.ba\"},\"image\":{\"@id\":\"https:\/\/tuzlainfo.ba\/#\/schema\/logo\/image\/\"},\"sameAs\":[\"https:\/\/www.facebook.com\/tuzlainfo.ba\/\"]},{\"@type\":\"Person\",\"@id\":\"https:\/\/tuzlainfo.ba\/#\/schema\/person\/f434e20dc27ea133923aab08451b7f7f\",\"name\":\"nedim\",\"image\":{\"@type\":\"ImageObject\",\"inLanguage\":\"bs-BA\",\"@id\":\"https:\/\/tuzlainfo.ba\/#\/schema\/person\/image\/\",\"url\":\"https:\/\/tuzlainfo.ba\/wp-content\/litespeed\/avatar\/aabad687af24844af817603ac1cbdc4f.jpg?ver=1776702173\",\"contentUrl\":\"https:\/\/tuzlainfo.ba\/wp-content\/litespeed\/avatar\/aabad687af24844af817603ac1cbdc4f.jpg?ver=1776702173\",\"caption\":\"nedim\"},\"description\":\"Tuzlainfo.ba pratite na dru\u0161tvenim mre\u017eama: Facebook, Instagram i Youtube. Svoje pri\u010de, upite i fotografije \u0161aljite na na\u0161u e-mail adresu.\"}]}<\/script>\n<!-- \/ Yoast SEO plugin. -->","yoast_head_json":{"title":"Izmjene Zakona o izmjenama javnih prihoda usvojene i u Domu naroda FBiH - TuzlaInfo.ba","robots":{"index":"index","follow":"follow","max-snippet":"max-snippet:-1","max-image-preview":"max-image-preview:large","max-video-preview":"max-video-preview:-1"},"canonical":"https:\/\/tuzlainfo.ba\/index.php\/bosna-i-hercegovina\/item\/164124-izmjene-zakona-o-izmjenama-javnih-prihoda-usvojene-i-u-domu-naroda-fbih\/","og_locale":"bs_BA","og_type":"article","og_title":"Izmjene Zakona o izmjenama javnih prihoda usvojene i u Domu naroda FBiH - TuzlaInfo.ba","og_description":"Dom naroda FBiH usvojio je izmjene Zakona o izmjenama javnih prihoda kojim \u0107e Kanton Sarajevo&hellip;","og_url":"https:\/\/tuzlainfo.ba\/index.php\/bosna-i-hercegovina\/item\/164124-izmjene-zakona-o-izmjenama-javnih-prihoda-usvojene-i-u-domu-naroda-fbih\/","og_site_name":"TuzlaInfo.ba","article_publisher":"https:\/\/www.facebook.com\/tuzlainfo.ba\/","article_published_time":"2022-02-17T17:47:31+00:00","og_image":[{"width":800,"height":440,"url":"https:\/\/tuzlainfo.ba\/wp-content\/uploads\/2022\/02\/1702_dom_naroda.jpg","type":"image\/jpeg"}],"author":"nedim","twitter_card":"summary_large_image","twitter_misc":{"Written by":"nedim","Est. reading time":"1 minuta"},"schema":{"@context":"https:\/\/schema.org","@graph":[{"@type":"Article","@id":"https:\/\/tuzlainfo.ba\/index.php\/bosna-i-hercegovina\/item\/164124-izmjene-zakona-o-izmjenama-javnih-prihoda-usvojene-i-u-domu-naroda-fbih\/#article","isPartOf":{"@id":"https:\/\/tuzlainfo.ba\/index.php\/bosna-i-hercegovina\/item\/164124-izmjene-zakona-o-izmjenama-javnih-prihoda-usvojene-i-u-domu-naroda-fbih\/"},"author":{"name":"nedim","@id":"https:\/\/tuzlainfo.ba\/#\/schema\/person\/f434e20dc27ea133923aab08451b7f7f"},"headline":"Izmjene Zakona o izmjenama javnih prihoda usvojene i u Domu naroda FBiH","datePublished":"2022-02-17T17:47:31+00:00","dateModified":"2022-02-17T17:47:31+00:00","mainEntityOfPage":{"@id":"https:\/\/tuzlainfo.ba\/index.php\/bosna-i-hercegovina\/item\/164124-izmjene-zakona-o-izmjenama-javnih-prihoda-usvojene-i-u-domu-naroda-fbih\/"},"wordCount":263,"commentCount":0,"publisher":{"@id":"https:\/\/tuzlainfo.ba\/#organization"},"image":{"@id":"https:\/\/tuzlainfo.ba\/index.php\/bosna-i-hercegovina\/item\/164124-izmjene-zakona-o-izmjenama-javnih-prihoda-usvojene-i-u-domu-naroda-fbih\/#primaryimage"},"thumbnailUrl":"https:\/\/tuzlainfo.ba\/wp-content\/uploads\/2022\/02\/1702_dom_naroda.jpg","keywords":["dom naroda parlamenta fbih","Zakon o pripadnosti javnih prihoda"],"articleSection":["Bosna i Hercegovina","Istaknuto"],"inLanguage":"bs-BA"},{"@type":"WebPage","@id":"https:\/\/tuzlainfo.ba\/index.php\/bosna-i-hercegovina\/item\/164124-izmjene-zakona-o-izmjenama-javnih-prihoda-usvojene-i-u-domu-naroda-fbih\/","url":"https:\/\/tuzlainfo.ba\/index.php\/bosna-i-hercegovina\/item\/164124-izmjene-zakona-o-izmjenama-javnih-prihoda-usvojene-i-u-domu-naroda-fbih\/","name":"Izmjene Zakona o izmjenama javnih prihoda usvojene i u Domu naroda FBiH - TuzlaInfo.ba","isPartOf":{"@id":"https:\/\/tuzlainfo.ba\/#website"},"primaryImageOfPage":{"@id":"https:\/\/tuzlainfo.ba\/index.php\/bosna-i-hercegovina\/item\/164124-izmjene-zakona-o-izmjenama-javnih-prihoda-usvojene-i-u-domu-naroda-fbih\/#primaryimage"},"image":{"@id":"https:\/\/tuzlainfo.ba\/index.php\/bosna-i-hercegovina\/item\/164124-izmjene-zakona-o-izmjenama-javnih-prihoda-usvojene-i-u-domu-naroda-fbih\/#primaryimage"},"thumbnailUrl":"https:\/\/tuzlainfo.ba\/wp-content\/uploads\/2022\/02\/1702_dom_naroda.jpg","datePublished":"2022-02-17T17:47:31+00:00","dateModified":"2022-02-17T17:47:31+00:00","breadcrumb":{"@id":"https:\/\/tuzlainfo.ba\/index.php\/bosna-i-hercegovina\/item\/164124-izmjene-zakona-o-izmjenama-javnih-prihoda-usvojene-i-u-domu-naroda-fbih\/#breadcrumb"},"inLanguage":"bs-BA","potentialAction":[{"@type":"ReadAction","target":["https:\/\/tuzlainfo.ba\/index.php\/bosna-i-hercegovina\/item\/164124-izmjene-zakona-o-izmjenama-javnih-prihoda-usvojene-i-u-domu-naroda-fbih\/"]}]},{"@type":"ImageObject","inLanguage":"bs-BA","@id":"https:\/\/tuzlainfo.ba\/index.php\/bosna-i-hercegovina\/item\/164124-izmjene-zakona-o-izmjenama-javnih-prihoda-usvojene-i-u-domu-naroda-fbih\/#primaryimage","url":"https:\/\/tuzlainfo.ba\/wp-content\/uploads\/2022\/02\/1702_dom_naroda.jpg","contentUrl":"https:\/\/tuzlainfo.ba\/wp-content\/uploads\/2022\/02\/1702_dom_naroda.jpg","width":800,"height":440},{"@type":"BreadcrumbList","@id":"https:\/\/tuzlainfo.ba\/index.php\/bosna-i-hercegovina\/item\/164124-izmjene-zakona-o-izmjenama-javnih-prihoda-usvojene-i-u-domu-naroda-fbih\/#breadcrumb","itemListElement":[{"@type":"ListItem","position":1,"name":"Home","item":"https:\/\/tuzlainfo.ba\/"},{"@type":"ListItem","position":2,"name":"Izmjene Zakona o izmjenama javnih prihoda usvojene i u Domu naroda FBiH"}]},{"@type":"WebSite","@id":"https:\/\/tuzlainfo.ba\/#website","url":"https:\/\/tuzlainfo.ba\/","name":"TuzlaInfo.ba","description":"Tuzla info, gradski informator - Tuzla na dlanu","publisher":{"@id":"https:\/\/tuzlainfo.ba\/#organization"},"potentialAction":[{"@type":"SearchAction","target":{"@type":"EntryPoint","urlTemplate":"https:\/\/tuzlainfo.ba\/?s={search_term_string}"},"query-input":{"@type":"PropertyValueSpecification","valueRequired":true,"valueName":"search_term_string"}}],"inLanguage":"bs-BA"},{"@type":"Organization","@id":"https:\/\/tuzlainfo.ba\/#organization","name":"TuzlaInfo.ba","url":"https:\/\/tuzlainfo.ba\/","logo":{"@type":"ImageObject","inLanguage":"bs-BA","@id":"https:\/\/tuzlainfo.ba\/#\/schema\/logo\/image\/","url":"https:\/\/tuzlainfo.ba\/wp-content\/uploads\/2021\/03\/logo-ver-3-1.png","contentUrl":"https:\/\/tuzlainfo.ba\/wp-content\/uploads\/2021\/03\/logo-ver-3-1.png","width":350,"height":95,"caption":"TuzlaInfo.ba"},"image":{"@id":"https:\/\/tuzlainfo.ba\/#\/schema\/logo\/image\/"},"sameAs":["https:\/\/www.facebook.com\/tuzlainfo.ba\/"]},{"@type":"Person","@id":"https:\/\/tuzlainfo.ba\/#\/schema\/person\/f434e20dc27ea133923aab08451b7f7f","name":"nedim","image":{"@type":"ImageObject","inLanguage":"bs-BA","@id":"https:\/\/tuzlainfo.ba\/#\/schema\/person\/image\/","url":"https:\/\/tuzlainfo.ba\/wp-content\/litespeed\/avatar\/aabad687af24844af817603ac1cbdc4f.jpg?ver=1776702173","contentUrl":"https:\/\/tuzlainfo.ba\/wp-content\/litespeed\/avatar\/aabad687af24844af817603ac1cbdc4f.jpg?ver=1776702173","caption":"nedim"},"description":"Tuzlainfo.ba pratite na dru\u0161tvenim mre\u017eama: Facebook, Instagram i Youtube. Svoje pri\u010de, upite i fotografije \u0161aljite na na\u0161u e-mail adresu."}]}},"_links":{"self":[{"href":"https:\/\/tuzlainfo.ba\/index.php\/wp-json\/wp\/v2\/posts\/164124"}],"collection":[{"href":"https:\/\/tuzlainfo.ba\/index.php\/wp-json\/wp\/v2\/posts"}],"about":[{"href":"https:\/\/tuzlainfo.ba\/index.php\/wp-json\/wp\/v2\/types\/post"}],"author":[{"embeddable":true,"href":"https:\/\/tuzlainfo.ba\/index.php\/wp-json\/wp\/v2\/users\/2"}],"replies":[{"embeddable":true,"href":"https:\/\/tuzlainfo.ba\/index.php\/wp-json\/wp\/v2\/comments?post=164124"}],"version-history":[{"count":0,"href":"https:\/\/tuzlainfo.ba\/index.php\/wp-json\/wp\/v2\/posts\/164124\/revisions"}],"wp:featuredmedia":[{"embeddable":true,"href":"https:\/\/tuzlainfo.ba\/index.php\/wp-json\/wp\/v2\/media\/164125"}],"wp:attachment":[{"href":"https:\/\/tuzlainfo.ba\/index.php\/wp-json\/wp\/v2\/media?parent=164124"}],"wp:term":[{"taxonomy":"category","embeddable":true,"href":"https:\/\/tuzlainfo.ba\/index.php\/wp-json\/wp\/v2\/categories?post=164124"},{"taxonomy":"post_tag","embeddable":true,"href":"https:\/\/tuzlainfo.ba\/index.php\/wp-json\/wp\/v2\/tags?post=164124"}],"curies":[{"name":"wp","href":"https:\/\/api.w.org\/{rel}","templated":true}]}}