{"id":164120,"date":"2022-02-17T16:30:13","date_gmt":"2022-02-17T15:30:13","guid":{"rendered":"https:\/\/tuzlainfo.ba\/?p=164120"},"modified":"2022-02-17T22:18:01","modified_gmt":"2022-02-17T21:18:01","slug":"sutra-konacna-odluka-ovo-su-najozbiljniji-kandidati-za-mandatara-nove-vlade-tk","status":"publish","type":"post","link":"https:\/\/tuzlainfo.ba\/index.php\/novosti\/item\/164120-sutra-konacna-odluka-ovo-su-najozbiljniji-kandidati-za-mandatara-nove-vlade-tk\/","title":{"rendered":"Sutra kona\u010dna odluka: Ovo su najozbiljniji kandidati za mandatara nove Vlade TK"},"content":{"rendered":"<p>Nakon \u0161to je Tuzlanski kanton prije nekoliko dana dobio novo skup\u0161tinsko rukovodstvo i ostao bez Vlade koju je predvodio SDP, daljim procesom uspostave vlasti kao stranka sa najve\u0107im brojem zastupnika u Skup\u0161tini preuzela je SDA.<\/p>\n<p>Pregovori unutar stranke oko imena kandidata za mandatara za sastav nove Vlade jo\u0161 traju, a sutra bi trebala biti odr\u017eana sjednica Izvr\u0161nog odbora nakon koje \u0107e se zvani\u010dno znati njegovo ime. Iako iz SDA nisu \u017eeljeli zvani\u010dno licitirati ba\u0161 nijednim imenom, <a href=\"https:\/\/www.federalna.ba\/ko-su-kandidati-za-mandatara-za-sastav-vlade-tuzlanskog-kantona-ycope\"><strong>Federalna TV<\/strong><\/a> nezvani\u010dno donosi dva imena kandidata koji su u\u0161li u u\u017ei izbor.<\/p>\n<p>Od ponedjeljka traju pregovori i sastanci unutar Stranke demokratske akcije koja \u0107e zapravo predlo\u017eiti mandatara za sastav nove Vlade Tuzlanskog kantona. Iz ove stranke ni danas, a ni prethodnih dana nisu \u017eeljeli javno re\u0107i nijedno ime pretendenata za ovu funkciju.<\/p>\n<p>\u201eU petak kad utvrdimo prijedlog mandatara imat \u0107emo vjerovatno press konferenciju nakon sjednice Izvr\u0161nog odbora i tad \u0107emo upoznati javnost sa mandatarom\u201c, ka\u017ee Fahrudin Skopljak, zastupnik SDA u Skup\u0161tini TK.<\/p>\n<p>No, kako Federalna TV saznaje, nakon niza razgovora s potencijalnim kandidatima u igri su ostala dva imena. Rije\u010d je o Irfanu Halilagi\u0107u iz Lukavca, nekada\u0161njem kandidatu za na\u010delnika i sada\u0161njem predsjedniku Op\u0107inskog odbora ove stranke, i Beganu Muhi\u0107u iz \u017divinica, nekada\u0161njem zastupniku SDA u Skup\u0161tini Tuzlanskog kantona, koji \u00a0trenutno obna\u0161a funkciju generalnog konzula BiH u Stuttgartu. No, name\u0107e se pitanje kada bi Tuzlanski kanton mogao dobiti novu vladu?<\/p>\n<p>\u201eA onda imaju tamo zakonski rokovi. Nakon \u0161to predsjednik Skup\u0161tine dodijeli mandat, u zakonskom roku \u0107emo imati prijedlog Vlade\u201c, rekao nam je Fahrudin Skopljak, zastupnik SDA u Skup\u0161tini TK.<\/p>\n<p>Da bi podr\u017eali sastav nove vlade Tuzlanskog kantona iz Demokratske fronte i Socijaldemokrata tra\u017ee bezuslovno usvajanje nekoliko inicijativa.<\/p>\n<p>\u201ePorodiljske naknade, smanjenje plata ministara i zastupnika, koji su u pro\u0161lom mandatu pove\u0107ali fakti\u010dki sami sebi i bez tih principa i jo\u0161 nekih mi ne\u0107emo i\u0107i u vlast, tako da to mora biti ispunjeno\u201c, poru\u010duje Mahir Me\u0161ali\u0107, predsjednik Kluba DF-a u Skp\u0161tini TK.<\/p>\n<p>\u201eNulta je crta ispod koje ne\u0107emo i\u0107i, da kandidati za premijera i za izvr\u0161ne funkcije ne mogu biti lica koja imaju sudske procese odnosno potvr\u0111ene optu\u017enice pred bilo kojim op\u0161tinskim ili kantonalnim sudom\u201c, ka\u017ee \u017darko Vujovi\u0107, predsjednik Skup\u0161tine TK.<\/p>\n<p>Nadalje, za podr\u0161ku i u\u010de\u0161\u0107e u novoj skup\u0161tinskoj ve\u0107ini i Vladi TK jedan od klju\u010dnih uslova SD-a bit \u0107e da mandatar Vlade mora biti stru\u010dna i op\u0161teprihvatljiva osoba, ne samo stranci iz koje dolazi.\u00a0 Ovo su, dakle, uslovi DF-a i SD-a koji bi trebali da \u010dine novu vladu sa SDA. Banovi\u0107ki ogranak PDA isklju\u010dio je iz stranke Jasminu Lugavi\u0107. Istovremeno, stavovi SBB-a nepromijenjeni.\u00a0 Nisu u\u010destvovali u ru\u0161enju stare, pa ne \u017eele ni u formiranju nove vlade, pi\u0161e <a href=\"https:\/\/www.federalna.ba\/ko-su-kandidati-za-mandatara-za-sastav-vlade-tuzlanskog-kantona-ycope\"><strong>Federalna.ba<\/strong><\/a>.<\/p>\n","protected":false},"excerpt":{"rendered":"<p>Nakon \u0161to je Tuzlanski kanton prije nekoliko dana dobio novo skup\u0161tinsko rukovodstvo i ostao bez&hellip;<\/p>\n","protected":false},"author":2,"featured_media":140154,"comment_status":"open","ping_status":"closed","sticky":false,"template":"","format":"standard","meta":{"_acf_changed":false,"footnotes":""},"categories":[304,12,306],"tags":[382,336],"acf":[],"yoast_head":"<!-- This site is optimized with the Yoast SEO plugin v23.5 - https:\/\/yoast.com\/wordpress\/plugins\/seo\/ -->\n<title>Sutra kona\u010dna odluka: Ovo su najozbiljniji kandidati za mandatara nove Vlade TK - TuzlaInfo.ba<\/title>\n<meta name=\"robots\" content=\"index, follow, max-snippet:-1, max-image-preview:large, max-video-preview:-1\" \/>\n<link rel=\"canonical\" href=\"https:\/\/tuzlainfo.ba\/index.php\/novosti\/item\/164120-sutra-konacna-odluka-ovo-su-najozbiljniji-kandidati-za-mandatara-nove-vlade-tk\/\" \/>\n<meta property=\"og:locale\" content=\"bs_BA\" \/>\n<meta property=\"og:type\" content=\"article\" \/>\n<meta property=\"og:title\" content=\"Sutra kona\u010dna odluka: Ovo su najozbiljniji kandidati za mandatara nove Vlade TK - TuzlaInfo.ba\" \/>\n<meta property=\"og:description\" content=\"Nakon \u0161to je Tuzlanski kanton prije nekoliko dana dobio novo skup\u0161tinsko rukovodstvo i ostao bez&hellip;\" \/>\n<meta property=\"og:url\" content=\"https:\/\/tuzlainfo.ba\/index.php\/novosti\/item\/164120-sutra-konacna-odluka-ovo-su-najozbiljniji-kandidati-za-mandatara-nove-vlade-tk\/\" \/>\n<meta property=\"og:site_name\" content=\"TuzlaInfo.ba\" \/>\n<meta property=\"article:publisher\" content=\"https:\/\/www.facebook.com\/tuzlainfo.ba\/\" \/>\n<meta property=\"article:published_time\" content=\"2022-02-17T15:30:13+00:00\" \/>\n<meta property=\"article:modified_time\" content=\"2022-02-17T21:18:01+00:00\" \/>\n<meta property=\"og:image\" content=\"https:\/\/tuzlainfo.ba\/wp-content\/uploads\/2021\/06\/2406-ko-sda-tk.jpg\" \/>\n\t<meta property=\"og:image:width\" content=\"800\" \/>\n\t<meta property=\"og:image:height\" content=\"445\" \/>\n\t<meta property=\"og:image:type\" content=\"image\/jpeg\" \/>\n<meta name=\"author\" content=\"nedim\" \/>\n<meta name=\"twitter:card\" content=\"summary_large_image\" \/>\n<meta name=\"twitter:label1\" content=\"Written by\" \/>\n\t<meta name=\"twitter:data1\" content=\"nedim\" \/>\n\t<meta name=\"twitter:label2\" content=\"Est. reading time\" \/>\n\t<meta name=\"twitter:data2\" content=\"2 minute\" \/>\n<script type=\"application\/ld+json\" class=\"yoast-schema-graph\">{\"@context\":\"https:\/\/schema.org\",\"@graph\":[{\"@type\":\"Article\",\"@id\":\"https:\/\/tuzlainfo.ba\/index.php\/novosti\/item\/164120-sutra-konacna-odluka-ovo-su-najozbiljniji-kandidati-za-mandatara-nove-vlade-tk\/#article\",\"isPartOf\":{\"@id\":\"https:\/\/tuzlainfo.ba\/index.php\/novosti\/item\/164120-sutra-konacna-odluka-ovo-su-najozbiljniji-kandidati-za-mandatara-nove-vlade-tk\/\"},\"author\":{\"name\":\"nedim\",\"@id\":\"https:\/\/tuzlainfo.ba\/#\/schema\/person\/f434e20dc27ea133923aab08451b7f7f\"},\"headline\":\"Sutra kona\u010dna odluka: Ovo su najozbiljniji kandidati za mandatara nove Vlade TK\",\"datePublished\":\"2022-02-17T15:30:13+00:00\",\"dateModified\":\"2022-02-17T21:18:01+00:00\",\"mainEntityOfPage\":{\"@id\":\"https:\/\/tuzlainfo.ba\/index.php\/novosti\/item\/164120-sutra-konacna-odluka-ovo-su-najozbiljniji-kandidati-za-mandatara-nove-vlade-tk\/\"},\"wordCount\":506,\"commentCount\":0,\"publisher\":{\"@id\":\"https:\/\/tuzlainfo.ba\/#organization\"},\"image\":{\"@id\":\"https:\/\/tuzlainfo.ba\/index.php\/novosti\/item\/164120-sutra-konacna-odluka-ovo-su-najozbiljniji-kandidati-za-mandatara-nove-vlade-tk\/#primaryimage\"},\"thumbnailUrl\":\"https:\/\/tuzlainfo.ba\/wp-content\/uploads\/2021\/06\/2406-ko-sda-tk.jpg\",\"keywords\":[\"sda tk\",\"vlada tk\"],\"articleSection\":[\"Istaknuto\",\"Novosti\",\"Preporu\u010dujemo\"],\"inLanguage\":\"bs-BA\"},{\"@type\":\"WebPage\",\"@id\":\"https:\/\/tuzlainfo.ba\/index.php\/novosti\/item\/164120-sutra-konacna-odluka-ovo-su-najozbiljniji-kandidati-za-mandatara-nove-vlade-tk\/\",\"url\":\"https:\/\/tuzlainfo.ba\/index.php\/novosti\/item\/164120-sutra-konacna-odluka-ovo-su-najozbiljniji-kandidati-za-mandatara-nove-vlade-tk\/\",\"name\":\"Sutra kona\u010dna odluka: Ovo su najozbiljniji kandidati za mandatara nove Vlade TK - TuzlaInfo.ba\",\"isPartOf\":{\"@id\":\"https:\/\/tuzlainfo.ba\/#website\"},\"primaryImageOfPage\":{\"@id\":\"https:\/\/tuzlainfo.ba\/index.php\/novosti\/item\/164120-sutra-konacna-odluka-ovo-su-najozbiljniji-kandidati-za-mandatara-nove-vlade-tk\/#primaryimage\"},\"image\":{\"@id\":\"https:\/\/tuzlainfo.ba\/index.php\/novosti\/item\/164120-sutra-konacna-odluka-ovo-su-najozbiljniji-kandidati-za-mandatara-nove-vlade-tk\/#primaryimage\"},\"thumbnailUrl\":\"https:\/\/tuzlainfo.ba\/wp-content\/uploads\/2021\/06\/2406-ko-sda-tk.jpg\",\"datePublished\":\"2022-02-17T15:30:13+00:00\",\"dateModified\":\"2022-02-17T21:18:01+00:00\",\"breadcrumb\":{\"@id\":\"https:\/\/tuzlainfo.ba\/index.php\/novosti\/item\/164120-sutra-konacna-odluka-ovo-su-najozbiljniji-kandidati-za-mandatara-nove-vlade-tk\/#breadcrumb\"},\"inLanguage\":\"bs-BA\",\"potentialAction\":[{\"@type\":\"ReadAction\",\"target\":[\"https:\/\/tuzlainfo.ba\/index.php\/novosti\/item\/164120-sutra-konacna-odluka-ovo-su-najozbiljniji-kandidati-za-mandatara-nove-vlade-tk\/\"]}]},{\"@type\":\"ImageObject\",\"inLanguage\":\"bs-BA\",\"@id\":\"https:\/\/tuzlainfo.ba\/index.php\/novosti\/item\/164120-sutra-konacna-odluka-ovo-su-najozbiljniji-kandidati-za-mandatara-nove-vlade-tk\/#primaryimage\",\"url\":\"https:\/\/tuzlainfo.ba\/wp-content\/uploads\/2021\/06\/2406-ko-sda-tk.jpg\",\"contentUrl\":\"https:\/\/tuzlainfo.ba\/wp-content\/uploads\/2021\/06\/2406-ko-sda-tk.jpg\",\"width\":800,\"height\":445},{\"@type\":\"BreadcrumbList\",\"@id\":\"https:\/\/tuzlainfo.ba\/index.php\/novosti\/item\/164120-sutra-konacna-odluka-ovo-su-najozbiljniji-kandidati-za-mandatara-nove-vlade-tk\/#breadcrumb\",\"itemListElement\":[{\"@type\":\"ListItem\",\"position\":1,\"name\":\"Home\",\"item\":\"https:\/\/tuzlainfo.ba\/\"},{\"@type\":\"ListItem\",\"position\":2,\"name\":\"Sutra kona\u010dna odluka: Ovo su najozbiljniji kandidati za mandatara nove Vlade TK\"}]},{\"@type\":\"WebSite\",\"@id\":\"https:\/\/tuzlainfo.ba\/#website\",\"url\":\"https:\/\/tuzlainfo.ba\/\",\"name\":\"TuzlaInfo.ba\",\"description\":\"Tuzla info, gradski informator - Tuzla na dlanu\",\"publisher\":{\"@id\":\"https:\/\/tuzlainfo.ba\/#organization\"},\"potentialAction\":[{\"@type\":\"SearchAction\",\"target\":{\"@type\":\"EntryPoint\",\"urlTemplate\":\"https:\/\/tuzlainfo.ba\/?s={search_term_string}\"},\"query-input\":{\"@type\":\"PropertyValueSpecification\",\"valueRequired\":true,\"valueName\":\"search_term_string\"}}],\"inLanguage\":\"bs-BA\"},{\"@type\":\"Organization\",\"@id\":\"https:\/\/tuzlainfo.ba\/#organization\",\"name\":\"TuzlaInfo.ba\",\"url\":\"https:\/\/tuzlainfo.ba\/\",\"logo\":{\"@type\":\"ImageObject\",\"inLanguage\":\"bs-BA\",\"@id\":\"https:\/\/tuzlainfo.ba\/#\/schema\/logo\/image\/\",\"url\":\"https:\/\/tuzlainfo.ba\/wp-content\/uploads\/2021\/03\/logo-ver-3-1.png\",\"contentUrl\":\"https:\/\/tuzlainfo.ba\/wp-content\/uploads\/2021\/03\/logo-ver-3-1.png\",\"width\":350,\"height\":95,\"caption\":\"TuzlaInfo.ba\"},\"image\":{\"@id\":\"https:\/\/tuzlainfo.ba\/#\/schema\/logo\/image\/\"},\"sameAs\":[\"https:\/\/www.facebook.com\/tuzlainfo.ba\/\"]},{\"@type\":\"Person\",\"@id\":\"https:\/\/tuzlainfo.ba\/#\/schema\/person\/f434e20dc27ea133923aab08451b7f7f\",\"name\":\"nedim\",\"image\":{\"@type\":\"ImageObject\",\"inLanguage\":\"bs-BA\",\"@id\":\"https:\/\/tuzlainfo.ba\/#\/schema\/person\/image\/\",\"url\":\"https:\/\/tuzlainfo.ba\/wp-content\/litespeed\/avatar\/aabad687af24844af817603ac1cbdc4f.jpg?ver=1777306975\",\"contentUrl\":\"https:\/\/tuzlainfo.ba\/wp-content\/litespeed\/avatar\/aabad687af24844af817603ac1cbdc4f.jpg?ver=1777306975\",\"caption\":\"nedim\"},\"description\":\"Tuzlainfo.ba pratite na dru\u0161tvenim mre\u017eama: Facebook, Instagram i Youtube. Svoje pri\u010de, upite i fotografije \u0161aljite na na\u0161u e-mail adresu.\"}]}<\/script>\n<!-- \/ Yoast SEO plugin. -->","yoast_head_json":{"title":"Sutra kona\u010dna odluka: Ovo su najozbiljniji kandidati za mandatara nove Vlade TK - TuzlaInfo.ba","robots":{"index":"index","follow":"follow","max-snippet":"max-snippet:-1","max-image-preview":"max-image-preview:large","max-video-preview":"max-video-preview:-1"},"canonical":"https:\/\/tuzlainfo.ba\/index.php\/novosti\/item\/164120-sutra-konacna-odluka-ovo-su-najozbiljniji-kandidati-za-mandatara-nove-vlade-tk\/","og_locale":"bs_BA","og_type":"article","og_title":"Sutra kona\u010dna odluka: Ovo su najozbiljniji kandidati za mandatara nove Vlade TK - TuzlaInfo.ba","og_description":"Nakon \u0161to je Tuzlanski kanton prije nekoliko dana dobio novo skup\u0161tinsko rukovodstvo i ostao bez&hellip;","og_url":"https:\/\/tuzlainfo.ba\/index.php\/novosti\/item\/164120-sutra-konacna-odluka-ovo-su-najozbiljniji-kandidati-za-mandatara-nove-vlade-tk\/","og_site_name":"TuzlaInfo.ba","article_publisher":"https:\/\/www.facebook.com\/tuzlainfo.ba\/","article_published_time":"2022-02-17T15:30:13+00:00","article_modified_time":"2022-02-17T21:18:01+00:00","og_image":[{"width":800,"height":445,"url":"https:\/\/tuzlainfo.ba\/wp-content\/uploads\/2021\/06\/2406-ko-sda-tk.jpg","type":"image\/jpeg"}],"author":"nedim","twitter_card":"summary_large_image","twitter_misc":{"Written by":"nedim","Est. reading time":"2 minute"},"schema":{"@context":"https:\/\/schema.org","@graph":[{"@type":"Article","@id":"https:\/\/tuzlainfo.ba\/index.php\/novosti\/item\/164120-sutra-konacna-odluka-ovo-su-najozbiljniji-kandidati-za-mandatara-nove-vlade-tk\/#article","isPartOf":{"@id":"https:\/\/tuzlainfo.ba\/index.php\/novosti\/item\/164120-sutra-konacna-odluka-ovo-su-najozbiljniji-kandidati-za-mandatara-nove-vlade-tk\/"},"author":{"name":"nedim","@id":"https:\/\/tuzlainfo.ba\/#\/schema\/person\/f434e20dc27ea133923aab08451b7f7f"},"headline":"Sutra kona\u010dna odluka: Ovo su najozbiljniji kandidati za mandatara nove Vlade TK","datePublished":"2022-02-17T15:30:13+00:00","dateModified":"2022-02-17T21:18:01+00:00","mainEntityOfPage":{"@id":"https:\/\/tuzlainfo.ba\/index.php\/novosti\/item\/164120-sutra-konacna-odluka-ovo-su-najozbiljniji-kandidati-za-mandatara-nove-vlade-tk\/"},"wordCount":506,"commentCount":0,"publisher":{"@id":"https:\/\/tuzlainfo.ba\/#organization"},"image":{"@id":"https:\/\/tuzlainfo.ba\/index.php\/novosti\/item\/164120-sutra-konacna-odluka-ovo-su-najozbiljniji-kandidati-za-mandatara-nove-vlade-tk\/#primaryimage"},"thumbnailUrl":"https:\/\/tuzlainfo.ba\/wp-content\/uploads\/2021\/06\/2406-ko-sda-tk.jpg","keywords":["sda tk","vlada tk"],"articleSection":["Istaknuto","Novosti","Preporu\u010dujemo"],"inLanguage":"bs-BA"},{"@type":"WebPage","@id":"https:\/\/tuzlainfo.ba\/index.php\/novosti\/item\/164120-sutra-konacna-odluka-ovo-su-najozbiljniji-kandidati-za-mandatara-nove-vlade-tk\/","url":"https:\/\/tuzlainfo.ba\/index.php\/novosti\/item\/164120-sutra-konacna-odluka-ovo-su-najozbiljniji-kandidati-za-mandatara-nove-vlade-tk\/","name":"Sutra kona\u010dna odluka: Ovo su najozbiljniji kandidati za mandatara nove Vlade TK - TuzlaInfo.ba","isPartOf":{"@id":"https:\/\/tuzlainfo.ba\/#website"},"primaryImageOfPage":{"@id":"https:\/\/tuzlainfo.ba\/index.php\/novosti\/item\/164120-sutra-konacna-odluka-ovo-su-najozbiljniji-kandidati-za-mandatara-nove-vlade-tk\/#primaryimage"},"image":{"@id":"https:\/\/tuzlainfo.ba\/index.php\/novosti\/item\/164120-sutra-konacna-odluka-ovo-su-najozbiljniji-kandidati-za-mandatara-nove-vlade-tk\/#primaryimage"},"thumbnailUrl":"https:\/\/tuzlainfo.ba\/wp-content\/uploads\/2021\/06\/2406-ko-sda-tk.jpg","datePublished":"2022-02-17T15:30:13+00:00","dateModified":"2022-02-17T21:18:01+00:00","breadcrumb":{"@id":"https:\/\/tuzlainfo.ba\/index.php\/novosti\/item\/164120-sutra-konacna-odluka-ovo-su-najozbiljniji-kandidati-za-mandatara-nove-vlade-tk\/#breadcrumb"},"inLanguage":"bs-BA","potentialAction":[{"@type":"ReadAction","target":["https:\/\/tuzlainfo.ba\/index.php\/novosti\/item\/164120-sutra-konacna-odluka-ovo-su-najozbiljniji-kandidati-za-mandatara-nove-vlade-tk\/"]}]},{"@type":"ImageObject","inLanguage":"bs-BA","@id":"https:\/\/tuzlainfo.ba\/index.php\/novosti\/item\/164120-sutra-konacna-odluka-ovo-su-najozbiljniji-kandidati-za-mandatara-nove-vlade-tk\/#primaryimage","url":"https:\/\/tuzlainfo.ba\/wp-content\/uploads\/2021\/06\/2406-ko-sda-tk.jpg","contentUrl":"https:\/\/tuzlainfo.ba\/wp-content\/uploads\/2021\/06\/2406-ko-sda-tk.jpg","width":800,"height":445},{"@type":"BreadcrumbList","@id":"https:\/\/tuzlainfo.ba\/index.php\/novosti\/item\/164120-sutra-konacna-odluka-ovo-su-najozbiljniji-kandidati-za-mandatara-nove-vlade-tk\/#breadcrumb","itemListElement":[{"@type":"ListItem","position":1,"name":"Home","item":"https:\/\/tuzlainfo.ba\/"},{"@type":"ListItem","position":2,"name":"Sutra kona\u010dna odluka: Ovo su najozbiljniji kandidati za mandatara nove Vlade TK"}]},{"@type":"WebSite","@id":"https:\/\/tuzlainfo.ba\/#website","url":"https:\/\/tuzlainfo.ba\/","name":"TuzlaInfo.ba","description":"Tuzla info, gradski informator - Tuzla na dlanu","publisher":{"@id":"https:\/\/tuzlainfo.ba\/#organization"},"potentialAction":[{"@type":"SearchAction","target":{"@type":"EntryPoint","urlTemplate":"https:\/\/tuzlainfo.ba\/?s={search_term_string}"},"query-input":{"@type":"PropertyValueSpecification","valueRequired":true,"valueName":"search_term_string"}}],"inLanguage":"bs-BA"},{"@type":"Organization","@id":"https:\/\/tuzlainfo.ba\/#organization","name":"TuzlaInfo.ba","url":"https:\/\/tuzlainfo.ba\/","logo":{"@type":"ImageObject","inLanguage":"bs-BA","@id":"https:\/\/tuzlainfo.ba\/#\/schema\/logo\/image\/","url":"https:\/\/tuzlainfo.ba\/wp-content\/uploads\/2021\/03\/logo-ver-3-1.png","contentUrl":"https:\/\/tuzlainfo.ba\/wp-content\/uploads\/2021\/03\/logo-ver-3-1.png","width":350,"height":95,"caption":"TuzlaInfo.ba"},"image":{"@id":"https:\/\/tuzlainfo.ba\/#\/schema\/logo\/image\/"},"sameAs":["https:\/\/www.facebook.com\/tuzlainfo.ba\/"]},{"@type":"Person","@id":"https:\/\/tuzlainfo.ba\/#\/schema\/person\/f434e20dc27ea133923aab08451b7f7f","name":"nedim","image":{"@type":"ImageObject","inLanguage":"bs-BA","@id":"https:\/\/tuzlainfo.ba\/#\/schema\/person\/image\/","url":"https:\/\/tuzlainfo.ba\/wp-content\/litespeed\/avatar\/aabad687af24844af817603ac1cbdc4f.jpg?ver=1777306975","contentUrl":"https:\/\/tuzlainfo.ba\/wp-content\/litespeed\/avatar\/aabad687af24844af817603ac1cbdc4f.jpg?ver=1777306975","caption":"nedim"},"description":"Tuzlainfo.ba pratite na dru\u0161tvenim mre\u017eama: Facebook, Instagram i Youtube. Svoje pri\u010de, upite i fotografije \u0161aljite na na\u0161u e-mail adresu."}]}},"_links":{"self":[{"href":"https:\/\/tuzlainfo.ba\/index.php\/wp-json\/wp\/v2\/posts\/164120"}],"collection":[{"href":"https:\/\/tuzlainfo.ba\/index.php\/wp-json\/wp\/v2\/posts"}],"about":[{"href":"https:\/\/tuzlainfo.ba\/index.php\/wp-json\/wp\/v2\/types\/post"}],"author":[{"embeddable":true,"href":"https:\/\/tuzlainfo.ba\/index.php\/wp-json\/wp\/v2\/users\/2"}],"replies":[{"embeddable":true,"href":"https:\/\/tuzlainfo.ba\/index.php\/wp-json\/wp\/v2\/comments?post=164120"}],"version-history":[{"count":0,"href":"https:\/\/tuzlainfo.ba\/index.php\/wp-json\/wp\/v2\/posts\/164120\/revisions"}],"wp:featuredmedia":[{"embeddable":true,"href":"https:\/\/tuzlainfo.ba\/index.php\/wp-json\/wp\/v2\/media\/140154"}],"wp:attachment":[{"href":"https:\/\/tuzlainfo.ba\/index.php\/wp-json\/wp\/v2\/media?parent=164120"}],"wp:term":[{"taxonomy":"category","embeddable":true,"href":"https:\/\/tuzlainfo.ba\/index.php\/wp-json\/wp\/v2\/categories?post=164120"},{"taxonomy":"post_tag","embeddable":true,"href":"https:\/\/tuzlainfo.ba\/index.php\/wp-json\/wp\/v2\/tags?post=164120"}],"curies":[{"name":"wp","href":"https:\/\/api.w.org\/{rel}","templated":true}]}}