{"id":164088,"date":"2022-02-17T11:00:04","date_gmt":"2022-02-17T10:00:04","guid":{"rendered":"https:\/\/tuzlainfo.ba\/?p=164088"},"modified":"2022-02-17T08:40:54","modified_gmt":"2022-02-17T07:40:54","slug":"grad-tuzla-objavljen-javni-poziv-za-strucno-osposobljavanje-bez-zasnivanja-radnog-odnosa","status":"publish","type":"post","link":"https:\/\/tuzlainfo.ba\/index.php\/novosti\/item\/164088-grad-tuzla-objavljen-javni-poziv-za-strucno-osposobljavanje-bez-zasnivanja-radnog-odnosa\/","title":{"rendered":"Grad Tuzla: Objavljen Javni poziv za stru\u010dno osposobljavanje bez zasnivanja radnog odnosa"},"content":{"rendered":"<p>Na osnovu \u010dlana 48. stav (5) Zakona o dr\u017eavnoj slu\u017ebi u Tuzlanskom kantonu (\u201eSlu\u017ebene novine TK\u201c, broj: 7\/17, 10\/17, 10\/18, 14\/18 i 8\/21) i \u010dlana 34. Zakona o radu (\u201eSl. novine FBiH\u201c, broj: 26\/16 i 89\/18) gradona\u010delnik Grada Tuzle je donio\u00a0 Odluku o raspisivanju Javnog poziva za prijem lica na stru\u010dno osposobljavanje bez zasnivanja radnog odnosa u slu\u017ebe za upravu i stru\u010dne slu\u017ebe Grada Tuzle.<\/p>\n<p>U tu svrhu, objavljen je Javni poziv za prijem lica na stru\u010dno osposobljavanje bez zasnivanja radnog odnosa u slu\u017ebe za upravu i stru\u010dne slu\u017ebe Grada Tuzle, putem kojeg se na stru\u010dno osposobljavanje prima ukupno deset lica sa zavr\u0161enom VSS\/VII stepenom stru\u010dne spreme ili visokim obrazovanjem prvog, drugog ili tre\u0107eg ciklusa bolonjskog sistema studiranja koji se vrednuje sa najmanje 180 ECTS bodova, i to 4 izvr\u0161ioca pravne ili upravne struke, 3 izvr\u0161ioca ekonomske struke, 1 izvr\u0161ilac saobra\u0107ajne struke (drumski saobra\u0107aj), 1 izvr\u0161ilac agronomske struke i 1 izvr\u0161ilac filolo\u0161ke struke (anglistika). Prijem lica na stru\u010dno osposobljavanje bez zasnivanja radnog odnosa vr\u0161i se na odre\u0111eno vrijeme u trajanju najdu\u017ee do 12 mjeseci.<\/p>\n<p>Na javni poziv mogu se prijaviti lica koja poslije zavr\u0161enog visokog obrazovanja \u2013 VII stepena stru\u010dne spreme, odnosno najmanje I ciklusa studija po bolonjskom sistemu studiranja nemaju uop\u0107e ili nemaju dovoljno (12 mjeseci) radnog iskustva u struci neophodnog za samostalan rad i polaganje stru\u010dnog ispita i koja su prijavljena na evidenciju kod Slu\u017ebe za zapo\u0161ljavanje.<\/p>\n<p>Javni poziv je otvoren zaklju\u010dno sa 26.02.2022. godine.<\/p>\n<p><a role=\"link\" href=\"https:\/\/grad.tuzla.ba\/wp-content\/uploads\/2017\/09\/Odluka-o-raspisivanju-Javnog-poziva-za-prijem-lica-na-strucno-osposobljavanje-02-30-2274-2022.pdf\">Odluka o raspisivanju Javnog poziva za prijem lica na stru\u010dno osposobljavanje bez zasnivanja radnog odnosa<\/a><br \/>\n<a role=\"link\" href=\"https:\/\/grad.tuzla.ba\/wp-content\/uploads\/2017\/09\/JAVNI-POZIV-za-prijem-lica-na-strucno-osposobljavanje-02-30-2274-2022.pdf\">JAVNI POZIV za prijem lica na stru\u010dno osposobljavanje bez zasnivanja radnog odnosa u slu\u017ebe za upravu i stru\u010dne slu\u017ebe Grada Tuzle<\/a><br \/>\n<a role=\"link\" href=\"https:\/\/grad.tuzla.ba\/wp-content\/uploads\/2017\/09\/Obrazac-za-prijavu-VSS.doc\">Obrazac za prijavu na Javni poziv za lica sa VSS<\/a><\/p>\n","protected":false},"excerpt":{"rendered":"<p>Na osnovu \u010dlana 48. stav (5) Zakona o dr\u017eavnoj slu\u017ebi u Tuzlanskom kantonu (\u201eSlu\u017ebene novine&hellip;<\/p>\n","protected":false},"author":2,"featured_media":66929,"comment_status":"open","ping_status":"closed","sticky":false,"template":"","format":"standard","meta":{"_acf_changed":false,"footnotes":""},"categories":[17,12],"tags":[331,2323],"acf":[],"yoast_head":"<!-- This site is optimized with the Yoast SEO plugin v23.5 - https:\/\/yoast.com\/wordpress\/plugins\/seo\/ -->\n<title>Grad Tuzla: Objavljen Javni poziv za stru\u010dno osposobljavanje bez zasnivanja radnog odnosa - TuzlaInfo.ba<\/title>\n<meta name=\"robots\" content=\"index, follow, max-snippet:-1, max-image-preview:large, max-video-preview:-1\" \/>\n<link rel=\"canonical\" href=\"https:\/\/tuzlainfo.ba\/index.php\/novosti\/item\/164088-grad-tuzla-objavljen-javni-poziv-za-strucno-osposobljavanje-bez-zasnivanja-radnog-odnosa\/\" \/>\n<meta property=\"og:locale\" content=\"bs_BA\" \/>\n<meta property=\"og:type\" content=\"article\" \/>\n<meta property=\"og:title\" content=\"Grad Tuzla: Objavljen Javni poziv za stru\u010dno osposobljavanje bez zasnivanja radnog odnosa - TuzlaInfo.ba\" \/>\n<meta property=\"og:description\" content=\"Na osnovu \u010dlana 48. stav (5) Zakona o dr\u017eavnoj slu\u017ebi u Tuzlanskom kantonu (\u201eSlu\u017ebene novine&hellip;\" \/>\n<meta property=\"og:url\" content=\"https:\/\/tuzlainfo.ba\/index.php\/novosti\/item\/164088-grad-tuzla-objavljen-javni-poziv-za-strucno-osposobljavanje-bez-zasnivanja-radnog-odnosa\/\" \/>\n<meta property=\"og:site_name\" content=\"TuzlaInfo.ba\" \/>\n<meta property=\"article:publisher\" content=\"https:\/\/www.facebook.com\/tuzlainfo.ba\/\" \/>\n<meta property=\"article:published_time\" content=\"2022-02-17T10:00:04+00:00\" \/>\n<meta property=\"article:modified_time\" content=\"2022-02-17T07:40:54+00:00\" \/>\n<meta property=\"og:image\" content=\"https:\/\/tuzlainfo.ba\/wp-content\/uploads\/2019\/01\/sadrzaj_2019_20190102_1101__grad_tuzla.jpg\" \/>\n\t<meta property=\"og:image:width\" content=\"770\" \/>\n\t<meta property=\"og:image:height\" content=\"515\" \/>\n\t<meta property=\"og:image:type\" content=\"image\/jpeg\" \/>\n<meta name=\"author\" content=\"nedim\" \/>\n<meta name=\"twitter:card\" content=\"summary_large_image\" \/>\n<meta name=\"twitter:label1\" content=\"Written by\" \/>\n\t<meta name=\"twitter:data1\" content=\"nedim\" \/>\n\t<meta name=\"twitter:label2\" content=\"Est. reading time\" \/>\n\t<meta name=\"twitter:data2\" content=\"2 minute\" \/>\n<script type=\"application\/ld+json\" class=\"yoast-schema-graph\">{\"@context\":\"https:\/\/schema.org\",\"@graph\":[{\"@type\":\"Article\",\"@id\":\"https:\/\/tuzlainfo.ba\/index.php\/novosti\/item\/164088-grad-tuzla-objavljen-javni-poziv-za-strucno-osposobljavanje-bez-zasnivanja-radnog-odnosa\/#article\",\"isPartOf\":{\"@id\":\"https:\/\/tuzlainfo.ba\/index.php\/novosti\/item\/164088-grad-tuzla-objavljen-javni-poziv-za-strucno-osposobljavanje-bez-zasnivanja-radnog-odnosa\/\"},\"author\":{\"name\":\"nedim\",\"@id\":\"https:\/\/tuzlainfo.ba\/#\/schema\/person\/f434e20dc27ea133923aab08451b7f7f\"},\"headline\":\"Grad Tuzla: Objavljen Javni poziv za stru\u010dno osposobljavanje bez zasnivanja radnog odnosa\",\"datePublished\":\"2022-02-17T10:00:04+00:00\",\"dateModified\":\"2022-02-17T07:40:54+00:00\",\"mainEntityOfPage\":{\"@id\":\"https:\/\/tuzlainfo.ba\/index.php\/novosti\/item\/164088-grad-tuzla-objavljen-javni-poziv-za-strucno-osposobljavanje-bez-zasnivanja-radnog-odnosa\/\"},\"wordCount\":317,\"commentCount\":0,\"publisher\":{\"@id\":\"https:\/\/tuzlainfo.ba\/#organization\"},\"image\":{\"@id\":\"https:\/\/tuzlainfo.ba\/index.php\/novosti\/item\/164088-grad-tuzla-objavljen-javni-poziv-za-strucno-osposobljavanje-bez-zasnivanja-radnog-odnosa\/#primaryimage\"},\"thumbnailUrl\":\"https:\/\/tuzlainfo.ba\/wp-content\/uploads\/2019\/01\/sadrzaj_2019_20190102_1101__grad_tuzla.jpg\",\"keywords\":[\"grad tuzla\",\"volonterski sta\u017e\"],\"articleSection\":[\"Berza rada\",\"Novosti\"],\"inLanguage\":\"bs-BA\"},{\"@type\":\"WebPage\",\"@id\":\"https:\/\/tuzlainfo.ba\/index.php\/novosti\/item\/164088-grad-tuzla-objavljen-javni-poziv-za-strucno-osposobljavanje-bez-zasnivanja-radnog-odnosa\/\",\"url\":\"https:\/\/tuzlainfo.ba\/index.php\/novosti\/item\/164088-grad-tuzla-objavljen-javni-poziv-za-strucno-osposobljavanje-bez-zasnivanja-radnog-odnosa\/\",\"name\":\"Grad Tuzla: Objavljen Javni poziv za stru\u010dno osposobljavanje bez zasnivanja radnog odnosa - TuzlaInfo.ba\",\"isPartOf\":{\"@id\":\"https:\/\/tuzlainfo.ba\/#website\"},\"primaryImageOfPage\":{\"@id\":\"https:\/\/tuzlainfo.ba\/index.php\/novosti\/item\/164088-grad-tuzla-objavljen-javni-poziv-za-strucno-osposobljavanje-bez-zasnivanja-radnog-odnosa\/#primaryimage\"},\"image\":{\"@id\":\"https:\/\/tuzlainfo.ba\/index.php\/novosti\/item\/164088-grad-tuzla-objavljen-javni-poziv-za-strucno-osposobljavanje-bez-zasnivanja-radnog-odnosa\/#primaryimage\"},\"thumbnailUrl\":\"https:\/\/tuzlainfo.ba\/wp-content\/uploads\/2019\/01\/sadrzaj_2019_20190102_1101__grad_tuzla.jpg\",\"datePublished\":\"2022-02-17T10:00:04+00:00\",\"dateModified\":\"2022-02-17T07:40:54+00:00\",\"breadcrumb\":{\"@id\":\"https:\/\/tuzlainfo.ba\/index.php\/novosti\/item\/164088-grad-tuzla-objavljen-javni-poziv-za-strucno-osposobljavanje-bez-zasnivanja-radnog-odnosa\/#breadcrumb\"},\"inLanguage\":\"bs-BA\",\"potentialAction\":[{\"@type\":\"ReadAction\",\"target\":[\"https:\/\/tuzlainfo.ba\/index.php\/novosti\/item\/164088-grad-tuzla-objavljen-javni-poziv-za-strucno-osposobljavanje-bez-zasnivanja-radnog-odnosa\/\"]}]},{\"@type\":\"ImageObject\",\"inLanguage\":\"bs-BA\",\"@id\":\"https:\/\/tuzlainfo.ba\/index.php\/novosti\/item\/164088-grad-tuzla-objavljen-javni-poziv-za-strucno-osposobljavanje-bez-zasnivanja-radnog-odnosa\/#primaryimage\",\"url\":\"https:\/\/tuzlainfo.ba\/wp-content\/uploads\/2019\/01\/sadrzaj_2019_20190102_1101__grad_tuzla.jpg\",\"contentUrl\":\"https:\/\/tuzlainfo.ba\/wp-content\/uploads\/2019\/01\/sadrzaj_2019_20190102_1101__grad_tuzla.jpg\",\"width\":770,\"height\":515,\"caption\":\"1101 grad tuzla\"},{\"@type\":\"BreadcrumbList\",\"@id\":\"https:\/\/tuzlainfo.ba\/index.php\/novosti\/item\/164088-grad-tuzla-objavljen-javni-poziv-za-strucno-osposobljavanje-bez-zasnivanja-radnog-odnosa\/#breadcrumb\",\"itemListElement\":[{\"@type\":\"ListItem\",\"position\":1,\"name\":\"Home\",\"item\":\"https:\/\/tuzlainfo.ba\/\"},{\"@type\":\"ListItem\",\"position\":2,\"name\":\"Grad Tuzla: Objavljen Javni poziv za stru\u010dno osposobljavanje bez zasnivanja radnog odnosa\"}]},{\"@type\":\"WebSite\",\"@id\":\"https:\/\/tuzlainfo.ba\/#website\",\"url\":\"https:\/\/tuzlainfo.ba\/\",\"name\":\"TuzlaInfo.ba\",\"description\":\"Tuzla info, gradski informator - Tuzla na dlanu\",\"publisher\":{\"@id\":\"https:\/\/tuzlainfo.ba\/#organization\"},\"potentialAction\":[{\"@type\":\"SearchAction\",\"target\":{\"@type\":\"EntryPoint\",\"urlTemplate\":\"https:\/\/tuzlainfo.ba\/?s={search_term_string}\"},\"query-input\":{\"@type\":\"PropertyValueSpecification\",\"valueRequired\":true,\"valueName\":\"search_term_string\"}}],\"inLanguage\":\"bs-BA\"},{\"@type\":\"Organization\",\"@id\":\"https:\/\/tuzlainfo.ba\/#organization\",\"name\":\"TuzlaInfo.ba\",\"url\":\"https:\/\/tuzlainfo.ba\/\",\"logo\":{\"@type\":\"ImageObject\",\"inLanguage\":\"bs-BA\",\"@id\":\"https:\/\/tuzlainfo.ba\/#\/schema\/logo\/image\/\",\"url\":\"https:\/\/tuzlainfo.ba\/wp-content\/uploads\/2021\/03\/logo-ver-3-1.png\",\"contentUrl\":\"https:\/\/tuzlainfo.ba\/wp-content\/uploads\/2021\/03\/logo-ver-3-1.png\",\"width\":350,\"height\":95,\"caption\":\"TuzlaInfo.ba\"},\"image\":{\"@id\":\"https:\/\/tuzlainfo.ba\/#\/schema\/logo\/image\/\"},\"sameAs\":[\"https:\/\/www.facebook.com\/tuzlainfo.ba\/\"]},{\"@type\":\"Person\",\"@id\":\"https:\/\/tuzlainfo.ba\/#\/schema\/person\/f434e20dc27ea133923aab08451b7f7f\",\"name\":\"nedim\",\"image\":{\"@type\":\"ImageObject\",\"inLanguage\":\"bs-BA\",\"@id\":\"https:\/\/tuzlainfo.ba\/#\/schema\/person\/image\/\",\"url\":\"https:\/\/tuzlainfo.ba\/wp-content\/litespeed\/avatar\/aabad687af24844af817603ac1cbdc4f.jpg?ver=1777306975\",\"contentUrl\":\"https:\/\/tuzlainfo.ba\/wp-content\/litespeed\/avatar\/aabad687af24844af817603ac1cbdc4f.jpg?ver=1777306975\",\"caption\":\"nedim\"},\"description\":\"Tuzlainfo.ba pratite na dru\u0161tvenim mre\u017eama: Facebook, Instagram i Youtube. Svoje pri\u010de, upite i fotografije \u0161aljite na na\u0161u e-mail adresu.\"}]}<\/script>\n<!-- \/ Yoast SEO plugin. -->","yoast_head_json":{"title":"Grad Tuzla: Objavljen Javni poziv za stru\u010dno osposobljavanje bez zasnivanja radnog odnosa - TuzlaInfo.ba","robots":{"index":"index","follow":"follow","max-snippet":"max-snippet:-1","max-image-preview":"max-image-preview:large","max-video-preview":"max-video-preview:-1"},"canonical":"https:\/\/tuzlainfo.ba\/index.php\/novosti\/item\/164088-grad-tuzla-objavljen-javni-poziv-za-strucno-osposobljavanje-bez-zasnivanja-radnog-odnosa\/","og_locale":"bs_BA","og_type":"article","og_title":"Grad Tuzla: Objavljen Javni poziv za stru\u010dno osposobljavanje bez zasnivanja radnog odnosa - TuzlaInfo.ba","og_description":"Na osnovu \u010dlana 48. stav (5) Zakona o dr\u017eavnoj slu\u017ebi u Tuzlanskom kantonu (\u201eSlu\u017ebene novine&hellip;","og_url":"https:\/\/tuzlainfo.ba\/index.php\/novosti\/item\/164088-grad-tuzla-objavljen-javni-poziv-za-strucno-osposobljavanje-bez-zasnivanja-radnog-odnosa\/","og_site_name":"TuzlaInfo.ba","article_publisher":"https:\/\/www.facebook.com\/tuzlainfo.ba\/","article_published_time":"2022-02-17T10:00:04+00:00","article_modified_time":"2022-02-17T07:40:54+00:00","og_image":[{"width":770,"height":515,"url":"https:\/\/tuzlainfo.ba\/wp-content\/uploads\/2019\/01\/sadrzaj_2019_20190102_1101__grad_tuzla.jpg","type":"image\/jpeg"}],"author":"nedim","twitter_card":"summary_large_image","twitter_misc":{"Written by":"nedim","Est. reading time":"2 minute"},"schema":{"@context":"https:\/\/schema.org","@graph":[{"@type":"Article","@id":"https:\/\/tuzlainfo.ba\/index.php\/novosti\/item\/164088-grad-tuzla-objavljen-javni-poziv-za-strucno-osposobljavanje-bez-zasnivanja-radnog-odnosa\/#article","isPartOf":{"@id":"https:\/\/tuzlainfo.ba\/index.php\/novosti\/item\/164088-grad-tuzla-objavljen-javni-poziv-za-strucno-osposobljavanje-bez-zasnivanja-radnog-odnosa\/"},"author":{"name":"nedim","@id":"https:\/\/tuzlainfo.ba\/#\/schema\/person\/f434e20dc27ea133923aab08451b7f7f"},"headline":"Grad Tuzla: Objavljen Javni poziv za stru\u010dno osposobljavanje bez zasnivanja radnog odnosa","datePublished":"2022-02-17T10:00:04+00:00","dateModified":"2022-02-17T07:40:54+00:00","mainEntityOfPage":{"@id":"https:\/\/tuzlainfo.ba\/index.php\/novosti\/item\/164088-grad-tuzla-objavljen-javni-poziv-za-strucno-osposobljavanje-bez-zasnivanja-radnog-odnosa\/"},"wordCount":317,"commentCount":0,"publisher":{"@id":"https:\/\/tuzlainfo.ba\/#organization"},"image":{"@id":"https:\/\/tuzlainfo.ba\/index.php\/novosti\/item\/164088-grad-tuzla-objavljen-javni-poziv-za-strucno-osposobljavanje-bez-zasnivanja-radnog-odnosa\/#primaryimage"},"thumbnailUrl":"https:\/\/tuzlainfo.ba\/wp-content\/uploads\/2019\/01\/sadrzaj_2019_20190102_1101__grad_tuzla.jpg","keywords":["grad tuzla","volonterski sta\u017e"],"articleSection":["Berza rada","Novosti"],"inLanguage":"bs-BA"},{"@type":"WebPage","@id":"https:\/\/tuzlainfo.ba\/index.php\/novosti\/item\/164088-grad-tuzla-objavljen-javni-poziv-za-strucno-osposobljavanje-bez-zasnivanja-radnog-odnosa\/","url":"https:\/\/tuzlainfo.ba\/index.php\/novosti\/item\/164088-grad-tuzla-objavljen-javni-poziv-za-strucno-osposobljavanje-bez-zasnivanja-radnog-odnosa\/","name":"Grad Tuzla: Objavljen Javni poziv za stru\u010dno osposobljavanje bez zasnivanja radnog odnosa - TuzlaInfo.ba","isPartOf":{"@id":"https:\/\/tuzlainfo.ba\/#website"},"primaryImageOfPage":{"@id":"https:\/\/tuzlainfo.ba\/index.php\/novosti\/item\/164088-grad-tuzla-objavljen-javni-poziv-za-strucno-osposobljavanje-bez-zasnivanja-radnog-odnosa\/#primaryimage"},"image":{"@id":"https:\/\/tuzlainfo.ba\/index.php\/novosti\/item\/164088-grad-tuzla-objavljen-javni-poziv-za-strucno-osposobljavanje-bez-zasnivanja-radnog-odnosa\/#primaryimage"},"thumbnailUrl":"https:\/\/tuzlainfo.ba\/wp-content\/uploads\/2019\/01\/sadrzaj_2019_20190102_1101__grad_tuzla.jpg","datePublished":"2022-02-17T10:00:04+00:00","dateModified":"2022-02-17T07:40:54+00:00","breadcrumb":{"@id":"https:\/\/tuzlainfo.ba\/index.php\/novosti\/item\/164088-grad-tuzla-objavljen-javni-poziv-za-strucno-osposobljavanje-bez-zasnivanja-radnog-odnosa\/#breadcrumb"},"inLanguage":"bs-BA","potentialAction":[{"@type":"ReadAction","target":["https:\/\/tuzlainfo.ba\/index.php\/novosti\/item\/164088-grad-tuzla-objavljen-javni-poziv-za-strucno-osposobljavanje-bez-zasnivanja-radnog-odnosa\/"]}]},{"@type":"ImageObject","inLanguage":"bs-BA","@id":"https:\/\/tuzlainfo.ba\/index.php\/novosti\/item\/164088-grad-tuzla-objavljen-javni-poziv-za-strucno-osposobljavanje-bez-zasnivanja-radnog-odnosa\/#primaryimage","url":"https:\/\/tuzlainfo.ba\/wp-content\/uploads\/2019\/01\/sadrzaj_2019_20190102_1101__grad_tuzla.jpg","contentUrl":"https:\/\/tuzlainfo.ba\/wp-content\/uploads\/2019\/01\/sadrzaj_2019_20190102_1101__grad_tuzla.jpg","width":770,"height":515,"caption":"1101 grad tuzla"},{"@type":"BreadcrumbList","@id":"https:\/\/tuzlainfo.ba\/index.php\/novosti\/item\/164088-grad-tuzla-objavljen-javni-poziv-za-strucno-osposobljavanje-bez-zasnivanja-radnog-odnosa\/#breadcrumb","itemListElement":[{"@type":"ListItem","position":1,"name":"Home","item":"https:\/\/tuzlainfo.ba\/"},{"@type":"ListItem","position":2,"name":"Grad Tuzla: Objavljen Javni poziv za stru\u010dno osposobljavanje bez zasnivanja radnog odnosa"}]},{"@type":"WebSite","@id":"https:\/\/tuzlainfo.ba\/#website","url":"https:\/\/tuzlainfo.ba\/","name":"TuzlaInfo.ba","description":"Tuzla info, gradski informator - Tuzla na dlanu","publisher":{"@id":"https:\/\/tuzlainfo.ba\/#organization"},"potentialAction":[{"@type":"SearchAction","target":{"@type":"EntryPoint","urlTemplate":"https:\/\/tuzlainfo.ba\/?s={search_term_string}"},"query-input":{"@type":"PropertyValueSpecification","valueRequired":true,"valueName":"search_term_string"}}],"inLanguage":"bs-BA"},{"@type":"Organization","@id":"https:\/\/tuzlainfo.ba\/#organization","name":"TuzlaInfo.ba","url":"https:\/\/tuzlainfo.ba\/","logo":{"@type":"ImageObject","inLanguage":"bs-BA","@id":"https:\/\/tuzlainfo.ba\/#\/schema\/logo\/image\/","url":"https:\/\/tuzlainfo.ba\/wp-content\/uploads\/2021\/03\/logo-ver-3-1.png","contentUrl":"https:\/\/tuzlainfo.ba\/wp-content\/uploads\/2021\/03\/logo-ver-3-1.png","width":350,"height":95,"caption":"TuzlaInfo.ba"},"image":{"@id":"https:\/\/tuzlainfo.ba\/#\/schema\/logo\/image\/"},"sameAs":["https:\/\/www.facebook.com\/tuzlainfo.ba\/"]},{"@type":"Person","@id":"https:\/\/tuzlainfo.ba\/#\/schema\/person\/f434e20dc27ea133923aab08451b7f7f","name":"nedim","image":{"@type":"ImageObject","inLanguage":"bs-BA","@id":"https:\/\/tuzlainfo.ba\/#\/schema\/person\/image\/","url":"https:\/\/tuzlainfo.ba\/wp-content\/litespeed\/avatar\/aabad687af24844af817603ac1cbdc4f.jpg?ver=1777306975","contentUrl":"https:\/\/tuzlainfo.ba\/wp-content\/litespeed\/avatar\/aabad687af24844af817603ac1cbdc4f.jpg?ver=1777306975","caption":"nedim"},"description":"Tuzlainfo.ba pratite na dru\u0161tvenim mre\u017eama: Facebook, Instagram i Youtube. Svoje pri\u010de, upite i fotografije \u0161aljite na na\u0161u e-mail adresu."}]}},"_links":{"self":[{"href":"https:\/\/tuzlainfo.ba\/index.php\/wp-json\/wp\/v2\/posts\/164088"}],"collection":[{"href":"https:\/\/tuzlainfo.ba\/index.php\/wp-json\/wp\/v2\/posts"}],"about":[{"href":"https:\/\/tuzlainfo.ba\/index.php\/wp-json\/wp\/v2\/types\/post"}],"author":[{"embeddable":true,"href":"https:\/\/tuzlainfo.ba\/index.php\/wp-json\/wp\/v2\/users\/2"}],"replies":[{"embeddable":true,"href":"https:\/\/tuzlainfo.ba\/index.php\/wp-json\/wp\/v2\/comments?post=164088"}],"version-history":[{"count":0,"href":"https:\/\/tuzlainfo.ba\/index.php\/wp-json\/wp\/v2\/posts\/164088\/revisions"}],"wp:featuredmedia":[{"embeddable":true,"href":"https:\/\/tuzlainfo.ba\/index.php\/wp-json\/wp\/v2\/media\/66929"}],"wp:attachment":[{"href":"https:\/\/tuzlainfo.ba\/index.php\/wp-json\/wp\/v2\/media?parent=164088"}],"wp:term":[{"taxonomy":"category","embeddable":true,"href":"https:\/\/tuzlainfo.ba\/index.php\/wp-json\/wp\/v2\/categories?post=164088"},{"taxonomy":"post_tag","embeddable":true,"href":"https:\/\/tuzlainfo.ba\/index.php\/wp-json\/wp\/v2\/tags?post=164088"}],"curies":[{"name":"wp","href":"https:\/\/api.w.org\/{rel}","templated":true}]}}