{"id":163849,"date":"2022-02-15T09:00:44","date_gmt":"2022-02-15T08:00:44","guid":{"rendered":"https:\/\/tuzlainfo.ba\/?p=163849"},"modified":"2022-02-15T07:57:49","modified_gmt":"2022-02-15T06:57:49","slug":"tuzla-proucen-mevlud-povodom-obiljezavanja-450-godina-gazi-turali-begovog-vakufa","status":"publish","type":"post","link":"https:\/\/tuzlainfo.ba\/index.php\/novosti\/item\/163849-tuzla-proucen-mevlud-povodom-obiljezavanja-450-godina-gazi-turali-begovog-vakufa\/","title":{"rendered":"Tuzla: Prou\u010den mevlud povodom obilje\u017eavanja 450 godina Gazi Turali-begovog vakufa"},"content":{"rendered":"<p dir=\"ltr\">Povodom obilje\u017eavanja 450 godina Gazi Turali-begovog vakufa u ponedjeljak 14. febrara 2022. godine prou\u010den je mevlud u d\u017emiji koju je u Tuzli izgradio ovaj plemeniti vakif. Mevludu je prisustvovao muftija tuzlanski Vahid-ef. Fazlovi\u0107\u00a0koji je u svome obra\u0107anju istakao\u00a0da je\u00a0Gazi Turali-begova d\u017eamija jedna od najstarijih i najljep\u0161ih d\u017eamija u Tuzli, a koja ve\u0107 450 godina u svoje okrilje prima one koji dolaze radi ibadeta, ali i sve druge koji je posje\u0107uju zbog njene ljepote.<\/p>\n<p>Prisutnima su se obratili i glavni tuzlanski imam hafiz Ahmed-ef. Huskanovi\u0107 i imam d\u017eamije hafiz Merim-ef. \u0110ulovi\u0107, a program je izveo hor Med\u017elisa Islamske zajednice Tuzla \u201eGazi Turali-beg\u201c.<\/p>\n<div id=\"penci-post-gallery__50190\" class=\"penci-post-gallery-container masonry grid column-3\" data-height=\"150\" data-margin=\"3\"><div class=\"inner-gallery-masonry-container\"><div class=\"item-gallery-masonry grid\"><a class=\"\" href=\"https:\/\/tuzlainfo.ba\/wp-content\/uploads\/2022\/02\/1502_mevlud-1.jpg\"><div class=\"inner-item-masonry-gallery\"><img decoding=\"async\" src=\"https:\/\/tuzlainfo.ba\/wp-content\/uploads\/2022\/02\/1502_mevlud-1-585x390.jpg\" alt=\"\" title=\"1502_mevlud (1)\"><\/div><\/a><\/div><div class=\"item-gallery-masonry grid\"><a class=\"\" href=\"https:\/\/tuzlainfo.ba\/wp-content\/uploads\/2022\/02\/1502_mevlud-2.jpg\"><div class=\"inner-item-masonry-gallery\"><img decoding=\"async\" src=\"https:\/\/tuzlainfo.ba\/wp-content\/uploads\/2022\/02\/1502_mevlud-2-585x390.jpg\" alt=\"\" title=\"1502_mevlud (2)\"><\/div><\/a><\/div><div class=\"item-gallery-masonry grid\"><a class=\"\" href=\"https:\/\/tuzlainfo.ba\/wp-content\/uploads\/2022\/02\/1502_mevlud-3.jpg\"><div class=\"inner-item-masonry-gallery\"><img decoding=\"async\" src=\"https:\/\/tuzlainfo.ba\/wp-content\/uploads\/2022\/02\/1502_mevlud-3-585x390.jpg\" alt=\"\" title=\"1502_mevlud (3)\"><\/div><\/a><\/div><div class=\"item-gallery-masonry grid\"><a class=\"\" href=\"https:\/\/tuzlainfo.ba\/wp-content\/uploads\/2022\/02\/1502_mevlud-4.jpg\"><div class=\"inner-item-masonry-gallery\"><img decoding=\"async\" src=\"https:\/\/tuzlainfo.ba\/wp-content\/uploads\/2022\/02\/1502_mevlud-4-585x390.jpg\" alt=\"\" title=\"1502_mevlud (4)\"><\/div><\/a><\/div><div class=\"item-gallery-masonry grid\"><a class=\"\" href=\"https:\/\/tuzlainfo.ba\/wp-content\/uploads\/2022\/02\/1502_mevlud-5.jpg\"><div class=\"inner-item-masonry-gallery\"><img decoding=\"async\" src=\"https:\/\/tuzlainfo.ba\/wp-content\/uploads\/2022\/02\/1502_mevlud-5-585x390.jpg\" alt=\"\" title=\"1502_mevlud (5)\"><\/div><\/a><\/div><div class=\"item-gallery-masonry grid\"><a class=\"\" href=\"https:\/\/tuzlainfo.ba\/wp-content\/uploads\/2022\/02\/1502_mevlud-6.jpg\"><div class=\"inner-item-masonry-gallery\"><img decoding=\"async\" src=\"https:\/\/tuzlainfo.ba\/wp-content\/uploads\/2022\/02\/1502_mevlud-6-585x390.jpg\" alt=\"\" title=\"1502_mevlud (6)\"><\/div><\/a><\/div><div class=\"item-gallery-masonry grid\"><a class=\"\" href=\"https:\/\/tuzlainfo.ba\/wp-content\/uploads\/2022\/02\/1502_mevlud-7.jpg\"><div class=\"inner-item-masonry-gallery\"><img decoding=\"async\" src=\"https:\/\/tuzlainfo.ba\/wp-content\/uploads\/2022\/02\/1502_mevlud-7-585x390.jpg\" alt=\"\" title=\"1502_mevlud (7)\"><\/div><\/a><\/div><div class=\"item-gallery-masonry grid\"><a class=\"\" href=\"https:\/\/tuzlainfo.ba\/wp-content\/uploads\/2022\/02\/1502_mevlud-8.jpg\"><div class=\"inner-item-masonry-gallery\"><img decoding=\"async\" src=\"https:\/\/tuzlainfo.ba\/wp-content\/uploads\/2022\/02\/1502_mevlud-8-585x390.jpg\" alt=\"\" title=\"1502_mevlud (8)\"><\/div><\/a><\/div><div class=\"item-gallery-masonry grid\"><a class=\"\" href=\"https:\/\/tuzlainfo.ba\/wp-content\/uploads\/2022\/02\/1502_mevlud-9.jpg\"><div class=\"inner-item-masonry-gallery\"><img decoding=\"async\" src=\"https:\/\/tuzlainfo.ba\/wp-content\/uploads\/2022\/02\/1502_mevlud-9-585x390.jpg\" alt=\"\" title=\"1502_mevlud (9)\"><\/div><\/a><\/div><div class=\"item-gallery-masonry grid\"><a class=\"\" href=\"https:\/\/tuzlainfo.ba\/wp-content\/uploads\/2022\/02\/1502_mevlud-10.jpg\"><div class=\"inner-item-masonry-gallery\"><img decoding=\"async\" src=\"https:\/\/tuzlainfo.ba\/wp-content\/uploads\/2022\/02\/1502_mevlud-10-585x390.jpg\" alt=\"\" title=\"1502_mevlud (10)\"><\/div><\/a><\/div><div class=\"item-gallery-masonry grid\"><a class=\"\" href=\"https:\/\/tuzlainfo.ba\/wp-content\/uploads\/2022\/02\/1502_mevlud-11.jpg\"><div class=\"inner-item-masonry-gallery\"><img decoding=\"async\" src=\"https:\/\/tuzlainfo.ba\/wp-content\/uploads\/2022\/02\/1502_mevlud-11-585x390.jpg\" alt=\"\" title=\"1502_mevlud (11)\"><\/div><\/a><\/div><div class=\"item-gallery-masonry grid\"><a class=\"\" href=\"https:\/\/tuzlainfo.ba\/wp-content\/uploads\/2022\/02\/1502_mevlud-12.jpg\"><div class=\"inner-item-masonry-gallery\"><img decoding=\"async\" src=\"https:\/\/tuzlainfo.ba\/wp-content\/uploads\/2022\/02\/1502_mevlud-12-585x390.jpg\" alt=\"\" title=\"1502_mevlud (12)\"><\/div><\/a><\/div><div class=\"item-gallery-masonry grid\"><a class=\"\" href=\"https:\/\/tuzlainfo.ba\/wp-content\/uploads\/2022\/02\/1502_mevlud-13.jpg\"><div class=\"inner-item-masonry-gallery\"><img decoding=\"async\" src=\"https:\/\/tuzlainfo.ba\/wp-content\/uploads\/2022\/02\/1502_mevlud-13-585x390.jpg\" alt=\"\" title=\"1502_mevlud (13)\"><\/div><\/a><\/div><div class=\"item-gallery-masonry grid\"><a class=\"\" href=\"https:\/\/tuzlainfo.ba\/wp-content\/uploads\/2022\/02\/1502_mevlud-14.jpg\"><div class=\"inner-item-masonry-gallery\"><img decoding=\"async\" src=\"https:\/\/tuzlainfo.ba\/wp-content\/uploads\/2022\/02\/1502_mevlud-14-585x390.jpg\" alt=\"\" title=\"1502_mevlud (14)\"><\/div><\/a><\/div><div class=\"item-gallery-masonry grid\"><a class=\"\" href=\"https:\/\/tuzlainfo.ba\/wp-content\/uploads\/2022\/02\/1502_mevlud-15.jpg\"><div class=\"inner-item-masonry-gallery\"><img decoding=\"async\" src=\"https:\/\/tuzlainfo.ba\/wp-content\/uploads\/2022\/02\/1502_mevlud-15-585x390.jpg\" alt=\"\" title=\"1502_mevlud (15)\"><\/div><\/a><\/div><div class=\"item-gallery-masonry grid\"><a class=\"\" href=\"https:\/\/tuzlainfo.ba\/wp-content\/uploads\/2022\/02\/1502_mevlud-16.jpg\"><div class=\"inner-item-masonry-gallery\"><img decoding=\"async\" src=\"https:\/\/tuzlainfo.ba\/wp-content\/uploads\/2022\/02\/1502_mevlud-16-585x390.jpg\" alt=\"\" title=\"1502_mevlud (16)\"><\/div><\/a><\/div><\/div><\/div>\n<p>&nbsp;<\/p>\n<div dir=\"ltr\">\n<p>Gazi Turali-begova d\u017eamija u Tuzli, koja 450 godina krasi naju\u017eu gradsku jezgru, obnovljena je 2014. godine i tada je u novom ruhu zasjala na istim temeljima na kojima je oduvijek i bila. Godine 2005. ova d\u017eamija je zajedno sa haremom i turbetom progla\u0161ena\u00a0 nacionalnim spomenikom Bosne i Hercegovine. <strong>\/S.P.\/<\/strong><\/p>\n<p><iframe title=\"Tuzla: Mevlud u Gazi Turali-begovoj d\u017eamiji\" width=\"1170\" height=\"658\" src=\"https:\/\/www.youtube.com\/embed\/F4FlN_L9Mw0?feature=oembed\" frameborder=\"0\" allow=\"accelerometer; autoplay; clipboard-write; encrypted-media; gyroscope; picture-in-picture\" allowfullscreen><\/iframe><\/p>\n<\/div>\n","protected":false},"excerpt":{"rendered":"<p>Povodom obilje\u017eavanja 450 godina Gazi Turali-begovog vakufa u ponedjeljak 14. febrara 2022. godine prou\u010den je&hellip;<\/p>\n","protected":false},"author":2,"featured_media":163862,"comment_status":"open","ping_status":"closed","sticky":false,"template":"","format":"standard","meta":{"_acf_changed":false,"footnotes":""},"categories":[304,12],"tags":[4136,2917],"acf":[],"yoast_head":"<!-- This site is optimized with the Yoast SEO plugin v23.5 - https:\/\/yoast.com\/wordpress\/plugins\/seo\/ -->\n<title>Tuzla: Prou\u010den mevlud povodom obilje\u017eavanja 450 godina Gazi Turali-begovog vakufa - TuzlaInfo.ba<\/title>\n<meta name=\"robots\" content=\"index, follow, max-snippet:-1, max-image-preview:large, max-video-preview:-1\" \/>\n<link rel=\"canonical\" href=\"https:\/\/tuzlainfo.ba\/index.php\/novosti\/item\/163849-tuzla-proucen-mevlud-povodom-obiljezavanja-450-godina-gazi-turali-begovog-vakufa\/\" \/>\n<meta property=\"og:locale\" content=\"bs_BA\" \/>\n<meta property=\"og:type\" content=\"article\" \/>\n<meta property=\"og:title\" content=\"Tuzla: Prou\u010den mevlud povodom obilje\u017eavanja 450 godina Gazi Turali-begovog vakufa - TuzlaInfo.ba\" \/>\n<meta property=\"og:description\" content=\"Povodom obilje\u017eavanja 450 godina Gazi Turali-begovog vakufa u ponedjeljak 14. febrara 2022. godine prou\u010den je&hellip;\" \/>\n<meta property=\"og:url\" content=\"https:\/\/tuzlainfo.ba\/index.php\/novosti\/item\/163849-tuzla-proucen-mevlud-povodom-obiljezavanja-450-godina-gazi-turali-begovog-vakufa\/\" \/>\n<meta property=\"og:site_name\" content=\"TuzlaInfo.ba\" \/>\n<meta property=\"article:publisher\" content=\"https:\/\/www.facebook.com\/tuzlainfo.ba\/\" \/>\n<meta property=\"article:published_time\" content=\"2022-02-15T08:00:44+00:00\" \/>\n<meta property=\"article:modified_time\" content=\"2022-02-15T06:57:49+00:00\" \/>\n<meta property=\"og:image\" content=\"https:\/\/tuzlainfo.ba\/wp-content\/uploads\/2022\/02\/1502_mevlud-13.jpg\" \/>\n\t<meta property=\"og:image:width\" content=\"1800\" \/>\n\t<meta property=\"og:image:height\" content=\"1200\" \/>\n\t<meta property=\"og:image:type\" content=\"image\/jpeg\" \/>\n<meta name=\"author\" content=\"nedim\" \/>\n<meta name=\"twitter:card\" content=\"summary_large_image\" \/>\n<meta name=\"twitter:label1\" content=\"Written by\" \/>\n\t<meta name=\"twitter:data1\" content=\"nedim\" \/>\n\t<meta name=\"twitter:label2\" content=\"Est. reading time\" \/>\n\t<meta name=\"twitter:data2\" content=\"1 minuta\" \/>\n<script type=\"application\/ld+json\" class=\"yoast-schema-graph\">{\"@context\":\"https:\/\/schema.org\",\"@graph\":[{\"@type\":\"Article\",\"@id\":\"https:\/\/tuzlainfo.ba\/index.php\/novosti\/item\/163849-tuzla-proucen-mevlud-povodom-obiljezavanja-450-godina-gazi-turali-begovog-vakufa\/#article\",\"isPartOf\":{\"@id\":\"https:\/\/tuzlainfo.ba\/index.php\/novosti\/item\/163849-tuzla-proucen-mevlud-povodom-obiljezavanja-450-godina-gazi-turali-begovog-vakufa\/\"},\"author\":{\"name\":\"nedim\",\"@id\":\"https:\/\/tuzlainfo.ba\/#\/schema\/person\/f434e20dc27ea133923aab08451b7f7f\"},\"headline\":\"Tuzla: Prou\u010den mevlud povodom obilje\u017eavanja 450 godina Gazi Turali-begovog vakufa\",\"datePublished\":\"2022-02-15T08:00:44+00:00\",\"dateModified\":\"2022-02-15T06:57:49+00:00\",\"mainEntityOfPage\":{\"@id\":\"https:\/\/tuzlainfo.ba\/index.php\/novosti\/item\/163849-tuzla-proucen-mevlud-povodom-obiljezavanja-450-godina-gazi-turali-begovog-vakufa\/\"},\"wordCount\":185,\"commentCount\":0,\"publisher\":{\"@id\":\"https:\/\/tuzlainfo.ba\/#organization\"},\"image\":{\"@id\":\"https:\/\/tuzlainfo.ba\/index.php\/novosti\/item\/163849-tuzla-proucen-mevlud-povodom-obiljezavanja-450-godina-gazi-turali-begovog-vakufa\/#primaryimage\"},\"thumbnailUrl\":\"https:\/\/tuzlainfo.ba\/wp-content\/uploads\/2022\/02\/1502_mevlud-13.jpg\",\"keywords\":[\"gazi turalibegov vakuf\",\"mevlud\"],\"articleSection\":[\"Istaknuto\",\"Novosti\"],\"inLanguage\":\"bs-BA\"},{\"@type\":\"WebPage\",\"@id\":\"https:\/\/tuzlainfo.ba\/index.php\/novosti\/item\/163849-tuzla-proucen-mevlud-povodom-obiljezavanja-450-godina-gazi-turali-begovog-vakufa\/\",\"url\":\"https:\/\/tuzlainfo.ba\/index.php\/novosti\/item\/163849-tuzla-proucen-mevlud-povodom-obiljezavanja-450-godina-gazi-turali-begovog-vakufa\/\",\"name\":\"Tuzla: Prou\u010den mevlud povodom obilje\u017eavanja 450 godina Gazi Turali-begovog vakufa - TuzlaInfo.ba\",\"isPartOf\":{\"@id\":\"https:\/\/tuzlainfo.ba\/#website\"},\"primaryImageOfPage\":{\"@id\":\"https:\/\/tuzlainfo.ba\/index.php\/novosti\/item\/163849-tuzla-proucen-mevlud-povodom-obiljezavanja-450-godina-gazi-turali-begovog-vakufa\/#primaryimage\"},\"image\":{\"@id\":\"https:\/\/tuzlainfo.ba\/index.php\/novosti\/item\/163849-tuzla-proucen-mevlud-povodom-obiljezavanja-450-godina-gazi-turali-begovog-vakufa\/#primaryimage\"},\"thumbnailUrl\":\"https:\/\/tuzlainfo.ba\/wp-content\/uploads\/2022\/02\/1502_mevlud-13.jpg\",\"datePublished\":\"2022-02-15T08:00:44+00:00\",\"dateModified\":\"2022-02-15T06:57:49+00:00\",\"breadcrumb\":{\"@id\":\"https:\/\/tuzlainfo.ba\/index.php\/novosti\/item\/163849-tuzla-proucen-mevlud-povodom-obiljezavanja-450-godina-gazi-turali-begovog-vakufa\/#breadcrumb\"},\"inLanguage\":\"bs-BA\",\"potentialAction\":[{\"@type\":\"ReadAction\",\"target\":[\"https:\/\/tuzlainfo.ba\/index.php\/novosti\/item\/163849-tuzla-proucen-mevlud-povodom-obiljezavanja-450-godina-gazi-turali-begovog-vakufa\/\"]}]},{\"@type\":\"ImageObject\",\"inLanguage\":\"bs-BA\",\"@id\":\"https:\/\/tuzlainfo.ba\/index.php\/novosti\/item\/163849-tuzla-proucen-mevlud-povodom-obiljezavanja-450-godina-gazi-turali-begovog-vakufa\/#primaryimage\",\"url\":\"https:\/\/tuzlainfo.ba\/wp-content\/uploads\/2022\/02\/1502_mevlud-13.jpg\",\"contentUrl\":\"https:\/\/tuzlainfo.ba\/wp-content\/uploads\/2022\/02\/1502_mevlud-13.jpg\",\"width\":1800,\"height\":1200},{\"@type\":\"BreadcrumbList\",\"@id\":\"https:\/\/tuzlainfo.ba\/index.php\/novosti\/item\/163849-tuzla-proucen-mevlud-povodom-obiljezavanja-450-godina-gazi-turali-begovog-vakufa\/#breadcrumb\",\"itemListElement\":[{\"@type\":\"ListItem\",\"position\":1,\"name\":\"Home\",\"item\":\"https:\/\/tuzlainfo.ba\/\"},{\"@type\":\"ListItem\",\"position\":2,\"name\":\"Tuzla: Prou\u010den mevlud povodom obilje\u017eavanja 450 godina Gazi Turali-begovog vakufa\"}]},{\"@type\":\"WebSite\",\"@id\":\"https:\/\/tuzlainfo.ba\/#website\",\"url\":\"https:\/\/tuzlainfo.ba\/\",\"name\":\"TuzlaInfo.ba\",\"description\":\"Tuzla info, gradski informator - Tuzla na dlanu\",\"publisher\":{\"@id\":\"https:\/\/tuzlainfo.ba\/#organization\"},\"potentialAction\":[{\"@type\":\"SearchAction\",\"target\":{\"@type\":\"EntryPoint\",\"urlTemplate\":\"https:\/\/tuzlainfo.ba\/?s={search_term_string}\"},\"query-input\":{\"@type\":\"PropertyValueSpecification\",\"valueRequired\":true,\"valueName\":\"search_term_string\"}}],\"inLanguage\":\"bs-BA\"},{\"@type\":\"Organization\",\"@id\":\"https:\/\/tuzlainfo.ba\/#organization\",\"name\":\"TuzlaInfo.ba\",\"url\":\"https:\/\/tuzlainfo.ba\/\",\"logo\":{\"@type\":\"ImageObject\",\"inLanguage\":\"bs-BA\",\"@id\":\"https:\/\/tuzlainfo.ba\/#\/schema\/logo\/image\/\",\"url\":\"https:\/\/tuzlainfo.ba\/wp-content\/uploads\/2021\/03\/logo-ver-3-1.png\",\"contentUrl\":\"https:\/\/tuzlainfo.ba\/wp-content\/uploads\/2021\/03\/logo-ver-3-1.png\",\"width\":350,\"height\":95,\"caption\":\"TuzlaInfo.ba\"},\"image\":{\"@id\":\"https:\/\/tuzlainfo.ba\/#\/schema\/logo\/image\/\"},\"sameAs\":[\"https:\/\/www.facebook.com\/tuzlainfo.ba\/\"]},{\"@type\":\"Person\",\"@id\":\"https:\/\/tuzlainfo.ba\/#\/schema\/person\/f434e20dc27ea133923aab08451b7f7f\",\"name\":\"nedim\",\"image\":{\"@type\":\"ImageObject\",\"inLanguage\":\"bs-BA\",\"@id\":\"https:\/\/tuzlainfo.ba\/#\/schema\/person\/image\/\",\"url\":\"https:\/\/tuzlainfo.ba\/wp-content\/litespeed\/avatar\/aabad687af24844af817603ac1cbdc4f.jpg?ver=1776702173\",\"contentUrl\":\"https:\/\/tuzlainfo.ba\/wp-content\/litespeed\/avatar\/aabad687af24844af817603ac1cbdc4f.jpg?ver=1776702173\",\"caption\":\"nedim\"},\"description\":\"Tuzlainfo.ba pratite na dru\u0161tvenim mre\u017eama: Facebook, Instagram i Youtube. Svoje pri\u010de, upite i fotografije \u0161aljite na na\u0161u e-mail adresu.\"}]}<\/script>\n<!-- \/ Yoast SEO plugin. -->","yoast_head_json":{"title":"Tuzla: Prou\u010den mevlud povodom obilje\u017eavanja 450 godina Gazi Turali-begovog vakufa - TuzlaInfo.ba","robots":{"index":"index","follow":"follow","max-snippet":"max-snippet:-1","max-image-preview":"max-image-preview:large","max-video-preview":"max-video-preview:-1"},"canonical":"https:\/\/tuzlainfo.ba\/index.php\/novosti\/item\/163849-tuzla-proucen-mevlud-povodom-obiljezavanja-450-godina-gazi-turali-begovog-vakufa\/","og_locale":"bs_BA","og_type":"article","og_title":"Tuzla: Prou\u010den mevlud povodom obilje\u017eavanja 450 godina Gazi Turali-begovog vakufa - TuzlaInfo.ba","og_description":"Povodom obilje\u017eavanja 450 godina Gazi Turali-begovog vakufa u ponedjeljak 14. febrara 2022. godine prou\u010den je&hellip;","og_url":"https:\/\/tuzlainfo.ba\/index.php\/novosti\/item\/163849-tuzla-proucen-mevlud-povodom-obiljezavanja-450-godina-gazi-turali-begovog-vakufa\/","og_site_name":"TuzlaInfo.ba","article_publisher":"https:\/\/www.facebook.com\/tuzlainfo.ba\/","article_published_time":"2022-02-15T08:00:44+00:00","article_modified_time":"2022-02-15T06:57:49+00:00","og_image":[{"width":1800,"height":1200,"url":"https:\/\/tuzlainfo.ba\/wp-content\/uploads\/2022\/02\/1502_mevlud-13.jpg","type":"image\/jpeg"}],"author":"nedim","twitter_card":"summary_large_image","twitter_misc":{"Written by":"nedim","Est. reading time":"1 minuta"},"schema":{"@context":"https:\/\/schema.org","@graph":[{"@type":"Article","@id":"https:\/\/tuzlainfo.ba\/index.php\/novosti\/item\/163849-tuzla-proucen-mevlud-povodom-obiljezavanja-450-godina-gazi-turali-begovog-vakufa\/#article","isPartOf":{"@id":"https:\/\/tuzlainfo.ba\/index.php\/novosti\/item\/163849-tuzla-proucen-mevlud-povodom-obiljezavanja-450-godina-gazi-turali-begovog-vakufa\/"},"author":{"name":"nedim","@id":"https:\/\/tuzlainfo.ba\/#\/schema\/person\/f434e20dc27ea133923aab08451b7f7f"},"headline":"Tuzla: Prou\u010den mevlud povodom obilje\u017eavanja 450 godina Gazi Turali-begovog vakufa","datePublished":"2022-02-15T08:00:44+00:00","dateModified":"2022-02-15T06:57:49+00:00","mainEntityOfPage":{"@id":"https:\/\/tuzlainfo.ba\/index.php\/novosti\/item\/163849-tuzla-proucen-mevlud-povodom-obiljezavanja-450-godina-gazi-turali-begovog-vakufa\/"},"wordCount":185,"commentCount":0,"publisher":{"@id":"https:\/\/tuzlainfo.ba\/#organization"},"image":{"@id":"https:\/\/tuzlainfo.ba\/index.php\/novosti\/item\/163849-tuzla-proucen-mevlud-povodom-obiljezavanja-450-godina-gazi-turali-begovog-vakufa\/#primaryimage"},"thumbnailUrl":"https:\/\/tuzlainfo.ba\/wp-content\/uploads\/2022\/02\/1502_mevlud-13.jpg","keywords":["gazi turalibegov vakuf","mevlud"],"articleSection":["Istaknuto","Novosti"],"inLanguage":"bs-BA"},{"@type":"WebPage","@id":"https:\/\/tuzlainfo.ba\/index.php\/novosti\/item\/163849-tuzla-proucen-mevlud-povodom-obiljezavanja-450-godina-gazi-turali-begovog-vakufa\/","url":"https:\/\/tuzlainfo.ba\/index.php\/novosti\/item\/163849-tuzla-proucen-mevlud-povodom-obiljezavanja-450-godina-gazi-turali-begovog-vakufa\/","name":"Tuzla: Prou\u010den mevlud povodom obilje\u017eavanja 450 godina Gazi Turali-begovog vakufa - TuzlaInfo.ba","isPartOf":{"@id":"https:\/\/tuzlainfo.ba\/#website"},"primaryImageOfPage":{"@id":"https:\/\/tuzlainfo.ba\/index.php\/novosti\/item\/163849-tuzla-proucen-mevlud-povodom-obiljezavanja-450-godina-gazi-turali-begovog-vakufa\/#primaryimage"},"image":{"@id":"https:\/\/tuzlainfo.ba\/index.php\/novosti\/item\/163849-tuzla-proucen-mevlud-povodom-obiljezavanja-450-godina-gazi-turali-begovog-vakufa\/#primaryimage"},"thumbnailUrl":"https:\/\/tuzlainfo.ba\/wp-content\/uploads\/2022\/02\/1502_mevlud-13.jpg","datePublished":"2022-02-15T08:00:44+00:00","dateModified":"2022-02-15T06:57:49+00:00","breadcrumb":{"@id":"https:\/\/tuzlainfo.ba\/index.php\/novosti\/item\/163849-tuzla-proucen-mevlud-povodom-obiljezavanja-450-godina-gazi-turali-begovog-vakufa\/#breadcrumb"},"inLanguage":"bs-BA","potentialAction":[{"@type":"ReadAction","target":["https:\/\/tuzlainfo.ba\/index.php\/novosti\/item\/163849-tuzla-proucen-mevlud-povodom-obiljezavanja-450-godina-gazi-turali-begovog-vakufa\/"]}]},{"@type":"ImageObject","inLanguage":"bs-BA","@id":"https:\/\/tuzlainfo.ba\/index.php\/novosti\/item\/163849-tuzla-proucen-mevlud-povodom-obiljezavanja-450-godina-gazi-turali-begovog-vakufa\/#primaryimage","url":"https:\/\/tuzlainfo.ba\/wp-content\/uploads\/2022\/02\/1502_mevlud-13.jpg","contentUrl":"https:\/\/tuzlainfo.ba\/wp-content\/uploads\/2022\/02\/1502_mevlud-13.jpg","width":1800,"height":1200},{"@type":"BreadcrumbList","@id":"https:\/\/tuzlainfo.ba\/index.php\/novosti\/item\/163849-tuzla-proucen-mevlud-povodom-obiljezavanja-450-godina-gazi-turali-begovog-vakufa\/#breadcrumb","itemListElement":[{"@type":"ListItem","position":1,"name":"Home","item":"https:\/\/tuzlainfo.ba\/"},{"@type":"ListItem","position":2,"name":"Tuzla: Prou\u010den mevlud povodom obilje\u017eavanja 450 godina Gazi Turali-begovog vakufa"}]},{"@type":"WebSite","@id":"https:\/\/tuzlainfo.ba\/#website","url":"https:\/\/tuzlainfo.ba\/","name":"TuzlaInfo.ba","description":"Tuzla info, gradski informator - Tuzla na dlanu","publisher":{"@id":"https:\/\/tuzlainfo.ba\/#organization"},"potentialAction":[{"@type":"SearchAction","target":{"@type":"EntryPoint","urlTemplate":"https:\/\/tuzlainfo.ba\/?s={search_term_string}"},"query-input":{"@type":"PropertyValueSpecification","valueRequired":true,"valueName":"search_term_string"}}],"inLanguage":"bs-BA"},{"@type":"Organization","@id":"https:\/\/tuzlainfo.ba\/#organization","name":"TuzlaInfo.ba","url":"https:\/\/tuzlainfo.ba\/","logo":{"@type":"ImageObject","inLanguage":"bs-BA","@id":"https:\/\/tuzlainfo.ba\/#\/schema\/logo\/image\/","url":"https:\/\/tuzlainfo.ba\/wp-content\/uploads\/2021\/03\/logo-ver-3-1.png","contentUrl":"https:\/\/tuzlainfo.ba\/wp-content\/uploads\/2021\/03\/logo-ver-3-1.png","width":350,"height":95,"caption":"TuzlaInfo.ba"},"image":{"@id":"https:\/\/tuzlainfo.ba\/#\/schema\/logo\/image\/"},"sameAs":["https:\/\/www.facebook.com\/tuzlainfo.ba\/"]},{"@type":"Person","@id":"https:\/\/tuzlainfo.ba\/#\/schema\/person\/f434e20dc27ea133923aab08451b7f7f","name":"nedim","image":{"@type":"ImageObject","inLanguage":"bs-BA","@id":"https:\/\/tuzlainfo.ba\/#\/schema\/person\/image\/","url":"https:\/\/tuzlainfo.ba\/wp-content\/litespeed\/avatar\/aabad687af24844af817603ac1cbdc4f.jpg?ver=1776702173","contentUrl":"https:\/\/tuzlainfo.ba\/wp-content\/litespeed\/avatar\/aabad687af24844af817603ac1cbdc4f.jpg?ver=1776702173","caption":"nedim"},"description":"Tuzlainfo.ba pratite na dru\u0161tvenim mre\u017eama: Facebook, Instagram i Youtube. Svoje pri\u010de, upite i fotografije \u0161aljite na na\u0161u e-mail adresu."}]}},"_links":{"self":[{"href":"https:\/\/tuzlainfo.ba\/index.php\/wp-json\/wp\/v2\/posts\/163849"}],"collection":[{"href":"https:\/\/tuzlainfo.ba\/index.php\/wp-json\/wp\/v2\/posts"}],"about":[{"href":"https:\/\/tuzlainfo.ba\/index.php\/wp-json\/wp\/v2\/types\/post"}],"author":[{"embeddable":true,"href":"https:\/\/tuzlainfo.ba\/index.php\/wp-json\/wp\/v2\/users\/2"}],"replies":[{"embeddable":true,"href":"https:\/\/tuzlainfo.ba\/index.php\/wp-json\/wp\/v2\/comments?post=163849"}],"version-history":[{"count":0,"href":"https:\/\/tuzlainfo.ba\/index.php\/wp-json\/wp\/v2\/posts\/163849\/revisions"}],"wp:featuredmedia":[{"embeddable":true,"href":"https:\/\/tuzlainfo.ba\/index.php\/wp-json\/wp\/v2\/media\/163862"}],"wp:attachment":[{"href":"https:\/\/tuzlainfo.ba\/index.php\/wp-json\/wp\/v2\/media?parent=163849"}],"wp:term":[{"taxonomy":"category","embeddable":true,"href":"https:\/\/tuzlainfo.ba\/index.php\/wp-json\/wp\/v2\/categories?post=163849"},{"taxonomy":"post_tag","embeddable":true,"href":"https:\/\/tuzlainfo.ba\/index.php\/wp-json\/wp\/v2\/tags?post=163849"}],"curies":[{"name":"wp","href":"https:\/\/api.w.org\/{rel}","templated":true}]}}