{"id":163646,"date":"2022-02-12T10:45:57","date_gmt":"2022-02-12T09:45:57","guid":{"rendered":"https:\/\/tuzlainfo.ba\/?p=163646"},"modified":"2022-02-12T22:05:42","modified_gmt":"2022-02-12T21:05:42","slug":"prica-koja-nikoga-nije-ostavila-ravnodusnim-suada-iz-tuzle-pronasla-donora-sada-joj-je-potrebna-nasa-pomoc","status":"publish","type":"post","link":"https:\/\/tuzlainfo.ba\/index.php\/novosti\/item\/163646-prica-koja-nikoga-nije-ostavila-ravnodusnim-suada-iz-tuzle-pronasla-donora-sada-joj-je-potrebna-nasa-pomoc\/","title":{"rendered":"Pri\u010da koja nikoga nije ostavila ravnodu\u0161nim: Suada iz Tuzle prona\u0161la donora, sada joj je potrebna na\u0161a pomo\u0107"},"content":{"rendered":"<p>Suada Husejinovi\u0107 Kikanovi\u0107 iz Tuzle, ve\u0107 pola svog \u017eivota ida na dijalizu.<\/p>\n<p>Jo\u0161 2003. godine kada je Suada imala 18 godina, dijagnosticirano joj je oboljenje bubrega. Od tada, pa sve do danas, ona svakog drugog dana odlazi na veoma mukotrpne dijalize. Pored oboljenja bubrega, Suada ima i dodatne zdravstvene pote\u0161ko\u0107e, uzrokovane dugogodi\u0161njim dijalizama.<\/p>\n<p>Nakon godina borbe Suada je svoju pri\u010du podijelila sa drugima, a ubrzo je stigla pomo\u0107.<\/p>\n<p>Na svom Facebook profilu je objavila pri\u010du koju prenosimo u nastavku:<\/p>\n<p>\u0160ta raditi? Kakvu poruku poslati? Da li nam je u \u017eivotu zaista sve zapisano? \u017delim vam ispri\u010dati nevjerovatan po\u010detak ove 2022. godine.<\/p>\n<p>Nakon \u010ditavog ovog \u017eivota provedenog u svojoj domovini BiH, godina provedenih na dijalizi pola svog \u017eivota, podijelit \u0107u sa vama ovu pri\u010du. Mnogo tuge i bola sam pro\u017eivjela i pro\u017eivljavam. Mnogo je poku\u0161aja bilo u rije\u0161enju svog problema, na sve mogu\u0107e na\u010dine, velikih nada i o\u010dekivanja. Tu je, izme\u0111u ostalog, i zapo\u010deti poku\u0161aj sa \u201cOtvorenom Mre\u017eom\u201d, u kojoj sam, osim nade, izgubila i vrijeme i novac, te je sve palo u vodu.<\/p>\n<p>Za ovih 17 godina nije mi se ukazala ama ba\u0161 nijedna jedina prilika da se transplantiram ili bilo \u0161to sli\u010dno ovdje u svojoj domovini BiH. Nakon 17 godina javili su mi se doktori iz Egipta, ta\u010dnije iz Gize, koji su mi napisali konkretno da \u0107e mi odraditi transplantaciju sa svojim timom koji li\u010dno vode u Egiptu na klinici.<\/p>\n<p>U poruci mi govore kako me mogu transplantirati bez problema i pomo\u0107i mi u svemu tome te, da mi je samo potreban \u017eivi donor koji \u0107e mi donirati bubreg. Navode da, po njihovim zakonima, mo\u017ee da mi bude bilo tko donor, te da to bude kao humani \u010din i da je jedini uslov samo da smo iz iste zemlje (pacijent-donor), krvne grupe \u201cB+\u201d ili \u201c0+\u201d i starosne dobi od 21 do 50 godina.<\/p>\n<p>Prilika \u017eivota mi se otvorila u ovoj godini ali, na\u017ealost, nemam nikoga tko bi mi donirao bubreg sa krvnom grupom \u201cB+\u201d ili \u201c0+\u201d.<\/p>\n<p>Za sve ove godine o\u010dekivanja i nadanja da napokon ozdravim, pojavljuje mi se ovakva nevjerovatna sudbonosna prilika, u vremenu kada su \u010dak i brojevi provedenih zdrava i onih u patnji i agoniji od kako sam se razboljela, poklopili na pola.<\/p>\n<p>Sa punih 17 godina sam se razboljela, da bi nakon jo\u0161 17 godina borbe za ozdravljenje dobila ovakvu priliku i \u0161ansu u \u017eivotu koju ne bi smjela propustiti. Iskreno se nadam da \u0107e se nekome probuditi svijest, da jo\u0161 ima onih koji mogu i \u017eele spasiti jedan mladi \u017eivot, te mi pomo\u0107i da ne propustim ovu priliku i sudbinu koja mi se pru\u017eila.<\/p>\n<p>Ovo se ne de\u0161ava svaki dan, ovo je \u201csudbina\u201d. Zaista se nadam jo\u0161 uvijek da ima u BiH humanih i suosje\u0107ajnih ljudi spremnih u\u010diniti dobro i humano djelo, sanjam o tome da jednog dana, nakon 17 godina dijalize, \u017eivim normalno. Stojim na velikoj raskrsnici \u017eivota! Kojim putem krenuti!?<\/p>\n<p>Ako ne mo\u017eete da mi pomognete, za\u017eelite mi sre\u0107u da se netko prona\u0111e tko \u0107e me spasiti. Spasiti ne\u010diji \u017eivot je neprocjenjivo i kod Boga nagra\u0111eno dijelo.<\/p>\n<p>Suadina pri\u010da podijeljena je vi\u0161e stotina puta, pa je donor ubrzo prona\u0111en. Sada, Suadi treba nov\u010dana podr\u0161ka za tro\u0161kove transplantacije i boravka u Egiptu.<\/p>\n<p><strong>Svi zainteresovani mogu pomo\u0107i uplatom na ra\u010dun, a svi detalji su na fotografiji ispod:<\/strong><\/p>\n<p><img fetchpriority=\"high\" decoding=\"async\" class=\"alignnone wp-image-163647 size-full\" src=\"https:\/\/tuzlainfo.ba\/wp-content\/uploads\/2022\/02\/inbound6109219271300132570.jpg\" alt=\"\" width=\"1080\" height=\"717\" srcset=\"https:\/\/tuzlainfo.ba\/wp-content\/uploads\/2022\/02\/inbound6109219271300132570.jpg 1080w, https:\/\/tuzlainfo.ba\/wp-content\/uploads\/2022\/02\/inbound6109219271300132570-300x199.jpg 300w, https:\/\/tuzlainfo.ba\/wp-content\/uploads\/2022\/02\/inbound6109219271300132570-1024x680.jpg 1024w, https:\/\/tuzlainfo.ba\/wp-content\/uploads\/2022\/02\/inbound6109219271300132570-768x510.jpg 768w, https:\/\/tuzlainfo.ba\/wp-content\/uploads\/2022\/02\/inbound6109219271300132570-585x388.jpg 585w, https:\/\/tuzlainfo.ba\/wp-content\/uploads\/2022\/02\/inbound6109219271300132570-263x175.jpg 263w, https:\/\/tuzlainfo.ba\/wp-content\/uploads\/2022\/02\/inbound6109219271300132570-150x100.jpg 150w, https:\/\/tuzlainfo.ba\/wp-content\/uploads\/2022\/02\/inbound6109219271300132570-500x332.jpg 500w, https:\/\/tuzlainfo.ba\/wp-content\/uploads\/2022\/02\/inbound6109219271300132570-120x80.jpg 120w\" sizes=\"(max-width: 1080px) 100vw, 1080px\" \/><\/p>\n<p>\/A.B.\/<\/p>\n<p>&nbsp;<\/p>\n<p>&nbsp;<\/p>\n<p>&nbsp;<\/p>\n","protected":false},"excerpt":{"rendered":"<p>Suada Husejinovi\u0107 Kikanovi\u0107 iz Tuzle, ve\u0107 pola svog \u017eivota ida na dijalizu. Jo\u0161 2003. godine&hellip;<\/p>\n","protected":false},"author":4,"featured_media":160920,"comment_status":"open","ping_status":"closed","sticky":false,"template":"","format":"standard","meta":{"_acf_changed":false,"footnotes":""},"categories":[304,12,306],"tags":[2911,3904,1022],"acf":[],"yoast_head":"<!-- This site is optimized with the Yoast SEO plugin v23.5 - https:\/\/yoast.com\/wordpress\/plugins\/seo\/ -->\n<title>Pri\u010da koja nikoga nije ostavila ravnodu\u0161nim: Suada iz Tuzle prona\u0161la donora, sada joj je potrebna na\u0161a pomo\u0107 - TuzlaInfo.ba<\/title>\n<meta name=\"robots\" content=\"index, follow, max-snippet:-1, max-image-preview:large, max-video-preview:-1\" \/>\n<link rel=\"canonical\" href=\"https:\/\/tuzlainfo.ba\/index.php\/novosti\/item\/163646-prica-koja-nikoga-nije-ostavila-ravnodusnim-suada-iz-tuzle-pronasla-donora-sada-joj-je-potrebna-nasa-pomoc\/\" \/>\n<meta property=\"og:locale\" content=\"bs_BA\" \/>\n<meta property=\"og:type\" content=\"article\" \/>\n<meta property=\"og:title\" content=\"Pri\u010da koja nikoga nije ostavila ravnodu\u0161nim: Suada iz Tuzle prona\u0161la donora, sada joj je potrebna na\u0161a pomo\u0107 - TuzlaInfo.ba\" \/>\n<meta property=\"og:description\" content=\"Suada Husejinovi\u0107 Kikanovi\u0107 iz Tuzle, ve\u0107 pola svog \u017eivota ida na dijalizu. Jo\u0161 2003. godine&hellip;\" \/>\n<meta property=\"og:url\" content=\"https:\/\/tuzlainfo.ba\/index.php\/novosti\/item\/163646-prica-koja-nikoga-nije-ostavila-ravnodusnim-suada-iz-tuzle-pronasla-donora-sada-joj-je-potrebna-nasa-pomoc\/\" \/>\n<meta property=\"og:site_name\" content=\"TuzlaInfo.ba\" \/>\n<meta property=\"article:publisher\" content=\"https:\/\/www.facebook.com\/tuzlainfo.ba\/\" \/>\n<meta property=\"article:published_time\" content=\"2022-02-12T09:45:57+00:00\" \/>\n<meta property=\"article:modified_time\" content=\"2022-02-12T21:05:42+00:00\" \/>\n<meta property=\"og:image\" content=\"https:\/\/tuzlainfo.ba\/wp-content\/uploads\/2022\/01\/1101_suada.jpg\" \/>\n\t<meta property=\"og:image:width\" content=\"800\" \/>\n\t<meta property=\"og:image:height\" content=\"631\" \/>\n\t<meta property=\"og:image:type\" content=\"image\/jpeg\" \/>\n<meta name=\"author\" content=\"Tuzla Info\" \/>\n<meta name=\"twitter:card\" content=\"summary_large_image\" \/>\n<meta name=\"twitter:label1\" content=\"Written by\" \/>\n\t<meta name=\"twitter:data1\" content=\"Tuzla Info\" \/>\n\t<meta name=\"twitter:label2\" content=\"Est. reading time\" \/>\n\t<meta name=\"twitter:data2\" content=\"3 minute\" \/>\n<script type=\"application\/ld+json\" class=\"yoast-schema-graph\">{\"@context\":\"https:\/\/schema.org\",\"@graph\":[{\"@type\":\"Article\",\"@id\":\"https:\/\/tuzlainfo.ba\/index.php\/novosti\/item\/163646-prica-koja-nikoga-nije-ostavila-ravnodusnim-suada-iz-tuzle-pronasla-donora-sada-joj-je-potrebna-nasa-pomoc\/#article\",\"isPartOf\":{\"@id\":\"https:\/\/tuzlainfo.ba\/index.php\/novosti\/item\/163646-prica-koja-nikoga-nije-ostavila-ravnodusnim-suada-iz-tuzle-pronasla-donora-sada-joj-je-potrebna-nasa-pomoc\/\"},\"author\":{\"name\":\"Tuzla Info\",\"@id\":\"https:\/\/tuzlainfo.ba\/#\/schema\/person\/46cad4c57790cbc50781edd14870825a\"},\"headline\":\"Pri\u010da koja nikoga nije ostavila ravnodu\u0161nim: Suada iz Tuzle prona\u0161la donora, sada joj je potrebna na\u0161a pomo\u0107\",\"datePublished\":\"2022-02-12T09:45:57+00:00\",\"dateModified\":\"2022-02-12T21:05:42+00:00\",\"mainEntityOfPage\":{\"@id\":\"https:\/\/tuzlainfo.ba\/index.php\/novosti\/item\/163646-prica-koja-nikoga-nije-ostavila-ravnodusnim-suada-iz-tuzle-pronasla-donora-sada-joj-je-potrebna-nasa-pomoc\/\"},\"wordCount\":602,\"commentCount\":0,\"publisher\":{\"@id\":\"https:\/\/tuzlainfo.ba\/#organization\"},\"image\":{\"@id\":\"https:\/\/tuzlainfo.ba\/index.php\/novosti\/item\/163646-prica-koja-nikoga-nije-ostavila-ravnodusnim-suada-iz-tuzle-pronasla-donora-sada-joj-je-potrebna-nasa-pomoc\/#primaryimage\"},\"thumbnailUrl\":\"https:\/\/tuzlainfo.ba\/wp-content\/uploads\/2022\/01\/1101_suada.jpg\",\"keywords\":[\"apel\",\"Suada Husejinovi\u0107\",\"transplantacija\"],\"articleSection\":[\"Istaknuto\",\"Novosti\",\"Preporu\u010dujemo\"],\"inLanguage\":\"bs-BA\"},{\"@type\":\"WebPage\",\"@id\":\"https:\/\/tuzlainfo.ba\/index.php\/novosti\/item\/163646-prica-koja-nikoga-nije-ostavila-ravnodusnim-suada-iz-tuzle-pronasla-donora-sada-joj-je-potrebna-nasa-pomoc\/\",\"url\":\"https:\/\/tuzlainfo.ba\/index.php\/novosti\/item\/163646-prica-koja-nikoga-nije-ostavila-ravnodusnim-suada-iz-tuzle-pronasla-donora-sada-joj-je-potrebna-nasa-pomoc\/\",\"name\":\"Pri\u010da koja nikoga nije ostavila ravnodu\u0161nim: Suada iz Tuzle prona\u0161la donora, sada joj je potrebna na\u0161a pomo\u0107 - TuzlaInfo.ba\",\"isPartOf\":{\"@id\":\"https:\/\/tuzlainfo.ba\/#website\"},\"primaryImageOfPage\":{\"@id\":\"https:\/\/tuzlainfo.ba\/index.php\/novosti\/item\/163646-prica-koja-nikoga-nije-ostavila-ravnodusnim-suada-iz-tuzle-pronasla-donora-sada-joj-je-potrebna-nasa-pomoc\/#primaryimage\"},\"image\":{\"@id\":\"https:\/\/tuzlainfo.ba\/index.php\/novosti\/item\/163646-prica-koja-nikoga-nije-ostavila-ravnodusnim-suada-iz-tuzle-pronasla-donora-sada-joj-je-potrebna-nasa-pomoc\/#primaryimage\"},\"thumbnailUrl\":\"https:\/\/tuzlainfo.ba\/wp-content\/uploads\/2022\/01\/1101_suada.jpg\",\"datePublished\":\"2022-02-12T09:45:57+00:00\",\"dateModified\":\"2022-02-12T21:05:42+00:00\",\"breadcrumb\":{\"@id\":\"https:\/\/tuzlainfo.ba\/index.php\/novosti\/item\/163646-prica-koja-nikoga-nije-ostavila-ravnodusnim-suada-iz-tuzle-pronasla-donora-sada-joj-je-potrebna-nasa-pomoc\/#breadcrumb\"},\"inLanguage\":\"bs-BA\",\"potentialAction\":[{\"@type\":\"ReadAction\",\"target\":[\"https:\/\/tuzlainfo.ba\/index.php\/novosti\/item\/163646-prica-koja-nikoga-nije-ostavila-ravnodusnim-suada-iz-tuzle-pronasla-donora-sada-joj-je-potrebna-nasa-pomoc\/\"]}]},{\"@type\":\"ImageObject\",\"inLanguage\":\"bs-BA\",\"@id\":\"https:\/\/tuzlainfo.ba\/index.php\/novosti\/item\/163646-prica-koja-nikoga-nije-ostavila-ravnodusnim-suada-iz-tuzle-pronasla-donora-sada-joj-je-potrebna-nasa-pomoc\/#primaryimage\",\"url\":\"https:\/\/tuzlainfo.ba\/wp-content\/uploads\/2022\/01\/1101_suada.jpg\",\"contentUrl\":\"https:\/\/tuzlainfo.ba\/wp-content\/uploads\/2022\/01\/1101_suada.jpg\",\"width\":800,\"height\":631},{\"@type\":\"BreadcrumbList\",\"@id\":\"https:\/\/tuzlainfo.ba\/index.php\/novosti\/item\/163646-prica-koja-nikoga-nije-ostavila-ravnodusnim-suada-iz-tuzle-pronasla-donora-sada-joj-je-potrebna-nasa-pomoc\/#breadcrumb\",\"itemListElement\":[{\"@type\":\"ListItem\",\"position\":1,\"name\":\"Home\",\"item\":\"https:\/\/tuzlainfo.ba\/\"},{\"@type\":\"ListItem\",\"position\":2,\"name\":\"Pri\u010da koja nikoga nije ostavila ravnodu\u0161nim: Suada iz Tuzle prona\u0161la donora, sada joj je potrebna na\u0161a pomo\u0107\"}]},{\"@type\":\"WebSite\",\"@id\":\"https:\/\/tuzlainfo.ba\/#website\",\"url\":\"https:\/\/tuzlainfo.ba\/\",\"name\":\"TuzlaInfo.ba\",\"description\":\"Tuzla info, gradski informator - Tuzla na dlanu\",\"publisher\":{\"@id\":\"https:\/\/tuzlainfo.ba\/#organization\"},\"potentialAction\":[{\"@type\":\"SearchAction\",\"target\":{\"@type\":\"EntryPoint\",\"urlTemplate\":\"https:\/\/tuzlainfo.ba\/?s={search_term_string}\"},\"query-input\":{\"@type\":\"PropertyValueSpecification\",\"valueRequired\":true,\"valueName\":\"search_term_string\"}}],\"inLanguage\":\"bs-BA\"},{\"@type\":\"Organization\",\"@id\":\"https:\/\/tuzlainfo.ba\/#organization\",\"name\":\"TuzlaInfo.ba\",\"url\":\"https:\/\/tuzlainfo.ba\/\",\"logo\":{\"@type\":\"ImageObject\",\"inLanguage\":\"bs-BA\",\"@id\":\"https:\/\/tuzlainfo.ba\/#\/schema\/logo\/image\/\",\"url\":\"https:\/\/tuzlainfo.ba\/wp-content\/uploads\/2021\/03\/logo-ver-3-1.png\",\"contentUrl\":\"https:\/\/tuzlainfo.ba\/wp-content\/uploads\/2021\/03\/logo-ver-3-1.png\",\"width\":350,\"height\":95,\"caption\":\"TuzlaInfo.ba\"},\"image\":{\"@id\":\"https:\/\/tuzlainfo.ba\/#\/schema\/logo\/image\/\"},\"sameAs\":[\"https:\/\/www.facebook.com\/tuzlainfo.ba\/\"]},{\"@type\":\"Person\",\"@id\":\"https:\/\/tuzlainfo.ba\/#\/schema\/person\/46cad4c57790cbc50781edd14870825a\",\"name\":\"Tuzla Info\",\"image\":{\"@type\":\"ImageObject\",\"inLanguage\":\"bs-BA\",\"@id\":\"https:\/\/tuzlainfo.ba\/#\/schema\/person\/image\/\",\"url\":\"https:\/\/tuzlainfo.ba\/wp-content\/litespeed\/avatar\/b6c453a6c38e3654f2e4416c643fc25c.jpg?ver=1777051911\",\"contentUrl\":\"https:\/\/tuzlainfo.ba\/wp-content\/litespeed\/avatar\/b6c453a6c38e3654f2e4416c643fc25c.jpg?ver=1777051911\",\"caption\":\"Tuzla Info\"}}]}<\/script>\n<!-- \/ Yoast SEO plugin. -->","yoast_head_json":{"title":"Pri\u010da koja nikoga nije ostavila ravnodu\u0161nim: Suada iz Tuzle prona\u0161la donora, sada joj je potrebna na\u0161a pomo\u0107 - TuzlaInfo.ba","robots":{"index":"index","follow":"follow","max-snippet":"max-snippet:-1","max-image-preview":"max-image-preview:large","max-video-preview":"max-video-preview:-1"},"canonical":"https:\/\/tuzlainfo.ba\/index.php\/novosti\/item\/163646-prica-koja-nikoga-nije-ostavila-ravnodusnim-suada-iz-tuzle-pronasla-donora-sada-joj-je-potrebna-nasa-pomoc\/","og_locale":"bs_BA","og_type":"article","og_title":"Pri\u010da koja nikoga nije ostavila ravnodu\u0161nim: Suada iz Tuzle prona\u0161la donora, sada joj je potrebna na\u0161a pomo\u0107 - TuzlaInfo.ba","og_description":"Suada Husejinovi\u0107 Kikanovi\u0107 iz Tuzle, ve\u0107 pola svog \u017eivota ida na dijalizu. Jo\u0161 2003. godine&hellip;","og_url":"https:\/\/tuzlainfo.ba\/index.php\/novosti\/item\/163646-prica-koja-nikoga-nije-ostavila-ravnodusnim-suada-iz-tuzle-pronasla-donora-sada-joj-je-potrebna-nasa-pomoc\/","og_site_name":"TuzlaInfo.ba","article_publisher":"https:\/\/www.facebook.com\/tuzlainfo.ba\/","article_published_time":"2022-02-12T09:45:57+00:00","article_modified_time":"2022-02-12T21:05:42+00:00","og_image":[{"width":800,"height":631,"url":"https:\/\/tuzlainfo.ba\/wp-content\/uploads\/2022\/01\/1101_suada.jpg","type":"image\/jpeg"}],"author":"Tuzla Info","twitter_card":"summary_large_image","twitter_misc":{"Written by":"Tuzla Info","Est. reading time":"3 minute"},"schema":{"@context":"https:\/\/schema.org","@graph":[{"@type":"Article","@id":"https:\/\/tuzlainfo.ba\/index.php\/novosti\/item\/163646-prica-koja-nikoga-nije-ostavila-ravnodusnim-suada-iz-tuzle-pronasla-donora-sada-joj-je-potrebna-nasa-pomoc\/#article","isPartOf":{"@id":"https:\/\/tuzlainfo.ba\/index.php\/novosti\/item\/163646-prica-koja-nikoga-nije-ostavila-ravnodusnim-suada-iz-tuzle-pronasla-donora-sada-joj-je-potrebna-nasa-pomoc\/"},"author":{"name":"Tuzla Info","@id":"https:\/\/tuzlainfo.ba\/#\/schema\/person\/46cad4c57790cbc50781edd14870825a"},"headline":"Pri\u010da koja nikoga nije ostavila ravnodu\u0161nim: Suada iz Tuzle prona\u0161la donora, sada joj je potrebna na\u0161a pomo\u0107","datePublished":"2022-02-12T09:45:57+00:00","dateModified":"2022-02-12T21:05:42+00:00","mainEntityOfPage":{"@id":"https:\/\/tuzlainfo.ba\/index.php\/novosti\/item\/163646-prica-koja-nikoga-nije-ostavila-ravnodusnim-suada-iz-tuzle-pronasla-donora-sada-joj-je-potrebna-nasa-pomoc\/"},"wordCount":602,"commentCount":0,"publisher":{"@id":"https:\/\/tuzlainfo.ba\/#organization"},"image":{"@id":"https:\/\/tuzlainfo.ba\/index.php\/novosti\/item\/163646-prica-koja-nikoga-nije-ostavila-ravnodusnim-suada-iz-tuzle-pronasla-donora-sada-joj-je-potrebna-nasa-pomoc\/#primaryimage"},"thumbnailUrl":"https:\/\/tuzlainfo.ba\/wp-content\/uploads\/2022\/01\/1101_suada.jpg","keywords":["apel","Suada Husejinovi\u0107","transplantacija"],"articleSection":["Istaknuto","Novosti","Preporu\u010dujemo"],"inLanguage":"bs-BA"},{"@type":"WebPage","@id":"https:\/\/tuzlainfo.ba\/index.php\/novosti\/item\/163646-prica-koja-nikoga-nije-ostavila-ravnodusnim-suada-iz-tuzle-pronasla-donora-sada-joj-je-potrebna-nasa-pomoc\/","url":"https:\/\/tuzlainfo.ba\/index.php\/novosti\/item\/163646-prica-koja-nikoga-nije-ostavila-ravnodusnim-suada-iz-tuzle-pronasla-donora-sada-joj-je-potrebna-nasa-pomoc\/","name":"Pri\u010da koja nikoga nije ostavila ravnodu\u0161nim: Suada iz Tuzle prona\u0161la donora, sada joj je potrebna na\u0161a pomo\u0107 - TuzlaInfo.ba","isPartOf":{"@id":"https:\/\/tuzlainfo.ba\/#website"},"primaryImageOfPage":{"@id":"https:\/\/tuzlainfo.ba\/index.php\/novosti\/item\/163646-prica-koja-nikoga-nije-ostavila-ravnodusnim-suada-iz-tuzle-pronasla-donora-sada-joj-je-potrebna-nasa-pomoc\/#primaryimage"},"image":{"@id":"https:\/\/tuzlainfo.ba\/index.php\/novosti\/item\/163646-prica-koja-nikoga-nije-ostavila-ravnodusnim-suada-iz-tuzle-pronasla-donora-sada-joj-je-potrebna-nasa-pomoc\/#primaryimage"},"thumbnailUrl":"https:\/\/tuzlainfo.ba\/wp-content\/uploads\/2022\/01\/1101_suada.jpg","datePublished":"2022-02-12T09:45:57+00:00","dateModified":"2022-02-12T21:05:42+00:00","breadcrumb":{"@id":"https:\/\/tuzlainfo.ba\/index.php\/novosti\/item\/163646-prica-koja-nikoga-nije-ostavila-ravnodusnim-suada-iz-tuzle-pronasla-donora-sada-joj-je-potrebna-nasa-pomoc\/#breadcrumb"},"inLanguage":"bs-BA","potentialAction":[{"@type":"ReadAction","target":["https:\/\/tuzlainfo.ba\/index.php\/novosti\/item\/163646-prica-koja-nikoga-nije-ostavila-ravnodusnim-suada-iz-tuzle-pronasla-donora-sada-joj-je-potrebna-nasa-pomoc\/"]}]},{"@type":"ImageObject","inLanguage":"bs-BA","@id":"https:\/\/tuzlainfo.ba\/index.php\/novosti\/item\/163646-prica-koja-nikoga-nije-ostavila-ravnodusnim-suada-iz-tuzle-pronasla-donora-sada-joj-je-potrebna-nasa-pomoc\/#primaryimage","url":"https:\/\/tuzlainfo.ba\/wp-content\/uploads\/2022\/01\/1101_suada.jpg","contentUrl":"https:\/\/tuzlainfo.ba\/wp-content\/uploads\/2022\/01\/1101_suada.jpg","width":800,"height":631},{"@type":"BreadcrumbList","@id":"https:\/\/tuzlainfo.ba\/index.php\/novosti\/item\/163646-prica-koja-nikoga-nije-ostavila-ravnodusnim-suada-iz-tuzle-pronasla-donora-sada-joj-je-potrebna-nasa-pomoc\/#breadcrumb","itemListElement":[{"@type":"ListItem","position":1,"name":"Home","item":"https:\/\/tuzlainfo.ba\/"},{"@type":"ListItem","position":2,"name":"Pri\u010da koja nikoga nije ostavila ravnodu\u0161nim: Suada iz Tuzle prona\u0161la donora, sada joj je potrebna na\u0161a pomo\u0107"}]},{"@type":"WebSite","@id":"https:\/\/tuzlainfo.ba\/#website","url":"https:\/\/tuzlainfo.ba\/","name":"TuzlaInfo.ba","description":"Tuzla info, gradski informator - Tuzla na dlanu","publisher":{"@id":"https:\/\/tuzlainfo.ba\/#organization"},"potentialAction":[{"@type":"SearchAction","target":{"@type":"EntryPoint","urlTemplate":"https:\/\/tuzlainfo.ba\/?s={search_term_string}"},"query-input":{"@type":"PropertyValueSpecification","valueRequired":true,"valueName":"search_term_string"}}],"inLanguage":"bs-BA"},{"@type":"Organization","@id":"https:\/\/tuzlainfo.ba\/#organization","name":"TuzlaInfo.ba","url":"https:\/\/tuzlainfo.ba\/","logo":{"@type":"ImageObject","inLanguage":"bs-BA","@id":"https:\/\/tuzlainfo.ba\/#\/schema\/logo\/image\/","url":"https:\/\/tuzlainfo.ba\/wp-content\/uploads\/2021\/03\/logo-ver-3-1.png","contentUrl":"https:\/\/tuzlainfo.ba\/wp-content\/uploads\/2021\/03\/logo-ver-3-1.png","width":350,"height":95,"caption":"TuzlaInfo.ba"},"image":{"@id":"https:\/\/tuzlainfo.ba\/#\/schema\/logo\/image\/"},"sameAs":["https:\/\/www.facebook.com\/tuzlainfo.ba\/"]},{"@type":"Person","@id":"https:\/\/tuzlainfo.ba\/#\/schema\/person\/46cad4c57790cbc50781edd14870825a","name":"Tuzla Info","image":{"@type":"ImageObject","inLanguage":"bs-BA","@id":"https:\/\/tuzlainfo.ba\/#\/schema\/person\/image\/","url":"https:\/\/tuzlainfo.ba\/wp-content\/litespeed\/avatar\/b6c453a6c38e3654f2e4416c643fc25c.jpg?ver=1777051911","contentUrl":"https:\/\/tuzlainfo.ba\/wp-content\/litespeed\/avatar\/b6c453a6c38e3654f2e4416c643fc25c.jpg?ver=1777051911","caption":"Tuzla Info"}}]}},"_links":{"self":[{"href":"https:\/\/tuzlainfo.ba\/index.php\/wp-json\/wp\/v2\/posts\/163646"}],"collection":[{"href":"https:\/\/tuzlainfo.ba\/index.php\/wp-json\/wp\/v2\/posts"}],"about":[{"href":"https:\/\/tuzlainfo.ba\/index.php\/wp-json\/wp\/v2\/types\/post"}],"author":[{"embeddable":true,"href":"https:\/\/tuzlainfo.ba\/index.php\/wp-json\/wp\/v2\/users\/4"}],"replies":[{"embeddable":true,"href":"https:\/\/tuzlainfo.ba\/index.php\/wp-json\/wp\/v2\/comments?post=163646"}],"version-history":[{"count":0,"href":"https:\/\/tuzlainfo.ba\/index.php\/wp-json\/wp\/v2\/posts\/163646\/revisions"}],"wp:featuredmedia":[{"embeddable":true,"href":"https:\/\/tuzlainfo.ba\/index.php\/wp-json\/wp\/v2\/media\/160920"}],"wp:attachment":[{"href":"https:\/\/tuzlainfo.ba\/index.php\/wp-json\/wp\/v2\/media?parent=163646"}],"wp:term":[{"taxonomy":"category","embeddable":true,"href":"https:\/\/tuzlainfo.ba\/index.php\/wp-json\/wp\/v2\/categories?post=163646"},{"taxonomy":"post_tag","embeddable":true,"href":"https:\/\/tuzlainfo.ba\/index.php\/wp-json\/wp\/v2\/tags?post=163646"}],"curies":[{"name":"wp","href":"https:\/\/api.w.org\/{rel}","templated":true}]}}