{"id":163534,"date":"2022-02-10T20:45:36","date_gmt":"2022-02-10T19:45:36","guid":{"rendered":"https:\/\/tuzlainfo.ba\/?p=163534"},"modified":"2022-02-10T22:17:12","modified_gmt":"2022-02-10T21:17:12","slug":"foto-u-zapadnom-dijelu-tuzle-pocela-izgradnja-spo-urban-home","status":"publish","type":"post","link":"https:\/\/tuzlainfo.ba\/index.php\/novosti\/item\/163534-foto-u-zapadnom-dijelu-tuzle-pocela-izgradnja-spo-urban-home\/","title":{"rendered":"FOTO \/ U zapadnom dijelu Tuzle po\u010dela izgradnja SPO Urban Home"},"content":{"rendered":"<p>UWB Group doo uskoro po\u010dinje izgradnju prvog stambenog objekta u Tuzli na odli\u010dnoj lokaciji u blizini mnogih va\u017enih gradskih i kantonalnih institucija i sadr\u017eaja, istovremeno smje\u0161tenog u prirodnom i ugodnom okru\u017eenju.<\/p>\n<p>Urban Home \u0107e biti izgra\u0111en u naselju Irac, na po\u010detku ulice koja vodi prema naselju Pa\u0161a Bunar.<\/p>\n<div id=\"penci-post-gallery__72569\" class=\"penci-post-gallery-container masonry grid column-4\" data-height=\"150\" data-margin=\"3\"><div class=\"inner-gallery-masonry-container\"><div class=\"item-gallery-masonry grid\"><a class=\"\" href=\"https:\/\/tuzlainfo.ba\/wp-content\/uploads\/2022\/02\/1002_urban-home4.jpg\"><div class=\"inner-item-masonry-gallery\"><img decoding=\"async\" src=\"https:\/\/tuzlainfo.ba\/wp-content\/uploads\/2022\/02\/1002_urban-home4-585x390.jpg\" alt=\"\" title=\"1002_urban home4\"><\/div><\/a><\/div><div class=\"item-gallery-masonry grid\"><a class=\"\" href=\"https:\/\/tuzlainfo.ba\/wp-content\/uploads\/2022\/02\/1002_urban-home3.jpg\"><div class=\"inner-item-masonry-gallery\"><img decoding=\"async\" src=\"https:\/\/tuzlainfo.ba\/wp-content\/uploads\/2022\/02\/1002_urban-home3-585x390.jpg\" alt=\"\" title=\"1002_urban home3\"><\/div><\/a><\/div><div class=\"item-gallery-masonry grid\"><a class=\"\" href=\"https:\/\/tuzlainfo.ba\/wp-content\/uploads\/2022\/02\/1002_urban-home2.jpg\"><div class=\"inner-item-masonry-gallery\"><img decoding=\"async\" src=\"https:\/\/tuzlainfo.ba\/wp-content\/uploads\/2022\/02\/1002_urban-home2-585x390.jpg\" alt=\"\" title=\"1002_urban home2\"><\/div><\/a><\/div><div class=\"item-gallery-masonry grid\"><a class=\"\" href=\"https:\/\/tuzlainfo.ba\/wp-content\/uploads\/2022\/02\/1002_urban-home1.jpg\"><div class=\"inner-item-masonry-gallery\"><img decoding=\"async\" src=\"https:\/\/tuzlainfo.ba\/wp-content\/uploads\/2022\/02\/1002_urban-home1-585x390.jpg\" alt=\"\" title=\"1002_urban home1\"><\/div><\/a><\/div><\/div><\/div>\n<p>&nbsp;<\/p>\n<p>Objekat sadr\u017ei 27 modernih stanova sa brojnim terasama, 21 unutra\u0161nje i 6 vanjskih parking mjesta, igrali\u0161te za djecu, ugodan prostor za odmor za odrasle.<\/p>\n<p>Planirani rok zavr\u0161etka izgradnje je 30.06.2023. godine, a prodaja stanova po\u010dinje 11. februara.<\/p>\n<p>Projekat izgradnje stambenog objekta je rezultat saradnje kompanija Babilon doo i UWB GROUP doo, \u010dlanica grupe Babilon doo &#8211; URBAN HOME. <strong>\/A.V.\/<\/strong><\/p>\n","protected":false},"excerpt":{"rendered":"<p>UWB Group doo uskoro po\u010dinje izgradnju prvog stambenog objekta u Tuzli na odli\u010dnoj lokaciji u&hellip;<\/p>\n","protected":false},"author":2,"featured_media":163536,"comment_status":"open","ping_status":"closed","sticky":false,"template":"","format":"standard","meta":{"_acf_changed":false,"footnotes":""},"categories":[304,12,306],"tags":[4140,4142,4141,4139],"acf":[],"yoast_head":"<!-- This site is optimized with the Yoast SEO plugin v23.5 - https:\/\/yoast.com\/wordpress\/plugins\/seo\/ -->\n<title>FOTO \/ U zapadnom dijelu Tuzle po\u010dela izgradnja SPO Urban Home - TuzlaInfo.ba<\/title>\n<meta name=\"robots\" content=\"index, follow, max-snippet:-1, max-image-preview:large, max-video-preview:-1\" \/>\n<link rel=\"canonical\" href=\"https:\/\/tuzlainfo.ba\/index.php\/novosti\/item\/163534-foto-u-zapadnom-dijelu-tuzle-pocela-izgradnja-spo-urban-home\/\" \/>\n<meta property=\"og:locale\" content=\"bs_BA\" \/>\n<meta property=\"og:type\" content=\"article\" \/>\n<meta property=\"og:title\" content=\"FOTO \/ U zapadnom dijelu Tuzle po\u010dela izgradnja SPO Urban Home - TuzlaInfo.ba\" \/>\n<meta property=\"og:description\" content=\"UWB Group doo uskoro po\u010dinje izgradnju prvog stambenog objekta u Tuzli na odli\u010dnoj lokaciji u&hellip;\" \/>\n<meta property=\"og:url\" content=\"https:\/\/tuzlainfo.ba\/index.php\/novosti\/item\/163534-foto-u-zapadnom-dijelu-tuzle-pocela-izgradnja-spo-urban-home\/\" \/>\n<meta property=\"og:site_name\" content=\"TuzlaInfo.ba\" \/>\n<meta property=\"article:publisher\" content=\"https:\/\/www.facebook.com\/tuzlainfo.ba\/\" \/>\n<meta property=\"article:published_time\" content=\"2022-02-10T19:45:36+00:00\" \/>\n<meta property=\"article:modified_time\" content=\"2022-02-10T21:17:12+00:00\" \/>\n<meta property=\"og:image\" content=\"https:\/\/tuzlainfo.ba\/wp-content\/uploads\/2022\/02\/1002_urban-home2.jpg\" \/>\n\t<meta property=\"og:image:width\" content=\"2560\" \/>\n\t<meta property=\"og:image:height\" content=\"1707\" \/>\n\t<meta property=\"og:image:type\" content=\"image\/jpeg\" \/>\n<meta name=\"author\" content=\"nedim\" \/>\n<meta name=\"twitter:card\" content=\"summary_large_image\" \/>\n<meta name=\"twitter:label1\" content=\"Written by\" \/>\n\t<meta name=\"twitter:data1\" content=\"nedim\" \/>\n\t<meta name=\"twitter:label2\" content=\"Est. reading time\" \/>\n\t<meta name=\"twitter:data2\" content=\"1 minuta\" \/>\n<script type=\"application\/ld+json\" class=\"yoast-schema-graph\">{\"@context\":\"https:\/\/schema.org\",\"@graph\":[{\"@type\":\"Article\",\"@id\":\"https:\/\/tuzlainfo.ba\/index.php\/novosti\/item\/163534-foto-u-zapadnom-dijelu-tuzle-pocela-izgradnja-spo-urban-home\/#article\",\"isPartOf\":{\"@id\":\"https:\/\/tuzlainfo.ba\/index.php\/novosti\/item\/163534-foto-u-zapadnom-dijelu-tuzle-pocela-izgradnja-spo-urban-home\/\"},\"author\":{\"name\":\"nedim\",\"@id\":\"https:\/\/tuzlainfo.ba\/#\/schema\/person\/f434e20dc27ea133923aab08451b7f7f\"},\"headline\":\"FOTO \/ U zapadnom dijelu Tuzle po\u010dela izgradnja SPO Urban Home\",\"datePublished\":\"2022-02-10T19:45:36+00:00\",\"dateModified\":\"2022-02-10T21:17:12+00:00\",\"mainEntityOfPage\":{\"@id\":\"https:\/\/tuzlainfo.ba\/index.php\/novosti\/item\/163534-foto-u-zapadnom-dijelu-tuzle-pocela-izgradnja-spo-urban-home\/\"},\"wordCount\":134,\"commentCount\":0,\"publisher\":{\"@id\":\"https:\/\/tuzlainfo.ba\/#organization\"},\"image\":{\"@id\":\"https:\/\/tuzlainfo.ba\/index.php\/novosti\/item\/163534-foto-u-zapadnom-dijelu-tuzle-pocela-izgradnja-spo-urban-home\/#primaryimage\"},\"thumbnailUrl\":\"https:\/\/tuzlainfo.ba\/wp-content\/uploads\/2022\/02\/1002_urban-home2.jpg\",\"keywords\":[\"babilon\",\"izgradnja stanova tuzla\",\"prodaja stanova tuzla\",\"urban home\"],\"articleSection\":[\"Istaknuto\",\"Novosti\",\"Preporu\u010dujemo\"],\"inLanguage\":\"bs-BA\"},{\"@type\":\"WebPage\",\"@id\":\"https:\/\/tuzlainfo.ba\/index.php\/novosti\/item\/163534-foto-u-zapadnom-dijelu-tuzle-pocela-izgradnja-spo-urban-home\/\",\"url\":\"https:\/\/tuzlainfo.ba\/index.php\/novosti\/item\/163534-foto-u-zapadnom-dijelu-tuzle-pocela-izgradnja-spo-urban-home\/\",\"name\":\"FOTO \/ U zapadnom dijelu Tuzle po\u010dela izgradnja SPO Urban Home - TuzlaInfo.ba\",\"isPartOf\":{\"@id\":\"https:\/\/tuzlainfo.ba\/#website\"},\"primaryImageOfPage\":{\"@id\":\"https:\/\/tuzlainfo.ba\/index.php\/novosti\/item\/163534-foto-u-zapadnom-dijelu-tuzle-pocela-izgradnja-spo-urban-home\/#primaryimage\"},\"image\":{\"@id\":\"https:\/\/tuzlainfo.ba\/index.php\/novosti\/item\/163534-foto-u-zapadnom-dijelu-tuzle-pocela-izgradnja-spo-urban-home\/#primaryimage\"},\"thumbnailUrl\":\"https:\/\/tuzlainfo.ba\/wp-content\/uploads\/2022\/02\/1002_urban-home2.jpg\",\"datePublished\":\"2022-02-10T19:45:36+00:00\",\"dateModified\":\"2022-02-10T21:17:12+00:00\",\"breadcrumb\":{\"@id\":\"https:\/\/tuzlainfo.ba\/index.php\/novosti\/item\/163534-foto-u-zapadnom-dijelu-tuzle-pocela-izgradnja-spo-urban-home\/#breadcrumb\"},\"inLanguage\":\"bs-BA\",\"potentialAction\":[{\"@type\":\"ReadAction\",\"target\":[\"https:\/\/tuzlainfo.ba\/index.php\/novosti\/item\/163534-foto-u-zapadnom-dijelu-tuzle-pocela-izgradnja-spo-urban-home\/\"]}]},{\"@type\":\"ImageObject\",\"inLanguage\":\"bs-BA\",\"@id\":\"https:\/\/tuzlainfo.ba\/index.php\/novosti\/item\/163534-foto-u-zapadnom-dijelu-tuzle-pocela-izgradnja-spo-urban-home\/#primaryimage\",\"url\":\"https:\/\/tuzlainfo.ba\/wp-content\/uploads\/2022\/02\/1002_urban-home2.jpg\",\"contentUrl\":\"https:\/\/tuzlainfo.ba\/wp-content\/uploads\/2022\/02\/1002_urban-home2.jpg\",\"width\":2560,\"height\":1707},{\"@type\":\"BreadcrumbList\",\"@id\":\"https:\/\/tuzlainfo.ba\/index.php\/novosti\/item\/163534-foto-u-zapadnom-dijelu-tuzle-pocela-izgradnja-spo-urban-home\/#breadcrumb\",\"itemListElement\":[{\"@type\":\"ListItem\",\"position\":1,\"name\":\"Home\",\"item\":\"https:\/\/tuzlainfo.ba\/\"},{\"@type\":\"ListItem\",\"position\":2,\"name\":\"FOTO \/ U zapadnom dijelu Tuzle po\u010dela izgradnja SPO Urban Home\"}]},{\"@type\":\"WebSite\",\"@id\":\"https:\/\/tuzlainfo.ba\/#website\",\"url\":\"https:\/\/tuzlainfo.ba\/\",\"name\":\"TuzlaInfo.ba\",\"description\":\"Tuzla info, gradski informator - Tuzla na dlanu\",\"publisher\":{\"@id\":\"https:\/\/tuzlainfo.ba\/#organization\"},\"potentialAction\":[{\"@type\":\"SearchAction\",\"target\":{\"@type\":\"EntryPoint\",\"urlTemplate\":\"https:\/\/tuzlainfo.ba\/?s={search_term_string}\"},\"query-input\":{\"@type\":\"PropertyValueSpecification\",\"valueRequired\":true,\"valueName\":\"search_term_string\"}}],\"inLanguage\":\"bs-BA\"},{\"@type\":\"Organization\",\"@id\":\"https:\/\/tuzlainfo.ba\/#organization\",\"name\":\"TuzlaInfo.ba\",\"url\":\"https:\/\/tuzlainfo.ba\/\",\"logo\":{\"@type\":\"ImageObject\",\"inLanguage\":\"bs-BA\",\"@id\":\"https:\/\/tuzlainfo.ba\/#\/schema\/logo\/image\/\",\"url\":\"https:\/\/tuzlainfo.ba\/wp-content\/uploads\/2021\/03\/logo-ver-3-1.png\",\"contentUrl\":\"https:\/\/tuzlainfo.ba\/wp-content\/uploads\/2021\/03\/logo-ver-3-1.png\",\"width\":350,\"height\":95,\"caption\":\"TuzlaInfo.ba\"},\"image\":{\"@id\":\"https:\/\/tuzlainfo.ba\/#\/schema\/logo\/image\/\"},\"sameAs\":[\"https:\/\/www.facebook.com\/tuzlainfo.ba\/\"]},{\"@type\":\"Person\",\"@id\":\"https:\/\/tuzlainfo.ba\/#\/schema\/person\/f434e20dc27ea133923aab08451b7f7f\",\"name\":\"nedim\",\"image\":{\"@type\":\"ImageObject\",\"inLanguage\":\"bs-BA\",\"@id\":\"https:\/\/tuzlainfo.ba\/#\/schema\/person\/image\/\",\"url\":\"https:\/\/tuzlainfo.ba\/wp-content\/litespeed\/avatar\/aabad687af24844af817603ac1cbdc4f.jpg?ver=1777306975\",\"contentUrl\":\"https:\/\/tuzlainfo.ba\/wp-content\/litespeed\/avatar\/aabad687af24844af817603ac1cbdc4f.jpg?ver=1777306975\",\"caption\":\"nedim\"},\"description\":\"Tuzlainfo.ba pratite na dru\u0161tvenim mre\u017eama: Facebook, Instagram i Youtube. Svoje pri\u010de, upite i fotografije \u0161aljite na na\u0161u e-mail adresu.\"}]}<\/script>\n<!-- \/ Yoast SEO plugin. -->","yoast_head_json":{"title":"FOTO \/ U zapadnom dijelu Tuzle po\u010dela izgradnja SPO Urban Home - TuzlaInfo.ba","robots":{"index":"index","follow":"follow","max-snippet":"max-snippet:-1","max-image-preview":"max-image-preview:large","max-video-preview":"max-video-preview:-1"},"canonical":"https:\/\/tuzlainfo.ba\/index.php\/novosti\/item\/163534-foto-u-zapadnom-dijelu-tuzle-pocela-izgradnja-spo-urban-home\/","og_locale":"bs_BA","og_type":"article","og_title":"FOTO \/ U zapadnom dijelu Tuzle po\u010dela izgradnja SPO Urban Home - TuzlaInfo.ba","og_description":"UWB Group doo uskoro po\u010dinje izgradnju prvog stambenog objekta u Tuzli na odli\u010dnoj lokaciji u&hellip;","og_url":"https:\/\/tuzlainfo.ba\/index.php\/novosti\/item\/163534-foto-u-zapadnom-dijelu-tuzle-pocela-izgradnja-spo-urban-home\/","og_site_name":"TuzlaInfo.ba","article_publisher":"https:\/\/www.facebook.com\/tuzlainfo.ba\/","article_published_time":"2022-02-10T19:45:36+00:00","article_modified_time":"2022-02-10T21:17:12+00:00","og_image":[{"width":2560,"height":1707,"url":"https:\/\/tuzlainfo.ba\/wp-content\/uploads\/2022\/02\/1002_urban-home2.jpg","type":"image\/jpeg"}],"author":"nedim","twitter_card":"summary_large_image","twitter_misc":{"Written by":"nedim","Est. reading time":"1 minuta"},"schema":{"@context":"https:\/\/schema.org","@graph":[{"@type":"Article","@id":"https:\/\/tuzlainfo.ba\/index.php\/novosti\/item\/163534-foto-u-zapadnom-dijelu-tuzle-pocela-izgradnja-spo-urban-home\/#article","isPartOf":{"@id":"https:\/\/tuzlainfo.ba\/index.php\/novosti\/item\/163534-foto-u-zapadnom-dijelu-tuzle-pocela-izgradnja-spo-urban-home\/"},"author":{"name":"nedim","@id":"https:\/\/tuzlainfo.ba\/#\/schema\/person\/f434e20dc27ea133923aab08451b7f7f"},"headline":"FOTO \/ U zapadnom dijelu Tuzle po\u010dela izgradnja SPO Urban Home","datePublished":"2022-02-10T19:45:36+00:00","dateModified":"2022-02-10T21:17:12+00:00","mainEntityOfPage":{"@id":"https:\/\/tuzlainfo.ba\/index.php\/novosti\/item\/163534-foto-u-zapadnom-dijelu-tuzle-pocela-izgradnja-spo-urban-home\/"},"wordCount":134,"commentCount":0,"publisher":{"@id":"https:\/\/tuzlainfo.ba\/#organization"},"image":{"@id":"https:\/\/tuzlainfo.ba\/index.php\/novosti\/item\/163534-foto-u-zapadnom-dijelu-tuzle-pocela-izgradnja-spo-urban-home\/#primaryimage"},"thumbnailUrl":"https:\/\/tuzlainfo.ba\/wp-content\/uploads\/2022\/02\/1002_urban-home2.jpg","keywords":["babilon","izgradnja stanova tuzla","prodaja stanova tuzla","urban home"],"articleSection":["Istaknuto","Novosti","Preporu\u010dujemo"],"inLanguage":"bs-BA"},{"@type":"WebPage","@id":"https:\/\/tuzlainfo.ba\/index.php\/novosti\/item\/163534-foto-u-zapadnom-dijelu-tuzle-pocela-izgradnja-spo-urban-home\/","url":"https:\/\/tuzlainfo.ba\/index.php\/novosti\/item\/163534-foto-u-zapadnom-dijelu-tuzle-pocela-izgradnja-spo-urban-home\/","name":"FOTO \/ U zapadnom dijelu Tuzle po\u010dela izgradnja SPO Urban Home - TuzlaInfo.ba","isPartOf":{"@id":"https:\/\/tuzlainfo.ba\/#website"},"primaryImageOfPage":{"@id":"https:\/\/tuzlainfo.ba\/index.php\/novosti\/item\/163534-foto-u-zapadnom-dijelu-tuzle-pocela-izgradnja-spo-urban-home\/#primaryimage"},"image":{"@id":"https:\/\/tuzlainfo.ba\/index.php\/novosti\/item\/163534-foto-u-zapadnom-dijelu-tuzle-pocela-izgradnja-spo-urban-home\/#primaryimage"},"thumbnailUrl":"https:\/\/tuzlainfo.ba\/wp-content\/uploads\/2022\/02\/1002_urban-home2.jpg","datePublished":"2022-02-10T19:45:36+00:00","dateModified":"2022-02-10T21:17:12+00:00","breadcrumb":{"@id":"https:\/\/tuzlainfo.ba\/index.php\/novosti\/item\/163534-foto-u-zapadnom-dijelu-tuzle-pocela-izgradnja-spo-urban-home\/#breadcrumb"},"inLanguage":"bs-BA","potentialAction":[{"@type":"ReadAction","target":["https:\/\/tuzlainfo.ba\/index.php\/novosti\/item\/163534-foto-u-zapadnom-dijelu-tuzle-pocela-izgradnja-spo-urban-home\/"]}]},{"@type":"ImageObject","inLanguage":"bs-BA","@id":"https:\/\/tuzlainfo.ba\/index.php\/novosti\/item\/163534-foto-u-zapadnom-dijelu-tuzle-pocela-izgradnja-spo-urban-home\/#primaryimage","url":"https:\/\/tuzlainfo.ba\/wp-content\/uploads\/2022\/02\/1002_urban-home2.jpg","contentUrl":"https:\/\/tuzlainfo.ba\/wp-content\/uploads\/2022\/02\/1002_urban-home2.jpg","width":2560,"height":1707},{"@type":"BreadcrumbList","@id":"https:\/\/tuzlainfo.ba\/index.php\/novosti\/item\/163534-foto-u-zapadnom-dijelu-tuzle-pocela-izgradnja-spo-urban-home\/#breadcrumb","itemListElement":[{"@type":"ListItem","position":1,"name":"Home","item":"https:\/\/tuzlainfo.ba\/"},{"@type":"ListItem","position":2,"name":"FOTO \/ U zapadnom dijelu Tuzle po\u010dela izgradnja SPO Urban Home"}]},{"@type":"WebSite","@id":"https:\/\/tuzlainfo.ba\/#website","url":"https:\/\/tuzlainfo.ba\/","name":"TuzlaInfo.ba","description":"Tuzla info, gradski informator - Tuzla na dlanu","publisher":{"@id":"https:\/\/tuzlainfo.ba\/#organization"},"potentialAction":[{"@type":"SearchAction","target":{"@type":"EntryPoint","urlTemplate":"https:\/\/tuzlainfo.ba\/?s={search_term_string}"},"query-input":{"@type":"PropertyValueSpecification","valueRequired":true,"valueName":"search_term_string"}}],"inLanguage":"bs-BA"},{"@type":"Organization","@id":"https:\/\/tuzlainfo.ba\/#organization","name":"TuzlaInfo.ba","url":"https:\/\/tuzlainfo.ba\/","logo":{"@type":"ImageObject","inLanguage":"bs-BA","@id":"https:\/\/tuzlainfo.ba\/#\/schema\/logo\/image\/","url":"https:\/\/tuzlainfo.ba\/wp-content\/uploads\/2021\/03\/logo-ver-3-1.png","contentUrl":"https:\/\/tuzlainfo.ba\/wp-content\/uploads\/2021\/03\/logo-ver-3-1.png","width":350,"height":95,"caption":"TuzlaInfo.ba"},"image":{"@id":"https:\/\/tuzlainfo.ba\/#\/schema\/logo\/image\/"},"sameAs":["https:\/\/www.facebook.com\/tuzlainfo.ba\/"]},{"@type":"Person","@id":"https:\/\/tuzlainfo.ba\/#\/schema\/person\/f434e20dc27ea133923aab08451b7f7f","name":"nedim","image":{"@type":"ImageObject","inLanguage":"bs-BA","@id":"https:\/\/tuzlainfo.ba\/#\/schema\/person\/image\/","url":"https:\/\/tuzlainfo.ba\/wp-content\/litespeed\/avatar\/aabad687af24844af817603ac1cbdc4f.jpg?ver=1777306975","contentUrl":"https:\/\/tuzlainfo.ba\/wp-content\/litespeed\/avatar\/aabad687af24844af817603ac1cbdc4f.jpg?ver=1777306975","caption":"nedim"},"description":"Tuzlainfo.ba pratite na dru\u0161tvenim mre\u017eama: Facebook, Instagram i Youtube. Svoje pri\u010de, upite i fotografije \u0161aljite na na\u0161u e-mail adresu."}]}},"_links":{"self":[{"href":"https:\/\/tuzlainfo.ba\/index.php\/wp-json\/wp\/v2\/posts\/163534"}],"collection":[{"href":"https:\/\/tuzlainfo.ba\/index.php\/wp-json\/wp\/v2\/posts"}],"about":[{"href":"https:\/\/tuzlainfo.ba\/index.php\/wp-json\/wp\/v2\/types\/post"}],"author":[{"embeddable":true,"href":"https:\/\/tuzlainfo.ba\/index.php\/wp-json\/wp\/v2\/users\/2"}],"replies":[{"embeddable":true,"href":"https:\/\/tuzlainfo.ba\/index.php\/wp-json\/wp\/v2\/comments?post=163534"}],"version-history":[{"count":0,"href":"https:\/\/tuzlainfo.ba\/index.php\/wp-json\/wp\/v2\/posts\/163534\/revisions"}],"wp:featuredmedia":[{"embeddable":true,"href":"https:\/\/tuzlainfo.ba\/index.php\/wp-json\/wp\/v2\/media\/163536"}],"wp:attachment":[{"href":"https:\/\/tuzlainfo.ba\/index.php\/wp-json\/wp\/v2\/media?parent=163534"}],"wp:term":[{"taxonomy":"category","embeddable":true,"href":"https:\/\/tuzlainfo.ba\/index.php\/wp-json\/wp\/v2\/categories?post=163534"},{"taxonomy":"post_tag","embeddable":true,"href":"https:\/\/tuzlainfo.ba\/index.php\/wp-json\/wp\/v2\/tags?post=163534"}],"curies":[{"name":"wp","href":"https:\/\/api.w.org\/{rel}","templated":true}]}}