{"id":163474,"date":"2022-02-10T22:00:28","date_gmt":"2022-02-10T21:00:28","guid":{"rendered":"https:\/\/tuzlainfo.ba\/?p=163474"},"modified":"2022-02-10T20:33:41","modified_gmt":"2022-02-10T19:33:41","slug":"pocinje-obiljezavanje-450-godina-gazi-turalibegovog-vakufa-u-tuzli","status":"publish","type":"post","link":"https:\/\/tuzlainfo.ba\/index.php\/novosti\/item\/163474-pocinje-obiljezavanje-450-godina-gazi-turalibegovog-vakufa-u-tuzli\/","title":{"rendered":"Po\u010dinje obilje\u017eavanje 450 godina Gazi Turalibegovog vakufa u Tuzli"},"content":{"rendered":"<p>Naime, 15. februara 1572. godine Gazi Turali \u2013 begova vakufnama je upisana u registar \u0161erijatskog suda u \u010ca\u010dku. U Tuzli je sagradio d\u017eamiju, mekteb, han, hamam, vodovod i 38 du\u0107ana.<\/p>\n<p>Tuzlanski muftija Vahid ef Fazlovi\u0107 je kazao da je rije\u010d o najzna\u010dajnijem dijelu historije.<\/p>\n<p>&#8211; Plemeniti Gazi \u2013 Turalibeg bio je vizionar, dobro je razumijevao dru\u0161tvo i najva\u017enije segmente njegovog razvoja. Njegov vakuf obuhvatio je d\u017eamiju i mekteb, mjesta gdje se \u010dovjek duhovno i intelektualno izgra\u0111uje, ali i druga materijalna dobra koja su u to vrijeme sna\u017eno podstakla urbani i privredni razvoj Grada Tuzle \u2013 izjavio je Vahid ef. Fazlovi\u0107.<\/p>\n<p>On je iskazao ponos i na sve vakife ovog vremena koji istrajavaju u obnovi i unaprje\u0111enju vakufa.<\/p>\n<p>Povodom ovog jubileja Muftijstvo tuzlansko je 15. februar proglasilo datumom od posebnog zna\u010daja, a ranije je ovaj datum progla\u0161en danom MIZ Tuzla.<\/p>\n<p>&#8211; Zadu\u017ebina vakifa Gazi \u2013 Turalibega obavezuje nas da se na djela najboljih sinova ove zemlje ugledamo i da se ogrnemo pla\u0161tom plemenitosti. Ugledajmo se na njih u nesebi\u010dnosti, ljubavi prema ljudima i prema domovini \u2013 izjavio je Fazlovi\u0107.<\/p>\n<p>Nizom aktivnosti tokom cijele godine bit \u0107e odr\u017eavane razne manifestacije povodom obilje\u017eavana ove godi\u0161njic. Iz MIZ Tuzla najavili su posjetu \u010ca\u010dku, gradu u kome je potvr\u0111ena vakufnama prije 450 godina.<\/p>\n<p>&#8211; U ponedjeljak \u0107e biti uprili\u010dena mevludska sve\u010danost u d\u017eamiji Gazi Turalibega, dok \u0107e u utorak biti potpisani ugovori sa stipendistima &#8211; u\u010denicima srednjih \u0161kola i studentima, kojih ove godine ima 40. U kraljevoj d\u017eamiji bit \u0107e odr\u017eano takmi\u010denje u hifzu, te nau\u010dni skup pod visokim pokroviteljstvom Muftijstva tuzlanskog koji organizira Institut za nau\u010dna istra\u017eivanja, to je na\u0161 doprinos u va\u017enosti ovog vakufa \u2013 izjavio je glavni imam MIZ Tuzla hfz. Ahmed ef. Huskanovi\u0107.<\/p>\n<p>Pozori\u0161na predstava koja \u0107e biti uprili\u010dena aktuelizirat \u0107e va\u017ene historijske likove, a iza\u0107i \u0107e i po\u0161tanska markica koja \u0107e biti simbol 450. godina Gazi Turalibegovog vakufa.<\/p>\n","protected":false},"excerpt":{"rendered":"<p>Naime, 15. februara 1572. godine Gazi Turali \u2013 begova vakufnama je upisana u registar \u0161erijatskog&hellip;<\/p>\n","protected":false},"author":4,"featured_media":163475,"comment_status":"open","ping_status":"closed","sticky":false,"template":"","format":"standard","meta":{"_acf_changed":false,"footnotes":""},"categories":[12],"tags":[4136,982],"acf":[],"yoast_head":"<!-- This site is optimized with the Yoast SEO plugin v23.5 - https:\/\/yoast.com\/wordpress\/plugins\/seo\/ -->\n<title>Po\u010dinje obilje\u017eavanje 450 godina Gazi Turalibegovog vakufa u Tuzli - TuzlaInfo.ba<\/title>\n<meta name=\"robots\" content=\"index, follow, max-snippet:-1, max-image-preview:large, max-video-preview:-1\" \/>\n<link rel=\"canonical\" href=\"https:\/\/tuzlainfo.ba\/index.php\/novosti\/item\/163474-pocinje-obiljezavanje-450-godina-gazi-turalibegovog-vakufa-u-tuzli\/\" \/>\n<meta property=\"og:locale\" content=\"bs_BA\" \/>\n<meta property=\"og:type\" content=\"article\" \/>\n<meta property=\"og:title\" content=\"Po\u010dinje obilje\u017eavanje 450 godina Gazi Turalibegovog vakufa u Tuzli - TuzlaInfo.ba\" \/>\n<meta property=\"og:description\" content=\"Naime, 15. februara 1572. godine Gazi Turali \u2013 begova vakufnama je upisana u registar \u0161erijatskog&hellip;\" \/>\n<meta property=\"og:url\" content=\"https:\/\/tuzlainfo.ba\/index.php\/novosti\/item\/163474-pocinje-obiljezavanje-450-godina-gazi-turalibegovog-vakufa-u-tuzli\/\" \/>\n<meta property=\"og:site_name\" content=\"TuzlaInfo.ba\" \/>\n<meta property=\"article:publisher\" content=\"https:\/\/www.facebook.com\/tuzlainfo.ba\/\" \/>\n<meta property=\"article:published_time\" content=\"2022-02-10T21:00:28+00:00\" \/>\n<meta property=\"article:modified_time\" content=\"2022-02-10T19:33:41+00:00\" \/>\n<meta property=\"og:image\" content=\"https:\/\/tuzlainfo.ba\/wp-content\/uploads\/2022\/02\/1002-medzlis-iz-tz.jpg\" \/>\n\t<meta property=\"og:image:width\" content=\"960\" \/>\n\t<meta property=\"og:image:height\" content=\"720\" \/>\n\t<meta property=\"og:image:type\" content=\"image\/jpeg\" \/>\n<meta name=\"author\" content=\"Tuzla Info\" \/>\n<meta name=\"twitter:card\" content=\"summary_large_image\" \/>\n<meta name=\"twitter:label1\" content=\"Written by\" \/>\n\t<meta name=\"twitter:data1\" content=\"Tuzla Info\" \/>\n\t<meta name=\"twitter:label2\" content=\"Est. reading time\" \/>\n\t<meta name=\"twitter:data2\" content=\"2 minute\" \/>\n<script type=\"application\/ld+json\" class=\"yoast-schema-graph\">{\"@context\":\"https:\/\/schema.org\",\"@graph\":[{\"@type\":\"Article\",\"@id\":\"https:\/\/tuzlainfo.ba\/index.php\/novosti\/item\/163474-pocinje-obiljezavanje-450-godina-gazi-turalibegovog-vakufa-u-tuzli\/#article\",\"isPartOf\":{\"@id\":\"https:\/\/tuzlainfo.ba\/index.php\/novosti\/item\/163474-pocinje-obiljezavanje-450-godina-gazi-turalibegovog-vakufa-u-tuzli\/\"},\"author\":{\"name\":\"Tuzla Info\",\"@id\":\"https:\/\/tuzlainfo.ba\/#\/schema\/person\/46cad4c57790cbc50781edd14870825a\"},\"headline\":\"Po\u010dinje obilje\u017eavanje 450 godina Gazi Turalibegovog vakufa u Tuzli\",\"datePublished\":\"2022-02-10T21:00:28+00:00\",\"dateModified\":\"2022-02-10T19:33:41+00:00\",\"mainEntityOfPage\":{\"@id\":\"https:\/\/tuzlainfo.ba\/index.php\/novosti\/item\/163474-pocinje-obiljezavanje-450-godina-gazi-turalibegovog-vakufa-u-tuzli\/\"},\"wordCount\":341,\"commentCount\":0,\"publisher\":{\"@id\":\"https:\/\/tuzlainfo.ba\/#organization\"},\"image\":{\"@id\":\"https:\/\/tuzlainfo.ba\/index.php\/novosti\/item\/163474-pocinje-obiljezavanje-450-godina-gazi-turalibegovog-vakufa-u-tuzli\/#primaryimage\"},\"thumbnailUrl\":\"https:\/\/tuzlainfo.ba\/wp-content\/uploads\/2022\/02\/1002-medzlis-iz-tz.jpg\",\"keywords\":[\"gazi turalibegov vakuf\",\"medzlis IZ Tuzla\"],\"articleSection\":[\"Novosti\"],\"inLanguage\":\"bs-BA\"},{\"@type\":\"WebPage\",\"@id\":\"https:\/\/tuzlainfo.ba\/index.php\/novosti\/item\/163474-pocinje-obiljezavanje-450-godina-gazi-turalibegovog-vakufa-u-tuzli\/\",\"url\":\"https:\/\/tuzlainfo.ba\/index.php\/novosti\/item\/163474-pocinje-obiljezavanje-450-godina-gazi-turalibegovog-vakufa-u-tuzli\/\",\"name\":\"Po\u010dinje obilje\u017eavanje 450 godina Gazi Turalibegovog vakufa u Tuzli - TuzlaInfo.ba\",\"isPartOf\":{\"@id\":\"https:\/\/tuzlainfo.ba\/#website\"},\"primaryImageOfPage\":{\"@id\":\"https:\/\/tuzlainfo.ba\/index.php\/novosti\/item\/163474-pocinje-obiljezavanje-450-godina-gazi-turalibegovog-vakufa-u-tuzli\/#primaryimage\"},\"image\":{\"@id\":\"https:\/\/tuzlainfo.ba\/index.php\/novosti\/item\/163474-pocinje-obiljezavanje-450-godina-gazi-turalibegovog-vakufa-u-tuzli\/#primaryimage\"},\"thumbnailUrl\":\"https:\/\/tuzlainfo.ba\/wp-content\/uploads\/2022\/02\/1002-medzlis-iz-tz.jpg\",\"datePublished\":\"2022-02-10T21:00:28+00:00\",\"dateModified\":\"2022-02-10T19:33:41+00:00\",\"breadcrumb\":{\"@id\":\"https:\/\/tuzlainfo.ba\/index.php\/novosti\/item\/163474-pocinje-obiljezavanje-450-godina-gazi-turalibegovog-vakufa-u-tuzli\/#breadcrumb\"},\"inLanguage\":\"bs-BA\",\"potentialAction\":[{\"@type\":\"ReadAction\",\"target\":[\"https:\/\/tuzlainfo.ba\/index.php\/novosti\/item\/163474-pocinje-obiljezavanje-450-godina-gazi-turalibegovog-vakufa-u-tuzli\/\"]}]},{\"@type\":\"ImageObject\",\"inLanguage\":\"bs-BA\",\"@id\":\"https:\/\/tuzlainfo.ba\/index.php\/novosti\/item\/163474-pocinje-obiljezavanje-450-godina-gazi-turalibegovog-vakufa-u-tuzli\/#primaryimage\",\"url\":\"https:\/\/tuzlainfo.ba\/wp-content\/uploads\/2022\/02\/1002-medzlis-iz-tz.jpg\",\"contentUrl\":\"https:\/\/tuzlainfo.ba\/wp-content\/uploads\/2022\/02\/1002-medzlis-iz-tz.jpg\",\"width\":960,\"height\":720},{\"@type\":\"BreadcrumbList\",\"@id\":\"https:\/\/tuzlainfo.ba\/index.php\/novosti\/item\/163474-pocinje-obiljezavanje-450-godina-gazi-turalibegovog-vakufa-u-tuzli\/#breadcrumb\",\"itemListElement\":[{\"@type\":\"ListItem\",\"position\":1,\"name\":\"Home\",\"item\":\"https:\/\/tuzlainfo.ba\/\"},{\"@type\":\"ListItem\",\"position\":2,\"name\":\"Po\u010dinje obilje\u017eavanje 450 godina Gazi Turalibegovog vakufa u Tuzli\"}]},{\"@type\":\"WebSite\",\"@id\":\"https:\/\/tuzlainfo.ba\/#website\",\"url\":\"https:\/\/tuzlainfo.ba\/\",\"name\":\"TuzlaInfo.ba\",\"description\":\"Tuzla info, gradski informator - Tuzla na dlanu\",\"publisher\":{\"@id\":\"https:\/\/tuzlainfo.ba\/#organization\"},\"potentialAction\":[{\"@type\":\"SearchAction\",\"target\":{\"@type\":\"EntryPoint\",\"urlTemplate\":\"https:\/\/tuzlainfo.ba\/?s={search_term_string}\"},\"query-input\":{\"@type\":\"PropertyValueSpecification\",\"valueRequired\":true,\"valueName\":\"search_term_string\"}}],\"inLanguage\":\"bs-BA\"},{\"@type\":\"Organization\",\"@id\":\"https:\/\/tuzlainfo.ba\/#organization\",\"name\":\"TuzlaInfo.ba\",\"url\":\"https:\/\/tuzlainfo.ba\/\",\"logo\":{\"@type\":\"ImageObject\",\"inLanguage\":\"bs-BA\",\"@id\":\"https:\/\/tuzlainfo.ba\/#\/schema\/logo\/image\/\",\"url\":\"https:\/\/tuzlainfo.ba\/wp-content\/uploads\/2021\/03\/logo-ver-3-1.png\",\"contentUrl\":\"https:\/\/tuzlainfo.ba\/wp-content\/uploads\/2021\/03\/logo-ver-3-1.png\",\"width\":350,\"height\":95,\"caption\":\"TuzlaInfo.ba\"},\"image\":{\"@id\":\"https:\/\/tuzlainfo.ba\/#\/schema\/logo\/image\/\"},\"sameAs\":[\"https:\/\/www.facebook.com\/tuzlainfo.ba\/\"]},{\"@type\":\"Person\",\"@id\":\"https:\/\/tuzlainfo.ba\/#\/schema\/person\/46cad4c57790cbc50781edd14870825a\",\"name\":\"Tuzla Info\",\"image\":{\"@type\":\"ImageObject\",\"inLanguage\":\"bs-BA\",\"@id\":\"https:\/\/tuzlainfo.ba\/#\/schema\/person\/image\/\",\"url\":\"https:\/\/tuzlainfo.ba\/wp-content\/litespeed\/avatar\/b6c453a6c38e3654f2e4416c643fc25c.jpg?ver=1777051911\",\"contentUrl\":\"https:\/\/tuzlainfo.ba\/wp-content\/litespeed\/avatar\/b6c453a6c38e3654f2e4416c643fc25c.jpg?ver=1777051911\",\"caption\":\"Tuzla Info\"}}]}<\/script>\n<!-- \/ Yoast SEO plugin. -->","yoast_head_json":{"title":"Po\u010dinje obilje\u017eavanje 450 godina Gazi Turalibegovog vakufa u Tuzli - TuzlaInfo.ba","robots":{"index":"index","follow":"follow","max-snippet":"max-snippet:-1","max-image-preview":"max-image-preview:large","max-video-preview":"max-video-preview:-1"},"canonical":"https:\/\/tuzlainfo.ba\/index.php\/novosti\/item\/163474-pocinje-obiljezavanje-450-godina-gazi-turalibegovog-vakufa-u-tuzli\/","og_locale":"bs_BA","og_type":"article","og_title":"Po\u010dinje obilje\u017eavanje 450 godina Gazi Turalibegovog vakufa u Tuzli - TuzlaInfo.ba","og_description":"Naime, 15. februara 1572. godine Gazi Turali \u2013 begova vakufnama je upisana u registar \u0161erijatskog&hellip;","og_url":"https:\/\/tuzlainfo.ba\/index.php\/novosti\/item\/163474-pocinje-obiljezavanje-450-godina-gazi-turalibegovog-vakufa-u-tuzli\/","og_site_name":"TuzlaInfo.ba","article_publisher":"https:\/\/www.facebook.com\/tuzlainfo.ba\/","article_published_time":"2022-02-10T21:00:28+00:00","article_modified_time":"2022-02-10T19:33:41+00:00","og_image":[{"width":960,"height":720,"url":"https:\/\/tuzlainfo.ba\/wp-content\/uploads\/2022\/02\/1002-medzlis-iz-tz.jpg","type":"image\/jpeg"}],"author":"Tuzla Info","twitter_card":"summary_large_image","twitter_misc":{"Written by":"Tuzla Info","Est. reading time":"2 minute"},"schema":{"@context":"https:\/\/schema.org","@graph":[{"@type":"Article","@id":"https:\/\/tuzlainfo.ba\/index.php\/novosti\/item\/163474-pocinje-obiljezavanje-450-godina-gazi-turalibegovog-vakufa-u-tuzli\/#article","isPartOf":{"@id":"https:\/\/tuzlainfo.ba\/index.php\/novosti\/item\/163474-pocinje-obiljezavanje-450-godina-gazi-turalibegovog-vakufa-u-tuzli\/"},"author":{"name":"Tuzla Info","@id":"https:\/\/tuzlainfo.ba\/#\/schema\/person\/46cad4c57790cbc50781edd14870825a"},"headline":"Po\u010dinje obilje\u017eavanje 450 godina Gazi Turalibegovog vakufa u Tuzli","datePublished":"2022-02-10T21:00:28+00:00","dateModified":"2022-02-10T19:33:41+00:00","mainEntityOfPage":{"@id":"https:\/\/tuzlainfo.ba\/index.php\/novosti\/item\/163474-pocinje-obiljezavanje-450-godina-gazi-turalibegovog-vakufa-u-tuzli\/"},"wordCount":341,"commentCount":0,"publisher":{"@id":"https:\/\/tuzlainfo.ba\/#organization"},"image":{"@id":"https:\/\/tuzlainfo.ba\/index.php\/novosti\/item\/163474-pocinje-obiljezavanje-450-godina-gazi-turalibegovog-vakufa-u-tuzli\/#primaryimage"},"thumbnailUrl":"https:\/\/tuzlainfo.ba\/wp-content\/uploads\/2022\/02\/1002-medzlis-iz-tz.jpg","keywords":["gazi turalibegov vakuf","medzlis IZ Tuzla"],"articleSection":["Novosti"],"inLanguage":"bs-BA"},{"@type":"WebPage","@id":"https:\/\/tuzlainfo.ba\/index.php\/novosti\/item\/163474-pocinje-obiljezavanje-450-godina-gazi-turalibegovog-vakufa-u-tuzli\/","url":"https:\/\/tuzlainfo.ba\/index.php\/novosti\/item\/163474-pocinje-obiljezavanje-450-godina-gazi-turalibegovog-vakufa-u-tuzli\/","name":"Po\u010dinje obilje\u017eavanje 450 godina Gazi Turalibegovog vakufa u Tuzli - TuzlaInfo.ba","isPartOf":{"@id":"https:\/\/tuzlainfo.ba\/#website"},"primaryImageOfPage":{"@id":"https:\/\/tuzlainfo.ba\/index.php\/novosti\/item\/163474-pocinje-obiljezavanje-450-godina-gazi-turalibegovog-vakufa-u-tuzli\/#primaryimage"},"image":{"@id":"https:\/\/tuzlainfo.ba\/index.php\/novosti\/item\/163474-pocinje-obiljezavanje-450-godina-gazi-turalibegovog-vakufa-u-tuzli\/#primaryimage"},"thumbnailUrl":"https:\/\/tuzlainfo.ba\/wp-content\/uploads\/2022\/02\/1002-medzlis-iz-tz.jpg","datePublished":"2022-02-10T21:00:28+00:00","dateModified":"2022-02-10T19:33:41+00:00","breadcrumb":{"@id":"https:\/\/tuzlainfo.ba\/index.php\/novosti\/item\/163474-pocinje-obiljezavanje-450-godina-gazi-turalibegovog-vakufa-u-tuzli\/#breadcrumb"},"inLanguage":"bs-BA","potentialAction":[{"@type":"ReadAction","target":["https:\/\/tuzlainfo.ba\/index.php\/novosti\/item\/163474-pocinje-obiljezavanje-450-godina-gazi-turalibegovog-vakufa-u-tuzli\/"]}]},{"@type":"ImageObject","inLanguage":"bs-BA","@id":"https:\/\/tuzlainfo.ba\/index.php\/novosti\/item\/163474-pocinje-obiljezavanje-450-godina-gazi-turalibegovog-vakufa-u-tuzli\/#primaryimage","url":"https:\/\/tuzlainfo.ba\/wp-content\/uploads\/2022\/02\/1002-medzlis-iz-tz.jpg","contentUrl":"https:\/\/tuzlainfo.ba\/wp-content\/uploads\/2022\/02\/1002-medzlis-iz-tz.jpg","width":960,"height":720},{"@type":"BreadcrumbList","@id":"https:\/\/tuzlainfo.ba\/index.php\/novosti\/item\/163474-pocinje-obiljezavanje-450-godina-gazi-turalibegovog-vakufa-u-tuzli\/#breadcrumb","itemListElement":[{"@type":"ListItem","position":1,"name":"Home","item":"https:\/\/tuzlainfo.ba\/"},{"@type":"ListItem","position":2,"name":"Po\u010dinje obilje\u017eavanje 450 godina Gazi Turalibegovog vakufa u Tuzli"}]},{"@type":"WebSite","@id":"https:\/\/tuzlainfo.ba\/#website","url":"https:\/\/tuzlainfo.ba\/","name":"TuzlaInfo.ba","description":"Tuzla info, gradski informator - Tuzla na dlanu","publisher":{"@id":"https:\/\/tuzlainfo.ba\/#organization"},"potentialAction":[{"@type":"SearchAction","target":{"@type":"EntryPoint","urlTemplate":"https:\/\/tuzlainfo.ba\/?s={search_term_string}"},"query-input":{"@type":"PropertyValueSpecification","valueRequired":true,"valueName":"search_term_string"}}],"inLanguage":"bs-BA"},{"@type":"Organization","@id":"https:\/\/tuzlainfo.ba\/#organization","name":"TuzlaInfo.ba","url":"https:\/\/tuzlainfo.ba\/","logo":{"@type":"ImageObject","inLanguage":"bs-BA","@id":"https:\/\/tuzlainfo.ba\/#\/schema\/logo\/image\/","url":"https:\/\/tuzlainfo.ba\/wp-content\/uploads\/2021\/03\/logo-ver-3-1.png","contentUrl":"https:\/\/tuzlainfo.ba\/wp-content\/uploads\/2021\/03\/logo-ver-3-1.png","width":350,"height":95,"caption":"TuzlaInfo.ba"},"image":{"@id":"https:\/\/tuzlainfo.ba\/#\/schema\/logo\/image\/"},"sameAs":["https:\/\/www.facebook.com\/tuzlainfo.ba\/"]},{"@type":"Person","@id":"https:\/\/tuzlainfo.ba\/#\/schema\/person\/46cad4c57790cbc50781edd14870825a","name":"Tuzla Info","image":{"@type":"ImageObject","inLanguage":"bs-BA","@id":"https:\/\/tuzlainfo.ba\/#\/schema\/person\/image\/","url":"https:\/\/tuzlainfo.ba\/wp-content\/litespeed\/avatar\/b6c453a6c38e3654f2e4416c643fc25c.jpg?ver=1777051911","contentUrl":"https:\/\/tuzlainfo.ba\/wp-content\/litespeed\/avatar\/b6c453a6c38e3654f2e4416c643fc25c.jpg?ver=1777051911","caption":"Tuzla Info"}}]}},"_links":{"self":[{"href":"https:\/\/tuzlainfo.ba\/index.php\/wp-json\/wp\/v2\/posts\/163474"}],"collection":[{"href":"https:\/\/tuzlainfo.ba\/index.php\/wp-json\/wp\/v2\/posts"}],"about":[{"href":"https:\/\/tuzlainfo.ba\/index.php\/wp-json\/wp\/v2\/types\/post"}],"author":[{"embeddable":true,"href":"https:\/\/tuzlainfo.ba\/index.php\/wp-json\/wp\/v2\/users\/4"}],"replies":[{"embeddable":true,"href":"https:\/\/tuzlainfo.ba\/index.php\/wp-json\/wp\/v2\/comments?post=163474"}],"version-history":[{"count":0,"href":"https:\/\/tuzlainfo.ba\/index.php\/wp-json\/wp\/v2\/posts\/163474\/revisions"}],"wp:featuredmedia":[{"embeddable":true,"href":"https:\/\/tuzlainfo.ba\/index.php\/wp-json\/wp\/v2\/media\/163475"}],"wp:attachment":[{"href":"https:\/\/tuzlainfo.ba\/index.php\/wp-json\/wp\/v2\/media?parent=163474"}],"wp:term":[{"taxonomy":"category","embeddable":true,"href":"https:\/\/tuzlainfo.ba\/index.php\/wp-json\/wp\/v2\/categories?post=163474"},{"taxonomy":"post_tag","embeddable":true,"href":"https:\/\/tuzlainfo.ba\/index.php\/wp-json\/wp\/v2\/tags?post=163474"}],"curies":[{"name":"wp","href":"https:\/\/api.w.org\/{rel}","templated":true}]}}