{"id":163468,"date":"2022-02-10T12:33:57","date_gmt":"2022-02-10T11:33:57","guid":{"rendered":"https:\/\/tuzlainfo.ba\/?p=163468"},"modified":"2022-02-10T12:33:57","modified_gmt":"2022-02-10T11:33:57","slug":"vlada-tk-usvojila-naredbe-kriznog-staba-trazi-se-pojacan-nazdor-inspekcije","status":"publish","type":"post","link":"https:\/\/tuzlainfo.ba\/index.php\/novosti\/item\/163468-vlada-tk-usvojila-naredbe-kriznog-staba-trazi-se-pojacan-nazdor-inspekcije\/","title":{"rendered":"Vlada TK usvojila naredbe Kriznog \u0161taba: Tra\u017ei se poja\u010dan nazdor inspekcije"},"content":{"rendered":"<p>Vlada Tuzlanskog Kantona na dana\u0161noj vanrednoj sjednici usvojila je Naredbe Kriznog \u0161taba Ministarstva zdravstva TK, koje su naredbe i preporuke Kriznog \u0161taba Federalnog ministarstva zdravstva.<\/p>\n<p>Dana\u0161njom naredbom dopu\u0161teno je okupljanje ne vi\u0161e od 30 ljudi u zatvorenom i ne vi\u0161e od 100 ljudi na otvorenom prostoru uz uslov da se sva okupljanja unutar navedenih ograni\u010denja moraju realizirati u prostoru koji omogu\u0107ava obavezni fizi\u010dku distancu od najmanje dva metra izme\u0111u osoba.<\/p>\n<p>U skladu sa Naredbom Kriznog \u0161taba Ministarstva zdravstva Federacije BiH dozvoljeno je organiziranje i ve\u0107ih okupljanja pod uvjetom da veli\u010dina prostora omogu\u0107ava provedbu higijensko-epidemiolo\u0161kih mjera i to ne vi\u0161e od 60 osoba u zatvorenom i ne vi\u0161e od 200 ljudi na otvorenom prostoru uz uslov da svi sudionici skupa imaju negativan antigenski ili PCR test, izdan od registrovane ustanove ili laboratorije, starosti u skladu sa Naredbama Kriznog \u0161taba FBiH, ili potvrdu o prebolovanom Covid-19 starosti u skladu sa Naredbama Kriznog \u0161taba FBiH ili potvrdu o zavr\u0161enom cijepljenju. Organizator ovakvog skupa du\u017ean je prethodno pribaviti saglasnost od Kriznog \u0161taba ministarstva zdravstva.<\/p>\n<p>Radno vrijeme za sve ugostiteljske i druge objekte dozvoljeno je u skladu sa propisima jedinica lokalne samouprave o radnom vremenu s tim da su nakon 20.00 sati objekti du\u017eni obezbijediti da svi gosti u objektu moraju posjedovati negativan antigenski ili PCR test, izdan od registrovane ustanove ili laboratorije, starosti u skladu sa Naredbama Kriznog \u0161taba FBiH ili potvrdu o prebolovanom Covid-19, starosti u skladu sa Naredbama Kriznog \u0161taba FBiH ili potvrdu o zavr\u0161enom cijepljenju. Za nadzor nad provo\u0111enjem ove mjere zadu\u017eena je Uprava policije TK.<\/p>\n<p>U veletrgovinama i supermarketima broj kupaca je ograni\u010den na na\u010din da se definira prostor od 10m2 prodajnog objekta po potro\u0161a\u010du, dok bez obzira na veli\u010dinu prostora prodajnog objekta, nije dozvoljen boravak vi\u0161e od 400 potro\u0161a\u010da.<\/p>\n<p>Od svih poslovnih subjekata, koji tokom realizacije svojih aktivnosti podrazumjevaju istovremeni boravak ve\u0107eg broja osoba u zatvorenom prostoru (tr\u017eni centri, trgovine, kina, prostorije javnih institucija, restorani, drugi ugostiteljski objekti, itd.) tra\u017ei se prisustvo Covid redara na ulazu u objekte, koji bi vr\u0161ili kontrolu provo\u0111enja va\u017ee\u0107ih naredbi i preporuka.<\/p>\n<p><strong>Od Kantonalne uprave za inspekcijske poslove TK, nadle\u017enih gradskih\/op\u0107inskih inspekcija i Uprave policije Tuzlanskog kantona je zatra\u017eeno da, u skladu sa svojim nadle\u017enostima, vr\u0161e poja\u010dan nadzor u smislu kontrole po\u0161tovanja va\u017ee\u0107ih epidemiolo\u0161kih mjera i donesenih naredbi.<\/strong><\/p>\n<p>Od Ministarstva obrazovanja je zatra\u017eeno da obezbijedi striktno po\u0161tivanje svih preporu\u010denih mjera u svim obrazovnim ustanovama na podru\u010dju kantona te da, ukoliko do\u0111e do pogor\u0161anja epidemiolo\u0161ke situacije u pojedinim ustanovama, u saradnji sa menad\u017ementom ustanove, na osnovu zajedni\u010dke procjene, a u suradnji sa nadle\u017enom higijensko- epidemiolo\u0161kom slu\u017ebom, donese odluku o organiziranju online modela nastave u nekom odjeljenju, razredu ili kompletnoj obrazovnoj ustanovi.<\/p>\n<p>Mjerama je zabranjena organizacija svih vrsta izleta i ekskurzija u \u0161kolama i fakultetima, te prisustvo roditelja\/staratelja unutar svih pred\u0161kolskih ustanova na podru\u010dju kantona. Pri ulazu djece u pred\u0161kolske ustanove obavezna je trija\u017ea djece u smislu postojanja simptoma oboljenja.<\/p>\n<p><strong>Dana\u0161nja Naredba \u0107e se primjenjivati od 12. februara, a va\u017ei do 25. februara ove godine, osim u slu\u010daju zna\u010dajnog pogor\u0161anja higijensko- epidemiolo\u0161ke situacije na podru\u010dju kantona ili u slu\u010daju dono\u0161enja druga\u010dijih naredbi od Kriznog \u0161taba Federalnog Ministarstva zdravstva,\u00a0saop\u0107eno je iz Odjeljenja za informiranje Vlade TK.\u00a0<\/strong><\/p>\n","protected":false},"excerpt":{"rendered":"<p>Vlada Tuzlanskog Kantona na dana\u0161noj vanrednoj sjednici usvojila je Naredbe Kriznog \u0161taba Ministarstva zdravstva TK,&hellip;<\/p>\n","protected":false},"author":4,"featured_media":87519,"comment_status":"open","ping_status":"closed","sticky":false,"template":"","format":"standard","meta":{"_acf_changed":false,"footnotes":""},"categories":[304,12],"tags":[314,413,336],"acf":[],"yoast_head":"<!-- This site is optimized with the Yoast SEO plugin v23.5 - https:\/\/yoast.com\/wordpress\/plugins\/seo\/ -->\n<title>Vlada TK usvojila naredbe Kriznog \u0161taba: Tra\u017ei se poja\u010dan nazdor inspekcije - TuzlaInfo.ba<\/title>\n<meta name=\"robots\" content=\"index, follow, max-snippet:-1, max-image-preview:large, max-video-preview:-1\" \/>\n<link rel=\"canonical\" href=\"https:\/\/tuzlainfo.ba\/index.php\/novosti\/item\/163468-vlada-tk-usvojila-naredbe-kriznog-staba-trazi-se-pojacan-nazdor-inspekcije\/\" \/>\n<meta property=\"og:locale\" content=\"bs_BA\" \/>\n<meta property=\"og:type\" content=\"article\" \/>\n<meta property=\"og:title\" content=\"Vlada TK usvojila naredbe Kriznog \u0161taba: Tra\u017ei se poja\u010dan nazdor inspekcije - TuzlaInfo.ba\" \/>\n<meta property=\"og:description\" content=\"Vlada Tuzlanskog Kantona na dana\u0161noj vanrednoj sjednici usvojila je Naredbe Kriznog \u0161taba Ministarstva zdravstva TK,&hellip;\" \/>\n<meta property=\"og:url\" content=\"https:\/\/tuzlainfo.ba\/index.php\/novosti\/item\/163468-vlada-tk-usvojila-naredbe-kriznog-staba-trazi-se-pojacan-nazdor-inspekcije\/\" \/>\n<meta property=\"og:site_name\" content=\"TuzlaInfo.ba\" \/>\n<meta property=\"article:publisher\" content=\"https:\/\/www.facebook.com\/tuzlainfo.ba\/\" \/>\n<meta property=\"article:published_time\" content=\"2022-02-10T11:33:57+00:00\" \/>\n<meta property=\"og:image\" content=\"https:\/\/tuzlainfo.ba\/wp-content\/uploads\/2021\/03\/sadrzaj_2021_20210301_1603_maske_policija.jpg\" \/>\n\t<meta property=\"og:image:width\" content=\"770\" \/>\n\t<meta property=\"og:image:height\" content=\"573\" \/>\n\t<meta property=\"og:image:type\" content=\"image\/jpeg\" \/>\n<meta name=\"author\" content=\"Tuzla Info\" \/>\n<meta name=\"twitter:card\" content=\"summary_large_image\" \/>\n<meta name=\"twitter:label1\" content=\"Written by\" \/>\n\t<meta name=\"twitter:data1\" content=\"Tuzla Info\" \/>\n\t<meta name=\"twitter:label2\" content=\"Est. reading time\" \/>\n\t<meta name=\"twitter:data2\" content=\"3 minute\" \/>\n<script type=\"application\/ld+json\" class=\"yoast-schema-graph\">{\"@context\":\"https:\/\/schema.org\",\"@graph\":[{\"@type\":\"Article\",\"@id\":\"https:\/\/tuzlainfo.ba\/index.php\/novosti\/item\/163468-vlada-tk-usvojila-naredbe-kriznog-staba-trazi-se-pojacan-nazdor-inspekcije\/#article\",\"isPartOf\":{\"@id\":\"https:\/\/tuzlainfo.ba\/index.php\/novosti\/item\/163468-vlada-tk-usvojila-naredbe-kriznog-staba-trazi-se-pojacan-nazdor-inspekcije\/\"},\"author\":{\"name\":\"Tuzla Info\",\"@id\":\"https:\/\/tuzlainfo.ba\/#\/schema\/person\/46cad4c57790cbc50781edd14870825a\"},\"headline\":\"Vlada TK usvojila naredbe Kriznog \u0161taba: Tra\u017ei se poja\u010dan nazdor inspekcije\",\"datePublished\":\"2022-02-10T11:33:57+00:00\",\"dateModified\":\"2022-02-10T11:33:57+00:00\",\"mainEntityOfPage\":{\"@id\":\"https:\/\/tuzlainfo.ba\/index.php\/novosti\/item\/163468-vlada-tk-usvojila-naredbe-kriznog-staba-trazi-se-pojacan-nazdor-inspekcije\/\"},\"wordCount\":600,\"commentCount\":0,\"publisher\":{\"@id\":\"https:\/\/tuzlainfo.ba\/#organization\"},\"image\":{\"@id\":\"https:\/\/tuzlainfo.ba\/index.php\/novosti\/item\/163468-vlada-tk-usvojila-naredbe-kriznog-staba-trazi-se-pojacan-nazdor-inspekcije\/#primaryimage\"},\"thumbnailUrl\":\"https:\/\/tuzlainfo.ba\/wp-content\/uploads\/2021\/03\/sadrzaj_2021_20210301_1603_maske_policija.jpg\",\"keywords\":[\"covid tk\",\"naredbe\",\"vlada tk\"],\"articleSection\":[\"Istaknuto\",\"Novosti\"],\"inLanguage\":\"bs-BA\"},{\"@type\":\"WebPage\",\"@id\":\"https:\/\/tuzlainfo.ba\/index.php\/novosti\/item\/163468-vlada-tk-usvojila-naredbe-kriznog-staba-trazi-se-pojacan-nazdor-inspekcije\/\",\"url\":\"https:\/\/tuzlainfo.ba\/index.php\/novosti\/item\/163468-vlada-tk-usvojila-naredbe-kriznog-staba-trazi-se-pojacan-nazdor-inspekcije\/\",\"name\":\"Vlada TK usvojila naredbe Kriznog \u0161taba: Tra\u017ei se poja\u010dan nazdor inspekcije - TuzlaInfo.ba\",\"isPartOf\":{\"@id\":\"https:\/\/tuzlainfo.ba\/#website\"},\"primaryImageOfPage\":{\"@id\":\"https:\/\/tuzlainfo.ba\/index.php\/novosti\/item\/163468-vlada-tk-usvojila-naredbe-kriznog-staba-trazi-se-pojacan-nazdor-inspekcije\/#primaryimage\"},\"image\":{\"@id\":\"https:\/\/tuzlainfo.ba\/index.php\/novosti\/item\/163468-vlada-tk-usvojila-naredbe-kriznog-staba-trazi-se-pojacan-nazdor-inspekcije\/#primaryimage\"},\"thumbnailUrl\":\"https:\/\/tuzlainfo.ba\/wp-content\/uploads\/2021\/03\/sadrzaj_2021_20210301_1603_maske_policija.jpg\",\"datePublished\":\"2022-02-10T11:33:57+00:00\",\"dateModified\":\"2022-02-10T11:33:57+00:00\",\"breadcrumb\":{\"@id\":\"https:\/\/tuzlainfo.ba\/index.php\/novosti\/item\/163468-vlada-tk-usvojila-naredbe-kriznog-staba-trazi-se-pojacan-nazdor-inspekcije\/#breadcrumb\"},\"inLanguage\":\"bs-BA\",\"potentialAction\":[{\"@type\":\"ReadAction\",\"target\":[\"https:\/\/tuzlainfo.ba\/index.php\/novosti\/item\/163468-vlada-tk-usvojila-naredbe-kriznog-staba-trazi-se-pojacan-nazdor-inspekcije\/\"]}]},{\"@type\":\"ImageObject\",\"inLanguage\":\"bs-BA\",\"@id\":\"https:\/\/tuzlainfo.ba\/index.php\/novosti\/item\/163468-vlada-tk-usvojila-naredbe-kriznog-staba-trazi-se-pojacan-nazdor-inspekcije\/#primaryimage\",\"url\":\"https:\/\/tuzlainfo.ba\/wp-content\/uploads\/2021\/03\/sadrzaj_2021_20210301_1603_maske_policija.jpg\",\"contentUrl\":\"https:\/\/tuzlainfo.ba\/wp-content\/uploads\/2021\/03\/sadrzaj_2021_20210301_1603_maske_policija.jpg\",\"width\":770,\"height\":573,\"caption\":\"1603 maske policija\"},{\"@type\":\"BreadcrumbList\",\"@id\":\"https:\/\/tuzlainfo.ba\/index.php\/novosti\/item\/163468-vlada-tk-usvojila-naredbe-kriznog-staba-trazi-se-pojacan-nazdor-inspekcije\/#breadcrumb\",\"itemListElement\":[{\"@type\":\"ListItem\",\"position\":1,\"name\":\"Home\",\"item\":\"https:\/\/tuzlainfo.ba\/\"},{\"@type\":\"ListItem\",\"position\":2,\"name\":\"Vlada TK usvojila naredbe Kriznog \u0161taba: Tra\u017ei se poja\u010dan nazdor inspekcije\"}]},{\"@type\":\"WebSite\",\"@id\":\"https:\/\/tuzlainfo.ba\/#website\",\"url\":\"https:\/\/tuzlainfo.ba\/\",\"name\":\"TuzlaInfo.ba\",\"description\":\"Tuzla info, gradski informator - Tuzla na dlanu\",\"publisher\":{\"@id\":\"https:\/\/tuzlainfo.ba\/#organization\"},\"potentialAction\":[{\"@type\":\"SearchAction\",\"target\":{\"@type\":\"EntryPoint\",\"urlTemplate\":\"https:\/\/tuzlainfo.ba\/?s={search_term_string}\"},\"query-input\":{\"@type\":\"PropertyValueSpecification\",\"valueRequired\":true,\"valueName\":\"search_term_string\"}}],\"inLanguage\":\"bs-BA\"},{\"@type\":\"Organization\",\"@id\":\"https:\/\/tuzlainfo.ba\/#organization\",\"name\":\"TuzlaInfo.ba\",\"url\":\"https:\/\/tuzlainfo.ba\/\",\"logo\":{\"@type\":\"ImageObject\",\"inLanguage\":\"bs-BA\",\"@id\":\"https:\/\/tuzlainfo.ba\/#\/schema\/logo\/image\/\",\"url\":\"https:\/\/tuzlainfo.ba\/wp-content\/uploads\/2021\/03\/logo-ver-3-1.png\",\"contentUrl\":\"https:\/\/tuzlainfo.ba\/wp-content\/uploads\/2021\/03\/logo-ver-3-1.png\",\"width\":350,\"height\":95,\"caption\":\"TuzlaInfo.ba\"},\"image\":{\"@id\":\"https:\/\/tuzlainfo.ba\/#\/schema\/logo\/image\/\"},\"sameAs\":[\"https:\/\/www.facebook.com\/tuzlainfo.ba\/\"]},{\"@type\":\"Person\",\"@id\":\"https:\/\/tuzlainfo.ba\/#\/schema\/person\/46cad4c57790cbc50781edd14870825a\",\"name\":\"Tuzla Info\",\"image\":{\"@type\":\"ImageObject\",\"inLanguage\":\"bs-BA\",\"@id\":\"https:\/\/tuzlainfo.ba\/#\/schema\/person\/image\/\",\"url\":\"https:\/\/tuzlainfo.ba\/wp-content\/litespeed\/avatar\/b6c453a6c38e3654f2e4416c643fc25c.jpg?ver=1777051911\",\"contentUrl\":\"https:\/\/tuzlainfo.ba\/wp-content\/litespeed\/avatar\/b6c453a6c38e3654f2e4416c643fc25c.jpg?ver=1777051911\",\"caption\":\"Tuzla Info\"}}]}<\/script>\n<!-- \/ Yoast SEO plugin. -->","yoast_head_json":{"title":"Vlada TK usvojila naredbe Kriznog \u0161taba: Tra\u017ei se poja\u010dan nazdor inspekcije - TuzlaInfo.ba","robots":{"index":"index","follow":"follow","max-snippet":"max-snippet:-1","max-image-preview":"max-image-preview:large","max-video-preview":"max-video-preview:-1"},"canonical":"https:\/\/tuzlainfo.ba\/index.php\/novosti\/item\/163468-vlada-tk-usvojila-naredbe-kriznog-staba-trazi-se-pojacan-nazdor-inspekcije\/","og_locale":"bs_BA","og_type":"article","og_title":"Vlada TK usvojila naredbe Kriznog \u0161taba: Tra\u017ei se poja\u010dan nazdor inspekcije - TuzlaInfo.ba","og_description":"Vlada Tuzlanskog Kantona na dana\u0161noj vanrednoj sjednici usvojila je Naredbe Kriznog \u0161taba Ministarstva zdravstva TK,&hellip;","og_url":"https:\/\/tuzlainfo.ba\/index.php\/novosti\/item\/163468-vlada-tk-usvojila-naredbe-kriznog-staba-trazi-se-pojacan-nazdor-inspekcije\/","og_site_name":"TuzlaInfo.ba","article_publisher":"https:\/\/www.facebook.com\/tuzlainfo.ba\/","article_published_time":"2022-02-10T11:33:57+00:00","og_image":[{"width":770,"height":573,"url":"https:\/\/tuzlainfo.ba\/wp-content\/uploads\/2021\/03\/sadrzaj_2021_20210301_1603_maske_policija.jpg","type":"image\/jpeg"}],"author":"Tuzla Info","twitter_card":"summary_large_image","twitter_misc":{"Written by":"Tuzla Info","Est. reading time":"3 minute"},"schema":{"@context":"https:\/\/schema.org","@graph":[{"@type":"Article","@id":"https:\/\/tuzlainfo.ba\/index.php\/novosti\/item\/163468-vlada-tk-usvojila-naredbe-kriznog-staba-trazi-se-pojacan-nazdor-inspekcije\/#article","isPartOf":{"@id":"https:\/\/tuzlainfo.ba\/index.php\/novosti\/item\/163468-vlada-tk-usvojila-naredbe-kriznog-staba-trazi-se-pojacan-nazdor-inspekcije\/"},"author":{"name":"Tuzla Info","@id":"https:\/\/tuzlainfo.ba\/#\/schema\/person\/46cad4c57790cbc50781edd14870825a"},"headline":"Vlada TK usvojila naredbe Kriznog \u0161taba: Tra\u017ei se poja\u010dan nazdor inspekcije","datePublished":"2022-02-10T11:33:57+00:00","dateModified":"2022-02-10T11:33:57+00:00","mainEntityOfPage":{"@id":"https:\/\/tuzlainfo.ba\/index.php\/novosti\/item\/163468-vlada-tk-usvojila-naredbe-kriznog-staba-trazi-se-pojacan-nazdor-inspekcije\/"},"wordCount":600,"commentCount":0,"publisher":{"@id":"https:\/\/tuzlainfo.ba\/#organization"},"image":{"@id":"https:\/\/tuzlainfo.ba\/index.php\/novosti\/item\/163468-vlada-tk-usvojila-naredbe-kriznog-staba-trazi-se-pojacan-nazdor-inspekcije\/#primaryimage"},"thumbnailUrl":"https:\/\/tuzlainfo.ba\/wp-content\/uploads\/2021\/03\/sadrzaj_2021_20210301_1603_maske_policija.jpg","keywords":["covid tk","naredbe","vlada tk"],"articleSection":["Istaknuto","Novosti"],"inLanguage":"bs-BA"},{"@type":"WebPage","@id":"https:\/\/tuzlainfo.ba\/index.php\/novosti\/item\/163468-vlada-tk-usvojila-naredbe-kriznog-staba-trazi-se-pojacan-nazdor-inspekcije\/","url":"https:\/\/tuzlainfo.ba\/index.php\/novosti\/item\/163468-vlada-tk-usvojila-naredbe-kriznog-staba-trazi-se-pojacan-nazdor-inspekcije\/","name":"Vlada TK usvojila naredbe Kriznog \u0161taba: Tra\u017ei se poja\u010dan nazdor inspekcije - TuzlaInfo.ba","isPartOf":{"@id":"https:\/\/tuzlainfo.ba\/#website"},"primaryImageOfPage":{"@id":"https:\/\/tuzlainfo.ba\/index.php\/novosti\/item\/163468-vlada-tk-usvojila-naredbe-kriznog-staba-trazi-se-pojacan-nazdor-inspekcije\/#primaryimage"},"image":{"@id":"https:\/\/tuzlainfo.ba\/index.php\/novosti\/item\/163468-vlada-tk-usvojila-naredbe-kriznog-staba-trazi-se-pojacan-nazdor-inspekcije\/#primaryimage"},"thumbnailUrl":"https:\/\/tuzlainfo.ba\/wp-content\/uploads\/2021\/03\/sadrzaj_2021_20210301_1603_maske_policija.jpg","datePublished":"2022-02-10T11:33:57+00:00","dateModified":"2022-02-10T11:33:57+00:00","breadcrumb":{"@id":"https:\/\/tuzlainfo.ba\/index.php\/novosti\/item\/163468-vlada-tk-usvojila-naredbe-kriznog-staba-trazi-se-pojacan-nazdor-inspekcije\/#breadcrumb"},"inLanguage":"bs-BA","potentialAction":[{"@type":"ReadAction","target":["https:\/\/tuzlainfo.ba\/index.php\/novosti\/item\/163468-vlada-tk-usvojila-naredbe-kriznog-staba-trazi-se-pojacan-nazdor-inspekcije\/"]}]},{"@type":"ImageObject","inLanguage":"bs-BA","@id":"https:\/\/tuzlainfo.ba\/index.php\/novosti\/item\/163468-vlada-tk-usvojila-naredbe-kriznog-staba-trazi-se-pojacan-nazdor-inspekcije\/#primaryimage","url":"https:\/\/tuzlainfo.ba\/wp-content\/uploads\/2021\/03\/sadrzaj_2021_20210301_1603_maske_policija.jpg","contentUrl":"https:\/\/tuzlainfo.ba\/wp-content\/uploads\/2021\/03\/sadrzaj_2021_20210301_1603_maske_policija.jpg","width":770,"height":573,"caption":"1603 maske policija"},{"@type":"BreadcrumbList","@id":"https:\/\/tuzlainfo.ba\/index.php\/novosti\/item\/163468-vlada-tk-usvojila-naredbe-kriznog-staba-trazi-se-pojacan-nazdor-inspekcije\/#breadcrumb","itemListElement":[{"@type":"ListItem","position":1,"name":"Home","item":"https:\/\/tuzlainfo.ba\/"},{"@type":"ListItem","position":2,"name":"Vlada TK usvojila naredbe Kriznog \u0161taba: Tra\u017ei se poja\u010dan nazdor inspekcije"}]},{"@type":"WebSite","@id":"https:\/\/tuzlainfo.ba\/#website","url":"https:\/\/tuzlainfo.ba\/","name":"TuzlaInfo.ba","description":"Tuzla info, gradski informator - Tuzla na dlanu","publisher":{"@id":"https:\/\/tuzlainfo.ba\/#organization"},"potentialAction":[{"@type":"SearchAction","target":{"@type":"EntryPoint","urlTemplate":"https:\/\/tuzlainfo.ba\/?s={search_term_string}"},"query-input":{"@type":"PropertyValueSpecification","valueRequired":true,"valueName":"search_term_string"}}],"inLanguage":"bs-BA"},{"@type":"Organization","@id":"https:\/\/tuzlainfo.ba\/#organization","name":"TuzlaInfo.ba","url":"https:\/\/tuzlainfo.ba\/","logo":{"@type":"ImageObject","inLanguage":"bs-BA","@id":"https:\/\/tuzlainfo.ba\/#\/schema\/logo\/image\/","url":"https:\/\/tuzlainfo.ba\/wp-content\/uploads\/2021\/03\/logo-ver-3-1.png","contentUrl":"https:\/\/tuzlainfo.ba\/wp-content\/uploads\/2021\/03\/logo-ver-3-1.png","width":350,"height":95,"caption":"TuzlaInfo.ba"},"image":{"@id":"https:\/\/tuzlainfo.ba\/#\/schema\/logo\/image\/"},"sameAs":["https:\/\/www.facebook.com\/tuzlainfo.ba\/"]},{"@type":"Person","@id":"https:\/\/tuzlainfo.ba\/#\/schema\/person\/46cad4c57790cbc50781edd14870825a","name":"Tuzla Info","image":{"@type":"ImageObject","inLanguage":"bs-BA","@id":"https:\/\/tuzlainfo.ba\/#\/schema\/person\/image\/","url":"https:\/\/tuzlainfo.ba\/wp-content\/litespeed\/avatar\/b6c453a6c38e3654f2e4416c643fc25c.jpg?ver=1777051911","contentUrl":"https:\/\/tuzlainfo.ba\/wp-content\/litespeed\/avatar\/b6c453a6c38e3654f2e4416c643fc25c.jpg?ver=1777051911","caption":"Tuzla Info"}}]}},"_links":{"self":[{"href":"https:\/\/tuzlainfo.ba\/index.php\/wp-json\/wp\/v2\/posts\/163468"}],"collection":[{"href":"https:\/\/tuzlainfo.ba\/index.php\/wp-json\/wp\/v2\/posts"}],"about":[{"href":"https:\/\/tuzlainfo.ba\/index.php\/wp-json\/wp\/v2\/types\/post"}],"author":[{"embeddable":true,"href":"https:\/\/tuzlainfo.ba\/index.php\/wp-json\/wp\/v2\/users\/4"}],"replies":[{"embeddable":true,"href":"https:\/\/tuzlainfo.ba\/index.php\/wp-json\/wp\/v2\/comments?post=163468"}],"version-history":[{"count":0,"href":"https:\/\/tuzlainfo.ba\/index.php\/wp-json\/wp\/v2\/posts\/163468\/revisions"}],"wp:featuredmedia":[{"embeddable":true,"href":"https:\/\/tuzlainfo.ba\/index.php\/wp-json\/wp\/v2\/media\/87519"}],"wp:attachment":[{"href":"https:\/\/tuzlainfo.ba\/index.php\/wp-json\/wp\/v2\/media?parent=163468"}],"wp:term":[{"taxonomy":"category","embeddable":true,"href":"https:\/\/tuzlainfo.ba\/index.php\/wp-json\/wp\/v2\/categories?post=163468"},{"taxonomy":"post_tag","embeddable":true,"href":"https:\/\/tuzlainfo.ba\/index.php\/wp-json\/wp\/v2\/tags?post=163468"}],"curies":[{"name":"wp","href":"https:\/\/api.w.org\/{rel}","templated":true}]}}