{"id":163312,"date":"2022-02-08T20:47:19","date_gmt":"2022-02-08T19:47:19","guid":{"rendered":"https:\/\/tuzlainfo.ba\/?p=163312"},"modified":"2022-02-08T20:47:19","modified_gmt":"2022-02-08T19:47:19","slug":"tragom-bosanskih-prica-u-tuzli-otvorena-izlozba-slika-adila-osmanovica","status":"publish","type":"post","link":"https:\/\/tuzlainfo.ba\/index.php\/novosti\/item\/163312-tragom-bosanskih-prica-u-tuzli-otvorena-izlozba-slika-adila-osmanovica\/","title":{"rendered":"&#8220;Tragom bosanskih pri\u010da&#8221;: U Tuzli otvorena izlo\u017eba slika Adila Osmanovi\u0107a"},"content":{"rendered":"<div class=\"kvgmc6g5 cxmmr5t8 oygrvhab hcukyx3x c1et5uql ii04i59q\">\n<p dir=\"auto\">Ve\u010deras je u Bosanskom kulturnom centru TK u Tuzli otvorena izlo\u017eba slika \u201eTragom bosanskih pri\u010da\u201c, autora Adila Me\u0161anovi\u0107a iz Kalesije.<\/p>\n<\/div>\n<div dir=\"auto\">Na otvaranju izlo\u017ebe, pred velikim brojem zainteresiranih posjetitelja, pored predstavnika BKC TK i autora izlo\u017ebe, govorili su art menad\u017eerica Jasmina Bajramovi\u0107 i prof. dr. sci. Sr\u0111an Vukadinovi\u0107, koji je i otvorio izlo\u017ebu.<\/div>\n<p class=\"cxmmr5t8 oygrvhab hcukyx3x c1et5uql o9v6fnle ii04i59q\">\nAutor se predstavio sa 28 slika u akvarel tehnici, koje prikazuju bosanskohercegova\u010dku tradiciju.<\/p>\n<div id=\"penci-post-gallery__49794\" class=\"penci-post-gallery-container masonry grid column-4\" data-height=\"150\" data-margin=\"3\"><div class=\"inner-gallery-masonry-container\"><div class=\"item-gallery-masonry grid\"><a class=\"\" href=\"https:\/\/tuzlainfo.ba\/wp-content\/uploads\/2022\/02\/0802_izlozba_mesanovic-1-scaled.jpg\"><div class=\"inner-item-masonry-gallery\"><img decoding=\"async\" src=\"https:\/\/tuzlainfo.ba\/wp-content\/uploads\/2022\/02\/0802_izlozba_mesanovic-1-585x390.jpg\" alt=\"\" title=\"0802_izlozba_mesanovic (1)\"><\/div><\/a><\/div><div class=\"item-gallery-masonry grid\"><a class=\"\" href=\"https:\/\/tuzlainfo.ba\/wp-content\/uploads\/2022\/02\/0802_izlozba_mesanovic-4-scaled.jpg\"><div class=\"inner-item-masonry-gallery\"><img decoding=\"async\" src=\"https:\/\/tuzlainfo.ba\/wp-content\/uploads\/2022\/02\/0802_izlozba_mesanovic-4-585x390.jpg\" alt=\"\" title=\"0802_izlozba_mesanovic (4)\"><\/div><\/a><\/div><div class=\"item-gallery-masonry grid\"><a class=\"\" href=\"https:\/\/tuzlainfo.ba\/wp-content\/uploads\/2022\/02\/0802_izlozba_mesanovic-3-scaled.jpg\" data-cap=\"Foto: BKC TK\"><div class=\"inner-item-masonry-gallery\"><img decoding=\"async\" src=\"https:\/\/tuzlainfo.ba\/wp-content\/uploads\/2022\/02\/0802_izlozba_mesanovic-3-585x390.jpg\" alt=\"\" title=\"0802_izlozba_mesanovic (3)\"><\/div><\/a><\/div><div class=\"item-gallery-masonry grid\"><a class=\"\" href=\"https:\/\/tuzlainfo.ba\/wp-content\/uploads\/2022\/02\/0802_izlozba_mesanovic-2-scaled.jpg\"><div class=\"inner-item-masonry-gallery\"><img decoding=\"async\" src=\"https:\/\/tuzlainfo.ba\/wp-content\/uploads\/2022\/02\/0802_izlozba_mesanovic-2-585x390.jpg\" alt=\"\" title=\"0802_izlozba_mesanovic (2)\"><\/div><\/a><\/div><\/div><\/div>\n<p class=\"cxmmr5t8 oygrvhab hcukyx3x c1et5uql o9v6fnle ii04i59q\">&#8211; Izlo\u017eio sam 28 radova koje povezuje jedna tematika &#8211; bosanske pri\u010de. Sama realizacija izlo\u017ebe trajala je dvije i po godine. Svaki rad zasebno pri\u010da svoju pri\u010du. Zanimljivo je kad se spoji 4-5 izlo\u017eenih slika, one daju jednu \u0161iru pri\u010du, pa onda ponovo jo\u0161 nekoliko slika koje nadopunjuju prvu pri\u010du &#8211; rekao nam je Me\u0161anovi\u0107.<\/p>\n<p>Adil Me\u0161anovi\u0107 ro\u0111en je 30. 10. 1977. godine u Tuzli. Po zanimanju diplomirani pedagog-psiholog i nastavnik pred\u0161kolskog odgoja i obrazovanja. Od ranog djetinjstva pokazuje veliki interes i sklonost ka crtanju i oblikovanju. Slikarstvom se aktivnije po\u010dinje baviti krajem 1999. godine. U radu koristi razli\u010dite slikarske tehnike a posebnu sklonost pokazuje prema akvarelu. \u010clan je ULUTK (Udru\u017eenja likovnih umjetnika TK) od 2001. godine. U\u010desnik je velikog broja likovnih kolonija i voditelj \u201e\u0160kole slikanja sa izlo\u017ebom\u201c pri BKC-u u Kalesiji. Na Me\u0111unarodnim likovnim susretima u Turskoj odr\u017eanim 2016. godine predstavljao je BiH.<\/p>\n<p>Izlo\u017eba \u0107e u velikoj galeriji BKC TK biti postavljena do 16. februara\/velja\u010de 2022. <strong>\/S.P.\/\u00a0<\/strong><\/p>\n<p><strong>Foto: BKC TK<\/strong><\/p>\n","protected":false},"excerpt":{"rendered":"<p>Ve\u010deras je u Bosanskom kulturnom centru TK u Tuzli otvorena izlo\u017eba slika \u201eTragom bosanskih pri\u010da\u201c,&hellip;<\/p>\n","protected":false},"author":2,"featured_media":163314,"comment_status":"open","ping_status":"closed","sticky":false,"template":"","format":"standard","meta":{"_acf_changed":false,"footnotes":""},"categories":[304,12],"tags":[524,742,1036,1294],"acf":[],"yoast_head":"<!-- This site is optimized with the Yoast SEO plugin v23.5 - https:\/\/yoast.com\/wordpress\/plugins\/seo\/ -->\n<title>&quot;Tragom bosanskih pri\u010da&quot;: U Tuzli otvorena izlo\u017eba slika Adila Osmanovi\u0107a - TuzlaInfo.ba<\/title>\n<meta name=\"robots\" content=\"index, follow, max-snippet:-1, max-image-preview:large, max-video-preview:-1\" \/>\n<link rel=\"canonical\" href=\"https:\/\/tuzlainfo.ba\/index.php\/novosti\/item\/163312-tragom-bosanskih-prica-u-tuzli-otvorena-izlozba-slika-adila-osmanovica\/\" \/>\n<meta property=\"og:locale\" content=\"bs_BA\" \/>\n<meta property=\"og:type\" content=\"article\" \/>\n<meta property=\"og:title\" content=\"&quot;Tragom bosanskih pri\u010da&quot;: U Tuzli otvorena izlo\u017eba slika Adila Osmanovi\u0107a - TuzlaInfo.ba\" \/>\n<meta property=\"og:description\" content=\"Ve\u010deras je u Bosanskom kulturnom centru TK u Tuzli otvorena izlo\u017eba slika \u201eTragom bosanskih pri\u010da\u201c,&hellip;\" \/>\n<meta property=\"og:url\" content=\"https:\/\/tuzlainfo.ba\/index.php\/novosti\/item\/163312-tragom-bosanskih-prica-u-tuzli-otvorena-izlozba-slika-adila-osmanovica\/\" \/>\n<meta property=\"og:site_name\" content=\"TuzlaInfo.ba\" \/>\n<meta property=\"article:publisher\" content=\"https:\/\/www.facebook.com\/tuzlainfo.ba\/\" \/>\n<meta property=\"article:published_time\" content=\"2022-02-08T19:47:19+00:00\" \/>\n<meta property=\"og:image\" content=\"https:\/\/tuzlainfo.ba\/wp-content\/uploads\/2022\/02\/0802_izlozba_mesanovic-3-scaled.jpg\" \/>\n\t<meta property=\"og:image:width\" content=\"2560\" \/>\n\t<meta property=\"og:image:height\" content=\"1920\" \/>\n\t<meta property=\"og:image:type\" content=\"image\/jpeg\" \/>\n<meta name=\"author\" content=\"nedim\" \/>\n<meta name=\"twitter:card\" content=\"summary_large_image\" \/>\n<meta name=\"twitter:label1\" content=\"Written by\" \/>\n\t<meta name=\"twitter:data1\" content=\"nedim\" \/>\n\t<meta name=\"twitter:label2\" content=\"Est. reading time\" \/>\n\t<meta name=\"twitter:data2\" content=\"1 minuta\" \/>\n<script type=\"application\/ld+json\" class=\"yoast-schema-graph\">{\"@context\":\"https:\/\/schema.org\",\"@graph\":[{\"@type\":\"Article\",\"@id\":\"https:\/\/tuzlainfo.ba\/index.php\/novosti\/item\/163312-tragom-bosanskih-prica-u-tuzli-otvorena-izlozba-slika-adila-osmanovica\/#article\",\"isPartOf\":{\"@id\":\"https:\/\/tuzlainfo.ba\/index.php\/novosti\/item\/163312-tragom-bosanskih-prica-u-tuzli-otvorena-izlozba-slika-adila-osmanovica\/\"},\"author\":{\"name\":\"nedim\",\"@id\":\"https:\/\/tuzlainfo.ba\/#\/schema\/person\/f434e20dc27ea133923aab08451b7f7f\"},\"headline\":\"&#8220;Tragom bosanskih pri\u010da&#8221;: U Tuzli otvorena izlo\u017eba slika Adila Osmanovi\u0107a\",\"datePublished\":\"2022-02-08T19:47:19+00:00\",\"dateModified\":\"2022-02-08T19:47:19+00:00\",\"mainEntityOfPage\":{\"@id\":\"https:\/\/tuzlainfo.ba\/index.php\/novosti\/item\/163312-tragom-bosanskih-prica-u-tuzli-otvorena-izlozba-slika-adila-osmanovica\/\"},\"wordCount\":269,\"commentCount\":0,\"publisher\":{\"@id\":\"https:\/\/tuzlainfo.ba\/#organization\"},\"image\":{\"@id\":\"https:\/\/tuzlainfo.ba\/index.php\/novosti\/item\/163312-tragom-bosanskih-prica-u-tuzli-otvorena-izlozba-slika-adila-osmanovica\/#primaryimage\"},\"thumbnailUrl\":\"https:\/\/tuzlainfo.ba\/wp-content\/uploads\/2022\/02\/0802_izlozba_mesanovic-3-scaled.jpg\",\"keywords\":[\"bkc tk\",\"bkc tuzla\",\"izlo\u017eba\",\"kultura\"],\"articleSection\":[\"Istaknuto\",\"Novosti\"],\"inLanguage\":\"bs-BA\"},{\"@type\":\"WebPage\",\"@id\":\"https:\/\/tuzlainfo.ba\/index.php\/novosti\/item\/163312-tragom-bosanskih-prica-u-tuzli-otvorena-izlozba-slika-adila-osmanovica\/\",\"url\":\"https:\/\/tuzlainfo.ba\/index.php\/novosti\/item\/163312-tragom-bosanskih-prica-u-tuzli-otvorena-izlozba-slika-adila-osmanovica\/\",\"name\":\"\\\"Tragom bosanskih pri\u010da\\\": U Tuzli otvorena izlo\u017eba slika Adila Osmanovi\u0107a - TuzlaInfo.ba\",\"isPartOf\":{\"@id\":\"https:\/\/tuzlainfo.ba\/#website\"},\"primaryImageOfPage\":{\"@id\":\"https:\/\/tuzlainfo.ba\/index.php\/novosti\/item\/163312-tragom-bosanskih-prica-u-tuzli-otvorena-izlozba-slika-adila-osmanovica\/#primaryimage\"},\"image\":{\"@id\":\"https:\/\/tuzlainfo.ba\/index.php\/novosti\/item\/163312-tragom-bosanskih-prica-u-tuzli-otvorena-izlozba-slika-adila-osmanovica\/#primaryimage\"},\"thumbnailUrl\":\"https:\/\/tuzlainfo.ba\/wp-content\/uploads\/2022\/02\/0802_izlozba_mesanovic-3-scaled.jpg\",\"datePublished\":\"2022-02-08T19:47:19+00:00\",\"dateModified\":\"2022-02-08T19:47:19+00:00\",\"breadcrumb\":{\"@id\":\"https:\/\/tuzlainfo.ba\/index.php\/novosti\/item\/163312-tragom-bosanskih-prica-u-tuzli-otvorena-izlozba-slika-adila-osmanovica\/#breadcrumb\"},\"inLanguage\":\"bs-BA\",\"potentialAction\":[{\"@type\":\"ReadAction\",\"target\":[\"https:\/\/tuzlainfo.ba\/index.php\/novosti\/item\/163312-tragom-bosanskih-prica-u-tuzli-otvorena-izlozba-slika-adila-osmanovica\/\"]}]},{\"@type\":\"ImageObject\",\"inLanguage\":\"bs-BA\",\"@id\":\"https:\/\/tuzlainfo.ba\/index.php\/novosti\/item\/163312-tragom-bosanskih-prica-u-tuzli-otvorena-izlozba-slika-adila-osmanovica\/#primaryimage\",\"url\":\"https:\/\/tuzlainfo.ba\/wp-content\/uploads\/2022\/02\/0802_izlozba_mesanovic-3-scaled.jpg\",\"contentUrl\":\"https:\/\/tuzlainfo.ba\/wp-content\/uploads\/2022\/02\/0802_izlozba_mesanovic-3-scaled.jpg\",\"width\":2560,\"height\":1920,\"caption\":\"Foto: BKC TK\"},{\"@type\":\"BreadcrumbList\",\"@id\":\"https:\/\/tuzlainfo.ba\/index.php\/novosti\/item\/163312-tragom-bosanskih-prica-u-tuzli-otvorena-izlozba-slika-adila-osmanovica\/#breadcrumb\",\"itemListElement\":[{\"@type\":\"ListItem\",\"position\":1,\"name\":\"Home\",\"item\":\"https:\/\/tuzlainfo.ba\/\"},{\"@type\":\"ListItem\",\"position\":2,\"name\":\"&#8220;Tragom bosanskih pri\u010da&#8221;: U Tuzli otvorena izlo\u017eba slika Adila Osmanovi\u0107a\"}]},{\"@type\":\"WebSite\",\"@id\":\"https:\/\/tuzlainfo.ba\/#website\",\"url\":\"https:\/\/tuzlainfo.ba\/\",\"name\":\"TuzlaInfo.ba\",\"description\":\"Tuzla info, gradski informator - Tuzla na dlanu\",\"publisher\":{\"@id\":\"https:\/\/tuzlainfo.ba\/#organization\"},\"potentialAction\":[{\"@type\":\"SearchAction\",\"target\":{\"@type\":\"EntryPoint\",\"urlTemplate\":\"https:\/\/tuzlainfo.ba\/?s={search_term_string}\"},\"query-input\":{\"@type\":\"PropertyValueSpecification\",\"valueRequired\":true,\"valueName\":\"search_term_string\"}}],\"inLanguage\":\"bs-BA\"},{\"@type\":\"Organization\",\"@id\":\"https:\/\/tuzlainfo.ba\/#organization\",\"name\":\"TuzlaInfo.ba\",\"url\":\"https:\/\/tuzlainfo.ba\/\",\"logo\":{\"@type\":\"ImageObject\",\"inLanguage\":\"bs-BA\",\"@id\":\"https:\/\/tuzlainfo.ba\/#\/schema\/logo\/image\/\",\"url\":\"https:\/\/tuzlainfo.ba\/wp-content\/uploads\/2021\/03\/logo-ver-3-1.png\",\"contentUrl\":\"https:\/\/tuzlainfo.ba\/wp-content\/uploads\/2021\/03\/logo-ver-3-1.png\",\"width\":350,\"height\":95,\"caption\":\"TuzlaInfo.ba\"},\"image\":{\"@id\":\"https:\/\/tuzlainfo.ba\/#\/schema\/logo\/image\/\"},\"sameAs\":[\"https:\/\/www.facebook.com\/tuzlainfo.ba\/\"]},{\"@type\":\"Person\",\"@id\":\"https:\/\/tuzlainfo.ba\/#\/schema\/person\/f434e20dc27ea133923aab08451b7f7f\",\"name\":\"nedim\",\"image\":{\"@type\":\"ImageObject\",\"inLanguage\":\"bs-BA\",\"@id\":\"https:\/\/tuzlainfo.ba\/#\/schema\/person\/image\/\",\"url\":\"https:\/\/tuzlainfo.ba\/wp-content\/litespeed\/avatar\/aabad687af24844af817603ac1cbdc4f.jpg?ver=1776702173\",\"contentUrl\":\"https:\/\/tuzlainfo.ba\/wp-content\/litespeed\/avatar\/aabad687af24844af817603ac1cbdc4f.jpg?ver=1776702173\",\"caption\":\"nedim\"},\"description\":\"Tuzlainfo.ba pratite na dru\u0161tvenim mre\u017eama: Facebook, Instagram i Youtube. Svoje pri\u010de, upite i fotografije \u0161aljite na na\u0161u e-mail adresu.\"}]}<\/script>\n<!-- \/ Yoast SEO plugin. -->","yoast_head_json":{"title":"\"Tragom bosanskih pri\u010da\": U Tuzli otvorena izlo\u017eba slika Adila Osmanovi\u0107a - TuzlaInfo.ba","robots":{"index":"index","follow":"follow","max-snippet":"max-snippet:-1","max-image-preview":"max-image-preview:large","max-video-preview":"max-video-preview:-1"},"canonical":"https:\/\/tuzlainfo.ba\/index.php\/novosti\/item\/163312-tragom-bosanskih-prica-u-tuzli-otvorena-izlozba-slika-adila-osmanovica\/","og_locale":"bs_BA","og_type":"article","og_title":"\"Tragom bosanskih pri\u010da\": U Tuzli otvorena izlo\u017eba slika Adila Osmanovi\u0107a - TuzlaInfo.ba","og_description":"Ve\u010deras je u Bosanskom kulturnom centru TK u Tuzli otvorena izlo\u017eba slika \u201eTragom bosanskih pri\u010da\u201c,&hellip;","og_url":"https:\/\/tuzlainfo.ba\/index.php\/novosti\/item\/163312-tragom-bosanskih-prica-u-tuzli-otvorena-izlozba-slika-adila-osmanovica\/","og_site_name":"TuzlaInfo.ba","article_publisher":"https:\/\/www.facebook.com\/tuzlainfo.ba\/","article_published_time":"2022-02-08T19:47:19+00:00","og_image":[{"width":2560,"height":1920,"url":"https:\/\/tuzlainfo.ba\/wp-content\/uploads\/2022\/02\/0802_izlozba_mesanovic-3-scaled.jpg","type":"image\/jpeg"}],"author":"nedim","twitter_card":"summary_large_image","twitter_misc":{"Written by":"nedim","Est. reading time":"1 minuta"},"schema":{"@context":"https:\/\/schema.org","@graph":[{"@type":"Article","@id":"https:\/\/tuzlainfo.ba\/index.php\/novosti\/item\/163312-tragom-bosanskih-prica-u-tuzli-otvorena-izlozba-slika-adila-osmanovica\/#article","isPartOf":{"@id":"https:\/\/tuzlainfo.ba\/index.php\/novosti\/item\/163312-tragom-bosanskih-prica-u-tuzli-otvorena-izlozba-slika-adila-osmanovica\/"},"author":{"name":"nedim","@id":"https:\/\/tuzlainfo.ba\/#\/schema\/person\/f434e20dc27ea133923aab08451b7f7f"},"headline":"&#8220;Tragom bosanskih pri\u010da&#8221;: U Tuzli otvorena izlo\u017eba slika Adila Osmanovi\u0107a","datePublished":"2022-02-08T19:47:19+00:00","dateModified":"2022-02-08T19:47:19+00:00","mainEntityOfPage":{"@id":"https:\/\/tuzlainfo.ba\/index.php\/novosti\/item\/163312-tragom-bosanskih-prica-u-tuzli-otvorena-izlozba-slika-adila-osmanovica\/"},"wordCount":269,"commentCount":0,"publisher":{"@id":"https:\/\/tuzlainfo.ba\/#organization"},"image":{"@id":"https:\/\/tuzlainfo.ba\/index.php\/novosti\/item\/163312-tragom-bosanskih-prica-u-tuzli-otvorena-izlozba-slika-adila-osmanovica\/#primaryimage"},"thumbnailUrl":"https:\/\/tuzlainfo.ba\/wp-content\/uploads\/2022\/02\/0802_izlozba_mesanovic-3-scaled.jpg","keywords":["bkc tk","bkc tuzla","izlo\u017eba","kultura"],"articleSection":["Istaknuto","Novosti"],"inLanguage":"bs-BA"},{"@type":"WebPage","@id":"https:\/\/tuzlainfo.ba\/index.php\/novosti\/item\/163312-tragom-bosanskih-prica-u-tuzli-otvorena-izlozba-slika-adila-osmanovica\/","url":"https:\/\/tuzlainfo.ba\/index.php\/novosti\/item\/163312-tragom-bosanskih-prica-u-tuzli-otvorena-izlozba-slika-adila-osmanovica\/","name":"\"Tragom bosanskih pri\u010da\": U Tuzli otvorena izlo\u017eba slika Adila Osmanovi\u0107a - TuzlaInfo.ba","isPartOf":{"@id":"https:\/\/tuzlainfo.ba\/#website"},"primaryImageOfPage":{"@id":"https:\/\/tuzlainfo.ba\/index.php\/novosti\/item\/163312-tragom-bosanskih-prica-u-tuzli-otvorena-izlozba-slika-adila-osmanovica\/#primaryimage"},"image":{"@id":"https:\/\/tuzlainfo.ba\/index.php\/novosti\/item\/163312-tragom-bosanskih-prica-u-tuzli-otvorena-izlozba-slika-adila-osmanovica\/#primaryimage"},"thumbnailUrl":"https:\/\/tuzlainfo.ba\/wp-content\/uploads\/2022\/02\/0802_izlozba_mesanovic-3-scaled.jpg","datePublished":"2022-02-08T19:47:19+00:00","dateModified":"2022-02-08T19:47:19+00:00","breadcrumb":{"@id":"https:\/\/tuzlainfo.ba\/index.php\/novosti\/item\/163312-tragom-bosanskih-prica-u-tuzli-otvorena-izlozba-slika-adila-osmanovica\/#breadcrumb"},"inLanguage":"bs-BA","potentialAction":[{"@type":"ReadAction","target":["https:\/\/tuzlainfo.ba\/index.php\/novosti\/item\/163312-tragom-bosanskih-prica-u-tuzli-otvorena-izlozba-slika-adila-osmanovica\/"]}]},{"@type":"ImageObject","inLanguage":"bs-BA","@id":"https:\/\/tuzlainfo.ba\/index.php\/novosti\/item\/163312-tragom-bosanskih-prica-u-tuzli-otvorena-izlozba-slika-adila-osmanovica\/#primaryimage","url":"https:\/\/tuzlainfo.ba\/wp-content\/uploads\/2022\/02\/0802_izlozba_mesanovic-3-scaled.jpg","contentUrl":"https:\/\/tuzlainfo.ba\/wp-content\/uploads\/2022\/02\/0802_izlozba_mesanovic-3-scaled.jpg","width":2560,"height":1920,"caption":"Foto: BKC TK"},{"@type":"BreadcrumbList","@id":"https:\/\/tuzlainfo.ba\/index.php\/novosti\/item\/163312-tragom-bosanskih-prica-u-tuzli-otvorena-izlozba-slika-adila-osmanovica\/#breadcrumb","itemListElement":[{"@type":"ListItem","position":1,"name":"Home","item":"https:\/\/tuzlainfo.ba\/"},{"@type":"ListItem","position":2,"name":"&#8220;Tragom bosanskih pri\u010da&#8221;: U Tuzli otvorena izlo\u017eba slika Adila Osmanovi\u0107a"}]},{"@type":"WebSite","@id":"https:\/\/tuzlainfo.ba\/#website","url":"https:\/\/tuzlainfo.ba\/","name":"TuzlaInfo.ba","description":"Tuzla info, gradski informator - Tuzla na dlanu","publisher":{"@id":"https:\/\/tuzlainfo.ba\/#organization"},"potentialAction":[{"@type":"SearchAction","target":{"@type":"EntryPoint","urlTemplate":"https:\/\/tuzlainfo.ba\/?s={search_term_string}"},"query-input":{"@type":"PropertyValueSpecification","valueRequired":true,"valueName":"search_term_string"}}],"inLanguage":"bs-BA"},{"@type":"Organization","@id":"https:\/\/tuzlainfo.ba\/#organization","name":"TuzlaInfo.ba","url":"https:\/\/tuzlainfo.ba\/","logo":{"@type":"ImageObject","inLanguage":"bs-BA","@id":"https:\/\/tuzlainfo.ba\/#\/schema\/logo\/image\/","url":"https:\/\/tuzlainfo.ba\/wp-content\/uploads\/2021\/03\/logo-ver-3-1.png","contentUrl":"https:\/\/tuzlainfo.ba\/wp-content\/uploads\/2021\/03\/logo-ver-3-1.png","width":350,"height":95,"caption":"TuzlaInfo.ba"},"image":{"@id":"https:\/\/tuzlainfo.ba\/#\/schema\/logo\/image\/"},"sameAs":["https:\/\/www.facebook.com\/tuzlainfo.ba\/"]},{"@type":"Person","@id":"https:\/\/tuzlainfo.ba\/#\/schema\/person\/f434e20dc27ea133923aab08451b7f7f","name":"nedim","image":{"@type":"ImageObject","inLanguage":"bs-BA","@id":"https:\/\/tuzlainfo.ba\/#\/schema\/person\/image\/","url":"https:\/\/tuzlainfo.ba\/wp-content\/litespeed\/avatar\/aabad687af24844af817603ac1cbdc4f.jpg?ver=1776702173","contentUrl":"https:\/\/tuzlainfo.ba\/wp-content\/litespeed\/avatar\/aabad687af24844af817603ac1cbdc4f.jpg?ver=1776702173","caption":"nedim"},"description":"Tuzlainfo.ba pratite na dru\u0161tvenim mre\u017eama: Facebook, Instagram i Youtube. Svoje pri\u010de, upite i fotografije \u0161aljite na na\u0161u e-mail adresu."}]}},"_links":{"self":[{"href":"https:\/\/tuzlainfo.ba\/index.php\/wp-json\/wp\/v2\/posts\/163312"}],"collection":[{"href":"https:\/\/tuzlainfo.ba\/index.php\/wp-json\/wp\/v2\/posts"}],"about":[{"href":"https:\/\/tuzlainfo.ba\/index.php\/wp-json\/wp\/v2\/types\/post"}],"author":[{"embeddable":true,"href":"https:\/\/tuzlainfo.ba\/index.php\/wp-json\/wp\/v2\/users\/2"}],"replies":[{"embeddable":true,"href":"https:\/\/tuzlainfo.ba\/index.php\/wp-json\/wp\/v2\/comments?post=163312"}],"version-history":[{"count":0,"href":"https:\/\/tuzlainfo.ba\/index.php\/wp-json\/wp\/v2\/posts\/163312\/revisions"}],"wp:featuredmedia":[{"embeddable":true,"href":"https:\/\/tuzlainfo.ba\/index.php\/wp-json\/wp\/v2\/media\/163314"}],"wp:attachment":[{"href":"https:\/\/tuzlainfo.ba\/index.php\/wp-json\/wp\/v2\/media?parent=163312"}],"wp:term":[{"taxonomy":"category","embeddable":true,"href":"https:\/\/tuzlainfo.ba\/index.php\/wp-json\/wp\/v2\/categories?post=163312"},{"taxonomy":"post_tag","embeddable":true,"href":"https:\/\/tuzlainfo.ba\/index.php\/wp-json\/wp\/v2\/tags?post=163312"}],"curies":[{"name":"wp","href":"https:\/\/api.w.org\/{rel}","templated":true}]}}