{"id":163161,"date":"2022-02-07T18:23:33","date_gmt":"2022-02-07T17:23:33","guid":{"rendered":"https:\/\/tuzlainfo.ba\/?p=163161"},"modified":"2022-02-07T17:46:56","modified_gmt":"2022-02-07T16:46:56","slug":"kuglasi-slobode-porazeni-u-gradisci","status":"publish","type":"post","link":"https:\/\/tuzlainfo.ba\/index.php\/novosti\/item\/163161-kuglasi-slobode-porazeni-u-gradisci\/","title":{"rendered":"Kugla\u0161i Slobode pora\u017eeni u Gradi\u0161ci"},"content":{"rendered":"<p>Proteklog vikenda odigrane su utakmice 14. kola Premijer lige BIH u kuglanju. Ekipa Slobode gostovala je u Gradi\u0161ci kod ekipe Ade i do\u017eivjela \u010detvrti ovosezonski poraz rezultatom 6:2.<\/p>\n<p>Ekipa Ade u proljetnji dio sezone je u\u0161la poja\u010dana reprezentativcem BiH Nemanjom Gali\u0107em. Da \u0107e Nemanja biti pravo poja\u010danje pokazala su prva tri kola drugog dijela u kojoj je Ada ostvarila sve pobjede, a Nemanja se posebno istakao u posljednjoj utakmici protiv ekipe Slobode kada je bio najbolji igra\u010d utakmice sa oborenih 633 \u010dunja.<\/p>\n<p>Utakmica velikih sportskih prijatelja Ade i Slobode je protekla u izvanrednoj atmosferi sa dosta zaljubljenika kuglanja koji su do\u0161li da isprate ovaj derbi. Sam rezultat od 6:2 bi rekao da je ekipa Ade lagano do\u0161la do 3 boda ali to nije bilo ba\u0161 tako.<\/p>\n<p>U prvom bloku Boris Novakovi\u0107 sa oborenih 623 \u010dunja je osvojio me\u010d poen protiv Samira Jogun\u010di\u010da 552 oborena \u010dunja, dok je za Slobodu me\u010d poen osvojio Muhamed Vehabovi\u0107 576 oborenih \u010dunjeva koji je iznenadio reprezentativca BiH Dragana \u0160ukala 567.<\/p>\n<p>U drugom bloku odvijala se prava drama i ovdje je ekipa Slobode bila veoma blizu da povede 3:1 ali da se to ne desi pobrinuli su se Bojan Novakovi\u0107 593 koji je za jedan \u010dunj bio bolji od Midhata Jogun\u010di\u0107a 592 i \u017deljko Vajki\u0107 586 koji je sa nekoliko vezanih devetki pri kraju 3 seta prelomio me\u010d u svoju korist protiv Nermina Kasumovi\u0107a 562. Tako da je ekipa Ade poslije drugog bloka imala vodstvo od 3:1 i prednost od 84 \u010dunja.<\/p>\n<p>U tre\u0107em bloku Gali\u0107 633 se razgoropadio nakon \u0161to mu je Mirza Nezirovi\u0107 546 osvojio prvi set i napravio veliku razliku u ostala 3 seta dok je Senad Jogun\u010di\u0107 575 donio drugi me\u010d poen protiv Darka Radanovi\u0107a 561 za kona\u010dnik 6:2.<\/p>\n<p>Ovom pobjedom ekipa Ade se ulju\u010dila u borbu za sami vrh tabele.<\/p>\n","protected":false},"excerpt":{"rendered":"<p>Proteklog vikenda odigrane su utakmice 14. kola Premijer lige BIH u kuglanju. Ekipa Slobode gostovala&hellip;<\/p>\n","protected":false},"author":4,"featured_media":163162,"comment_status":"open","ping_status":"closed","sticky":false,"template":"","format":"standard","meta":{"_acf_changed":false,"footnotes":""},"categories":[12],"tags":[1211,4116,915],"acf":[],"yoast_head":"<!-- This site is optimized with the Yoast SEO plugin v23.5 - https:\/\/yoast.com\/wordpress\/plugins\/seo\/ -->\n<title>Kugla\u0161i Slobode pora\u017eeni u Gradi\u0161ci - TuzlaInfo.ba<\/title>\n<meta name=\"robots\" content=\"index, follow, max-snippet:-1, max-image-preview:large, max-video-preview:-1\" \/>\n<link rel=\"canonical\" href=\"https:\/\/tuzlainfo.ba\/index.php\/novosti\/item\/163161-kuglasi-slobode-porazeni-u-gradisci\/\" \/>\n<meta property=\"og:locale\" content=\"bs_BA\" \/>\n<meta property=\"og:type\" content=\"article\" \/>\n<meta property=\"og:title\" content=\"Kugla\u0161i Slobode pora\u017eeni u Gradi\u0161ci - TuzlaInfo.ba\" \/>\n<meta property=\"og:description\" content=\"Proteklog vikenda odigrane su utakmice 14. kola Premijer lige BIH u kuglanju. Ekipa Slobode gostovala&hellip;\" \/>\n<meta property=\"og:url\" content=\"https:\/\/tuzlainfo.ba\/index.php\/novosti\/item\/163161-kuglasi-slobode-porazeni-u-gradisci\/\" \/>\n<meta property=\"og:site_name\" content=\"TuzlaInfo.ba\" \/>\n<meta property=\"article:publisher\" content=\"https:\/\/www.facebook.com\/tuzlainfo.ba\/\" \/>\n<meta property=\"article:published_time\" content=\"2022-02-07T17:23:33+00:00\" \/>\n<meta property=\"article:modified_time\" content=\"2022-02-07T16:46:56+00:00\" \/>\n<meta property=\"og:image\" content=\"https:\/\/tuzlainfo.ba\/wp-content\/uploads\/2022\/02\/0702_kuglasi-sloboda.jpg\" \/>\n\t<meta property=\"og:image:width\" content=\"700\" \/>\n\t<meta property=\"og:image:height\" content=\"501\" \/>\n\t<meta property=\"og:image:type\" content=\"image\/jpeg\" \/>\n<meta name=\"author\" content=\"Tuzla Info\" \/>\n<meta name=\"twitter:card\" content=\"summary_large_image\" \/>\n<meta name=\"twitter:label1\" content=\"Written by\" \/>\n\t<meta name=\"twitter:data1\" content=\"Tuzla Info\" \/>\n\t<meta name=\"twitter:label2\" content=\"Est. reading time\" \/>\n\t<meta name=\"twitter:data2\" content=\"1 minuta\" \/>\n<script type=\"application\/ld+json\" class=\"yoast-schema-graph\">{\"@context\":\"https:\/\/schema.org\",\"@graph\":[{\"@type\":\"Article\",\"@id\":\"https:\/\/tuzlainfo.ba\/index.php\/novosti\/item\/163161-kuglasi-slobode-porazeni-u-gradisci\/#article\",\"isPartOf\":{\"@id\":\"https:\/\/tuzlainfo.ba\/index.php\/novosti\/item\/163161-kuglasi-slobode-porazeni-u-gradisci\/\"},\"author\":{\"name\":\"Tuzla Info\",\"@id\":\"https:\/\/tuzlainfo.ba\/#\/schema\/person\/46cad4c57790cbc50781edd14870825a\"},\"headline\":\"Kugla\u0161i Slobode pora\u017eeni u Gradi\u0161ci\",\"datePublished\":\"2022-02-07T17:23:33+00:00\",\"dateModified\":\"2022-02-07T16:46:56+00:00\",\"mainEntityOfPage\":{\"@id\":\"https:\/\/tuzlainfo.ba\/index.php\/novosti\/item\/163161-kuglasi-slobode-porazeni-u-gradisci\/\"},\"wordCount\":302,\"commentCount\":0,\"publisher\":{\"@id\":\"https:\/\/tuzlainfo.ba\/#organization\"},\"image\":{\"@id\":\"https:\/\/tuzlainfo.ba\/index.php\/novosti\/item\/163161-kuglasi-slobode-porazeni-u-gradisci\/#primaryimage\"},\"thumbnailUrl\":\"https:\/\/tuzlainfo.ba\/wp-content\/uploads\/2022\/02\/0702_kuglasi-sloboda.jpg\",\"keywords\":[\"kuglanje\",\"kugla\u0161i slobode\",\"sport\"],\"articleSection\":[\"Novosti\"],\"inLanguage\":\"bs-BA\"},{\"@type\":\"WebPage\",\"@id\":\"https:\/\/tuzlainfo.ba\/index.php\/novosti\/item\/163161-kuglasi-slobode-porazeni-u-gradisci\/\",\"url\":\"https:\/\/tuzlainfo.ba\/index.php\/novosti\/item\/163161-kuglasi-slobode-porazeni-u-gradisci\/\",\"name\":\"Kugla\u0161i Slobode pora\u017eeni u Gradi\u0161ci - TuzlaInfo.ba\",\"isPartOf\":{\"@id\":\"https:\/\/tuzlainfo.ba\/#website\"},\"primaryImageOfPage\":{\"@id\":\"https:\/\/tuzlainfo.ba\/index.php\/novosti\/item\/163161-kuglasi-slobode-porazeni-u-gradisci\/#primaryimage\"},\"image\":{\"@id\":\"https:\/\/tuzlainfo.ba\/index.php\/novosti\/item\/163161-kuglasi-slobode-porazeni-u-gradisci\/#primaryimage\"},\"thumbnailUrl\":\"https:\/\/tuzlainfo.ba\/wp-content\/uploads\/2022\/02\/0702_kuglasi-sloboda.jpg\",\"datePublished\":\"2022-02-07T17:23:33+00:00\",\"dateModified\":\"2022-02-07T16:46:56+00:00\",\"breadcrumb\":{\"@id\":\"https:\/\/tuzlainfo.ba\/index.php\/novosti\/item\/163161-kuglasi-slobode-porazeni-u-gradisci\/#breadcrumb\"},\"inLanguage\":\"bs-BA\",\"potentialAction\":[{\"@type\":\"ReadAction\",\"target\":[\"https:\/\/tuzlainfo.ba\/index.php\/novosti\/item\/163161-kuglasi-slobode-porazeni-u-gradisci\/\"]}]},{\"@type\":\"ImageObject\",\"inLanguage\":\"bs-BA\",\"@id\":\"https:\/\/tuzlainfo.ba\/index.php\/novosti\/item\/163161-kuglasi-slobode-porazeni-u-gradisci\/#primaryimage\",\"url\":\"https:\/\/tuzlainfo.ba\/wp-content\/uploads\/2022\/02\/0702_kuglasi-sloboda.jpg\",\"contentUrl\":\"https:\/\/tuzlainfo.ba\/wp-content\/uploads\/2022\/02\/0702_kuglasi-sloboda.jpg\",\"width\":700,\"height\":501},{\"@type\":\"BreadcrumbList\",\"@id\":\"https:\/\/tuzlainfo.ba\/index.php\/novosti\/item\/163161-kuglasi-slobode-porazeni-u-gradisci\/#breadcrumb\",\"itemListElement\":[{\"@type\":\"ListItem\",\"position\":1,\"name\":\"Home\",\"item\":\"https:\/\/tuzlainfo.ba\/\"},{\"@type\":\"ListItem\",\"position\":2,\"name\":\"Kugla\u0161i Slobode pora\u017eeni u Gradi\u0161ci\"}]},{\"@type\":\"WebSite\",\"@id\":\"https:\/\/tuzlainfo.ba\/#website\",\"url\":\"https:\/\/tuzlainfo.ba\/\",\"name\":\"TuzlaInfo.ba\",\"description\":\"Tuzla info, gradski informator - Tuzla na dlanu\",\"publisher\":{\"@id\":\"https:\/\/tuzlainfo.ba\/#organization\"},\"potentialAction\":[{\"@type\":\"SearchAction\",\"target\":{\"@type\":\"EntryPoint\",\"urlTemplate\":\"https:\/\/tuzlainfo.ba\/?s={search_term_string}\"},\"query-input\":{\"@type\":\"PropertyValueSpecification\",\"valueRequired\":true,\"valueName\":\"search_term_string\"}}],\"inLanguage\":\"bs-BA\"},{\"@type\":\"Organization\",\"@id\":\"https:\/\/tuzlainfo.ba\/#organization\",\"name\":\"TuzlaInfo.ba\",\"url\":\"https:\/\/tuzlainfo.ba\/\",\"logo\":{\"@type\":\"ImageObject\",\"inLanguage\":\"bs-BA\",\"@id\":\"https:\/\/tuzlainfo.ba\/#\/schema\/logo\/image\/\",\"url\":\"https:\/\/tuzlainfo.ba\/wp-content\/uploads\/2021\/03\/logo-ver-3-1.png\",\"contentUrl\":\"https:\/\/tuzlainfo.ba\/wp-content\/uploads\/2021\/03\/logo-ver-3-1.png\",\"width\":350,\"height\":95,\"caption\":\"TuzlaInfo.ba\"},\"image\":{\"@id\":\"https:\/\/tuzlainfo.ba\/#\/schema\/logo\/image\/\"},\"sameAs\":[\"https:\/\/www.facebook.com\/tuzlainfo.ba\/\"]},{\"@type\":\"Person\",\"@id\":\"https:\/\/tuzlainfo.ba\/#\/schema\/person\/46cad4c57790cbc50781edd14870825a\",\"name\":\"Tuzla Info\",\"image\":{\"@type\":\"ImageObject\",\"inLanguage\":\"bs-BA\",\"@id\":\"https:\/\/tuzlainfo.ba\/#\/schema\/person\/image\/\",\"url\":\"https:\/\/tuzlainfo.ba\/wp-content\/litespeed\/avatar\/b6c453a6c38e3654f2e4416c643fc25c.jpg?ver=1777051911\",\"contentUrl\":\"https:\/\/tuzlainfo.ba\/wp-content\/litespeed\/avatar\/b6c453a6c38e3654f2e4416c643fc25c.jpg?ver=1777051911\",\"caption\":\"Tuzla Info\"}}]}<\/script>\n<!-- \/ Yoast SEO plugin. -->","yoast_head_json":{"title":"Kugla\u0161i Slobode pora\u017eeni u Gradi\u0161ci - TuzlaInfo.ba","robots":{"index":"index","follow":"follow","max-snippet":"max-snippet:-1","max-image-preview":"max-image-preview:large","max-video-preview":"max-video-preview:-1"},"canonical":"https:\/\/tuzlainfo.ba\/index.php\/novosti\/item\/163161-kuglasi-slobode-porazeni-u-gradisci\/","og_locale":"bs_BA","og_type":"article","og_title":"Kugla\u0161i Slobode pora\u017eeni u Gradi\u0161ci - TuzlaInfo.ba","og_description":"Proteklog vikenda odigrane su utakmice 14. kola Premijer lige BIH u kuglanju. Ekipa Slobode gostovala&hellip;","og_url":"https:\/\/tuzlainfo.ba\/index.php\/novosti\/item\/163161-kuglasi-slobode-porazeni-u-gradisci\/","og_site_name":"TuzlaInfo.ba","article_publisher":"https:\/\/www.facebook.com\/tuzlainfo.ba\/","article_published_time":"2022-02-07T17:23:33+00:00","article_modified_time":"2022-02-07T16:46:56+00:00","og_image":[{"width":700,"height":501,"url":"https:\/\/tuzlainfo.ba\/wp-content\/uploads\/2022\/02\/0702_kuglasi-sloboda.jpg","type":"image\/jpeg"}],"author":"Tuzla Info","twitter_card":"summary_large_image","twitter_misc":{"Written by":"Tuzla Info","Est. reading time":"1 minuta"},"schema":{"@context":"https:\/\/schema.org","@graph":[{"@type":"Article","@id":"https:\/\/tuzlainfo.ba\/index.php\/novosti\/item\/163161-kuglasi-slobode-porazeni-u-gradisci\/#article","isPartOf":{"@id":"https:\/\/tuzlainfo.ba\/index.php\/novosti\/item\/163161-kuglasi-slobode-porazeni-u-gradisci\/"},"author":{"name":"Tuzla Info","@id":"https:\/\/tuzlainfo.ba\/#\/schema\/person\/46cad4c57790cbc50781edd14870825a"},"headline":"Kugla\u0161i Slobode pora\u017eeni u Gradi\u0161ci","datePublished":"2022-02-07T17:23:33+00:00","dateModified":"2022-02-07T16:46:56+00:00","mainEntityOfPage":{"@id":"https:\/\/tuzlainfo.ba\/index.php\/novosti\/item\/163161-kuglasi-slobode-porazeni-u-gradisci\/"},"wordCount":302,"commentCount":0,"publisher":{"@id":"https:\/\/tuzlainfo.ba\/#organization"},"image":{"@id":"https:\/\/tuzlainfo.ba\/index.php\/novosti\/item\/163161-kuglasi-slobode-porazeni-u-gradisci\/#primaryimage"},"thumbnailUrl":"https:\/\/tuzlainfo.ba\/wp-content\/uploads\/2022\/02\/0702_kuglasi-sloboda.jpg","keywords":["kuglanje","kugla\u0161i slobode","sport"],"articleSection":["Novosti"],"inLanguage":"bs-BA"},{"@type":"WebPage","@id":"https:\/\/tuzlainfo.ba\/index.php\/novosti\/item\/163161-kuglasi-slobode-porazeni-u-gradisci\/","url":"https:\/\/tuzlainfo.ba\/index.php\/novosti\/item\/163161-kuglasi-slobode-porazeni-u-gradisci\/","name":"Kugla\u0161i Slobode pora\u017eeni u Gradi\u0161ci - TuzlaInfo.ba","isPartOf":{"@id":"https:\/\/tuzlainfo.ba\/#website"},"primaryImageOfPage":{"@id":"https:\/\/tuzlainfo.ba\/index.php\/novosti\/item\/163161-kuglasi-slobode-porazeni-u-gradisci\/#primaryimage"},"image":{"@id":"https:\/\/tuzlainfo.ba\/index.php\/novosti\/item\/163161-kuglasi-slobode-porazeni-u-gradisci\/#primaryimage"},"thumbnailUrl":"https:\/\/tuzlainfo.ba\/wp-content\/uploads\/2022\/02\/0702_kuglasi-sloboda.jpg","datePublished":"2022-02-07T17:23:33+00:00","dateModified":"2022-02-07T16:46:56+00:00","breadcrumb":{"@id":"https:\/\/tuzlainfo.ba\/index.php\/novosti\/item\/163161-kuglasi-slobode-porazeni-u-gradisci\/#breadcrumb"},"inLanguage":"bs-BA","potentialAction":[{"@type":"ReadAction","target":["https:\/\/tuzlainfo.ba\/index.php\/novosti\/item\/163161-kuglasi-slobode-porazeni-u-gradisci\/"]}]},{"@type":"ImageObject","inLanguage":"bs-BA","@id":"https:\/\/tuzlainfo.ba\/index.php\/novosti\/item\/163161-kuglasi-slobode-porazeni-u-gradisci\/#primaryimage","url":"https:\/\/tuzlainfo.ba\/wp-content\/uploads\/2022\/02\/0702_kuglasi-sloboda.jpg","contentUrl":"https:\/\/tuzlainfo.ba\/wp-content\/uploads\/2022\/02\/0702_kuglasi-sloboda.jpg","width":700,"height":501},{"@type":"BreadcrumbList","@id":"https:\/\/tuzlainfo.ba\/index.php\/novosti\/item\/163161-kuglasi-slobode-porazeni-u-gradisci\/#breadcrumb","itemListElement":[{"@type":"ListItem","position":1,"name":"Home","item":"https:\/\/tuzlainfo.ba\/"},{"@type":"ListItem","position":2,"name":"Kugla\u0161i Slobode pora\u017eeni u Gradi\u0161ci"}]},{"@type":"WebSite","@id":"https:\/\/tuzlainfo.ba\/#website","url":"https:\/\/tuzlainfo.ba\/","name":"TuzlaInfo.ba","description":"Tuzla info, gradski informator - Tuzla na dlanu","publisher":{"@id":"https:\/\/tuzlainfo.ba\/#organization"},"potentialAction":[{"@type":"SearchAction","target":{"@type":"EntryPoint","urlTemplate":"https:\/\/tuzlainfo.ba\/?s={search_term_string}"},"query-input":{"@type":"PropertyValueSpecification","valueRequired":true,"valueName":"search_term_string"}}],"inLanguage":"bs-BA"},{"@type":"Organization","@id":"https:\/\/tuzlainfo.ba\/#organization","name":"TuzlaInfo.ba","url":"https:\/\/tuzlainfo.ba\/","logo":{"@type":"ImageObject","inLanguage":"bs-BA","@id":"https:\/\/tuzlainfo.ba\/#\/schema\/logo\/image\/","url":"https:\/\/tuzlainfo.ba\/wp-content\/uploads\/2021\/03\/logo-ver-3-1.png","contentUrl":"https:\/\/tuzlainfo.ba\/wp-content\/uploads\/2021\/03\/logo-ver-3-1.png","width":350,"height":95,"caption":"TuzlaInfo.ba"},"image":{"@id":"https:\/\/tuzlainfo.ba\/#\/schema\/logo\/image\/"},"sameAs":["https:\/\/www.facebook.com\/tuzlainfo.ba\/"]},{"@type":"Person","@id":"https:\/\/tuzlainfo.ba\/#\/schema\/person\/46cad4c57790cbc50781edd14870825a","name":"Tuzla Info","image":{"@type":"ImageObject","inLanguage":"bs-BA","@id":"https:\/\/tuzlainfo.ba\/#\/schema\/person\/image\/","url":"https:\/\/tuzlainfo.ba\/wp-content\/litespeed\/avatar\/b6c453a6c38e3654f2e4416c643fc25c.jpg?ver=1777051911","contentUrl":"https:\/\/tuzlainfo.ba\/wp-content\/litespeed\/avatar\/b6c453a6c38e3654f2e4416c643fc25c.jpg?ver=1777051911","caption":"Tuzla Info"}}]}},"_links":{"self":[{"href":"https:\/\/tuzlainfo.ba\/index.php\/wp-json\/wp\/v2\/posts\/163161"}],"collection":[{"href":"https:\/\/tuzlainfo.ba\/index.php\/wp-json\/wp\/v2\/posts"}],"about":[{"href":"https:\/\/tuzlainfo.ba\/index.php\/wp-json\/wp\/v2\/types\/post"}],"author":[{"embeddable":true,"href":"https:\/\/tuzlainfo.ba\/index.php\/wp-json\/wp\/v2\/users\/4"}],"replies":[{"embeddable":true,"href":"https:\/\/tuzlainfo.ba\/index.php\/wp-json\/wp\/v2\/comments?post=163161"}],"version-history":[{"count":0,"href":"https:\/\/tuzlainfo.ba\/index.php\/wp-json\/wp\/v2\/posts\/163161\/revisions"}],"wp:featuredmedia":[{"embeddable":true,"href":"https:\/\/tuzlainfo.ba\/index.php\/wp-json\/wp\/v2\/media\/163162"}],"wp:attachment":[{"href":"https:\/\/tuzlainfo.ba\/index.php\/wp-json\/wp\/v2\/media?parent=163161"}],"wp:term":[{"taxonomy":"category","embeddable":true,"href":"https:\/\/tuzlainfo.ba\/index.php\/wp-json\/wp\/v2\/categories?post=163161"},{"taxonomy":"post_tag","embeddable":true,"href":"https:\/\/tuzlainfo.ba\/index.php\/wp-json\/wp\/v2\/tags?post=163161"}],"curies":[{"name":"wp","href":"https:\/\/api.w.org\/{rel}","templated":true}]}}