{"id":163073,"date":"2022-02-06T16:00:58","date_gmt":"2022-02-06T15:00:58","guid":{"rendered":"https:\/\/tuzlainfo.ba\/?p=163073"},"modified":"2022-02-06T13:35:51","modified_gmt":"2022-02-06T12:35:51","slug":"mogu-li-vlasti-pronaci-rjesenje-cijene-divljaju-gradjani-jedva-prezivljavaju","status":"publish","type":"post","link":"https:\/\/tuzlainfo.ba\/index.php\/bosna-i-hercegovina\/item\/163073-mogu-li-vlasti-pronaci-rjesenje-cijene-divljaju-gradjani-jedva-prezivljavaju\/","title":{"rendered":"Mogu li vlasti prona\u0107i rje\u0161enje: Cijene divljaju, gra\u0111ani jedva pre\u017eivljavaju"},"content":{"rendered":"<p>Od ve\u0107ine parlamentaraca i op\u0107enito politi\u010dara rijetko \u0107emo \u010duti izjave o stvarnim problemima gra\u0111ana, poput svakodnevnih i enormnih poskupljenja. Posljednjih mjeseci cijene gotovo svakodnevno rastu, a samo u posljednja dva mjeseca tro\u0161kovi \u017eivota \u010detvero\u010dlane obitelji ve\u0107i su za 165 maraka. Gra\u0111ani, posebno osjetljive kategorije, jedva pre\u017eivljavaju. \u0160ta je rje\u0161enje i jesu li doma\u0107e vlasti spremne da ga prona\u0111u? &#8211; pi\u0161e BHRT.<\/p>\n<p>Potro\u0161a\u010dka korpa za \u010detvero\u010dlanu porodicu u Bosni i Hercegovini iznosi vi\u0161e od 2.300 KM. Svaki procenat poskupljenja, kojem svakodnevno svjedo\u010dimo, ote\u017eava kvalitet \u017eivota stanovni\u0161tva, naro\u010dito socijalno ugro\u017eenih.<\/p>\n<p>&#8211; Evo ja sam kupio frtalj sira, nemam da kupim kilu. Katastrofa je. Ja ne znam dokle ovo vodi.<br \/>\n&#8211; To je lutrija kako \u0107e\u0161 pre\u017eivjeti, evo ja sam taj npr. Imam minimalnu penziju. To treba ruski rulet da pre\u017eivi\u0161.<br \/>\n&#8211; Ako je bilo 50 sad je 80. Sve je poskupilo bo\u017ee sa\u010duvaj. Al eto, pre\u017eivljava se nekako. Ko ima djecu dobro mu je, ko nema, te\u0161ko njemu.<br \/>\n&#8211; Evo penziju imam, prosim.<br \/>\n&#8211; Ja bih \u017eelio da se smanje ove cijene.<\/p>\n<p>Rastu cijene i energenata, a mar\u017ee na promet nafte i naftnih derivate su ograni\u010dene. Robne rezerve bi mogle biti problem za na\u0161u zemlju, s obzirom na to da je privreda uglavnom uvozno orijentisana. Vlade moraju za\u0161tititi gra\u0111ane, upozoravaju iz Udru\u017eenja potro\u0161a\u010da.<\/p>\n<p><strong>&#8220;Odri\u010demo se mnogih stvari u svoje ime i u ime na\u0161e djece i na taj na\u010din pre\u017eivljavamo. Bez doma\u0107e proizvodnje te\u0161ko \u0107emo na zelenu granu, jer mi konzumiramo oko 80 posto hrane koju uvozimo. Tu je jasno da ne kontroliramo svoje tr\u017ei\u0161te. Druga stvar, robne rezerve. Mi moramo prilagoditi i tu instituciju i na\u0161e zakonodavstvo da robne rezerve budu mehanizam balansa na tr\u017ei\u0161tu. I ono \u0161to je najva\u017enije u zadnje vrijeme da se subvencioniraju stvari iz potre\u0161a\u010dke ko\u0161arice&#8221;, napominje Marin Bago iz Udru\u017eenja za za\u0161titu potro\u0161a\u010da &#8220;Futura&#8221;, Mostar.<\/strong><\/p>\n<p>&#8220;Ako uzmemo u obzir da 40 posto potro\u0161a\u010dke korpe otpada na prehrambene tro\u0161kove to je zaista mnogo. Ono \u0161to smo mi kao Udru\u017eenje za za\u0161titu potro\u0161a\u010da apelovali i predlagali, jeste da Vlada razmisli i o smanjenju akciza na gorivo, kako bi zaustavila divljanje cijena na na\u0161em tr\u017ei\u0161tu&#8221;, navodi Du\u0161an Srdi\u0107 iz Udru\u017eenja za za\u0161titu potro\u0161a\u010da &#8220;Reakcija&#8221;, Banja Luka.<\/p>\n<p>Inflacija je uvezena u Bosnu i Hercegovinu. Za rast cijena u svijetu mnogi krive lanac nabavke, nedostatak radne snage i Kovid. Ipak, ve\u0107e cijene donijele su i ve\u0107e prihode bud\u017eetima, pa vlasti moraju raditi na suzbijanju negativnih efekata po stanovni\u0161tvo, ka\u017eu stru\u010dnjaci.<\/p>\n<p><strong>&#8220;O\u010digledno da dr\u017eava na svim nivoima nije adekvatno izvr\u0161ila redistribuciju tako prikupljenih pove\u0107anih prihoda i mislim da bi u tom smislu trebalo dalje raditi. Ukoliko nije u stanju ili ne mo\u017ee, svakako je uvo\u0111enje vi\u0161e stopa PDV-a jedna od mjera o kojoj treba ozbiljno razmi\u0161ljati&#8221;, rekao je Sa\u0161a Grabovac iz Udru\u017eenja ekonomista Republike Srpske &#8220;Swot&#8221;.<\/strong><\/p>\n<p>&#8220;Da je Vlada proaktivnija, a ja nemam optimizam da je dovoljno proaktivna da se napokon poduzmu reforme koje se moraju poduzeti i koje Vlada godinama gura pod tepih. Vlada bi morala uraditi ne\u0161to. Posebno sa pove\u0107anjem bud\u017eetskih prihoda koji idu kroz pove\u0107anje cijena, zna\u010di odre\u0111ene subvencije i pove\u0107anje minimalne plate. Posebno kategorije penzionera&#8221;, smatra Aziz \u0160unje sa Ekonomskog fakulteta u Sarajevu.<\/p>\n<p>A briga o penzionerima, odnosno ranjivim kategorijama na\u0161eg dru\u0161tva, odavno ne postoji. Dok slu\u0161amo najave o pove\u0107anju penzije, penzioneri \u017eive na kapaljku.<\/p>\n<p><strong>&#8220;To se svodi da \u0107emo redovno pove\u0107ati penzije za ovaj rast bruto dru\u0161tvenog proizvoda i cijena \u0161to \u0107e iznositi svakako dosta visokih 6 posto. Na\u0161a je intencija da to bude 425 ili 430 KM&#8221;, rekao je premijer Federacije Bosne i Hercegovine Fadil Novali\u0107.<\/strong><\/p>\n<p>Primanja bh. stanovni\u0161tva uveliko zaostaju za rastom cijena, a to bi se moglo odraziti na ekonomiju. Svima je jasno da \u0107e se mnogi privrednici prilagoditi o\u010dekivanoj budu\u0107oj inflaciji, pa rast cijena mo\u017ee biti samo jo\u0161 ve\u0107i, a \u017eivot te\u017ei.<\/p>\n","protected":false},"excerpt":{"rendered":"<p>Od ve\u0107ine parlamentaraca i op\u0107enito politi\u010dara rijetko \u0107emo \u010duti izjave o stvarnim problemima gra\u0111ana, poput&hellip;<\/p>\n","protected":false},"author":2,"featured_media":71168,"comment_status":"open","ping_status":"closed","sticky":false,"template":"","format":"standard","meta":{"_acf_changed":false,"footnotes":""},"categories":[291],"tags":[1369,487],"acf":[],"yoast_head":"<!-- This site is optimized with the Yoast SEO plugin v23.5 - https:\/\/yoast.com\/wordpress\/plugins\/seo\/ -->\n<title>Mogu li vlasti prona\u0107i rje\u0161enje: Cijene divljaju, gra\u0111ani jedva pre\u017eivljavaju - TuzlaInfo.ba<\/title>\n<meta name=\"robots\" content=\"index, follow, max-snippet:-1, max-image-preview:large, max-video-preview:-1\" \/>\n<link rel=\"canonical\" href=\"https:\/\/tuzlainfo.ba\/index.php\/bosna-i-hercegovina\/item\/163073-mogu-li-vlasti-pronaci-rjesenje-cijene-divljaju-gradjani-jedva-prezivljavaju\/\" \/>\n<meta property=\"og:locale\" content=\"bs_BA\" \/>\n<meta property=\"og:type\" content=\"article\" \/>\n<meta property=\"og:title\" content=\"Mogu li vlasti prona\u0107i rje\u0161enje: Cijene divljaju, gra\u0111ani jedva pre\u017eivljavaju - TuzlaInfo.ba\" \/>\n<meta property=\"og:description\" content=\"Od ve\u0107ine parlamentaraca i op\u0107enito politi\u010dara rijetko \u0107emo \u010duti izjave o stvarnim problemima gra\u0111ana, poput&hellip;\" \/>\n<meta property=\"og:url\" content=\"https:\/\/tuzlainfo.ba\/index.php\/bosna-i-hercegovina\/item\/163073-mogu-li-vlasti-pronaci-rjesenje-cijene-divljaju-gradjani-jedva-prezivljavaju\/\" \/>\n<meta property=\"og:site_name\" content=\"TuzlaInfo.ba\" \/>\n<meta property=\"article:publisher\" content=\"https:\/\/www.facebook.com\/tuzlainfo.ba\/\" \/>\n<meta property=\"article:published_time\" content=\"2022-02-06T15:00:58+00:00\" \/>\n<meta property=\"article:modified_time\" content=\"2022-02-06T12:35:51+00:00\" \/>\n<meta property=\"og:image\" content=\"https:\/\/tuzlainfo.ba\/wp-content\/uploads\/2019\/06\/sadrzaj_2019_20190601_2306_korpa.jpg\" \/>\n\t<meta property=\"og:image:width\" content=\"770\" \/>\n\t<meta property=\"og:image:height\" content=\"385\" \/>\n\t<meta property=\"og:image:type\" content=\"image\/jpeg\" \/>\n<meta name=\"author\" content=\"nedim\" \/>\n<meta name=\"twitter:card\" content=\"summary_large_image\" \/>\n<meta name=\"twitter:label1\" content=\"Written by\" \/>\n\t<meta name=\"twitter:data1\" content=\"nedim\" \/>\n\t<meta name=\"twitter:label2\" content=\"Est. reading time\" \/>\n\t<meta name=\"twitter:data2\" content=\"4 minute\" \/>\n<script type=\"application\/ld+json\" class=\"yoast-schema-graph\">{\"@context\":\"https:\/\/schema.org\",\"@graph\":[{\"@type\":\"Article\",\"@id\":\"https:\/\/tuzlainfo.ba\/index.php\/bosna-i-hercegovina\/item\/163073-mogu-li-vlasti-pronaci-rjesenje-cijene-divljaju-gradjani-jedva-prezivljavaju\/#article\",\"isPartOf\":{\"@id\":\"https:\/\/tuzlainfo.ba\/index.php\/bosna-i-hercegovina\/item\/163073-mogu-li-vlasti-pronaci-rjesenje-cijene-divljaju-gradjani-jedva-prezivljavaju\/\"},\"author\":{\"name\":\"nedim\",\"@id\":\"https:\/\/tuzlainfo.ba\/#\/schema\/person\/f434e20dc27ea133923aab08451b7f7f\"},\"headline\":\"Mogu li vlasti prona\u0107i rje\u0161enje: Cijene divljaju, gra\u0111ani jedva pre\u017eivljavaju\",\"datePublished\":\"2022-02-06T15:00:58+00:00\",\"dateModified\":\"2022-02-06T12:35:51+00:00\",\"mainEntityOfPage\":{\"@id\":\"https:\/\/tuzlainfo.ba\/index.php\/bosna-i-hercegovina\/item\/163073-mogu-li-vlasti-pronaci-rjesenje-cijene-divljaju-gradjani-jedva-prezivljavaju\/\"},\"wordCount\":730,\"commentCount\":0,\"publisher\":{\"@id\":\"https:\/\/tuzlainfo.ba\/#organization\"},\"image\":{\"@id\":\"https:\/\/tuzlainfo.ba\/index.php\/bosna-i-hercegovina\/item\/163073-mogu-li-vlasti-pronaci-rjesenje-cijene-divljaju-gradjani-jedva-prezivljavaju\/#primaryimage\"},\"thumbnailUrl\":\"https:\/\/tuzlainfo.ba\/wp-content\/uploads\/2019\/06\/sadrzaj_2019_20190601_2306_korpa.jpg\",\"keywords\":[\"cijene\",\"potro\u0161a\u010dka korpa\"],\"articleSection\":[\"Bosna i Hercegovina\"],\"inLanguage\":\"bs-BA\"},{\"@type\":\"WebPage\",\"@id\":\"https:\/\/tuzlainfo.ba\/index.php\/bosna-i-hercegovina\/item\/163073-mogu-li-vlasti-pronaci-rjesenje-cijene-divljaju-gradjani-jedva-prezivljavaju\/\",\"url\":\"https:\/\/tuzlainfo.ba\/index.php\/bosna-i-hercegovina\/item\/163073-mogu-li-vlasti-pronaci-rjesenje-cijene-divljaju-gradjani-jedva-prezivljavaju\/\",\"name\":\"Mogu li vlasti prona\u0107i rje\u0161enje: Cijene divljaju, gra\u0111ani jedva pre\u017eivljavaju - TuzlaInfo.ba\",\"isPartOf\":{\"@id\":\"https:\/\/tuzlainfo.ba\/#website\"},\"primaryImageOfPage\":{\"@id\":\"https:\/\/tuzlainfo.ba\/index.php\/bosna-i-hercegovina\/item\/163073-mogu-li-vlasti-pronaci-rjesenje-cijene-divljaju-gradjani-jedva-prezivljavaju\/#primaryimage\"},\"image\":{\"@id\":\"https:\/\/tuzlainfo.ba\/index.php\/bosna-i-hercegovina\/item\/163073-mogu-li-vlasti-pronaci-rjesenje-cijene-divljaju-gradjani-jedva-prezivljavaju\/#primaryimage\"},\"thumbnailUrl\":\"https:\/\/tuzlainfo.ba\/wp-content\/uploads\/2019\/06\/sadrzaj_2019_20190601_2306_korpa.jpg\",\"datePublished\":\"2022-02-06T15:00:58+00:00\",\"dateModified\":\"2022-02-06T12:35:51+00:00\",\"breadcrumb\":{\"@id\":\"https:\/\/tuzlainfo.ba\/index.php\/bosna-i-hercegovina\/item\/163073-mogu-li-vlasti-pronaci-rjesenje-cijene-divljaju-gradjani-jedva-prezivljavaju\/#breadcrumb\"},\"inLanguage\":\"bs-BA\",\"potentialAction\":[{\"@type\":\"ReadAction\",\"target\":[\"https:\/\/tuzlainfo.ba\/index.php\/bosna-i-hercegovina\/item\/163073-mogu-li-vlasti-pronaci-rjesenje-cijene-divljaju-gradjani-jedva-prezivljavaju\/\"]}]},{\"@type\":\"ImageObject\",\"inLanguage\":\"bs-BA\",\"@id\":\"https:\/\/tuzlainfo.ba\/index.php\/bosna-i-hercegovina\/item\/163073-mogu-li-vlasti-pronaci-rjesenje-cijene-divljaju-gradjani-jedva-prezivljavaju\/#primaryimage\",\"url\":\"https:\/\/tuzlainfo.ba\/wp-content\/uploads\/2019\/06\/sadrzaj_2019_20190601_2306_korpa.jpg\",\"contentUrl\":\"https:\/\/tuzlainfo.ba\/wp-content\/uploads\/2019\/06\/sadrzaj_2019_20190601_2306_korpa.jpg\",\"width\":770,\"height\":385,\"caption\":\"2306 korpa\"},{\"@type\":\"BreadcrumbList\",\"@id\":\"https:\/\/tuzlainfo.ba\/index.php\/bosna-i-hercegovina\/item\/163073-mogu-li-vlasti-pronaci-rjesenje-cijene-divljaju-gradjani-jedva-prezivljavaju\/#breadcrumb\",\"itemListElement\":[{\"@type\":\"ListItem\",\"position\":1,\"name\":\"Home\",\"item\":\"https:\/\/tuzlainfo.ba\/\"},{\"@type\":\"ListItem\",\"position\":2,\"name\":\"Mogu li vlasti prona\u0107i rje\u0161enje: Cijene divljaju, gra\u0111ani jedva pre\u017eivljavaju\"}]},{\"@type\":\"WebSite\",\"@id\":\"https:\/\/tuzlainfo.ba\/#website\",\"url\":\"https:\/\/tuzlainfo.ba\/\",\"name\":\"TuzlaInfo.ba\",\"description\":\"Tuzla info, gradski informator - Tuzla na dlanu\",\"publisher\":{\"@id\":\"https:\/\/tuzlainfo.ba\/#organization\"},\"potentialAction\":[{\"@type\":\"SearchAction\",\"target\":{\"@type\":\"EntryPoint\",\"urlTemplate\":\"https:\/\/tuzlainfo.ba\/?s={search_term_string}\"},\"query-input\":{\"@type\":\"PropertyValueSpecification\",\"valueRequired\":true,\"valueName\":\"search_term_string\"}}],\"inLanguage\":\"bs-BA\"},{\"@type\":\"Organization\",\"@id\":\"https:\/\/tuzlainfo.ba\/#organization\",\"name\":\"TuzlaInfo.ba\",\"url\":\"https:\/\/tuzlainfo.ba\/\",\"logo\":{\"@type\":\"ImageObject\",\"inLanguage\":\"bs-BA\",\"@id\":\"https:\/\/tuzlainfo.ba\/#\/schema\/logo\/image\/\",\"url\":\"https:\/\/tuzlainfo.ba\/wp-content\/uploads\/2021\/03\/logo-ver-3-1.png\",\"contentUrl\":\"https:\/\/tuzlainfo.ba\/wp-content\/uploads\/2021\/03\/logo-ver-3-1.png\",\"width\":350,\"height\":95,\"caption\":\"TuzlaInfo.ba\"},\"image\":{\"@id\":\"https:\/\/tuzlainfo.ba\/#\/schema\/logo\/image\/\"},\"sameAs\":[\"https:\/\/www.facebook.com\/tuzlainfo.ba\/\"]},{\"@type\":\"Person\",\"@id\":\"https:\/\/tuzlainfo.ba\/#\/schema\/person\/f434e20dc27ea133923aab08451b7f7f\",\"name\":\"nedim\",\"image\":{\"@type\":\"ImageObject\",\"inLanguage\":\"bs-BA\",\"@id\":\"https:\/\/tuzlainfo.ba\/#\/schema\/person\/image\/\",\"url\":\"https:\/\/tuzlainfo.ba\/wp-content\/litespeed\/avatar\/aabad687af24844af817603ac1cbdc4f.jpg?ver=1777306975\",\"contentUrl\":\"https:\/\/tuzlainfo.ba\/wp-content\/litespeed\/avatar\/aabad687af24844af817603ac1cbdc4f.jpg?ver=1777306975\",\"caption\":\"nedim\"},\"description\":\"Tuzlainfo.ba pratite na dru\u0161tvenim mre\u017eama: Facebook, Instagram i Youtube. Svoje pri\u010de, upite i fotografije \u0161aljite na na\u0161u e-mail adresu.\"}]}<\/script>\n<!-- \/ Yoast SEO plugin. -->","yoast_head_json":{"title":"Mogu li vlasti prona\u0107i rje\u0161enje: Cijene divljaju, gra\u0111ani jedva pre\u017eivljavaju - TuzlaInfo.ba","robots":{"index":"index","follow":"follow","max-snippet":"max-snippet:-1","max-image-preview":"max-image-preview:large","max-video-preview":"max-video-preview:-1"},"canonical":"https:\/\/tuzlainfo.ba\/index.php\/bosna-i-hercegovina\/item\/163073-mogu-li-vlasti-pronaci-rjesenje-cijene-divljaju-gradjani-jedva-prezivljavaju\/","og_locale":"bs_BA","og_type":"article","og_title":"Mogu li vlasti prona\u0107i rje\u0161enje: Cijene divljaju, gra\u0111ani jedva pre\u017eivljavaju - TuzlaInfo.ba","og_description":"Od ve\u0107ine parlamentaraca i op\u0107enito politi\u010dara rijetko \u0107emo \u010duti izjave o stvarnim problemima gra\u0111ana, poput&hellip;","og_url":"https:\/\/tuzlainfo.ba\/index.php\/bosna-i-hercegovina\/item\/163073-mogu-li-vlasti-pronaci-rjesenje-cijene-divljaju-gradjani-jedva-prezivljavaju\/","og_site_name":"TuzlaInfo.ba","article_publisher":"https:\/\/www.facebook.com\/tuzlainfo.ba\/","article_published_time":"2022-02-06T15:00:58+00:00","article_modified_time":"2022-02-06T12:35:51+00:00","og_image":[{"width":770,"height":385,"url":"https:\/\/tuzlainfo.ba\/wp-content\/uploads\/2019\/06\/sadrzaj_2019_20190601_2306_korpa.jpg","type":"image\/jpeg"}],"author":"nedim","twitter_card":"summary_large_image","twitter_misc":{"Written by":"nedim","Est. reading time":"4 minute"},"schema":{"@context":"https:\/\/schema.org","@graph":[{"@type":"Article","@id":"https:\/\/tuzlainfo.ba\/index.php\/bosna-i-hercegovina\/item\/163073-mogu-li-vlasti-pronaci-rjesenje-cijene-divljaju-gradjani-jedva-prezivljavaju\/#article","isPartOf":{"@id":"https:\/\/tuzlainfo.ba\/index.php\/bosna-i-hercegovina\/item\/163073-mogu-li-vlasti-pronaci-rjesenje-cijene-divljaju-gradjani-jedva-prezivljavaju\/"},"author":{"name":"nedim","@id":"https:\/\/tuzlainfo.ba\/#\/schema\/person\/f434e20dc27ea133923aab08451b7f7f"},"headline":"Mogu li vlasti prona\u0107i rje\u0161enje: Cijene divljaju, gra\u0111ani jedva pre\u017eivljavaju","datePublished":"2022-02-06T15:00:58+00:00","dateModified":"2022-02-06T12:35:51+00:00","mainEntityOfPage":{"@id":"https:\/\/tuzlainfo.ba\/index.php\/bosna-i-hercegovina\/item\/163073-mogu-li-vlasti-pronaci-rjesenje-cijene-divljaju-gradjani-jedva-prezivljavaju\/"},"wordCount":730,"commentCount":0,"publisher":{"@id":"https:\/\/tuzlainfo.ba\/#organization"},"image":{"@id":"https:\/\/tuzlainfo.ba\/index.php\/bosna-i-hercegovina\/item\/163073-mogu-li-vlasti-pronaci-rjesenje-cijene-divljaju-gradjani-jedva-prezivljavaju\/#primaryimage"},"thumbnailUrl":"https:\/\/tuzlainfo.ba\/wp-content\/uploads\/2019\/06\/sadrzaj_2019_20190601_2306_korpa.jpg","keywords":["cijene","potro\u0161a\u010dka korpa"],"articleSection":["Bosna i Hercegovina"],"inLanguage":"bs-BA"},{"@type":"WebPage","@id":"https:\/\/tuzlainfo.ba\/index.php\/bosna-i-hercegovina\/item\/163073-mogu-li-vlasti-pronaci-rjesenje-cijene-divljaju-gradjani-jedva-prezivljavaju\/","url":"https:\/\/tuzlainfo.ba\/index.php\/bosna-i-hercegovina\/item\/163073-mogu-li-vlasti-pronaci-rjesenje-cijene-divljaju-gradjani-jedva-prezivljavaju\/","name":"Mogu li vlasti prona\u0107i rje\u0161enje: Cijene divljaju, gra\u0111ani jedva pre\u017eivljavaju - TuzlaInfo.ba","isPartOf":{"@id":"https:\/\/tuzlainfo.ba\/#website"},"primaryImageOfPage":{"@id":"https:\/\/tuzlainfo.ba\/index.php\/bosna-i-hercegovina\/item\/163073-mogu-li-vlasti-pronaci-rjesenje-cijene-divljaju-gradjani-jedva-prezivljavaju\/#primaryimage"},"image":{"@id":"https:\/\/tuzlainfo.ba\/index.php\/bosna-i-hercegovina\/item\/163073-mogu-li-vlasti-pronaci-rjesenje-cijene-divljaju-gradjani-jedva-prezivljavaju\/#primaryimage"},"thumbnailUrl":"https:\/\/tuzlainfo.ba\/wp-content\/uploads\/2019\/06\/sadrzaj_2019_20190601_2306_korpa.jpg","datePublished":"2022-02-06T15:00:58+00:00","dateModified":"2022-02-06T12:35:51+00:00","breadcrumb":{"@id":"https:\/\/tuzlainfo.ba\/index.php\/bosna-i-hercegovina\/item\/163073-mogu-li-vlasti-pronaci-rjesenje-cijene-divljaju-gradjani-jedva-prezivljavaju\/#breadcrumb"},"inLanguage":"bs-BA","potentialAction":[{"@type":"ReadAction","target":["https:\/\/tuzlainfo.ba\/index.php\/bosna-i-hercegovina\/item\/163073-mogu-li-vlasti-pronaci-rjesenje-cijene-divljaju-gradjani-jedva-prezivljavaju\/"]}]},{"@type":"ImageObject","inLanguage":"bs-BA","@id":"https:\/\/tuzlainfo.ba\/index.php\/bosna-i-hercegovina\/item\/163073-mogu-li-vlasti-pronaci-rjesenje-cijene-divljaju-gradjani-jedva-prezivljavaju\/#primaryimage","url":"https:\/\/tuzlainfo.ba\/wp-content\/uploads\/2019\/06\/sadrzaj_2019_20190601_2306_korpa.jpg","contentUrl":"https:\/\/tuzlainfo.ba\/wp-content\/uploads\/2019\/06\/sadrzaj_2019_20190601_2306_korpa.jpg","width":770,"height":385,"caption":"2306 korpa"},{"@type":"BreadcrumbList","@id":"https:\/\/tuzlainfo.ba\/index.php\/bosna-i-hercegovina\/item\/163073-mogu-li-vlasti-pronaci-rjesenje-cijene-divljaju-gradjani-jedva-prezivljavaju\/#breadcrumb","itemListElement":[{"@type":"ListItem","position":1,"name":"Home","item":"https:\/\/tuzlainfo.ba\/"},{"@type":"ListItem","position":2,"name":"Mogu li vlasti prona\u0107i rje\u0161enje: Cijene divljaju, gra\u0111ani jedva pre\u017eivljavaju"}]},{"@type":"WebSite","@id":"https:\/\/tuzlainfo.ba\/#website","url":"https:\/\/tuzlainfo.ba\/","name":"TuzlaInfo.ba","description":"Tuzla info, gradski informator - Tuzla na dlanu","publisher":{"@id":"https:\/\/tuzlainfo.ba\/#organization"},"potentialAction":[{"@type":"SearchAction","target":{"@type":"EntryPoint","urlTemplate":"https:\/\/tuzlainfo.ba\/?s={search_term_string}"},"query-input":{"@type":"PropertyValueSpecification","valueRequired":true,"valueName":"search_term_string"}}],"inLanguage":"bs-BA"},{"@type":"Organization","@id":"https:\/\/tuzlainfo.ba\/#organization","name":"TuzlaInfo.ba","url":"https:\/\/tuzlainfo.ba\/","logo":{"@type":"ImageObject","inLanguage":"bs-BA","@id":"https:\/\/tuzlainfo.ba\/#\/schema\/logo\/image\/","url":"https:\/\/tuzlainfo.ba\/wp-content\/uploads\/2021\/03\/logo-ver-3-1.png","contentUrl":"https:\/\/tuzlainfo.ba\/wp-content\/uploads\/2021\/03\/logo-ver-3-1.png","width":350,"height":95,"caption":"TuzlaInfo.ba"},"image":{"@id":"https:\/\/tuzlainfo.ba\/#\/schema\/logo\/image\/"},"sameAs":["https:\/\/www.facebook.com\/tuzlainfo.ba\/"]},{"@type":"Person","@id":"https:\/\/tuzlainfo.ba\/#\/schema\/person\/f434e20dc27ea133923aab08451b7f7f","name":"nedim","image":{"@type":"ImageObject","inLanguage":"bs-BA","@id":"https:\/\/tuzlainfo.ba\/#\/schema\/person\/image\/","url":"https:\/\/tuzlainfo.ba\/wp-content\/litespeed\/avatar\/aabad687af24844af817603ac1cbdc4f.jpg?ver=1777306975","contentUrl":"https:\/\/tuzlainfo.ba\/wp-content\/litespeed\/avatar\/aabad687af24844af817603ac1cbdc4f.jpg?ver=1777306975","caption":"nedim"},"description":"Tuzlainfo.ba pratite na dru\u0161tvenim mre\u017eama: Facebook, Instagram i Youtube. Svoje pri\u010de, upite i fotografije \u0161aljite na na\u0161u e-mail adresu."}]}},"_links":{"self":[{"href":"https:\/\/tuzlainfo.ba\/index.php\/wp-json\/wp\/v2\/posts\/163073"}],"collection":[{"href":"https:\/\/tuzlainfo.ba\/index.php\/wp-json\/wp\/v2\/posts"}],"about":[{"href":"https:\/\/tuzlainfo.ba\/index.php\/wp-json\/wp\/v2\/types\/post"}],"author":[{"embeddable":true,"href":"https:\/\/tuzlainfo.ba\/index.php\/wp-json\/wp\/v2\/users\/2"}],"replies":[{"embeddable":true,"href":"https:\/\/tuzlainfo.ba\/index.php\/wp-json\/wp\/v2\/comments?post=163073"}],"version-history":[{"count":0,"href":"https:\/\/tuzlainfo.ba\/index.php\/wp-json\/wp\/v2\/posts\/163073\/revisions"}],"wp:featuredmedia":[{"embeddable":true,"href":"https:\/\/tuzlainfo.ba\/index.php\/wp-json\/wp\/v2\/media\/71168"}],"wp:attachment":[{"href":"https:\/\/tuzlainfo.ba\/index.php\/wp-json\/wp\/v2\/media?parent=163073"}],"wp:term":[{"taxonomy":"category","embeddable":true,"href":"https:\/\/tuzlainfo.ba\/index.php\/wp-json\/wp\/v2\/categories?post=163073"},{"taxonomy":"post_tag","embeddable":true,"href":"https:\/\/tuzlainfo.ba\/index.php\/wp-json\/wp\/v2\/tags?post=163073"}],"curies":[{"name":"wp","href":"https:\/\/api.w.org\/{rel}","templated":true}]}}