{"id":163012,"date":"2022-02-05T16:36:25","date_gmt":"2022-02-05T15:36:25","guid":{"rendered":"https:\/\/tuzlainfo.ba\/?p=163012"},"modified":"2022-02-05T16:36:25","modified_gmt":"2022-02-05T15:36:25","slug":"bh-reprezentativac-uplatio-umru-dzematliji-iz-novog-pazara-i-doveo-ga-do-suza","status":"publish","type":"post","link":"https:\/\/tuzlainfo.ba\/index.php\/clanci\/sa-svih-strana\/item\/163012-bh-reprezentativac-uplatio-umru-dzematliji-iz-novog-pazara-i-doveo-ga-do-suza\/","title":{"rendered":"Bh. reprezentativac uplatio umru d\u017eematliji iz Novog Pazara i doveo ga do suza"},"content":{"rendered":"<div id=\"excerpt\" class=\"mt-5 md:mt-2 xl:mt-3 mb-5 font-sans font-semibold text-lg lg:text-xl leading-6 md:leading-7\">\n<p class=\"lead\">Bosanskohercegova\u010dki nogometa\u0161 Almedin Ziljki\u0107, koji je igrao za tuzlanske klubove Sloboda i Tuzla City,\u00a0 te Borac, napravio je dirljiv gest uplativ\u0161i jednom od d\u017eematlija iz Novog Pazara odlazak na umru u Meku.<\/p>\n<\/div>\n<div id=\"text\" class=\"break-words mt-3 prose prose-md prose-indigo text-lg lg:text-xl space-y-4 mb-3 leading-6 md:leading-7\">\n<p>D\u017eemat Put Sredine objavio je da je jedan od njihovih \u010dlanova nagra\u0111en umrom, a tom prilikom zahvalili su se Ziljki\u0107u koji je bio donator.<\/p>\n<p>&#8220;Na\u0161 brat je odabran od strane predstavnika na\u0161eg d\u017eemata da bude nagra\u0111en umrom. Jedan od starije bra\u0107e, koji je sa nama od samog osnivanja, uvijek je bio tu da pomogne u svim akcijama i kada je najpotrebnije. Kada je bilo najte\u017ee bio je tu rame uz rame uz nas. Uz njega su se mnogi mladi \u010dlanovi na\u0161eg d\u017eemata osna\u017eili i usmjerili i jedna je od naj\u010dvr\u0161\u0107ih karika naseg d\u017eemata. Ujedno se ovim putem zahvaljujemo donatoru umre Almedinu Ziljki\u0107u, jednom od najboljih nogometa\u0161a na\u0161eg grada, molimo Allaha d\u017e.\u0161. da mu primi kao dobro djelo i uve\u0107a mu imetak. Amin&#8221;, saop\u0107eno je na Facebook stranici d\u017eemata Put Sredine.<\/p>\n<p><iframe style=\"border: none; overflow: hidden;\" src=\"https:\/\/www.facebook.com\/plugins\/video.php?href=https%3A%2F%2Fwww.facebook.com%2Fputsredine%2Fvideos%2F899166327423301%2F&amp;show_text=0&amp;width=560\" width=\"560\" height=\"315\" frameborder=\"0\" scrolling=\"no\" allowfullscreen=\"allowfullscreen\"><\/iframe><\/p>\n<p>Presretni d\u017eematlija nakon \u0161to je saznao vijest, nije mogao srkiti suze, a potom se po\u010deo i smijati.<\/p>\n<p>Umra je vjerski obred muslimana koji podrazumijeva posjetu ili hodo\u010da\u0161\u0107e Svetog hrama u Mekki i, za razliku od had\u017ea, mo\u017ee se obaviti bilo kad u toku godine. Cilj joj je iskreno pribli\u017eavanje Bogu.<\/p>\n<p>Ziljki\u0107 je ove sezone odigrao 19 utakmica za Olimpiju u svim takmi\u010denjima i postigao je \u0161est golova, uz \u010detiri asistencije, pi\u0161e Klix.ba.<\/p>\n<\/div>\n","protected":false},"excerpt":{"rendered":"<p>Bosanskohercegova\u010dki nogometa\u0161 Almedin Ziljki\u0107, koji je igrao za tuzlanske klubove Sloboda i Tuzla City,\u00a0 te&hellip;<\/p>\n","protected":false},"author":2,"featured_media":163013,"comment_status":"open","ping_status":"closed","sticky":false,"template":"","format":"standard","meta":{"_acf_changed":false,"footnotes":""},"categories":[16],"tags":[4092,1317,4093],"acf":[],"yoast_head":"<!-- This site is optimized with the Yoast SEO plugin v23.5 - https:\/\/yoast.com\/wordpress\/plugins\/seo\/ -->\n<title>Bh. reprezentativac uplatio umru d\u017eematliji iz Novog Pazara i doveo ga do suza - TuzlaInfo.ba<\/title>\n<meta name=\"robots\" content=\"index, follow, max-snippet:-1, max-image-preview:large, max-video-preview:-1\" \/>\n<link rel=\"canonical\" href=\"https:\/\/tuzlainfo.ba\/index.php\/clanci\/sa-svih-strana\/item\/163012-bh-reprezentativac-uplatio-umru-dzematliji-iz-novog-pazara-i-doveo-ga-do-suza\/\" \/>\n<meta property=\"og:locale\" content=\"bs_BA\" \/>\n<meta property=\"og:type\" content=\"article\" \/>\n<meta property=\"og:title\" content=\"Bh. reprezentativac uplatio umru d\u017eematliji iz Novog Pazara i doveo ga do suza - TuzlaInfo.ba\" \/>\n<meta property=\"og:description\" content=\"Bosanskohercegova\u010dki nogometa\u0161 Almedin Ziljki\u0107, koji je igrao za tuzlanske klubove Sloboda i Tuzla City,\u00a0 te&hellip;\" \/>\n<meta property=\"og:url\" content=\"https:\/\/tuzlainfo.ba\/index.php\/clanci\/sa-svih-strana\/item\/163012-bh-reprezentativac-uplatio-umru-dzematliji-iz-novog-pazara-i-doveo-ga-do-suza\/\" \/>\n<meta property=\"og:site_name\" content=\"TuzlaInfo.ba\" \/>\n<meta property=\"article:publisher\" content=\"https:\/\/www.facebook.com\/tuzlainfo.ba\/\" \/>\n<meta property=\"article:published_time\" content=\"2022-02-05T15:36:25+00:00\" \/>\n<meta property=\"og:image\" content=\"https:\/\/tuzlainfo.ba\/wp-content\/uploads\/2022\/02\/0502_umr.jpg\" \/>\n\t<meta property=\"og:image:width\" content=\"800\" \/>\n\t<meta property=\"og:image:height\" content=\"533\" \/>\n\t<meta property=\"og:image:type\" content=\"image\/jpeg\" \/>\n<meta name=\"author\" content=\"nedim\" \/>\n<meta name=\"twitter:card\" content=\"summary_large_image\" \/>\n<meta name=\"twitter:label1\" content=\"Written by\" \/>\n\t<meta name=\"twitter:data1\" content=\"nedim\" \/>\n\t<meta name=\"twitter:label2\" content=\"Est. reading time\" \/>\n\t<meta name=\"twitter:data2\" content=\"1 minuta\" \/>\n<script type=\"application\/ld+json\" class=\"yoast-schema-graph\">{\"@context\":\"https:\/\/schema.org\",\"@graph\":[{\"@type\":\"Article\",\"@id\":\"https:\/\/tuzlainfo.ba\/index.php\/clanci\/sa-svih-strana\/item\/163012-bh-reprezentativac-uplatio-umru-dzematliji-iz-novog-pazara-i-doveo-ga-do-suza\/#article\",\"isPartOf\":{\"@id\":\"https:\/\/tuzlainfo.ba\/index.php\/clanci\/sa-svih-strana\/item\/163012-bh-reprezentativac-uplatio-umru-dzematliji-iz-novog-pazara-i-doveo-ga-do-suza\/\"},\"author\":{\"name\":\"nedim\",\"@id\":\"https:\/\/tuzlainfo.ba\/#\/schema\/person\/f434e20dc27ea133923aab08451b7f7f\"},\"headline\":\"Bh. reprezentativac uplatio umru d\u017eematliji iz Novog Pazara i doveo ga do suza\",\"datePublished\":\"2022-02-05T15:36:25+00:00\",\"dateModified\":\"2022-02-05T15:36:25+00:00\",\"mainEntityOfPage\":{\"@id\":\"https:\/\/tuzlainfo.ba\/index.php\/clanci\/sa-svih-strana\/item\/163012-bh-reprezentativac-uplatio-umru-dzematliji-iz-novog-pazara-i-doveo-ga-do-suza\/\"},\"wordCount\":280,\"commentCount\":0,\"publisher\":{\"@id\":\"https:\/\/tuzlainfo.ba\/#organization\"},\"image\":{\"@id\":\"https:\/\/tuzlainfo.ba\/index.php\/clanci\/sa-svih-strana\/item\/163012-bh-reprezentativac-uplatio-umru-dzematliji-iz-novog-pazara-i-doveo-ga-do-suza\/#primaryimage\"},\"thumbnailUrl\":\"https:\/\/tuzlainfo.ba\/wp-content\/uploads\/2022\/02\/0502_umr.jpg\",\"keywords\":[\"almedin ziljki\u0107\",\"novi pazar\",\"umra\"],\"articleSection\":[\"Sa svih strana\"],\"inLanguage\":\"bs-BA\"},{\"@type\":\"WebPage\",\"@id\":\"https:\/\/tuzlainfo.ba\/index.php\/clanci\/sa-svih-strana\/item\/163012-bh-reprezentativac-uplatio-umru-dzematliji-iz-novog-pazara-i-doveo-ga-do-suza\/\",\"url\":\"https:\/\/tuzlainfo.ba\/index.php\/clanci\/sa-svih-strana\/item\/163012-bh-reprezentativac-uplatio-umru-dzematliji-iz-novog-pazara-i-doveo-ga-do-suza\/\",\"name\":\"Bh. reprezentativac uplatio umru d\u017eematliji iz Novog Pazara i doveo ga do suza - TuzlaInfo.ba\",\"isPartOf\":{\"@id\":\"https:\/\/tuzlainfo.ba\/#website\"},\"primaryImageOfPage\":{\"@id\":\"https:\/\/tuzlainfo.ba\/index.php\/clanci\/sa-svih-strana\/item\/163012-bh-reprezentativac-uplatio-umru-dzematliji-iz-novog-pazara-i-doveo-ga-do-suza\/#primaryimage\"},\"image\":{\"@id\":\"https:\/\/tuzlainfo.ba\/index.php\/clanci\/sa-svih-strana\/item\/163012-bh-reprezentativac-uplatio-umru-dzematliji-iz-novog-pazara-i-doveo-ga-do-suza\/#primaryimage\"},\"thumbnailUrl\":\"https:\/\/tuzlainfo.ba\/wp-content\/uploads\/2022\/02\/0502_umr.jpg\",\"datePublished\":\"2022-02-05T15:36:25+00:00\",\"dateModified\":\"2022-02-05T15:36:25+00:00\",\"breadcrumb\":{\"@id\":\"https:\/\/tuzlainfo.ba\/index.php\/clanci\/sa-svih-strana\/item\/163012-bh-reprezentativac-uplatio-umru-dzematliji-iz-novog-pazara-i-doveo-ga-do-suza\/#breadcrumb\"},\"inLanguage\":\"bs-BA\",\"potentialAction\":[{\"@type\":\"ReadAction\",\"target\":[\"https:\/\/tuzlainfo.ba\/index.php\/clanci\/sa-svih-strana\/item\/163012-bh-reprezentativac-uplatio-umru-dzematliji-iz-novog-pazara-i-doveo-ga-do-suza\/\"]}]},{\"@type\":\"ImageObject\",\"inLanguage\":\"bs-BA\",\"@id\":\"https:\/\/tuzlainfo.ba\/index.php\/clanci\/sa-svih-strana\/item\/163012-bh-reprezentativac-uplatio-umru-dzematliji-iz-novog-pazara-i-doveo-ga-do-suza\/#primaryimage\",\"url\":\"https:\/\/tuzlainfo.ba\/wp-content\/uploads\/2022\/02\/0502_umr.jpg\",\"contentUrl\":\"https:\/\/tuzlainfo.ba\/wp-content\/uploads\/2022\/02\/0502_umr.jpg\",\"width\":800,\"height\":533},{\"@type\":\"BreadcrumbList\",\"@id\":\"https:\/\/tuzlainfo.ba\/index.php\/clanci\/sa-svih-strana\/item\/163012-bh-reprezentativac-uplatio-umru-dzematliji-iz-novog-pazara-i-doveo-ga-do-suza\/#breadcrumb\",\"itemListElement\":[{\"@type\":\"ListItem\",\"position\":1,\"name\":\"Home\",\"item\":\"https:\/\/tuzlainfo.ba\/\"},{\"@type\":\"ListItem\",\"position\":2,\"name\":\"Bh. reprezentativac uplatio umru d\u017eematliji iz Novog Pazara i doveo ga do suza\"}]},{\"@type\":\"WebSite\",\"@id\":\"https:\/\/tuzlainfo.ba\/#website\",\"url\":\"https:\/\/tuzlainfo.ba\/\",\"name\":\"TuzlaInfo.ba\",\"description\":\"Tuzla info, gradski informator - Tuzla na dlanu\",\"publisher\":{\"@id\":\"https:\/\/tuzlainfo.ba\/#organization\"},\"potentialAction\":[{\"@type\":\"SearchAction\",\"target\":{\"@type\":\"EntryPoint\",\"urlTemplate\":\"https:\/\/tuzlainfo.ba\/?s={search_term_string}\"},\"query-input\":{\"@type\":\"PropertyValueSpecification\",\"valueRequired\":true,\"valueName\":\"search_term_string\"}}],\"inLanguage\":\"bs-BA\"},{\"@type\":\"Organization\",\"@id\":\"https:\/\/tuzlainfo.ba\/#organization\",\"name\":\"TuzlaInfo.ba\",\"url\":\"https:\/\/tuzlainfo.ba\/\",\"logo\":{\"@type\":\"ImageObject\",\"inLanguage\":\"bs-BA\",\"@id\":\"https:\/\/tuzlainfo.ba\/#\/schema\/logo\/image\/\",\"url\":\"https:\/\/tuzlainfo.ba\/wp-content\/uploads\/2021\/03\/logo-ver-3-1.png\",\"contentUrl\":\"https:\/\/tuzlainfo.ba\/wp-content\/uploads\/2021\/03\/logo-ver-3-1.png\",\"width\":350,\"height\":95,\"caption\":\"TuzlaInfo.ba\"},\"image\":{\"@id\":\"https:\/\/tuzlainfo.ba\/#\/schema\/logo\/image\/\"},\"sameAs\":[\"https:\/\/www.facebook.com\/tuzlainfo.ba\/\"]},{\"@type\":\"Person\",\"@id\":\"https:\/\/tuzlainfo.ba\/#\/schema\/person\/f434e20dc27ea133923aab08451b7f7f\",\"name\":\"nedim\",\"image\":{\"@type\":\"ImageObject\",\"inLanguage\":\"bs-BA\",\"@id\":\"https:\/\/tuzlainfo.ba\/#\/schema\/person\/image\/\",\"url\":\"https:\/\/tuzlainfo.ba\/wp-content\/litespeed\/avatar\/aabad687af24844af817603ac1cbdc4f.jpg?ver=1776702173\",\"contentUrl\":\"https:\/\/tuzlainfo.ba\/wp-content\/litespeed\/avatar\/aabad687af24844af817603ac1cbdc4f.jpg?ver=1776702173\",\"caption\":\"nedim\"},\"description\":\"Tuzlainfo.ba pratite na dru\u0161tvenim mre\u017eama: Facebook, Instagram i Youtube. Svoje pri\u010de, upite i fotografije \u0161aljite na na\u0161u e-mail adresu.\"}]}<\/script>\n<!-- \/ Yoast SEO plugin. -->","yoast_head_json":{"title":"Bh. reprezentativac uplatio umru d\u017eematliji iz Novog Pazara i doveo ga do suza - TuzlaInfo.ba","robots":{"index":"index","follow":"follow","max-snippet":"max-snippet:-1","max-image-preview":"max-image-preview:large","max-video-preview":"max-video-preview:-1"},"canonical":"https:\/\/tuzlainfo.ba\/index.php\/clanci\/sa-svih-strana\/item\/163012-bh-reprezentativac-uplatio-umru-dzematliji-iz-novog-pazara-i-doveo-ga-do-suza\/","og_locale":"bs_BA","og_type":"article","og_title":"Bh. reprezentativac uplatio umru d\u017eematliji iz Novog Pazara i doveo ga do suza - TuzlaInfo.ba","og_description":"Bosanskohercegova\u010dki nogometa\u0161 Almedin Ziljki\u0107, koji je igrao za tuzlanske klubove Sloboda i Tuzla City,\u00a0 te&hellip;","og_url":"https:\/\/tuzlainfo.ba\/index.php\/clanci\/sa-svih-strana\/item\/163012-bh-reprezentativac-uplatio-umru-dzematliji-iz-novog-pazara-i-doveo-ga-do-suza\/","og_site_name":"TuzlaInfo.ba","article_publisher":"https:\/\/www.facebook.com\/tuzlainfo.ba\/","article_published_time":"2022-02-05T15:36:25+00:00","og_image":[{"width":800,"height":533,"url":"https:\/\/tuzlainfo.ba\/wp-content\/uploads\/2022\/02\/0502_umr.jpg","type":"image\/jpeg"}],"author":"nedim","twitter_card":"summary_large_image","twitter_misc":{"Written by":"nedim","Est. reading time":"1 minuta"},"schema":{"@context":"https:\/\/schema.org","@graph":[{"@type":"Article","@id":"https:\/\/tuzlainfo.ba\/index.php\/clanci\/sa-svih-strana\/item\/163012-bh-reprezentativac-uplatio-umru-dzematliji-iz-novog-pazara-i-doveo-ga-do-suza\/#article","isPartOf":{"@id":"https:\/\/tuzlainfo.ba\/index.php\/clanci\/sa-svih-strana\/item\/163012-bh-reprezentativac-uplatio-umru-dzematliji-iz-novog-pazara-i-doveo-ga-do-suza\/"},"author":{"name":"nedim","@id":"https:\/\/tuzlainfo.ba\/#\/schema\/person\/f434e20dc27ea133923aab08451b7f7f"},"headline":"Bh. reprezentativac uplatio umru d\u017eematliji iz Novog Pazara i doveo ga do suza","datePublished":"2022-02-05T15:36:25+00:00","dateModified":"2022-02-05T15:36:25+00:00","mainEntityOfPage":{"@id":"https:\/\/tuzlainfo.ba\/index.php\/clanci\/sa-svih-strana\/item\/163012-bh-reprezentativac-uplatio-umru-dzematliji-iz-novog-pazara-i-doveo-ga-do-suza\/"},"wordCount":280,"commentCount":0,"publisher":{"@id":"https:\/\/tuzlainfo.ba\/#organization"},"image":{"@id":"https:\/\/tuzlainfo.ba\/index.php\/clanci\/sa-svih-strana\/item\/163012-bh-reprezentativac-uplatio-umru-dzematliji-iz-novog-pazara-i-doveo-ga-do-suza\/#primaryimage"},"thumbnailUrl":"https:\/\/tuzlainfo.ba\/wp-content\/uploads\/2022\/02\/0502_umr.jpg","keywords":["almedin ziljki\u0107","novi pazar","umra"],"articleSection":["Sa svih strana"],"inLanguage":"bs-BA"},{"@type":"WebPage","@id":"https:\/\/tuzlainfo.ba\/index.php\/clanci\/sa-svih-strana\/item\/163012-bh-reprezentativac-uplatio-umru-dzematliji-iz-novog-pazara-i-doveo-ga-do-suza\/","url":"https:\/\/tuzlainfo.ba\/index.php\/clanci\/sa-svih-strana\/item\/163012-bh-reprezentativac-uplatio-umru-dzematliji-iz-novog-pazara-i-doveo-ga-do-suza\/","name":"Bh. reprezentativac uplatio umru d\u017eematliji iz Novog Pazara i doveo ga do suza - TuzlaInfo.ba","isPartOf":{"@id":"https:\/\/tuzlainfo.ba\/#website"},"primaryImageOfPage":{"@id":"https:\/\/tuzlainfo.ba\/index.php\/clanci\/sa-svih-strana\/item\/163012-bh-reprezentativac-uplatio-umru-dzematliji-iz-novog-pazara-i-doveo-ga-do-suza\/#primaryimage"},"image":{"@id":"https:\/\/tuzlainfo.ba\/index.php\/clanci\/sa-svih-strana\/item\/163012-bh-reprezentativac-uplatio-umru-dzematliji-iz-novog-pazara-i-doveo-ga-do-suza\/#primaryimage"},"thumbnailUrl":"https:\/\/tuzlainfo.ba\/wp-content\/uploads\/2022\/02\/0502_umr.jpg","datePublished":"2022-02-05T15:36:25+00:00","dateModified":"2022-02-05T15:36:25+00:00","breadcrumb":{"@id":"https:\/\/tuzlainfo.ba\/index.php\/clanci\/sa-svih-strana\/item\/163012-bh-reprezentativac-uplatio-umru-dzematliji-iz-novog-pazara-i-doveo-ga-do-suza\/#breadcrumb"},"inLanguage":"bs-BA","potentialAction":[{"@type":"ReadAction","target":["https:\/\/tuzlainfo.ba\/index.php\/clanci\/sa-svih-strana\/item\/163012-bh-reprezentativac-uplatio-umru-dzematliji-iz-novog-pazara-i-doveo-ga-do-suza\/"]}]},{"@type":"ImageObject","inLanguage":"bs-BA","@id":"https:\/\/tuzlainfo.ba\/index.php\/clanci\/sa-svih-strana\/item\/163012-bh-reprezentativac-uplatio-umru-dzematliji-iz-novog-pazara-i-doveo-ga-do-suza\/#primaryimage","url":"https:\/\/tuzlainfo.ba\/wp-content\/uploads\/2022\/02\/0502_umr.jpg","contentUrl":"https:\/\/tuzlainfo.ba\/wp-content\/uploads\/2022\/02\/0502_umr.jpg","width":800,"height":533},{"@type":"BreadcrumbList","@id":"https:\/\/tuzlainfo.ba\/index.php\/clanci\/sa-svih-strana\/item\/163012-bh-reprezentativac-uplatio-umru-dzematliji-iz-novog-pazara-i-doveo-ga-do-suza\/#breadcrumb","itemListElement":[{"@type":"ListItem","position":1,"name":"Home","item":"https:\/\/tuzlainfo.ba\/"},{"@type":"ListItem","position":2,"name":"Bh. reprezentativac uplatio umru d\u017eematliji iz Novog Pazara i doveo ga do suza"}]},{"@type":"WebSite","@id":"https:\/\/tuzlainfo.ba\/#website","url":"https:\/\/tuzlainfo.ba\/","name":"TuzlaInfo.ba","description":"Tuzla info, gradski informator - Tuzla na dlanu","publisher":{"@id":"https:\/\/tuzlainfo.ba\/#organization"},"potentialAction":[{"@type":"SearchAction","target":{"@type":"EntryPoint","urlTemplate":"https:\/\/tuzlainfo.ba\/?s={search_term_string}"},"query-input":{"@type":"PropertyValueSpecification","valueRequired":true,"valueName":"search_term_string"}}],"inLanguage":"bs-BA"},{"@type":"Organization","@id":"https:\/\/tuzlainfo.ba\/#organization","name":"TuzlaInfo.ba","url":"https:\/\/tuzlainfo.ba\/","logo":{"@type":"ImageObject","inLanguage":"bs-BA","@id":"https:\/\/tuzlainfo.ba\/#\/schema\/logo\/image\/","url":"https:\/\/tuzlainfo.ba\/wp-content\/uploads\/2021\/03\/logo-ver-3-1.png","contentUrl":"https:\/\/tuzlainfo.ba\/wp-content\/uploads\/2021\/03\/logo-ver-3-1.png","width":350,"height":95,"caption":"TuzlaInfo.ba"},"image":{"@id":"https:\/\/tuzlainfo.ba\/#\/schema\/logo\/image\/"},"sameAs":["https:\/\/www.facebook.com\/tuzlainfo.ba\/"]},{"@type":"Person","@id":"https:\/\/tuzlainfo.ba\/#\/schema\/person\/f434e20dc27ea133923aab08451b7f7f","name":"nedim","image":{"@type":"ImageObject","inLanguage":"bs-BA","@id":"https:\/\/tuzlainfo.ba\/#\/schema\/person\/image\/","url":"https:\/\/tuzlainfo.ba\/wp-content\/litespeed\/avatar\/aabad687af24844af817603ac1cbdc4f.jpg?ver=1776702173","contentUrl":"https:\/\/tuzlainfo.ba\/wp-content\/litespeed\/avatar\/aabad687af24844af817603ac1cbdc4f.jpg?ver=1776702173","caption":"nedim"},"description":"Tuzlainfo.ba pratite na dru\u0161tvenim mre\u017eama: Facebook, Instagram i Youtube. Svoje pri\u010de, upite i fotografije \u0161aljite na na\u0161u e-mail adresu."}]}},"_links":{"self":[{"href":"https:\/\/tuzlainfo.ba\/index.php\/wp-json\/wp\/v2\/posts\/163012"}],"collection":[{"href":"https:\/\/tuzlainfo.ba\/index.php\/wp-json\/wp\/v2\/posts"}],"about":[{"href":"https:\/\/tuzlainfo.ba\/index.php\/wp-json\/wp\/v2\/types\/post"}],"author":[{"embeddable":true,"href":"https:\/\/tuzlainfo.ba\/index.php\/wp-json\/wp\/v2\/users\/2"}],"replies":[{"embeddable":true,"href":"https:\/\/tuzlainfo.ba\/index.php\/wp-json\/wp\/v2\/comments?post=163012"}],"version-history":[{"count":0,"href":"https:\/\/tuzlainfo.ba\/index.php\/wp-json\/wp\/v2\/posts\/163012\/revisions"}],"wp:featuredmedia":[{"embeddable":true,"href":"https:\/\/tuzlainfo.ba\/index.php\/wp-json\/wp\/v2\/media\/163013"}],"wp:attachment":[{"href":"https:\/\/tuzlainfo.ba\/index.php\/wp-json\/wp\/v2\/media?parent=163012"}],"wp:term":[{"taxonomy":"category","embeddable":true,"href":"https:\/\/tuzlainfo.ba\/index.php\/wp-json\/wp\/v2\/categories?post=163012"},{"taxonomy":"post_tag","embeddable":true,"href":"https:\/\/tuzlainfo.ba\/index.php\/wp-json\/wp\/v2\/tags?post=163012"}],"curies":[{"name":"wp","href":"https:\/\/api.w.org\/{rel}","templated":true}]}}