{"id":162990,"date":"2022-02-05T11:00:27","date_gmt":"2022-02-05T10:00:27","guid":{"rendered":"https:\/\/tuzlainfo.ba\/?p=162990"},"modified":"2022-02-05T10:13:51","modified_gmt":"2022-02-05T09:13:51","slug":"mup-tk-u-toku-nabavka-presretaca-i-vise-od-20-pametnih-kamera","status":"publish","type":"post","link":"https:\/\/tuzlainfo.ba\/index.php\/novosti\/item\/162990-mup-tk-u-toku-nabavka-presretaca-i-vise-od-20-pametnih-kamera\/","title":{"rendered":"MUP TK: U toku nabavka &#8220;presreta\u010da&#8221; i vi\u0161e od 20 pametnih kamera"},"content":{"rendered":"<p>Pripadnici Uprave policije MUP-a TK poduzimali su planske i kontinuirane mjere i aktivnosti koje su rezultirale povoljnim stanjem sigurnosti na podru\u010dju TK.<\/p>\n<p>Kako pi\u0161e RTVTK analizirano je stanje sigurnosti, a u cilju unapre\u0111enja sigurnosti saobra\u0107aja u toku je nabavka specijaliziranih vozila tzv. presreta\u010da.<\/p>\n<p>Slu\u017ebenici policije rade i na instaliranju tzv. pametnih kamera.<\/p>\n<p>Rije\u010d je o 21 takvoj kameri koje \u0107e biti postavljene \u0161irom TK.<\/p>\n<p>Vi\u0161e u prilogu RTVTK:<\/p>\n<p><iframe title=\"Stanje sigurnosti u TK\" width=\"1170\" height=\"658\" src=\"https:\/\/www.youtube.com\/embed\/lxckBa89E2c?feature=oembed\" frameborder=\"0\" allow=\"accelerometer; autoplay; clipboard-write; encrypted-media; gyroscope; picture-in-picture\" allowfullscreen><\/iframe><\/p>\n<p>&nbsp;<\/p>\n","protected":false},"excerpt":{"rendered":"<p>Pripadnici Uprave policije MUP-a TK poduzimali su planske i kontinuirane mjere i aktivnosti koje su&hellip;<\/p>\n","protected":false},"author":2,"featured_media":66456,"comment_status":"open","ping_status":"closed","sticky":false,"template":"","format":"standard","meta":{"_acf_changed":false,"footnotes":""},"categories":[304,12],"tags":[482,4091],"acf":[],"yoast_head":"<!-- This site is optimized with the Yoast SEO plugin v23.5 - https:\/\/yoast.com\/wordpress\/plugins\/seo\/ -->\n<title>MUP TK: U toku nabavka &quot;presreta\u010da&quot; i vi\u0161e od 20 pametnih kamera - TuzlaInfo.ba<\/title>\n<meta name=\"robots\" content=\"index, follow, max-snippet:-1, max-image-preview:large, max-video-preview:-1\" \/>\n<link rel=\"canonical\" href=\"https:\/\/tuzlainfo.ba\/index.php\/novosti\/item\/162990-mup-tk-u-toku-nabavka-presretaca-i-vise-od-20-pametnih-kamera\/\" \/>\n<meta property=\"og:locale\" content=\"bs_BA\" \/>\n<meta property=\"og:type\" content=\"article\" \/>\n<meta property=\"og:title\" content=\"MUP TK: U toku nabavka &quot;presreta\u010da&quot; i vi\u0161e od 20 pametnih kamera - TuzlaInfo.ba\" \/>\n<meta property=\"og:description\" content=\"Pripadnici Uprave policije MUP-a TK poduzimali su planske i kontinuirane mjere i aktivnosti koje su&hellip;\" \/>\n<meta property=\"og:url\" content=\"https:\/\/tuzlainfo.ba\/index.php\/novosti\/item\/162990-mup-tk-u-toku-nabavka-presretaca-i-vise-od-20-pametnih-kamera\/\" \/>\n<meta property=\"og:site_name\" content=\"TuzlaInfo.ba\" \/>\n<meta property=\"article:publisher\" content=\"https:\/\/www.facebook.com\/tuzlainfo.ba\/\" \/>\n<meta property=\"article:published_time\" content=\"2022-02-05T10:00:27+00:00\" \/>\n<meta property=\"article:modified_time\" content=\"2022-02-05T09:13:51+00:00\" \/>\n<meta property=\"og:image\" content=\"https:\/\/tuzlainfo.ba\/wp-content\/uploads\/2018\/12\/sadrzaj_2016_2016-crna_2012_radar.jpg\" \/>\n\t<meta property=\"og:image:width\" content=\"770\" \/>\n\t<meta property=\"og:image:height\" content=\"527\" \/>\n\t<meta property=\"og:image:type\" content=\"image\/jpeg\" \/>\n<meta name=\"author\" content=\"nedim\" \/>\n<meta name=\"twitter:card\" content=\"summary_large_image\" \/>\n<meta name=\"twitter:label1\" content=\"Written by\" \/>\n\t<meta name=\"twitter:data1\" content=\"nedim\" \/>\n<script type=\"application\/ld+json\" class=\"yoast-schema-graph\">{\"@context\":\"https:\/\/schema.org\",\"@graph\":[{\"@type\":\"Article\",\"@id\":\"https:\/\/tuzlainfo.ba\/index.php\/novosti\/item\/162990-mup-tk-u-toku-nabavka-presretaca-i-vise-od-20-pametnih-kamera\/#article\",\"isPartOf\":{\"@id\":\"https:\/\/tuzlainfo.ba\/index.php\/novosti\/item\/162990-mup-tk-u-toku-nabavka-presretaca-i-vise-od-20-pametnih-kamera\/\"},\"author\":{\"name\":\"nedim\",\"@id\":\"https:\/\/tuzlainfo.ba\/#\/schema\/person\/f434e20dc27ea133923aab08451b7f7f\"},\"headline\":\"MUP TK: U toku nabavka &#8220;presreta\u010da&#8221; i vi\u0161e od 20 pametnih kamera\",\"datePublished\":\"2022-02-05T10:00:27+00:00\",\"dateModified\":\"2022-02-05T09:13:51+00:00\",\"mainEntityOfPage\":{\"@id\":\"https:\/\/tuzlainfo.ba\/index.php\/novosti\/item\/162990-mup-tk-u-toku-nabavka-presretaca-i-vise-od-20-pametnih-kamera\/\"},\"wordCount\":94,\"commentCount\":0,\"publisher\":{\"@id\":\"https:\/\/tuzlainfo.ba\/#organization\"},\"image\":{\"@id\":\"https:\/\/tuzlainfo.ba\/index.php\/novosti\/item\/162990-mup-tk-u-toku-nabavka-presretaca-i-vise-od-20-pametnih-kamera\/#primaryimage\"},\"thumbnailUrl\":\"https:\/\/tuzlainfo.ba\/wp-content\/uploads\/2018\/12\/sadrzaj_2016_2016-crna_2012_radar.jpg\",\"keywords\":[\"mup tk\",\"radarska kontrola\"],\"articleSection\":[\"Istaknuto\",\"Novosti\"],\"inLanguage\":\"bs-BA\"},{\"@type\":\"WebPage\",\"@id\":\"https:\/\/tuzlainfo.ba\/index.php\/novosti\/item\/162990-mup-tk-u-toku-nabavka-presretaca-i-vise-od-20-pametnih-kamera\/\",\"url\":\"https:\/\/tuzlainfo.ba\/index.php\/novosti\/item\/162990-mup-tk-u-toku-nabavka-presretaca-i-vise-od-20-pametnih-kamera\/\",\"name\":\"MUP TK: U toku nabavka \\\"presreta\u010da\\\" i vi\u0161e od 20 pametnih kamera - TuzlaInfo.ba\",\"isPartOf\":{\"@id\":\"https:\/\/tuzlainfo.ba\/#website\"},\"primaryImageOfPage\":{\"@id\":\"https:\/\/tuzlainfo.ba\/index.php\/novosti\/item\/162990-mup-tk-u-toku-nabavka-presretaca-i-vise-od-20-pametnih-kamera\/#primaryimage\"},\"image\":{\"@id\":\"https:\/\/tuzlainfo.ba\/index.php\/novosti\/item\/162990-mup-tk-u-toku-nabavka-presretaca-i-vise-od-20-pametnih-kamera\/#primaryimage\"},\"thumbnailUrl\":\"https:\/\/tuzlainfo.ba\/wp-content\/uploads\/2018\/12\/sadrzaj_2016_2016-crna_2012_radar.jpg\",\"datePublished\":\"2022-02-05T10:00:27+00:00\",\"dateModified\":\"2022-02-05T09:13:51+00:00\",\"breadcrumb\":{\"@id\":\"https:\/\/tuzlainfo.ba\/index.php\/novosti\/item\/162990-mup-tk-u-toku-nabavka-presretaca-i-vise-od-20-pametnih-kamera\/#breadcrumb\"},\"inLanguage\":\"bs-BA\",\"potentialAction\":[{\"@type\":\"ReadAction\",\"target\":[\"https:\/\/tuzlainfo.ba\/index.php\/novosti\/item\/162990-mup-tk-u-toku-nabavka-presretaca-i-vise-od-20-pametnih-kamera\/\"]}]},{\"@type\":\"ImageObject\",\"inLanguage\":\"bs-BA\",\"@id\":\"https:\/\/tuzlainfo.ba\/index.php\/novosti\/item\/162990-mup-tk-u-toku-nabavka-presretaca-i-vise-od-20-pametnih-kamera\/#primaryimage\",\"url\":\"https:\/\/tuzlainfo.ba\/wp-content\/uploads\/2018\/12\/sadrzaj_2016_2016-crna_2012_radar.jpg\",\"contentUrl\":\"https:\/\/tuzlainfo.ba\/wp-content\/uploads\/2018\/12\/sadrzaj_2016_2016-crna_2012_radar.jpg\",\"width\":770,\"height\":527,\"caption\":\"2012 radar\"},{\"@type\":\"BreadcrumbList\",\"@id\":\"https:\/\/tuzlainfo.ba\/index.php\/novosti\/item\/162990-mup-tk-u-toku-nabavka-presretaca-i-vise-od-20-pametnih-kamera\/#breadcrumb\",\"itemListElement\":[{\"@type\":\"ListItem\",\"position\":1,\"name\":\"Home\",\"item\":\"https:\/\/tuzlainfo.ba\/\"},{\"@type\":\"ListItem\",\"position\":2,\"name\":\"MUP TK: U toku nabavka &#8220;presreta\u010da&#8221; i vi\u0161e od 20 pametnih kamera\"}]},{\"@type\":\"WebSite\",\"@id\":\"https:\/\/tuzlainfo.ba\/#website\",\"url\":\"https:\/\/tuzlainfo.ba\/\",\"name\":\"TuzlaInfo.ba\",\"description\":\"Tuzla info, gradski informator - Tuzla na dlanu\",\"publisher\":{\"@id\":\"https:\/\/tuzlainfo.ba\/#organization\"},\"potentialAction\":[{\"@type\":\"SearchAction\",\"target\":{\"@type\":\"EntryPoint\",\"urlTemplate\":\"https:\/\/tuzlainfo.ba\/?s={search_term_string}\"},\"query-input\":{\"@type\":\"PropertyValueSpecification\",\"valueRequired\":true,\"valueName\":\"search_term_string\"}}],\"inLanguage\":\"bs-BA\"},{\"@type\":\"Organization\",\"@id\":\"https:\/\/tuzlainfo.ba\/#organization\",\"name\":\"TuzlaInfo.ba\",\"url\":\"https:\/\/tuzlainfo.ba\/\",\"logo\":{\"@type\":\"ImageObject\",\"inLanguage\":\"bs-BA\",\"@id\":\"https:\/\/tuzlainfo.ba\/#\/schema\/logo\/image\/\",\"url\":\"https:\/\/tuzlainfo.ba\/wp-content\/uploads\/2021\/03\/logo-ver-3-1.png\",\"contentUrl\":\"https:\/\/tuzlainfo.ba\/wp-content\/uploads\/2021\/03\/logo-ver-3-1.png\",\"width\":350,\"height\":95,\"caption\":\"TuzlaInfo.ba\"},\"image\":{\"@id\":\"https:\/\/tuzlainfo.ba\/#\/schema\/logo\/image\/\"},\"sameAs\":[\"https:\/\/www.facebook.com\/tuzlainfo.ba\/\"]},{\"@type\":\"Person\",\"@id\":\"https:\/\/tuzlainfo.ba\/#\/schema\/person\/f434e20dc27ea133923aab08451b7f7f\",\"name\":\"nedim\",\"image\":{\"@type\":\"ImageObject\",\"inLanguage\":\"bs-BA\",\"@id\":\"https:\/\/tuzlainfo.ba\/#\/schema\/person\/image\/\",\"url\":\"https:\/\/tuzlainfo.ba\/wp-content\/litespeed\/avatar\/aabad687af24844af817603ac1cbdc4f.jpg?ver=1777306975\",\"contentUrl\":\"https:\/\/tuzlainfo.ba\/wp-content\/litespeed\/avatar\/aabad687af24844af817603ac1cbdc4f.jpg?ver=1777306975\",\"caption\":\"nedim\"},\"description\":\"Tuzlainfo.ba pratite na dru\u0161tvenim mre\u017eama: Facebook, Instagram i Youtube. Svoje pri\u010de, upite i fotografije \u0161aljite na na\u0161u e-mail adresu.\"}]}<\/script>\n<!-- \/ Yoast SEO plugin. -->","yoast_head_json":{"title":"MUP TK: U toku nabavka \"presreta\u010da\" i vi\u0161e od 20 pametnih kamera - TuzlaInfo.ba","robots":{"index":"index","follow":"follow","max-snippet":"max-snippet:-1","max-image-preview":"max-image-preview:large","max-video-preview":"max-video-preview:-1"},"canonical":"https:\/\/tuzlainfo.ba\/index.php\/novosti\/item\/162990-mup-tk-u-toku-nabavka-presretaca-i-vise-od-20-pametnih-kamera\/","og_locale":"bs_BA","og_type":"article","og_title":"MUP TK: U toku nabavka \"presreta\u010da\" i vi\u0161e od 20 pametnih kamera - TuzlaInfo.ba","og_description":"Pripadnici Uprave policije MUP-a TK poduzimali su planske i kontinuirane mjere i aktivnosti koje su&hellip;","og_url":"https:\/\/tuzlainfo.ba\/index.php\/novosti\/item\/162990-mup-tk-u-toku-nabavka-presretaca-i-vise-od-20-pametnih-kamera\/","og_site_name":"TuzlaInfo.ba","article_publisher":"https:\/\/www.facebook.com\/tuzlainfo.ba\/","article_published_time":"2022-02-05T10:00:27+00:00","article_modified_time":"2022-02-05T09:13:51+00:00","og_image":[{"width":770,"height":527,"url":"https:\/\/tuzlainfo.ba\/wp-content\/uploads\/2018\/12\/sadrzaj_2016_2016-crna_2012_radar.jpg","type":"image\/jpeg"}],"author":"nedim","twitter_card":"summary_large_image","twitter_misc":{"Written by":"nedim"},"schema":{"@context":"https:\/\/schema.org","@graph":[{"@type":"Article","@id":"https:\/\/tuzlainfo.ba\/index.php\/novosti\/item\/162990-mup-tk-u-toku-nabavka-presretaca-i-vise-od-20-pametnih-kamera\/#article","isPartOf":{"@id":"https:\/\/tuzlainfo.ba\/index.php\/novosti\/item\/162990-mup-tk-u-toku-nabavka-presretaca-i-vise-od-20-pametnih-kamera\/"},"author":{"name":"nedim","@id":"https:\/\/tuzlainfo.ba\/#\/schema\/person\/f434e20dc27ea133923aab08451b7f7f"},"headline":"MUP TK: U toku nabavka &#8220;presreta\u010da&#8221; i vi\u0161e od 20 pametnih kamera","datePublished":"2022-02-05T10:00:27+00:00","dateModified":"2022-02-05T09:13:51+00:00","mainEntityOfPage":{"@id":"https:\/\/tuzlainfo.ba\/index.php\/novosti\/item\/162990-mup-tk-u-toku-nabavka-presretaca-i-vise-od-20-pametnih-kamera\/"},"wordCount":94,"commentCount":0,"publisher":{"@id":"https:\/\/tuzlainfo.ba\/#organization"},"image":{"@id":"https:\/\/tuzlainfo.ba\/index.php\/novosti\/item\/162990-mup-tk-u-toku-nabavka-presretaca-i-vise-od-20-pametnih-kamera\/#primaryimage"},"thumbnailUrl":"https:\/\/tuzlainfo.ba\/wp-content\/uploads\/2018\/12\/sadrzaj_2016_2016-crna_2012_radar.jpg","keywords":["mup tk","radarska kontrola"],"articleSection":["Istaknuto","Novosti"],"inLanguage":"bs-BA"},{"@type":"WebPage","@id":"https:\/\/tuzlainfo.ba\/index.php\/novosti\/item\/162990-mup-tk-u-toku-nabavka-presretaca-i-vise-od-20-pametnih-kamera\/","url":"https:\/\/tuzlainfo.ba\/index.php\/novosti\/item\/162990-mup-tk-u-toku-nabavka-presretaca-i-vise-od-20-pametnih-kamera\/","name":"MUP TK: U toku nabavka \"presreta\u010da\" i vi\u0161e od 20 pametnih kamera - TuzlaInfo.ba","isPartOf":{"@id":"https:\/\/tuzlainfo.ba\/#website"},"primaryImageOfPage":{"@id":"https:\/\/tuzlainfo.ba\/index.php\/novosti\/item\/162990-mup-tk-u-toku-nabavka-presretaca-i-vise-od-20-pametnih-kamera\/#primaryimage"},"image":{"@id":"https:\/\/tuzlainfo.ba\/index.php\/novosti\/item\/162990-mup-tk-u-toku-nabavka-presretaca-i-vise-od-20-pametnih-kamera\/#primaryimage"},"thumbnailUrl":"https:\/\/tuzlainfo.ba\/wp-content\/uploads\/2018\/12\/sadrzaj_2016_2016-crna_2012_radar.jpg","datePublished":"2022-02-05T10:00:27+00:00","dateModified":"2022-02-05T09:13:51+00:00","breadcrumb":{"@id":"https:\/\/tuzlainfo.ba\/index.php\/novosti\/item\/162990-mup-tk-u-toku-nabavka-presretaca-i-vise-od-20-pametnih-kamera\/#breadcrumb"},"inLanguage":"bs-BA","potentialAction":[{"@type":"ReadAction","target":["https:\/\/tuzlainfo.ba\/index.php\/novosti\/item\/162990-mup-tk-u-toku-nabavka-presretaca-i-vise-od-20-pametnih-kamera\/"]}]},{"@type":"ImageObject","inLanguage":"bs-BA","@id":"https:\/\/tuzlainfo.ba\/index.php\/novosti\/item\/162990-mup-tk-u-toku-nabavka-presretaca-i-vise-od-20-pametnih-kamera\/#primaryimage","url":"https:\/\/tuzlainfo.ba\/wp-content\/uploads\/2018\/12\/sadrzaj_2016_2016-crna_2012_radar.jpg","contentUrl":"https:\/\/tuzlainfo.ba\/wp-content\/uploads\/2018\/12\/sadrzaj_2016_2016-crna_2012_radar.jpg","width":770,"height":527,"caption":"2012 radar"},{"@type":"BreadcrumbList","@id":"https:\/\/tuzlainfo.ba\/index.php\/novosti\/item\/162990-mup-tk-u-toku-nabavka-presretaca-i-vise-od-20-pametnih-kamera\/#breadcrumb","itemListElement":[{"@type":"ListItem","position":1,"name":"Home","item":"https:\/\/tuzlainfo.ba\/"},{"@type":"ListItem","position":2,"name":"MUP TK: U toku nabavka &#8220;presreta\u010da&#8221; i vi\u0161e od 20 pametnih kamera"}]},{"@type":"WebSite","@id":"https:\/\/tuzlainfo.ba\/#website","url":"https:\/\/tuzlainfo.ba\/","name":"TuzlaInfo.ba","description":"Tuzla info, gradski informator - Tuzla na dlanu","publisher":{"@id":"https:\/\/tuzlainfo.ba\/#organization"},"potentialAction":[{"@type":"SearchAction","target":{"@type":"EntryPoint","urlTemplate":"https:\/\/tuzlainfo.ba\/?s={search_term_string}"},"query-input":{"@type":"PropertyValueSpecification","valueRequired":true,"valueName":"search_term_string"}}],"inLanguage":"bs-BA"},{"@type":"Organization","@id":"https:\/\/tuzlainfo.ba\/#organization","name":"TuzlaInfo.ba","url":"https:\/\/tuzlainfo.ba\/","logo":{"@type":"ImageObject","inLanguage":"bs-BA","@id":"https:\/\/tuzlainfo.ba\/#\/schema\/logo\/image\/","url":"https:\/\/tuzlainfo.ba\/wp-content\/uploads\/2021\/03\/logo-ver-3-1.png","contentUrl":"https:\/\/tuzlainfo.ba\/wp-content\/uploads\/2021\/03\/logo-ver-3-1.png","width":350,"height":95,"caption":"TuzlaInfo.ba"},"image":{"@id":"https:\/\/tuzlainfo.ba\/#\/schema\/logo\/image\/"},"sameAs":["https:\/\/www.facebook.com\/tuzlainfo.ba\/"]},{"@type":"Person","@id":"https:\/\/tuzlainfo.ba\/#\/schema\/person\/f434e20dc27ea133923aab08451b7f7f","name":"nedim","image":{"@type":"ImageObject","inLanguage":"bs-BA","@id":"https:\/\/tuzlainfo.ba\/#\/schema\/person\/image\/","url":"https:\/\/tuzlainfo.ba\/wp-content\/litespeed\/avatar\/aabad687af24844af817603ac1cbdc4f.jpg?ver=1777306975","contentUrl":"https:\/\/tuzlainfo.ba\/wp-content\/litespeed\/avatar\/aabad687af24844af817603ac1cbdc4f.jpg?ver=1777306975","caption":"nedim"},"description":"Tuzlainfo.ba pratite na dru\u0161tvenim mre\u017eama: Facebook, Instagram i Youtube. Svoje pri\u010de, upite i fotografije \u0161aljite na na\u0161u e-mail adresu."}]}},"_links":{"self":[{"href":"https:\/\/tuzlainfo.ba\/index.php\/wp-json\/wp\/v2\/posts\/162990"}],"collection":[{"href":"https:\/\/tuzlainfo.ba\/index.php\/wp-json\/wp\/v2\/posts"}],"about":[{"href":"https:\/\/tuzlainfo.ba\/index.php\/wp-json\/wp\/v2\/types\/post"}],"author":[{"embeddable":true,"href":"https:\/\/tuzlainfo.ba\/index.php\/wp-json\/wp\/v2\/users\/2"}],"replies":[{"embeddable":true,"href":"https:\/\/tuzlainfo.ba\/index.php\/wp-json\/wp\/v2\/comments?post=162990"}],"version-history":[{"count":0,"href":"https:\/\/tuzlainfo.ba\/index.php\/wp-json\/wp\/v2\/posts\/162990\/revisions"}],"wp:featuredmedia":[{"embeddable":true,"href":"https:\/\/tuzlainfo.ba\/index.php\/wp-json\/wp\/v2\/media\/66456"}],"wp:attachment":[{"href":"https:\/\/tuzlainfo.ba\/index.php\/wp-json\/wp\/v2\/media?parent=162990"}],"wp:term":[{"taxonomy":"category","embeddable":true,"href":"https:\/\/tuzlainfo.ba\/index.php\/wp-json\/wp\/v2\/categories?post=162990"},{"taxonomy":"post_tag","embeddable":true,"href":"https:\/\/tuzlainfo.ba\/index.php\/wp-json\/wp\/v2\/tags?post=162990"}],"curies":[{"name":"wp","href":"https:\/\/api.w.org\/{rel}","templated":true}]}}