{"id":162837,"date":"2022-02-03T14:17:06","date_gmt":"2022-02-03T13:17:06","guid":{"rendered":"https:\/\/tuzlainfo.ba\/?p=162837"},"modified":"2022-02-03T14:17:06","modified_gmt":"2022-02-03T13:17:06","slug":"novakovic-bursac-eskalirali-su-odnosi-konstitutivnih-naroda-usli-smo-u-procese-iz-kojih-nema-povratka","status":"publish","type":"post","link":"https:\/\/tuzlainfo.ba\/index.php\/bosna-i-hercegovina\/item\/162837-novakovic-bursac-eskalirali-su-odnosi-konstitutivnih-naroda-usli-smo-u-procese-iz-kojih-nema-povratka\/","title":{"rendered":"Novakovi\u0107-Bursa\u0107: Eskalirali su odnosi konstitutivnih naroda, u\u0161li smo u procese iz kojih nema povratka"},"content":{"rendered":"<div id=\"excerpt\" class=\"mt-5 md:mt-2 xl:mt-3 mb-5 font-sans font-semibold text-lg lg:text-xl leading-6 md:leading-7\">\n<p class=\"lead\">Zastupnica u Zastupni\u010dkom domu Parlamenta BiH Snje\u017eana Novakovi\u0107-Bursa\u0107 (SNSD) prije po\u010detka dana\u0161njeg zasjedanja Zastupni\u010dkog doma Parlamenta BiH kazala je kako se zastupnici Kluba Srba ne vra\u0107aju jer nisu ni oti\u0161li.<\/p>\n<\/div>\n<div class=\"bg-gray-100\"><\/div>\n<div id=\"text\" class=\"break-words mt-3 prose prose-md prose-indigo text-lg lg:text-xl space-y-4 mb-3 leading-6 md:leading-7\">\n<p>&#8220;Niti smo bili oti\u0161li, niti se sada vra\u0107amo, samo slijedimo stavove NSRS-a&#8221;, kazala je ona novinarima.<\/p>\n<p>Kazala je kako \u0107e zastupnici iz ovog kluba u\u010destvovati samo kod ratifikacije \u010detiri sporazuma.<\/p>\n<p>&#8220;\u0408edan sporazum se ti\u010de grani\u010dnog prijelaza kod Ljubovije, drugi je saglasnost o grani\u010dnim prelazima sa Republikom Srbijom, tre\u0107i se ti\u010de projekta energetske efikasnosti u Republici Srpskoj i \u010detvrti je davanje saglasnosti za ratifikaciju sporazuma koji se ti\u010du autoputa 5C, dionice u Hercegovini&#8221;, kazala je ona<\/p>\n<p>Dodala je kako si ovi sporazumi prijeko potrebni gra\u0111anima.<\/p>\n<p>&#8220;Mi smo svoje reakcije uskla\u0111ivali na na\u010din da smo u jednom trenutku odustali od dono\u0161enja odluka iz dobro poznatih razloga&#8221;, kazala je ona.<\/p>\n<p>Dodala je da \u0107e u\u010destvovanje grupe zastupnika kojoj ona pripada biti uskla\u0111ivano s predsjednicom RS-a i NSRS-om, a sve u kontinuitetu politi\u010dkih de\u0161avanja.<\/p>\n<p>&#8220;Poru\u010dujemo onima koji spominju &#8216;kapitulaciju&#8217; da smo mi u\u0161li u procese iz kojih nema povratka. Vidite da su eskalirali odnosi konstitutivnih naroda&#8221;, kazala je ona.<\/p>\n<div class=\"bg-gray-100\"><\/div>\n<p>Izjave zastupnice Novakovi\u0107-Bursa\u0107 dolaze nakon posebne sjednice NSRS, usvajanja spornih zaklju\u010daka, ali i zahtjeva predsjednika Srbije Aleksandra Vu\u010di\u0107a da se zastupnici iz RS-a vrate u institucije dr\u017eave BiH, prenosi Klix.<\/p>\n<\/div>\n","protected":false},"excerpt":{"rendered":"<p>Zastupnica u Zastupni\u010dkom domu Parlamenta BiH Snje\u017eana Novakovi\u0107-Bursa\u0107 (SNSD) prije po\u010detka dana\u0161njeg zasjedanja Zastupni\u010dkog doma&hellip;<\/p>\n","protected":false},"author":4,"featured_media":145726,"comment_status":"open","ping_status":"closed","sticky":false,"template":"","format":"standard","meta":{"_acf_changed":false,"footnotes":""},"categories":[291],"tags":[4073],"acf":[],"yoast_head":"<!-- This site is optimized with the Yoast SEO plugin v23.5 - https:\/\/yoast.com\/wordpress\/plugins\/seo\/ -->\n<title>Novakovi\u0107-Bursa\u0107: Eskalirali su odnosi konstitutivnih naroda, u\u0161li smo u procese iz kojih nema povratka - TuzlaInfo.ba<\/title>\n<meta name=\"robots\" content=\"index, follow, max-snippet:-1, max-image-preview:large, max-video-preview:-1\" \/>\n<link rel=\"canonical\" href=\"https:\/\/tuzlainfo.ba\/index.php\/bosna-i-hercegovina\/item\/162837-novakovic-bursac-eskalirali-su-odnosi-konstitutivnih-naroda-usli-smo-u-procese-iz-kojih-nema-povratka\/\" \/>\n<meta property=\"og:locale\" content=\"bs_BA\" \/>\n<meta property=\"og:type\" content=\"article\" \/>\n<meta property=\"og:title\" content=\"Novakovi\u0107-Bursa\u0107: Eskalirali su odnosi konstitutivnih naroda, u\u0161li smo u procese iz kojih nema povratka - TuzlaInfo.ba\" \/>\n<meta property=\"og:description\" content=\"Zastupnica u Zastupni\u010dkom domu Parlamenta BiH Snje\u017eana Novakovi\u0107-Bursa\u0107 (SNSD) prije po\u010detka dana\u0161njeg zasjedanja Zastupni\u010dkog doma&hellip;\" \/>\n<meta property=\"og:url\" content=\"https:\/\/tuzlainfo.ba\/index.php\/bosna-i-hercegovina\/item\/162837-novakovic-bursac-eskalirali-su-odnosi-konstitutivnih-naroda-usli-smo-u-procese-iz-kojih-nema-povratka\/\" \/>\n<meta property=\"og:site_name\" content=\"TuzlaInfo.ba\" \/>\n<meta property=\"article:publisher\" content=\"https:\/\/www.facebook.com\/tuzlainfo.ba\/\" \/>\n<meta property=\"article:published_time\" content=\"2022-02-03T13:17:06+00:00\" \/>\n<meta property=\"og:image\" content=\"https:\/\/tuzlainfo.ba\/wp-content\/uploads\/2021\/08\/2308_snjezana-brsac.jpg\" \/>\n\t<meta property=\"og:image:width\" content=\"800\" \/>\n\t<meta property=\"og:image:height\" content=\"533\" \/>\n\t<meta property=\"og:image:type\" content=\"image\/jpeg\" \/>\n<meta name=\"author\" content=\"Tuzla Info\" \/>\n<meta name=\"twitter:card\" content=\"summary_large_image\" \/>\n<meta name=\"twitter:label1\" content=\"Written by\" \/>\n\t<meta name=\"twitter:data1\" content=\"Tuzla Info\" \/>\n\t<meta name=\"twitter:label2\" content=\"Est. reading time\" \/>\n\t<meta name=\"twitter:data2\" content=\"1 minuta\" \/>\n<script type=\"application\/ld+json\" class=\"yoast-schema-graph\">{\"@context\":\"https:\/\/schema.org\",\"@graph\":[{\"@type\":\"Article\",\"@id\":\"https:\/\/tuzlainfo.ba\/index.php\/bosna-i-hercegovina\/item\/162837-novakovic-bursac-eskalirali-su-odnosi-konstitutivnih-naroda-usli-smo-u-procese-iz-kojih-nema-povratka\/#article\",\"isPartOf\":{\"@id\":\"https:\/\/tuzlainfo.ba\/index.php\/bosna-i-hercegovina\/item\/162837-novakovic-bursac-eskalirali-su-odnosi-konstitutivnih-naroda-usli-smo-u-procese-iz-kojih-nema-povratka\/\"},\"author\":{\"name\":\"Tuzla Info\",\"@id\":\"https:\/\/tuzlainfo.ba\/#\/schema\/person\/46cad4c57790cbc50781edd14870825a\"},\"headline\":\"Novakovi\u0107-Bursa\u0107: Eskalirali su odnosi konstitutivnih naroda, u\u0161li smo u procese iz kojih nema povratka\",\"datePublished\":\"2022-02-03T13:17:06+00:00\",\"dateModified\":\"2022-02-03T13:17:06+00:00\",\"mainEntityOfPage\":{\"@id\":\"https:\/\/tuzlainfo.ba\/index.php\/bosna-i-hercegovina\/item\/162837-novakovic-bursac-eskalirali-su-odnosi-konstitutivnih-naroda-usli-smo-u-procese-iz-kojih-nema-povratka\/\"},\"wordCount\":263,\"commentCount\":0,\"publisher\":{\"@id\":\"https:\/\/tuzlainfo.ba\/#organization\"},\"image\":{\"@id\":\"https:\/\/tuzlainfo.ba\/index.php\/bosna-i-hercegovina\/item\/162837-novakovic-bursac-eskalirali-su-odnosi-konstitutivnih-naroda-usli-smo-u-procese-iz-kojih-nema-povratka\/#primaryimage\"},\"thumbnailUrl\":\"https:\/\/tuzlainfo.ba\/wp-content\/uploads\/2021\/08\/2308_snjezana-brsac.jpg\",\"keywords\":[\"Snje\u017eana Novakovi\u0107-Bursa\u0107\"],\"articleSection\":[\"Bosna i Hercegovina\"],\"inLanguage\":\"bs-BA\"},{\"@type\":\"WebPage\",\"@id\":\"https:\/\/tuzlainfo.ba\/index.php\/bosna-i-hercegovina\/item\/162837-novakovic-bursac-eskalirali-su-odnosi-konstitutivnih-naroda-usli-smo-u-procese-iz-kojih-nema-povratka\/\",\"url\":\"https:\/\/tuzlainfo.ba\/index.php\/bosna-i-hercegovina\/item\/162837-novakovic-bursac-eskalirali-su-odnosi-konstitutivnih-naroda-usli-smo-u-procese-iz-kojih-nema-povratka\/\",\"name\":\"Novakovi\u0107-Bursa\u0107: Eskalirali su odnosi konstitutivnih naroda, u\u0161li smo u procese iz kojih nema povratka - TuzlaInfo.ba\",\"isPartOf\":{\"@id\":\"https:\/\/tuzlainfo.ba\/#website\"},\"primaryImageOfPage\":{\"@id\":\"https:\/\/tuzlainfo.ba\/index.php\/bosna-i-hercegovina\/item\/162837-novakovic-bursac-eskalirali-su-odnosi-konstitutivnih-naroda-usli-smo-u-procese-iz-kojih-nema-povratka\/#primaryimage\"},\"image\":{\"@id\":\"https:\/\/tuzlainfo.ba\/index.php\/bosna-i-hercegovina\/item\/162837-novakovic-bursac-eskalirali-su-odnosi-konstitutivnih-naroda-usli-smo-u-procese-iz-kojih-nema-povratka\/#primaryimage\"},\"thumbnailUrl\":\"https:\/\/tuzlainfo.ba\/wp-content\/uploads\/2021\/08\/2308_snjezana-brsac.jpg\",\"datePublished\":\"2022-02-03T13:17:06+00:00\",\"dateModified\":\"2022-02-03T13:17:06+00:00\",\"breadcrumb\":{\"@id\":\"https:\/\/tuzlainfo.ba\/index.php\/bosna-i-hercegovina\/item\/162837-novakovic-bursac-eskalirali-su-odnosi-konstitutivnih-naroda-usli-smo-u-procese-iz-kojih-nema-povratka\/#breadcrumb\"},\"inLanguage\":\"bs-BA\",\"potentialAction\":[{\"@type\":\"ReadAction\",\"target\":[\"https:\/\/tuzlainfo.ba\/index.php\/bosna-i-hercegovina\/item\/162837-novakovic-bursac-eskalirali-su-odnosi-konstitutivnih-naroda-usli-smo-u-procese-iz-kojih-nema-povratka\/\"]}]},{\"@type\":\"ImageObject\",\"inLanguage\":\"bs-BA\",\"@id\":\"https:\/\/tuzlainfo.ba\/index.php\/bosna-i-hercegovina\/item\/162837-novakovic-bursac-eskalirali-su-odnosi-konstitutivnih-naroda-usli-smo-u-procese-iz-kojih-nema-povratka\/#primaryimage\",\"url\":\"https:\/\/tuzlainfo.ba\/wp-content\/uploads\/2021\/08\/2308_snjezana-brsac.jpg\",\"contentUrl\":\"https:\/\/tuzlainfo.ba\/wp-content\/uploads\/2021\/08\/2308_snjezana-brsac.jpg\",\"width\":800,\"height\":533},{\"@type\":\"BreadcrumbList\",\"@id\":\"https:\/\/tuzlainfo.ba\/index.php\/bosna-i-hercegovina\/item\/162837-novakovic-bursac-eskalirali-su-odnosi-konstitutivnih-naroda-usli-smo-u-procese-iz-kojih-nema-povratka\/#breadcrumb\",\"itemListElement\":[{\"@type\":\"ListItem\",\"position\":1,\"name\":\"Home\",\"item\":\"https:\/\/tuzlainfo.ba\/\"},{\"@type\":\"ListItem\",\"position\":2,\"name\":\"Novakovi\u0107-Bursa\u0107: Eskalirali su odnosi konstitutivnih naroda, u\u0161li smo u procese iz kojih nema povratka\"}]},{\"@type\":\"WebSite\",\"@id\":\"https:\/\/tuzlainfo.ba\/#website\",\"url\":\"https:\/\/tuzlainfo.ba\/\",\"name\":\"TuzlaInfo.ba\",\"description\":\"Tuzla info, gradski informator - Tuzla na dlanu\",\"publisher\":{\"@id\":\"https:\/\/tuzlainfo.ba\/#organization\"},\"potentialAction\":[{\"@type\":\"SearchAction\",\"target\":{\"@type\":\"EntryPoint\",\"urlTemplate\":\"https:\/\/tuzlainfo.ba\/?s={search_term_string}\"},\"query-input\":{\"@type\":\"PropertyValueSpecification\",\"valueRequired\":true,\"valueName\":\"search_term_string\"}}],\"inLanguage\":\"bs-BA\"},{\"@type\":\"Organization\",\"@id\":\"https:\/\/tuzlainfo.ba\/#organization\",\"name\":\"TuzlaInfo.ba\",\"url\":\"https:\/\/tuzlainfo.ba\/\",\"logo\":{\"@type\":\"ImageObject\",\"inLanguage\":\"bs-BA\",\"@id\":\"https:\/\/tuzlainfo.ba\/#\/schema\/logo\/image\/\",\"url\":\"https:\/\/tuzlainfo.ba\/wp-content\/uploads\/2021\/03\/logo-ver-3-1.png\",\"contentUrl\":\"https:\/\/tuzlainfo.ba\/wp-content\/uploads\/2021\/03\/logo-ver-3-1.png\",\"width\":350,\"height\":95,\"caption\":\"TuzlaInfo.ba\"},\"image\":{\"@id\":\"https:\/\/tuzlainfo.ba\/#\/schema\/logo\/image\/\"},\"sameAs\":[\"https:\/\/www.facebook.com\/tuzlainfo.ba\/\"]},{\"@type\":\"Person\",\"@id\":\"https:\/\/tuzlainfo.ba\/#\/schema\/person\/46cad4c57790cbc50781edd14870825a\",\"name\":\"Tuzla Info\",\"image\":{\"@type\":\"ImageObject\",\"inLanguage\":\"bs-BA\",\"@id\":\"https:\/\/tuzlainfo.ba\/#\/schema\/person\/image\/\",\"url\":\"https:\/\/tuzlainfo.ba\/wp-content\/litespeed\/avatar\/b6c453a6c38e3654f2e4416c643fc25c.jpg?ver=1777656712\",\"contentUrl\":\"https:\/\/tuzlainfo.ba\/wp-content\/litespeed\/avatar\/b6c453a6c38e3654f2e4416c643fc25c.jpg?ver=1777656712\",\"caption\":\"Tuzla Info\"}}]}<\/script>\n<!-- \/ Yoast SEO plugin. -->","yoast_head_json":{"title":"Novakovi\u0107-Bursa\u0107: Eskalirali su odnosi konstitutivnih naroda, u\u0161li smo u procese iz kojih nema povratka - TuzlaInfo.ba","robots":{"index":"index","follow":"follow","max-snippet":"max-snippet:-1","max-image-preview":"max-image-preview:large","max-video-preview":"max-video-preview:-1"},"canonical":"https:\/\/tuzlainfo.ba\/index.php\/bosna-i-hercegovina\/item\/162837-novakovic-bursac-eskalirali-su-odnosi-konstitutivnih-naroda-usli-smo-u-procese-iz-kojih-nema-povratka\/","og_locale":"bs_BA","og_type":"article","og_title":"Novakovi\u0107-Bursa\u0107: Eskalirali su odnosi konstitutivnih naroda, u\u0161li smo u procese iz kojih nema povratka - TuzlaInfo.ba","og_description":"Zastupnica u Zastupni\u010dkom domu Parlamenta BiH Snje\u017eana Novakovi\u0107-Bursa\u0107 (SNSD) prije po\u010detka dana\u0161njeg zasjedanja Zastupni\u010dkog doma&hellip;","og_url":"https:\/\/tuzlainfo.ba\/index.php\/bosna-i-hercegovina\/item\/162837-novakovic-bursac-eskalirali-su-odnosi-konstitutivnih-naroda-usli-smo-u-procese-iz-kojih-nema-povratka\/","og_site_name":"TuzlaInfo.ba","article_publisher":"https:\/\/www.facebook.com\/tuzlainfo.ba\/","article_published_time":"2022-02-03T13:17:06+00:00","og_image":[{"width":800,"height":533,"url":"https:\/\/tuzlainfo.ba\/wp-content\/uploads\/2021\/08\/2308_snjezana-brsac.jpg","type":"image\/jpeg"}],"author":"Tuzla Info","twitter_card":"summary_large_image","twitter_misc":{"Written by":"Tuzla Info","Est. reading time":"1 minuta"},"schema":{"@context":"https:\/\/schema.org","@graph":[{"@type":"Article","@id":"https:\/\/tuzlainfo.ba\/index.php\/bosna-i-hercegovina\/item\/162837-novakovic-bursac-eskalirali-su-odnosi-konstitutivnih-naroda-usli-smo-u-procese-iz-kojih-nema-povratka\/#article","isPartOf":{"@id":"https:\/\/tuzlainfo.ba\/index.php\/bosna-i-hercegovina\/item\/162837-novakovic-bursac-eskalirali-su-odnosi-konstitutivnih-naroda-usli-smo-u-procese-iz-kojih-nema-povratka\/"},"author":{"name":"Tuzla Info","@id":"https:\/\/tuzlainfo.ba\/#\/schema\/person\/46cad4c57790cbc50781edd14870825a"},"headline":"Novakovi\u0107-Bursa\u0107: Eskalirali su odnosi konstitutivnih naroda, u\u0161li smo u procese iz kojih nema povratka","datePublished":"2022-02-03T13:17:06+00:00","dateModified":"2022-02-03T13:17:06+00:00","mainEntityOfPage":{"@id":"https:\/\/tuzlainfo.ba\/index.php\/bosna-i-hercegovina\/item\/162837-novakovic-bursac-eskalirali-su-odnosi-konstitutivnih-naroda-usli-smo-u-procese-iz-kojih-nema-povratka\/"},"wordCount":263,"commentCount":0,"publisher":{"@id":"https:\/\/tuzlainfo.ba\/#organization"},"image":{"@id":"https:\/\/tuzlainfo.ba\/index.php\/bosna-i-hercegovina\/item\/162837-novakovic-bursac-eskalirali-su-odnosi-konstitutivnih-naroda-usli-smo-u-procese-iz-kojih-nema-povratka\/#primaryimage"},"thumbnailUrl":"https:\/\/tuzlainfo.ba\/wp-content\/uploads\/2021\/08\/2308_snjezana-brsac.jpg","keywords":["Snje\u017eana Novakovi\u0107-Bursa\u0107"],"articleSection":["Bosna i Hercegovina"],"inLanguage":"bs-BA"},{"@type":"WebPage","@id":"https:\/\/tuzlainfo.ba\/index.php\/bosna-i-hercegovina\/item\/162837-novakovic-bursac-eskalirali-su-odnosi-konstitutivnih-naroda-usli-smo-u-procese-iz-kojih-nema-povratka\/","url":"https:\/\/tuzlainfo.ba\/index.php\/bosna-i-hercegovina\/item\/162837-novakovic-bursac-eskalirali-su-odnosi-konstitutivnih-naroda-usli-smo-u-procese-iz-kojih-nema-povratka\/","name":"Novakovi\u0107-Bursa\u0107: Eskalirali su odnosi konstitutivnih naroda, u\u0161li smo u procese iz kojih nema povratka - TuzlaInfo.ba","isPartOf":{"@id":"https:\/\/tuzlainfo.ba\/#website"},"primaryImageOfPage":{"@id":"https:\/\/tuzlainfo.ba\/index.php\/bosna-i-hercegovina\/item\/162837-novakovic-bursac-eskalirali-su-odnosi-konstitutivnih-naroda-usli-smo-u-procese-iz-kojih-nema-povratka\/#primaryimage"},"image":{"@id":"https:\/\/tuzlainfo.ba\/index.php\/bosna-i-hercegovina\/item\/162837-novakovic-bursac-eskalirali-su-odnosi-konstitutivnih-naroda-usli-smo-u-procese-iz-kojih-nema-povratka\/#primaryimage"},"thumbnailUrl":"https:\/\/tuzlainfo.ba\/wp-content\/uploads\/2021\/08\/2308_snjezana-brsac.jpg","datePublished":"2022-02-03T13:17:06+00:00","dateModified":"2022-02-03T13:17:06+00:00","breadcrumb":{"@id":"https:\/\/tuzlainfo.ba\/index.php\/bosna-i-hercegovina\/item\/162837-novakovic-bursac-eskalirali-su-odnosi-konstitutivnih-naroda-usli-smo-u-procese-iz-kojih-nema-povratka\/#breadcrumb"},"inLanguage":"bs-BA","potentialAction":[{"@type":"ReadAction","target":["https:\/\/tuzlainfo.ba\/index.php\/bosna-i-hercegovina\/item\/162837-novakovic-bursac-eskalirali-su-odnosi-konstitutivnih-naroda-usli-smo-u-procese-iz-kojih-nema-povratka\/"]}]},{"@type":"ImageObject","inLanguage":"bs-BA","@id":"https:\/\/tuzlainfo.ba\/index.php\/bosna-i-hercegovina\/item\/162837-novakovic-bursac-eskalirali-su-odnosi-konstitutivnih-naroda-usli-smo-u-procese-iz-kojih-nema-povratka\/#primaryimage","url":"https:\/\/tuzlainfo.ba\/wp-content\/uploads\/2021\/08\/2308_snjezana-brsac.jpg","contentUrl":"https:\/\/tuzlainfo.ba\/wp-content\/uploads\/2021\/08\/2308_snjezana-brsac.jpg","width":800,"height":533},{"@type":"BreadcrumbList","@id":"https:\/\/tuzlainfo.ba\/index.php\/bosna-i-hercegovina\/item\/162837-novakovic-bursac-eskalirali-su-odnosi-konstitutivnih-naroda-usli-smo-u-procese-iz-kojih-nema-povratka\/#breadcrumb","itemListElement":[{"@type":"ListItem","position":1,"name":"Home","item":"https:\/\/tuzlainfo.ba\/"},{"@type":"ListItem","position":2,"name":"Novakovi\u0107-Bursa\u0107: Eskalirali su odnosi konstitutivnih naroda, u\u0161li smo u procese iz kojih nema povratka"}]},{"@type":"WebSite","@id":"https:\/\/tuzlainfo.ba\/#website","url":"https:\/\/tuzlainfo.ba\/","name":"TuzlaInfo.ba","description":"Tuzla info, gradski informator - Tuzla na dlanu","publisher":{"@id":"https:\/\/tuzlainfo.ba\/#organization"},"potentialAction":[{"@type":"SearchAction","target":{"@type":"EntryPoint","urlTemplate":"https:\/\/tuzlainfo.ba\/?s={search_term_string}"},"query-input":{"@type":"PropertyValueSpecification","valueRequired":true,"valueName":"search_term_string"}}],"inLanguage":"bs-BA"},{"@type":"Organization","@id":"https:\/\/tuzlainfo.ba\/#organization","name":"TuzlaInfo.ba","url":"https:\/\/tuzlainfo.ba\/","logo":{"@type":"ImageObject","inLanguage":"bs-BA","@id":"https:\/\/tuzlainfo.ba\/#\/schema\/logo\/image\/","url":"https:\/\/tuzlainfo.ba\/wp-content\/uploads\/2021\/03\/logo-ver-3-1.png","contentUrl":"https:\/\/tuzlainfo.ba\/wp-content\/uploads\/2021\/03\/logo-ver-3-1.png","width":350,"height":95,"caption":"TuzlaInfo.ba"},"image":{"@id":"https:\/\/tuzlainfo.ba\/#\/schema\/logo\/image\/"},"sameAs":["https:\/\/www.facebook.com\/tuzlainfo.ba\/"]},{"@type":"Person","@id":"https:\/\/tuzlainfo.ba\/#\/schema\/person\/46cad4c57790cbc50781edd14870825a","name":"Tuzla Info","image":{"@type":"ImageObject","inLanguage":"bs-BA","@id":"https:\/\/tuzlainfo.ba\/#\/schema\/person\/image\/","url":"https:\/\/tuzlainfo.ba\/wp-content\/litespeed\/avatar\/b6c453a6c38e3654f2e4416c643fc25c.jpg?ver=1777656712","contentUrl":"https:\/\/tuzlainfo.ba\/wp-content\/litespeed\/avatar\/b6c453a6c38e3654f2e4416c643fc25c.jpg?ver=1777656712","caption":"Tuzla Info"}}]}},"_links":{"self":[{"href":"https:\/\/tuzlainfo.ba\/index.php\/wp-json\/wp\/v2\/posts\/162837"}],"collection":[{"href":"https:\/\/tuzlainfo.ba\/index.php\/wp-json\/wp\/v2\/posts"}],"about":[{"href":"https:\/\/tuzlainfo.ba\/index.php\/wp-json\/wp\/v2\/types\/post"}],"author":[{"embeddable":true,"href":"https:\/\/tuzlainfo.ba\/index.php\/wp-json\/wp\/v2\/users\/4"}],"replies":[{"embeddable":true,"href":"https:\/\/tuzlainfo.ba\/index.php\/wp-json\/wp\/v2\/comments?post=162837"}],"version-history":[{"count":0,"href":"https:\/\/tuzlainfo.ba\/index.php\/wp-json\/wp\/v2\/posts\/162837\/revisions"}],"wp:featuredmedia":[{"embeddable":true,"href":"https:\/\/tuzlainfo.ba\/index.php\/wp-json\/wp\/v2\/media\/145726"}],"wp:attachment":[{"href":"https:\/\/tuzlainfo.ba\/index.php\/wp-json\/wp\/v2\/media?parent=162837"}],"wp:term":[{"taxonomy":"category","embeddable":true,"href":"https:\/\/tuzlainfo.ba\/index.php\/wp-json\/wp\/v2\/categories?post=162837"},{"taxonomy":"post_tag","embeddable":true,"href":"https:\/\/tuzlainfo.ba\/index.php\/wp-json\/wp\/v2\/tags?post=162837"}],"curies":[{"name":"wp","href":"https:\/\/api.w.org\/{rel}","templated":true}]}}