{"id":162805,"date":"2022-02-03T11:30:52","date_gmt":"2022-02-03T10:30:52","guid":{"rendered":"https:\/\/tuzlainfo.ba\/?p=162805"},"modified":"2022-02-03T13:05:35","modified_gmt":"2022-02-03T12:05:35","slug":"nova-zgrada-muzicke-skola-u-tuzli-bit-ce-zavrsena-u-martu-ove-godin","status":"publish","type":"post","link":"https:\/\/tuzlainfo.ba\/index.php\/uncategorized\/item\/162805-nova-zgrada-muzicke-skola-u-tuzli-bit-ce-zavrsena-u-martu-ove-godin\/","title":{"rendered":"Nova zgrada Muzi\u010dke \u0161kole u Tuzli bi mogla biti zavr\u0161ena u martu ove godine"},"content":{"rendered":"<p>Nova zgrada Muzi\u010dke \u0161kole u Tuzli svoja vrata bi mogla otvoriti ve\u0107 u martu ove godine. Rok za zavr\u0161etak je bio kraj pro\u0161le godine, ali zbog brojnih problema taj rok je produ\u017een.<\/p>\n<p>Planirano je da u\u010denici narednu \u0161kolsku godinu do\u010dekaju u novoj zgradi, a novina \u0107e \u0161to \u0107e u okviru \u0161kole biti izgra\u0111ena i prva koncertna dvorana u Bosni i Hercegovini.<\/p>\n<p>\u201cPo prvi put u TK i \u0161irokoj regiji pa \u010dak i u BiH bit \u0107e izgra\u0111enja i namjenska koncertna dvorana koja \u0107e slu\u017eiti za sve ekskluzivne javne doga\u0111aje u TK i Bosni i Hercegovini. Zna\u010dit \u0107e jedan veliki preokret koji se desio nakon 64 godine\u201d, kazao je u izjavi za RTV Slon Dejan Milkuni\u0107, direktor Srednje muzi\u010dke \u0161kole \u201c\u010cestmir Mirko Du\u0161ek\u201d Tuzla.<\/p>\n<p>U\u010denici osnovne i srednje Muzi\u010dke \u0161kole nastavu ve\u0107 godinama poha\u0111aju u O\u0160 Centar, \u0161to predstavlja problem s obzirom da ta \u0161kola broji i veliki broj svojih u\u010denika, a izgradnjom nove zgrade, taj problem \u0107e kona\u010dno biti rije\u0161en. <strong>\/A.B.\/<\/strong><\/p>\n","protected":false},"excerpt":{"rendered":"<p>Nova zgrada Muzi\u010dke \u0161kole u Tuzli svoja vrata bi mogla otvoriti ve\u0107 u martu ove&hellip;<\/p>\n","protected":false},"author":4,"featured_media":144563,"comment_status":"open","ping_status":"closed","sticky":false,"template":"","format":"standard","meta":{"_acf_changed":false,"footnotes":""},"categories":[304,12,1],"tags":[2462],"acf":[],"yoast_head":"<!-- This site is optimized with the Yoast SEO plugin v23.5 - https:\/\/yoast.com\/wordpress\/plugins\/seo\/ -->\n<title>Nova zgrada Muzi\u010dke \u0161kole u Tuzli bi mogla biti zavr\u0161ena u martu ove godine - TuzlaInfo.ba<\/title>\n<meta name=\"robots\" content=\"index, follow, max-snippet:-1, max-image-preview:large, max-video-preview:-1\" \/>\n<link rel=\"canonical\" href=\"https:\/\/tuzlainfo.ba\/index.php\/uncategorized\/item\/162805-nova-zgrada-muzicke-skola-u-tuzli-bit-ce-zavrsena-u-martu-ove-godin\/\" \/>\n<meta property=\"og:locale\" content=\"bs_BA\" \/>\n<meta property=\"og:type\" content=\"article\" \/>\n<meta property=\"og:title\" content=\"Nova zgrada Muzi\u010dke \u0161kole u Tuzli bi mogla biti zavr\u0161ena u martu ove godine - TuzlaInfo.ba\" \/>\n<meta property=\"og:description\" content=\"Nova zgrada Muzi\u010dke \u0161kole u Tuzli svoja vrata bi mogla otvoriti ve\u0107 u martu ove&hellip;\" \/>\n<meta property=\"og:url\" content=\"https:\/\/tuzlainfo.ba\/index.php\/uncategorized\/item\/162805-nova-zgrada-muzicke-skola-u-tuzli-bit-ce-zavrsena-u-martu-ove-godin\/\" \/>\n<meta property=\"og:site_name\" content=\"TuzlaInfo.ba\" \/>\n<meta property=\"article:publisher\" content=\"https:\/\/www.facebook.com\/tuzlainfo.ba\/\" \/>\n<meta property=\"article:published_time\" content=\"2022-02-03T10:30:52+00:00\" \/>\n<meta property=\"article:modified_time\" content=\"2022-02-03T12:05:35+00:00\" \/>\n<meta property=\"og:image\" content=\"https:\/\/tuzlainfo.ba\/wp-content\/uploads\/2021\/08\/1108_muzicka_skola_maketa.jpg\" \/>\n\t<meta property=\"og:image:width\" content=\"800\" \/>\n\t<meta property=\"og:image:height\" content=\"494\" \/>\n\t<meta property=\"og:image:type\" content=\"image\/jpeg\" \/>\n<meta name=\"author\" content=\"Tuzla Info\" \/>\n<meta name=\"twitter:card\" content=\"summary_large_image\" \/>\n<meta name=\"twitter:label1\" content=\"Written by\" \/>\n\t<meta name=\"twitter:data1\" content=\"Tuzla Info\" \/>\n\t<meta name=\"twitter:label2\" content=\"Est. reading time\" \/>\n\t<meta name=\"twitter:data2\" content=\"1 minuta\" \/>\n<script type=\"application\/ld+json\" class=\"yoast-schema-graph\">{\"@context\":\"https:\/\/schema.org\",\"@graph\":[{\"@type\":\"Article\",\"@id\":\"https:\/\/tuzlainfo.ba\/index.php\/uncategorized\/item\/162805-nova-zgrada-muzicke-skola-u-tuzli-bit-ce-zavrsena-u-martu-ove-godin\/#article\",\"isPartOf\":{\"@id\":\"https:\/\/tuzlainfo.ba\/index.php\/uncategorized\/item\/162805-nova-zgrada-muzicke-skola-u-tuzli-bit-ce-zavrsena-u-martu-ove-godin\/\"},\"author\":{\"name\":\"Tuzla Info\",\"@id\":\"https:\/\/tuzlainfo.ba\/#\/schema\/person\/46cad4c57790cbc50781edd14870825a\"},\"headline\":\"Nova zgrada Muzi\u010dke \u0161kole u Tuzli bi mogla biti zavr\u0161ena u martu ove godine\",\"datePublished\":\"2022-02-03T10:30:52+00:00\",\"dateModified\":\"2022-02-03T12:05:35+00:00\",\"mainEntityOfPage\":{\"@id\":\"https:\/\/tuzlainfo.ba\/index.php\/uncategorized\/item\/162805-nova-zgrada-muzicke-skola-u-tuzli-bit-ce-zavrsena-u-martu-ove-godin\/\"},\"wordCount\":196,\"commentCount\":0,\"publisher\":{\"@id\":\"https:\/\/tuzlainfo.ba\/#organization\"},\"image\":{\"@id\":\"https:\/\/tuzlainfo.ba\/index.php\/uncategorized\/item\/162805-nova-zgrada-muzicke-skola-u-tuzli-bit-ce-zavrsena-u-martu-ove-godin\/#primaryimage\"},\"thumbnailUrl\":\"https:\/\/tuzlainfo.ba\/wp-content\/uploads\/2021\/08\/1108_muzicka_skola_maketa.jpg\",\"keywords\":[\"muzi\u010dka \u0161kola tuzla\"],\"articleSection\":[\"Istaknuto\",\"Novosti\",\"Uncategorized\"],\"inLanguage\":\"bs-BA\"},{\"@type\":\"WebPage\",\"@id\":\"https:\/\/tuzlainfo.ba\/index.php\/uncategorized\/item\/162805-nova-zgrada-muzicke-skola-u-tuzli-bit-ce-zavrsena-u-martu-ove-godin\/\",\"url\":\"https:\/\/tuzlainfo.ba\/index.php\/uncategorized\/item\/162805-nova-zgrada-muzicke-skola-u-tuzli-bit-ce-zavrsena-u-martu-ove-godin\/\",\"name\":\"Nova zgrada Muzi\u010dke \u0161kole u Tuzli bi mogla biti zavr\u0161ena u martu ove godine - TuzlaInfo.ba\",\"isPartOf\":{\"@id\":\"https:\/\/tuzlainfo.ba\/#website\"},\"primaryImageOfPage\":{\"@id\":\"https:\/\/tuzlainfo.ba\/index.php\/uncategorized\/item\/162805-nova-zgrada-muzicke-skola-u-tuzli-bit-ce-zavrsena-u-martu-ove-godin\/#primaryimage\"},\"image\":{\"@id\":\"https:\/\/tuzlainfo.ba\/index.php\/uncategorized\/item\/162805-nova-zgrada-muzicke-skola-u-tuzli-bit-ce-zavrsena-u-martu-ove-godin\/#primaryimage\"},\"thumbnailUrl\":\"https:\/\/tuzlainfo.ba\/wp-content\/uploads\/2021\/08\/1108_muzicka_skola_maketa.jpg\",\"datePublished\":\"2022-02-03T10:30:52+00:00\",\"dateModified\":\"2022-02-03T12:05:35+00:00\",\"breadcrumb\":{\"@id\":\"https:\/\/tuzlainfo.ba\/index.php\/uncategorized\/item\/162805-nova-zgrada-muzicke-skola-u-tuzli-bit-ce-zavrsena-u-martu-ove-godin\/#breadcrumb\"},\"inLanguage\":\"bs-BA\",\"potentialAction\":[{\"@type\":\"ReadAction\",\"target\":[\"https:\/\/tuzlainfo.ba\/index.php\/uncategorized\/item\/162805-nova-zgrada-muzicke-skola-u-tuzli-bit-ce-zavrsena-u-martu-ove-godin\/\"]}]},{\"@type\":\"ImageObject\",\"inLanguage\":\"bs-BA\",\"@id\":\"https:\/\/tuzlainfo.ba\/index.php\/uncategorized\/item\/162805-nova-zgrada-muzicke-skola-u-tuzli-bit-ce-zavrsena-u-martu-ove-godin\/#primaryimage\",\"url\":\"https:\/\/tuzlainfo.ba\/wp-content\/uploads\/2021\/08\/1108_muzicka_skola_maketa.jpg\",\"contentUrl\":\"https:\/\/tuzlainfo.ba\/wp-content\/uploads\/2021\/08\/1108_muzicka_skola_maketa.jpg\",\"width\":800,\"height\":494},{\"@type\":\"BreadcrumbList\",\"@id\":\"https:\/\/tuzlainfo.ba\/index.php\/uncategorized\/item\/162805-nova-zgrada-muzicke-skola-u-tuzli-bit-ce-zavrsena-u-martu-ove-godin\/#breadcrumb\",\"itemListElement\":[{\"@type\":\"ListItem\",\"position\":1,\"name\":\"Home\",\"item\":\"https:\/\/tuzlainfo.ba\/\"},{\"@type\":\"ListItem\",\"position\":2,\"name\":\"Nova zgrada Muzi\u010dke \u0161kole u Tuzli bi mogla biti zavr\u0161ena u martu ove godine\"}]},{\"@type\":\"WebSite\",\"@id\":\"https:\/\/tuzlainfo.ba\/#website\",\"url\":\"https:\/\/tuzlainfo.ba\/\",\"name\":\"TuzlaInfo.ba\",\"description\":\"Tuzla info, gradski informator - Tuzla na dlanu\",\"publisher\":{\"@id\":\"https:\/\/tuzlainfo.ba\/#organization\"},\"potentialAction\":[{\"@type\":\"SearchAction\",\"target\":{\"@type\":\"EntryPoint\",\"urlTemplate\":\"https:\/\/tuzlainfo.ba\/?s={search_term_string}\"},\"query-input\":{\"@type\":\"PropertyValueSpecification\",\"valueRequired\":true,\"valueName\":\"search_term_string\"}}],\"inLanguage\":\"bs-BA\"},{\"@type\":\"Organization\",\"@id\":\"https:\/\/tuzlainfo.ba\/#organization\",\"name\":\"TuzlaInfo.ba\",\"url\":\"https:\/\/tuzlainfo.ba\/\",\"logo\":{\"@type\":\"ImageObject\",\"inLanguage\":\"bs-BA\",\"@id\":\"https:\/\/tuzlainfo.ba\/#\/schema\/logo\/image\/\",\"url\":\"https:\/\/tuzlainfo.ba\/wp-content\/uploads\/2021\/03\/logo-ver-3-1.png\",\"contentUrl\":\"https:\/\/tuzlainfo.ba\/wp-content\/uploads\/2021\/03\/logo-ver-3-1.png\",\"width\":350,\"height\":95,\"caption\":\"TuzlaInfo.ba\"},\"image\":{\"@id\":\"https:\/\/tuzlainfo.ba\/#\/schema\/logo\/image\/\"},\"sameAs\":[\"https:\/\/www.facebook.com\/tuzlainfo.ba\/\"]},{\"@type\":\"Person\",\"@id\":\"https:\/\/tuzlainfo.ba\/#\/schema\/person\/46cad4c57790cbc50781edd14870825a\",\"name\":\"Tuzla Info\",\"image\":{\"@type\":\"ImageObject\",\"inLanguage\":\"bs-BA\",\"@id\":\"https:\/\/tuzlainfo.ba\/#\/schema\/person\/image\/\",\"url\":\"https:\/\/tuzlainfo.ba\/wp-content\/litespeed\/avatar\/b6c453a6c38e3654f2e4416c643fc25c.jpg?ver=1777051911\",\"contentUrl\":\"https:\/\/tuzlainfo.ba\/wp-content\/litespeed\/avatar\/b6c453a6c38e3654f2e4416c643fc25c.jpg?ver=1777051911\",\"caption\":\"Tuzla Info\"}}]}<\/script>\n<!-- \/ Yoast SEO plugin. -->","yoast_head_json":{"title":"Nova zgrada Muzi\u010dke \u0161kole u Tuzli bi mogla biti zavr\u0161ena u martu ove godine - TuzlaInfo.ba","robots":{"index":"index","follow":"follow","max-snippet":"max-snippet:-1","max-image-preview":"max-image-preview:large","max-video-preview":"max-video-preview:-1"},"canonical":"https:\/\/tuzlainfo.ba\/index.php\/uncategorized\/item\/162805-nova-zgrada-muzicke-skola-u-tuzli-bit-ce-zavrsena-u-martu-ove-godin\/","og_locale":"bs_BA","og_type":"article","og_title":"Nova zgrada Muzi\u010dke \u0161kole u Tuzli bi mogla biti zavr\u0161ena u martu ove godine - TuzlaInfo.ba","og_description":"Nova zgrada Muzi\u010dke \u0161kole u Tuzli svoja vrata bi mogla otvoriti ve\u0107 u martu ove&hellip;","og_url":"https:\/\/tuzlainfo.ba\/index.php\/uncategorized\/item\/162805-nova-zgrada-muzicke-skola-u-tuzli-bit-ce-zavrsena-u-martu-ove-godin\/","og_site_name":"TuzlaInfo.ba","article_publisher":"https:\/\/www.facebook.com\/tuzlainfo.ba\/","article_published_time":"2022-02-03T10:30:52+00:00","article_modified_time":"2022-02-03T12:05:35+00:00","og_image":[{"width":800,"height":494,"url":"https:\/\/tuzlainfo.ba\/wp-content\/uploads\/2021\/08\/1108_muzicka_skola_maketa.jpg","type":"image\/jpeg"}],"author":"Tuzla Info","twitter_card":"summary_large_image","twitter_misc":{"Written by":"Tuzla Info","Est. reading time":"1 minuta"},"schema":{"@context":"https:\/\/schema.org","@graph":[{"@type":"Article","@id":"https:\/\/tuzlainfo.ba\/index.php\/uncategorized\/item\/162805-nova-zgrada-muzicke-skola-u-tuzli-bit-ce-zavrsena-u-martu-ove-godin\/#article","isPartOf":{"@id":"https:\/\/tuzlainfo.ba\/index.php\/uncategorized\/item\/162805-nova-zgrada-muzicke-skola-u-tuzli-bit-ce-zavrsena-u-martu-ove-godin\/"},"author":{"name":"Tuzla Info","@id":"https:\/\/tuzlainfo.ba\/#\/schema\/person\/46cad4c57790cbc50781edd14870825a"},"headline":"Nova zgrada Muzi\u010dke \u0161kole u Tuzli bi mogla biti zavr\u0161ena u martu ove godine","datePublished":"2022-02-03T10:30:52+00:00","dateModified":"2022-02-03T12:05:35+00:00","mainEntityOfPage":{"@id":"https:\/\/tuzlainfo.ba\/index.php\/uncategorized\/item\/162805-nova-zgrada-muzicke-skola-u-tuzli-bit-ce-zavrsena-u-martu-ove-godin\/"},"wordCount":196,"commentCount":0,"publisher":{"@id":"https:\/\/tuzlainfo.ba\/#organization"},"image":{"@id":"https:\/\/tuzlainfo.ba\/index.php\/uncategorized\/item\/162805-nova-zgrada-muzicke-skola-u-tuzli-bit-ce-zavrsena-u-martu-ove-godin\/#primaryimage"},"thumbnailUrl":"https:\/\/tuzlainfo.ba\/wp-content\/uploads\/2021\/08\/1108_muzicka_skola_maketa.jpg","keywords":["muzi\u010dka \u0161kola tuzla"],"articleSection":["Istaknuto","Novosti","Uncategorized"],"inLanguage":"bs-BA"},{"@type":"WebPage","@id":"https:\/\/tuzlainfo.ba\/index.php\/uncategorized\/item\/162805-nova-zgrada-muzicke-skola-u-tuzli-bit-ce-zavrsena-u-martu-ove-godin\/","url":"https:\/\/tuzlainfo.ba\/index.php\/uncategorized\/item\/162805-nova-zgrada-muzicke-skola-u-tuzli-bit-ce-zavrsena-u-martu-ove-godin\/","name":"Nova zgrada Muzi\u010dke \u0161kole u Tuzli bi mogla biti zavr\u0161ena u martu ove godine - TuzlaInfo.ba","isPartOf":{"@id":"https:\/\/tuzlainfo.ba\/#website"},"primaryImageOfPage":{"@id":"https:\/\/tuzlainfo.ba\/index.php\/uncategorized\/item\/162805-nova-zgrada-muzicke-skola-u-tuzli-bit-ce-zavrsena-u-martu-ove-godin\/#primaryimage"},"image":{"@id":"https:\/\/tuzlainfo.ba\/index.php\/uncategorized\/item\/162805-nova-zgrada-muzicke-skola-u-tuzli-bit-ce-zavrsena-u-martu-ove-godin\/#primaryimage"},"thumbnailUrl":"https:\/\/tuzlainfo.ba\/wp-content\/uploads\/2021\/08\/1108_muzicka_skola_maketa.jpg","datePublished":"2022-02-03T10:30:52+00:00","dateModified":"2022-02-03T12:05:35+00:00","breadcrumb":{"@id":"https:\/\/tuzlainfo.ba\/index.php\/uncategorized\/item\/162805-nova-zgrada-muzicke-skola-u-tuzli-bit-ce-zavrsena-u-martu-ove-godin\/#breadcrumb"},"inLanguage":"bs-BA","potentialAction":[{"@type":"ReadAction","target":["https:\/\/tuzlainfo.ba\/index.php\/uncategorized\/item\/162805-nova-zgrada-muzicke-skola-u-tuzli-bit-ce-zavrsena-u-martu-ove-godin\/"]}]},{"@type":"ImageObject","inLanguage":"bs-BA","@id":"https:\/\/tuzlainfo.ba\/index.php\/uncategorized\/item\/162805-nova-zgrada-muzicke-skola-u-tuzli-bit-ce-zavrsena-u-martu-ove-godin\/#primaryimage","url":"https:\/\/tuzlainfo.ba\/wp-content\/uploads\/2021\/08\/1108_muzicka_skola_maketa.jpg","contentUrl":"https:\/\/tuzlainfo.ba\/wp-content\/uploads\/2021\/08\/1108_muzicka_skola_maketa.jpg","width":800,"height":494},{"@type":"BreadcrumbList","@id":"https:\/\/tuzlainfo.ba\/index.php\/uncategorized\/item\/162805-nova-zgrada-muzicke-skola-u-tuzli-bit-ce-zavrsena-u-martu-ove-godin\/#breadcrumb","itemListElement":[{"@type":"ListItem","position":1,"name":"Home","item":"https:\/\/tuzlainfo.ba\/"},{"@type":"ListItem","position":2,"name":"Nova zgrada Muzi\u010dke \u0161kole u Tuzli bi mogla biti zavr\u0161ena u martu ove godine"}]},{"@type":"WebSite","@id":"https:\/\/tuzlainfo.ba\/#website","url":"https:\/\/tuzlainfo.ba\/","name":"TuzlaInfo.ba","description":"Tuzla info, gradski informator - Tuzla na dlanu","publisher":{"@id":"https:\/\/tuzlainfo.ba\/#organization"},"potentialAction":[{"@type":"SearchAction","target":{"@type":"EntryPoint","urlTemplate":"https:\/\/tuzlainfo.ba\/?s={search_term_string}"},"query-input":{"@type":"PropertyValueSpecification","valueRequired":true,"valueName":"search_term_string"}}],"inLanguage":"bs-BA"},{"@type":"Organization","@id":"https:\/\/tuzlainfo.ba\/#organization","name":"TuzlaInfo.ba","url":"https:\/\/tuzlainfo.ba\/","logo":{"@type":"ImageObject","inLanguage":"bs-BA","@id":"https:\/\/tuzlainfo.ba\/#\/schema\/logo\/image\/","url":"https:\/\/tuzlainfo.ba\/wp-content\/uploads\/2021\/03\/logo-ver-3-1.png","contentUrl":"https:\/\/tuzlainfo.ba\/wp-content\/uploads\/2021\/03\/logo-ver-3-1.png","width":350,"height":95,"caption":"TuzlaInfo.ba"},"image":{"@id":"https:\/\/tuzlainfo.ba\/#\/schema\/logo\/image\/"},"sameAs":["https:\/\/www.facebook.com\/tuzlainfo.ba\/"]},{"@type":"Person","@id":"https:\/\/tuzlainfo.ba\/#\/schema\/person\/46cad4c57790cbc50781edd14870825a","name":"Tuzla Info","image":{"@type":"ImageObject","inLanguage":"bs-BA","@id":"https:\/\/tuzlainfo.ba\/#\/schema\/person\/image\/","url":"https:\/\/tuzlainfo.ba\/wp-content\/litespeed\/avatar\/b6c453a6c38e3654f2e4416c643fc25c.jpg?ver=1777051911","contentUrl":"https:\/\/tuzlainfo.ba\/wp-content\/litespeed\/avatar\/b6c453a6c38e3654f2e4416c643fc25c.jpg?ver=1777051911","caption":"Tuzla Info"}}]}},"_links":{"self":[{"href":"https:\/\/tuzlainfo.ba\/index.php\/wp-json\/wp\/v2\/posts\/162805"}],"collection":[{"href":"https:\/\/tuzlainfo.ba\/index.php\/wp-json\/wp\/v2\/posts"}],"about":[{"href":"https:\/\/tuzlainfo.ba\/index.php\/wp-json\/wp\/v2\/types\/post"}],"author":[{"embeddable":true,"href":"https:\/\/tuzlainfo.ba\/index.php\/wp-json\/wp\/v2\/users\/4"}],"replies":[{"embeddable":true,"href":"https:\/\/tuzlainfo.ba\/index.php\/wp-json\/wp\/v2\/comments?post=162805"}],"version-history":[{"count":0,"href":"https:\/\/tuzlainfo.ba\/index.php\/wp-json\/wp\/v2\/posts\/162805\/revisions"}],"wp:featuredmedia":[{"embeddable":true,"href":"https:\/\/tuzlainfo.ba\/index.php\/wp-json\/wp\/v2\/media\/144563"}],"wp:attachment":[{"href":"https:\/\/tuzlainfo.ba\/index.php\/wp-json\/wp\/v2\/media?parent=162805"}],"wp:term":[{"taxonomy":"category","embeddable":true,"href":"https:\/\/tuzlainfo.ba\/index.php\/wp-json\/wp\/v2\/categories?post=162805"},{"taxonomy":"post_tag","embeddable":true,"href":"https:\/\/tuzlainfo.ba\/index.php\/wp-json\/wp\/v2\/tags?post=162805"}],"curies":[{"name":"wp","href":"https:\/\/api.w.org\/{rel}","templated":true}]}}