{"id":162668,"date":"2022-02-01T21:50:36","date_gmt":"2022-02-01T20:50:36","guid":{"rendered":"https:\/\/tuzlainfo.ba\/?p=162668"},"modified":"2022-02-01T21:51:09","modified_gmt":"2022-02-01T20:51:09","slug":"elzina-piric-svi-koji-imaju-oraha-u-dzepovima-nekla-ih-povade-na-vakat","status":"publish","type":"post","link":"https:\/\/tuzlainfo.ba\/index.php\/novosti\/item\/162668-elzina-piric-svi-koji-imaju-oraha-u-dzepovima-nekla-ih-povade-na-vakat\/","title":{"rendered":"Elzina Piri\u0107 : Svi koji imaju oraha u d\u017eepovima nekla ih povade na vakat!"},"content":{"rendered":"<p>Elzina Piri\u0107, trenutna predsjednica PDA danas je za <a href=\"https:\/\/ba.n1info.com\/vijesti\/piric-porucujem-svima-onima-koji-imaju-oraha-u-dzepovima-da-ih-povade-na-vakat\/\"><strong>N1<\/strong><\/a> govorila o aktuelnoj politi\u010dkoj situaciji u BiH, Mirsadu Kuki\u0107u koji se povukao sa \u010dela ove stranke i budu\u0107im planovima.<\/p>\n<p>Na pitanje kakav je osje\u0107aj biti jedina \u017eena na \u010delu neke stranke u BiH, kazala je<\/p>\n<p>\u201cTako je. Osje\u0107am se po\u010dastvovano, osje\u0107am se dovedena u situaciju u kojoj nije nimalo lako biti \u017eena u politici u BiH, jer mi smo dru\u0161tvo koje nije blagonaklono prema \u017eenama koje ho\u0107e i umiju da rade. Vrlo je lak\u0161e ne biti predsjednik politi\u010dke partije u BiH\u201d.<\/p>\n<p>Kazala je da je za nju bilo neprijatno iznena\u0111enje kada je rije\u010d o Mirsadu Kuki\u0107u i ameri\u010dkim sankcijama.<\/p>\n<p>\u201c<strong>Za mene je to bilo neprijatno iznena\u0111enje, kao neko ko je u\u010desnik u procesima u BiH proteklih 10-15 godina. Mislim da gospodin Kuki\u0107 nije trebao se na\u0107i na ovoj listi, bar nekako je ru\u017eno da \u010dovjeka koji je cijeli \u017eivot dao za BiH stavite u grupu sa ljudima koji se smatraju razgraditeljima BiH. \u0160ta je tu je, SAD i State Department su najve\u0107i prijatelji BiH i mi moramo nekada shvatiti i njihove reakcije, ali mogu vam re\u0107i da mi pripremamo pismo prema Ameri\u010dkoj ambasadi sa \u017eeljom da nas prime jer smatramo da je prevelik utjecaj odre\u0111enih ljudi<\/strong>\u201c.<\/p>\n<p>Kako to da patriota bude osu\u0111en za trgovinu utjecajem?<\/p>\n<p>\u201c<strong>Ja vas moram podsjetiti da je presuda za trgovinu utjecajem nepravosna\u017ena. Sudske presude niti treba niti \u017eelimo komentarisati, gospodin Kuki\u0107 je bio direktor rudnika prije 21 godinu. Izre\u010dena mu je sankcija, on je uredno odslu\u017eio propisanu sankciiju i poslije toga je pro\u0161lo toliko vremena da je ta sanckija brisana po krivi\u010dnom procesu. Kada imate sistem kojem se suprostavljate i jasno i glasno govorite da ne\u0161to ne valja i ne treba da raditi, ljudi naprave procese protiv vas<\/strong>\u201c, kazala je Piri\u0107.<\/p>\n<p>\u201cVelika je razlika izme\u0111u respiratora i ovoga. Velika je razlika izme\u0111u neimanja diplome, pa imamo aferu Asim i druge, pa opet ni\u0161ta. Zar nemate dojam da samo oni koji ne misle kao retrogradna vlast zavr\u0161e u aferama?\u201d, dodala je ona.<\/p>\n<p>\u201cSvako ima pravo u ovoj zemlji da misli ono \u0161to \u017eeli, to je demokratsko pravo. Ja sam imala dojam da \u0107emo mi razgovarati o meni kao prvoj \u017eeni i politi\u010dkom subjektu kojeg prvi put predstavljate u svojoj emisiji\u201d.<\/p>\n<p>Piri\u0107 ka\u017ee da je najbolji komentar na potez Mirsada Kuki\u0107a dao ambasador Eric Nelson.<\/p>\n<p>\u201cNajbolji komentar na potez gospodina Kuki\u0107a dao je uva\u017eeni ambasador Nelson sino\u0107 na BHT gdje je pohvalio veliki napredak i dr\u017eavni\u010dki potez gospodina Kuki\u0107a. To je poruka svim politi\u010darima u BiH, kada dospiju na listu trebaju odstupiti sa ove funkcije\u201d.<\/p>\n<p>Na pitanje da prokomentari\u0161e kako danas gleda na svoju izjavu upravo o Kuki\u0107u: \u201cTog dana je Mevla rodila Mirsada Kuki\u0107a i nikada vi\u0161e\u201d?, kazala je:<\/p>\n<p>\u201c<strong>Isto kao i tada. Kada novinari \u017eele da ne\u0161to nedobronamjerno ne\u0161to spinuje, on to vrlo lako napravi. Ja sam tu izjavu kazala jo\u0161 na najmanje \u0161est predizbornih skupova prije toga i niko to nije objavio. Dan pred izbore i izbornu \u0161utnju je bila prijeka potreba da se to uradi. Prije gospodina Kuki\u0107a u rudarskom gradu Banovi\u0107ima, nijedan jedini Bo\u0161njak nije radio ni na jednoj odgovornoj poziciji. U Banovi\u0107ima je nastavni kadar bio prvenstveno iz Crne Gore, prvi koji je diplomirao u Beogradu i vratio nama nadu iz Banovi\u0107a da mi mo\u017eemo biti na nekim pozicijama je doktor Kuki\u0107. Ne\u0161to \u0161to je izvu\u010deno iz konteksta nije dobronamjerno na\u017ealost<\/strong>\u201c.<\/p>\n<p>Ponovila je da su SAD najve\u0107i prijatelj BiH.<\/p>\n<p>\u201c<strong>Ja sam vam ve\u0107 kazala da su SAD najve\u0107i prijatelj BiH, oni to godinama pokazuju naspram nas. Gospodin Kom\u0161i\u0107 i Izetbegovi\u0107 su skloni svakakvim idejama i manipulacijama, 27 godina vladaju i imamo distribuciju prava u zemlji koja nije jednaka prema svakom pojedincu. Ima tu svega, ali o tom po tom. Gospodin Kuki\u0107 \u0107e sam tra\u017eiti prijem kod ameri\u010dkog ambasadora i razgovarati na tu temu. Mi smo stranka koja je u zastupni\u010dkim tijelima na svim nivoima vlasti, tako da \u017eelimo jednak tretman kao sve politi\u010dke stranke<\/strong>\u201c.<\/p>\n<p>Piri\u0107 je poru\u010dila da ona \u201cnema oraha u d\u017eepovima\u201d, ali da ima poruku za one koji imaju.<\/p>\n<p>\u201c<strong>Ja nemam oraha u d\u017eepovima, ali poru\u010dujem svim onima koji imaju oraha u d\u017eepovima da ih povade na vakat jer TK i Vlada TK na \u010delu sa Kadrijom Hod\u017ei\u0107em kre\u0107e u obra\u010dun sa sistemskom korupcijom i provjerom porijekla imovine izabranih zvani\u010dnika<\/strong>\u201c. <a href=\"https:\/\/ba.n1info.com\/vijesti\/piric-porucujem-svima-onima-koji-imaju-oraha-u-dzepovima-da-ih-povade-na-vakat\/\"><strong>\/N1\/<\/strong><\/a><\/p>\n","protected":false},"excerpt":{"rendered":"<p>Elzina Piri\u0107, trenutna predsjednica PDA danas je za N1 govorila o aktuelnoj politi\u010dkoj situaciji u&hellip;<\/p>\n","protected":false},"author":2,"featured_media":151067,"comment_status":"open","ping_status":"closed","sticky":false,"template":"","format":"standard","meta":{"_acf_changed":false,"footnotes":""},"categories":[304,12],"tags":[1385],"acf":[],"yoast_head":"<!-- This site is optimized with the Yoast SEO plugin v23.5 - https:\/\/yoast.com\/wordpress\/plugins\/seo\/ -->\n<title>Elzina Piri\u0107 : Svi koji imaju oraha u d\u017eepovima nekla ih povade na vakat! - TuzlaInfo.ba<\/title>\n<meta name=\"robots\" content=\"index, follow, max-snippet:-1, max-image-preview:large, max-video-preview:-1\" \/>\n<link rel=\"canonical\" href=\"https:\/\/tuzlainfo.ba\/index.php\/novosti\/item\/162668-elzina-piric-svi-koji-imaju-oraha-u-dzepovima-nekla-ih-povade-na-vakat\/\" \/>\n<meta property=\"og:locale\" content=\"bs_BA\" \/>\n<meta property=\"og:type\" content=\"article\" \/>\n<meta property=\"og:title\" content=\"Elzina Piri\u0107 : Svi koji imaju oraha u d\u017eepovima nekla ih povade na vakat! - TuzlaInfo.ba\" \/>\n<meta property=\"og:description\" content=\"Elzina Piri\u0107, trenutna predsjednica PDA danas je za N1 govorila o aktuelnoj politi\u010dkoj situaciji u&hellip;\" \/>\n<meta property=\"og:url\" content=\"https:\/\/tuzlainfo.ba\/index.php\/novosti\/item\/162668-elzina-piric-svi-koji-imaju-oraha-u-dzepovima-nekla-ih-povade-na-vakat\/\" \/>\n<meta property=\"og:site_name\" content=\"TuzlaInfo.ba\" \/>\n<meta property=\"article:publisher\" content=\"https:\/\/www.facebook.com\/tuzlainfo.ba\/\" \/>\n<meta property=\"article:published_time\" content=\"2022-02-01T20:50:36+00:00\" \/>\n<meta property=\"article:modified_time\" content=\"2022-02-01T20:51:09+00:00\" \/>\n<meta property=\"og:image\" content=\"https:\/\/tuzlainfo.ba\/wp-content\/uploads\/2021\/10\/1610_PDA_elzina_piric.jpg\" \/>\n\t<meta property=\"og:image:width\" content=\"960\" \/>\n\t<meta property=\"og:image:height\" content=\"640\" \/>\n\t<meta property=\"og:image:type\" content=\"image\/jpeg\" \/>\n<meta name=\"author\" content=\"nedim\" \/>\n<meta name=\"twitter:card\" content=\"summary_large_image\" \/>\n<meta name=\"twitter:label1\" content=\"Written by\" \/>\n\t<meta name=\"twitter:data1\" content=\"nedim\" \/>\n\t<meta name=\"twitter:label2\" content=\"Est. reading time\" \/>\n\t<meta name=\"twitter:data2\" content=\"4 minute\" \/>\n<script type=\"application\/ld+json\" class=\"yoast-schema-graph\">{\"@context\":\"https:\/\/schema.org\",\"@graph\":[{\"@type\":\"Article\",\"@id\":\"https:\/\/tuzlainfo.ba\/index.php\/novosti\/item\/162668-elzina-piric-svi-koji-imaju-oraha-u-dzepovima-nekla-ih-povade-na-vakat\/#article\",\"isPartOf\":{\"@id\":\"https:\/\/tuzlainfo.ba\/index.php\/novosti\/item\/162668-elzina-piric-svi-koji-imaju-oraha-u-dzepovima-nekla-ih-povade-na-vakat\/\"},\"author\":{\"name\":\"nedim\",\"@id\":\"https:\/\/tuzlainfo.ba\/#\/schema\/person\/f434e20dc27ea133923aab08451b7f7f\"},\"headline\":\"Elzina Piri\u0107 : Svi koji imaju oraha u d\u017eepovima nekla ih povade na vakat!\",\"datePublished\":\"2022-02-01T20:50:36+00:00\",\"dateModified\":\"2022-02-01T20:51:09+00:00\",\"mainEntityOfPage\":{\"@id\":\"https:\/\/tuzlainfo.ba\/index.php\/novosti\/item\/162668-elzina-piric-svi-koji-imaju-oraha-u-dzepovima-nekla-ih-povade-na-vakat\/\"},\"wordCount\":796,\"commentCount\":0,\"publisher\":{\"@id\":\"https:\/\/tuzlainfo.ba\/#organization\"},\"image\":{\"@id\":\"https:\/\/tuzlainfo.ba\/index.php\/novosti\/item\/162668-elzina-piric-svi-koji-imaju-oraha-u-dzepovima-nekla-ih-povade-na-vakat\/#primaryimage\"},\"thumbnailUrl\":\"https:\/\/tuzlainfo.ba\/wp-content\/uploads\/2021\/10\/1610_PDA_elzina_piric.jpg\",\"keywords\":[\"elzina piri\u0107\"],\"articleSection\":[\"Istaknuto\",\"Novosti\"],\"inLanguage\":\"bs-BA\"},{\"@type\":\"WebPage\",\"@id\":\"https:\/\/tuzlainfo.ba\/index.php\/novosti\/item\/162668-elzina-piric-svi-koji-imaju-oraha-u-dzepovima-nekla-ih-povade-na-vakat\/\",\"url\":\"https:\/\/tuzlainfo.ba\/index.php\/novosti\/item\/162668-elzina-piric-svi-koji-imaju-oraha-u-dzepovima-nekla-ih-povade-na-vakat\/\",\"name\":\"Elzina Piri\u0107 : Svi koji imaju oraha u d\u017eepovima nekla ih povade na vakat! - TuzlaInfo.ba\",\"isPartOf\":{\"@id\":\"https:\/\/tuzlainfo.ba\/#website\"},\"primaryImageOfPage\":{\"@id\":\"https:\/\/tuzlainfo.ba\/index.php\/novosti\/item\/162668-elzina-piric-svi-koji-imaju-oraha-u-dzepovima-nekla-ih-povade-na-vakat\/#primaryimage\"},\"image\":{\"@id\":\"https:\/\/tuzlainfo.ba\/index.php\/novosti\/item\/162668-elzina-piric-svi-koji-imaju-oraha-u-dzepovima-nekla-ih-povade-na-vakat\/#primaryimage\"},\"thumbnailUrl\":\"https:\/\/tuzlainfo.ba\/wp-content\/uploads\/2021\/10\/1610_PDA_elzina_piric.jpg\",\"datePublished\":\"2022-02-01T20:50:36+00:00\",\"dateModified\":\"2022-02-01T20:51:09+00:00\",\"breadcrumb\":{\"@id\":\"https:\/\/tuzlainfo.ba\/index.php\/novosti\/item\/162668-elzina-piric-svi-koji-imaju-oraha-u-dzepovima-nekla-ih-povade-na-vakat\/#breadcrumb\"},\"inLanguage\":\"bs-BA\",\"potentialAction\":[{\"@type\":\"ReadAction\",\"target\":[\"https:\/\/tuzlainfo.ba\/index.php\/novosti\/item\/162668-elzina-piric-svi-koji-imaju-oraha-u-dzepovima-nekla-ih-povade-na-vakat\/\"]}]},{\"@type\":\"ImageObject\",\"inLanguage\":\"bs-BA\",\"@id\":\"https:\/\/tuzlainfo.ba\/index.php\/novosti\/item\/162668-elzina-piric-svi-koji-imaju-oraha-u-dzepovima-nekla-ih-povade-na-vakat\/#primaryimage\",\"url\":\"https:\/\/tuzlainfo.ba\/wp-content\/uploads\/2021\/10\/1610_PDA_elzina_piric.jpg\",\"contentUrl\":\"https:\/\/tuzlainfo.ba\/wp-content\/uploads\/2021\/10\/1610_PDA_elzina_piric.jpg\",\"width\":960,\"height\":640},{\"@type\":\"BreadcrumbList\",\"@id\":\"https:\/\/tuzlainfo.ba\/index.php\/novosti\/item\/162668-elzina-piric-svi-koji-imaju-oraha-u-dzepovima-nekla-ih-povade-na-vakat\/#breadcrumb\",\"itemListElement\":[{\"@type\":\"ListItem\",\"position\":1,\"name\":\"Home\",\"item\":\"https:\/\/tuzlainfo.ba\/\"},{\"@type\":\"ListItem\",\"position\":2,\"name\":\"Elzina Piri\u0107 : Svi koji imaju oraha u d\u017eepovima nekla ih povade na vakat!\"}]},{\"@type\":\"WebSite\",\"@id\":\"https:\/\/tuzlainfo.ba\/#website\",\"url\":\"https:\/\/tuzlainfo.ba\/\",\"name\":\"TuzlaInfo.ba\",\"description\":\"Tuzla info, gradski informator - Tuzla na dlanu\",\"publisher\":{\"@id\":\"https:\/\/tuzlainfo.ba\/#organization\"},\"potentialAction\":[{\"@type\":\"SearchAction\",\"target\":{\"@type\":\"EntryPoint\",\"urlTemplate\":\"https:\/\/tuzlainfo.ba\/?s={search_term_string}\"},\"query-input\":{\"@type\":\"PropertyValueSpecification\",\"valueRequired\":true,\"valueName\":\"search_term_string\"}}],\"inLanguage\":\"bs-BA\"},{\"@type\":\"Organization\",\"@id\":\"https:\/\/tuzlainfo.ba\/#organization\",\"name\":\"TuzlaInfo.ba\",\"url\":\"https:\/\/tuzlainfo.ba\/\",\"logo\":{\"@type\":\"ImageObject\",\"inLanguage\":\"bs-BA\",\"@id\":\"https:\/\/tuzlainfo.ba\/#\/schema\/logo\/image\/\",\"url\":\"https:\/\/tuzlainfo.ba\/wp-content\/uploads\/2021\/03\/logo-ver-3-1.png\",\"contentUrl\":\"https:\/\/tuzlainfo.ba\/wp-content\/uploads\/2021\/03\/logo-ver-3-1.png\",\"width\":350,\"height\":95,\"caption\":\"TuzlaInfo.ba\"},\"image\":{\"@id\":\"https:\/\/tuzlainfo.ba\/#\/schema\/logo\/image\/\"},\"sameAs\":[\"https:\/\/www.facebook.com\/tuzlainfo.ba\/\"]},{\"@type\":\"Person\",\"@id\":\"https:\/\/tuzlainfo.ba\/#\/schema\/person\/f434e20dc27ea133923aab08451b7f7f\",\"name\":\"nedim\",\"image\":{\"@type\":\"ImageObject\",\"inLanguage\":\"bs-BA\",\"@id\":\"https:\/\/tuzlainfo.ba\/#\/schema\/person\/image\/\",\"url\":\"https:\/\/tuzlainfo.ba\/wp-content\/litespeed\/avatar\/aabad687af24844af817603ac1cbdc4f.jpg?ver=1777306975\",\"contentUrl\":\"https:\/\/tuzlainfo.ba\/wp-content\/litespeed\/avatar\/aabad687af24844af817603ac1cbdc4f.jpg?ver=1777306975\",\"caption\":\"nedim\"},\"description\":\"Tuzlainfo.ba pratite na dru\u0161tvenim mre\u017eama: Facebook, Instagram i Youtube. Svoje pri\u010de, upite i fotografije \u0161aljite na na\u0161u e-mail adresu.\"}]}<\/script>\n<!-- \/ Yoast SEO plugin. -->","yoast_head_json":{"title":"Elzina Piri\u0107 : Svi koji imaju oraha u d\u017eepovima nekla ih povade na vakat! - TuzlaInfo.ba","robots":{"index":"index","follow":"follow","max-snippet":"max-snippet:-1","max-image-preview":"max-image-preview:large","max-video-preview":"max-video-preview:-1"},"canonical":"https:\/\/tuzlainfo.ba\/index.php\/novosti\/item\/162668-elzina-piric-svi-koji-imaju-oraha-u-dzepovima-nekla-ih-povade-na-vakat\/","og_locale":"bs_BA","og_type":"article","og_title":"Elzina Piri\u0107 : Svi koji imaju oraha u d\u017eepovima nekla ih povade na vakat! - TuzlaInfo.ba","og_description":"Elzina Piri\u0107, trenutna predsjednica PDA danas je za N1 govorila o aktuelnoj politi\u010dkoj situaciji u&hellip;","og_url":"https:\/\/tuzlainfo.ba\/index.php\/novosti\/item\/162668-elzina-piric-svi-koji-imaju-oraha-u-dzepovima-nekla-ih-povade-na-vakat\/","og_site_name":"TuzlaInfo.ba","article_publisher":"https:\/\/www.facebook.com\/tuzlainfo.ba\/","article_published_time":"2022-02-01T20:50:36+00:00","article_modified_time":"2022-02-01T20:51:09+00:00","og_image":[{"width":960,"height":640,"url":"https:\/\/tuzlainfo.ba\/wp-content\/uploads\/2021\/10\/1610_PDA_elzina_piric.jpg","type":"image\/jpeg"}],"author":"nedim","twitter_card":"summary_large_image","twitter_misc":{"Written by":"nedim","Est. reading time":"4 minute"},"schema":{"@context":"https:\/\/schema.org","@graph":[{"@type":"Article","@id":"https:\/\/tuzlainfo.ba\/index.php\/novosti\/item\/162668-elzina-piric-svi-koji-imaju-oraha-u-dzepovima-nekla-ih-povade-na-vakat\/#article","isPartOf":{"@id":"https:\/\/tuzlainfo.ba\/index.php\/novosti\/item\/162668-elzina-piric-svi-koji-imaju-oraha-u-dzepovima-nekla-ih-povade-na-vakat\/"},"author":{"name":"nedim","@id":"https:\/\/tuzlainfo.ba\/#\/schema\/person\/f434e20dc27ea133923aab08451b7f7f"},"headline":"Elzina Piri\u0107 : Svi koji imaju oraha u d\u017eepovima nekla ih povade na vakat!","datePublished":"2022-02-01T20:50:36+00:00","dateModified":"2022-02-01T20:51:09+00:00","mainEntityOfPage":{"@id":"https:\/\/tuzlainfo.ba\/index.php\/novosti\/item\/162668-elzina-piric-svi-koji-imaju-oraha-u-dzepovima-nekla-ih-povade-na-vakat\/"},"wordCount":796,"commentCount":0,"publisher":{"@id":"https:\/\/tuzlainfo.ba\/#organization"},"image":{"@id":"https:\/\/tuzlainfo.ba\/index.php\/novosti\/item\/162668-elzina-piric-svi-koji-imaju-oraha-u-dzepovima-nekla-ih-povade-na-vakat\/#primaryimage"},"thumbnailUrl":"https:\/\/tuzlainfo.ba\/wp-content\/uploads\/2021\/10\/1610_PDA_elzina_piric.jpg","keywords":["elzina piri\u0107"],"articleSection":["Istaknuto","Novosti"],"inLanguage":"bs-BA"},{"@type":"WebPage","@id":"https:\/\/tuzlainfo.ba\/index.php\/novosti\/item\/162668-elzina-piric-svi-koji-imaju-oraha-u-dzepovima-nekla-ih-povade-na-vakat\/","url":"https:\/\/tuzlainfo.ba\/index.php\/novosti\/item\/162668-elzina-piric-svi-koji-imaju-oraha-u-dzepovima-nekla-ih-povade-na-vakat\/","name":"Elzina Piri\u0107 : Svi koji imaju oraha u d\u017eepovima nekla ih povade na vakat! - TuzlaInfo.ba","isPartOf":{"@id":"https:\/\/tuzlainfo.ba\/#website"},"primaryImageOfPage":{"@id":"https:\/\/tuzlainfo.ba\/index.php\/novosti\/item\/162668-elzina-piric-svi-koji-imaju-oraha-u-dzepovima-nekla-ih-povade-na-vakat\/#primaryimage"},"image":{"@id":"https:\/\/tuzlainfo.ba\/index.php\/novosti\/item\/162668-elzina-piric-svi-koji-imaju-oraha-u-dzepovima-nekla-ih-povade-na-vakat\/#primaryimage"},"thumbnailUrl":"https:\/\/tuzlainfo.ba\/wp-content\/uploads\/2021\/10\/1610_PDA_elzina_piric.jpg","datePublished":"2022-02-01T20:50:36+00:00","dateModified":"2022-02-01T20:51:09+00:00","breadcrumb":{"@id":"https:\/\/tuzlainfo.ba\/index.php\/novosti\/item\/162668-elzina-piric-svi-koji-imaju-oraha-u-dzepovima-nekla-ih-povade-na-vakat\/#breadcrumb"},"inLanguage":"bs-BA","potentialAction":[{"@type":"ReadAction","target":["https:\/\/tuzlainfo.ba\/index.php\/novosti\/item\/162668-elzina-piric-svi-koji-imaju-oraha-u-dzepovima-nekla-ih-povade-na-vakat\/"]}]},{"@type":"ImageObject","inLanguage":"bs-BA","@id":"https:\/\/tuzlainfo.ba\/index.php\/novosti\/item\/162668-elzina-piric-svi-koji-imaju-oraha-u-dzepovima-nekla-ih-povade-na-vakat\/#primaryimage","url":"https:\/\/tuzlainfo.ba\/wp-content\/uploads\/2021\/10\/1610_PDA_elzina_piric.jpg","contentUrl":"https:\/\/tuzlainfo.ba\/wp-content\/uploads\/2021\/10\/1610_PDA_elzina_piric.jpg","width":960,"height":640},{"@type":"BreadcrumbList","@id":"https:\/\/tuzlainfo.ba\/index.php\/novosti\/item\/162668-elzina-piric-svi-koji-imaju-oraha-u-dzepovima-nekla-ih-povade-na-vakat\/#breadcrumb","itemListElement":[{"@type":"ListItem","position":1,"name":"Home","item":"https:\/\/tuzlainfo.ba\/"},{"@type":"ListItem","position":2,"name":"Elzina Piri\u0107 : Svi koji imaju oraha u d\u017eepovima nekla ih povade na vakat!"}]},{"@type":"WebSite","@id":"https:\/\/tuzlainfo.ba\/#website","url":"https:\/\/tuzlainfo.ba\/","name":"TuzlaInfo.ba","description":"Tuzla info, gradski informator - Tuzla na dlanu","publisher":{"@id":"https:\/\/tuzlainfo.ba\/#organization"},"potentialAction":[{"@type":"SearchAction","target":{"@type":"EntryPoint","urlTemplate":"https:\/\/tuzlainfo.ba\/?s={search_term_string}"},"query-input":{"@type":"PropertyValueSpecification","valueRequired":true,"valueName":"search_term_string"}}],"inLanguage":"bs-BA"},{"@type":"Organization","@id":"https:\/\/tuzlainfo.ba\/#organization","name":"TuzlaInfo.ba","url":"https:\/\/tuzlainfo.ba\/","logo":{"@type":"ImageObject","inLanguage":"bs-BA","@id":"https:\/\/tuzlainfo.ba\/#\/schema\/logo\/image\/","url":"https:\/\/tuzlainfo.ba\/wp-content\/uploads\/2021\/03\/logo-ver-3-1.png","contentUrl":"https:\/\/tuzlainfo.ba\/wp-content\/uploads\/2021\/03\/logo-ver-3-1.png","width":350,"height":95,"caption":"TuzlaInfo.ba"},"image":{"@id":"https:\/\/tuzlainfo.ba\/#\/schema\/logo\/image\/"},"sameAs":["https:\/\/www.facebook.com\/tuzlainfo.ba\/"]},{"@type":"Person","@id":"https:\/\/tuzlainfo.ba\/#\/schema\/person\/f434e20dc27ea133923aab08451b7f7f","name":"nedim","image":{"@type":"ImageObject","inLanguage":"bs-BA","@id":"https:\/\/tuzlainfo.ba\/#\/schema\/person\/image\/","url":"https:\/\/tuzlainfo.ba\/wp-content\/litespeed\/avatar\/aabad687af24844af817603ac1cbdc4f.jpg?ver=1777306975","contentUrl":"https:\/\/tuzlainfo.ba\/wp-content\/litespeed\/avatar\/aabad687af24844af817603ac1cbdc4f.jpg?ver=1777306975","caption":"nedim"},"description":"Tuzlainfo.ba pratite na dru\u0161tvenim mre\u017eama: Facebook, Instagram i Youtube. Svoje pri\u010de, upite i fotografije \u0161aljite na na\u0161u e-mail adresu."}]}},"_links":{"self":[{"href":"https:\/\/tuzlainfo.ba\/index.php\/wp-json\/wp\/v2\/posts\/162668"}],"collection":[{"href":"https:\/\/tuzlainfo.ba\/index.php\/wp-json\/wp\/v2\/posts"}],"about":[{"href":"https:\/\/tuzlainfo.ba\/index.php\/wp-json\/wp\/v2\/types\/post"}],"author":[{"embeddable":true,"href":"https:\/\/tuzlainfo.ba\/index.php\/wp-json\/wp\/v2\/users\/2"}],"replies":[{"embeddable":true,"href":"https:\/\/tuzlainfo.ba\/index.php\/wp-json\/wp\/v2\/comments?post=162668"}],"version-history":[{"count":0,"href":"https:\/\/tuzlainfo.ba\/index.php\/wp-json\/wp\/v2\/posts\/162668\/revisions"}],"wp:featuredmedia":[{"embeddable":true,"href":"https:\/\/tuzlainfo.ba\/index.php\/wp-json\/wp\/v2\/media\/151067"}],"wp:attachment":[{"href":"https:\/\/tuzlainfo.ba\/index.php\/wp-json\/wp\/v2\/media?parent=162668"}],"wp:term":[{"taxonomy":"category","embeddable":true,"href":"https:\/\/tuzlainfo.ba\/index.php\/wp-json\/wp\/v2\/categories?post=162668"},{"taxonomy":"post_tag","embeddable":true,"href":"https:\/\/tuzlainfo.ba\/index.php\/wp-json\/wp\/v2\/tags?post=162668"}],"curies":[{"name":"wp","href":"https:\/\/api.w.org\/{rel}","templated":true}]}}