{"id":162613,"date":"2022-02-01T13:43:25","date_gmt":"2022-02-01T12:43:25","guid":{"rendered":"https:\/\/tuzlainfo.ba\/?p=162613"},"modified":"2022-02-01T13:43:25","modified_gmt":"2022-02-01T12:43:25","slug":"video-vukanovic-se-sukobio-sa-obezbjedjenjem-zeljke-cvijanovic","status":"publish","type":"post","link":"https:\/\/tuzlainfo.ba\/index.php\/bosna-i-hercegovina\/item\/162613-video-vukanovic-se-sukobio-sa-obezbjedjenjem-zeljke-cvijanovic\/","title":{"rendered":"\/VIDEO\/ Vukanovi\u0107 se sukobio sa obezbje\u0111enjem \u017deljke Cvijanovi\u0107"},"content":{"rendered":"<div id=\"excerpt\" class=\"mt-5 md:mt-2 xl:mt-3 mb-5 font-sans font-semibold text-lg lg:text-xl leading-6 md:leading-7\">\n<p class=\"lead\">Nezavisni poslanik u Narodnoj skup\u0161tini Republike Srpske Neboj\u0161a Vukanovi\u0107 prije dana\u0161nje sjednice imao je okr\u0161aj s obezbje\u0111enjem predsjednice tog entiteta \u017deljke Cvijanovi\u0107.<\/p>\n<\/div>\n<div class=\"bg-gray-100\"><\/div>\n<div id=\"text\" class=\"break-words mt-3 prose prose-md prose-indigo text-lg lg:text-xl space-y-4 mb-3 leading-6 md:leading-7\">\n<p>Naime, prije po\u010detka sjednice Vukanovi\u0107, koji je poznat po svom aktivizmu, video-uradcima i iznimno kriti\u010dkim pristupom prema vlastima \u017eelio je uzeti izjavu predsjednice Cvijanovi\u0107.<\/p>\n<div class=\"embed-container\">\n<p><iframe title=\"NEVJEROVATNO Obezbe\u0111enje \u017deljke Cvijanovi\u0107 napalo poslanika u holu Narodne skup\u0161tine  SRPSKE\" width=\"1170\" height=\"658\" src=\"https:\/\/www.youtube.com\/embed\/fmILcyO4gYQ?feature=oembed\" frameborder=\"0\" allow=\"accelerometer; autoplay; clipboard-write; encrypted-media; gyroscope; picture-in-picture\" allowfullscreen><\/iframe><\/p>\n<\/div>\n<p>Tra\u017eio je komentar Cvijanovi\u0107 o tome kako komentira \u010dinjenicu da su je izvi\u017edali borci vojske RS-a koji protestuju ispred zgrade NSRS-a.<\/p>\n<p>Cvijanovi\u0107 se nije osvrtala te je pro\u0161la, ali je obezbje\u0111enje predsjednice RS-a poku\u0161alo sprije\u010diti Vukanovi\u0107a da snima.<\/p>\n<p>On se pobunio i naglasio da je narodni poslanik te da ima pravo snimati. Potom je upitao: &#8220;Ho\u0107e\u0161 li mi to opaliti \u0161amar&#8221;.<\/p>\n<p>U videoprilogu pogledajte cijeli incident.<\/p>\n<\/div>\n","protected":false},"excerpt":{"rendered":"<p>Nezavisni poslanik u Narodnoj skup\u0161tini Republike Srpske Neboj\u0161a Vukanovi\u0107 prije dana\u0161nje sjednice imao je okr\u0161aj&hellip;<\/p>\n","protected":false},"author":4,"featured_media":162614,"comment_status":"open","ping_status":"closed","sticky":false,"template":"","format":"standard","meta":{"_acf_changed":false,"footnotes":""},"categories":[291],"tags":[1341],"acf":[],"yoast_head":"<!-- This site is optimized with the Yoast SEO plugin v23.5 - https:\/\/yoast.com\/wordpress\/plugins\/seo\/ -->\n<title>\/VIDEO\/ Vukanovi\u0107 se sukobio sa obezbje\u0111enjem \u017deljke Cvijanovi\u0107 - TuzlaInfo.ba<\/title>\n<meta name=\"robots\" content=\"index, follow, max-snippet:-1, max-image-preview:large, max-video-preview:-1\" \/>\n<link rel=\"canonical\" href=\"https:\/\/tuzlainfo.ba\/index.php\/bosna-i-hercegovina\/item\/162613-video-vukanovic-se-sukobio-sa-obezbjedjenjem-zeljke-cvijanovic\/\" \/>\n<meta property=\"og:locale\" content=\"bs_BA\" \/>\n<meta property=\"og:type\" content=\"article\" \/>\n<meta property=\"og:title\" content=\"\/VIDEO\/ Vukanovi\u0107 se sukobio sa obezbje\u0111enjem \u017deljke Cvijanovi\u0107 - TuzlaInfo.ba\" \/>\n<meta property=\"og:description\" content=\"Nezavisni poslanik u Narodnoj skup\u0161tini Republike Srpske Neboj\u0161a Vukanovi\u0107 prije dana\u0161nje sjednice imao je okr\u0161aj&hellip;\" \/>\n<meta property=\"og:url\" content=\"https:\/\/tuzlainfo.ba\/index.php\/bosna-i-hercegovina\/item\/162613-video-vukanovic-se-sukobio-sa-obezbjedjenjem-zeljke-cvijanovic\/\" \/>\n<meta property=\"og:site_name\" content=\"TuzlaInfo.ba\" \/>\n<meta property=\"article:publisher\" content=\"https:\/\/www.facebook.com\/tuzlainfo.ba\/\" \/>\n<meta property=\"article:published_time\" content=\"2022-02-01T12:43:25+00:00\" \/>\n<meta property=\"og:image\" content=\"https:\/\/tuzlainfo.ba\/wp-content\/uploads\/2022\/02\/0102_vukanovic.jpg\" \/>\n\t<meta property=\"og:image:width\" content=\"770\" \/>\n\t<meta property=\"og:image:height\" content=\"511\" \/>\n\t<meta property=\"og:image:type\" content=\"image\/jpeg\" \/>\n<meta name=\"author\" content=\"Tuzla Info\" \/>\n<meta name=\"twitter:card\" content=\"summary_large_image\" \/>\n<meta name=\"twitter:label1\" content=\"Written by\" \/>\n\t<meta name=\"twitter:data1\" content=\"Tuzla Info\" \/>\n\t<meta name=\"twitter:label2\" content=\"Est. reading time\" \/>\n\t<meta name=\"twitter:data2\" content=\"1 minuta\" \/>\n<script type=\"application\/ld+json\" class=\"yoast-schema-graph\">{\"@context\":\"https:\/\/schema.org\",\"@graph\":[{\"@type\":\"Article\",\"@id\":\"https:\/\/tuzlainfo.ba\/index.php\/bosna-i-hercegovina\/item\/162613-video-vukanovic-se-sukobio-sa-obezbjedjenjem-zeljke-cvijanovic\/#article\",\"isPartOf\":{\"@id\":\"https:\/\/tuzlainfo.ba\/index.php\/bosna-i-hercegovina\/item\/162613-video-vukanovic-se-sukobio-sa-obezbjedjenjem-zeljke-cvijanovic\/\"},\"author\":{\"name\":\"Tuzla Info\",\"@id\":\"https:\/\/tuzlainfo.ba\/#\/schema\/person\/46cad4c57790cbc50781edd14870825a\"},\"headline\":\"\/VIDEO\/ Vukanovi\u0107 se sukobio sa obezbje\u0111enjem \u017deljke Cvijanovi\u0107\",\"datePublished\":\"2022-02-01T12:43:25+00:00\",\"dateModified\":\"2022-02-01T12:43:25+00:00\",\"mainEntityOfPage\":{\"@id\":\"https:\/\/tuzlainfo.ba\/index.php\/bosna-i-hercegovina\/item\/162613-video-vukanovic-se-sukobio-sa-obezbjedjenjem-zeljke-cvijanovic\/\"},\"wordCount\":146,\"commentCount\":0,\"publisher\":{\"@id\":\"https:\/\/tuzlainfo.ba\/#organization\"},\"image\":{\"@id\":\"https:\/\/tuzlainfo.ba\/index.php\/bosna-i-hercegovina\/item\/162613-video-vukanovic-se-sukobio-sa-obezbjedjenjem-zeljke-cvijanovic\/#primaryimage\"},\"thumbnailUrl\":\"https:\/\/tuzlainfo.ba\/wp-content\/uploads\/2022\/02\/0102_vukanovic.jpg\",\"keywords\":[\"neboj\u0161a Vukanovi\u0107\"],\"articleSection\":[\"Bosna i Hercegovina\"],\"inLanguage\":\"bs-BA\"},{\"@type\":\"WebPage\",\"@id\":\"https:\/\/tuzlainfo.ba\/index.php\/bosna-i-hercegovina\/item\/162613-video-vukanovic-se-sukobio-sa-obezbjedjenjem-zeljke-cvijanovic\/\",\"url\":\"https:\/\/tuzlainfo.ba\/index.php\/bosna-i-hercegovina\/item\/162613-video-vukanovic-se-sukobio-sa-obezbjedjenjem-zeljke-cvijanovic\/\",\"name\":\"\/VIDEO\/ Vukanovi\u0107 se sukobio sa obezbje\u0111enjem \u017deljke Cvijanovi\u0107 - TuzlaInfo.ba\",\"isPartOf\":{\"@id\":\"https:\/\/tuzlainfo.ba\/#website\"},\"primaryImageOfPage\":{\"@id\":\"https:\/\/tuzlainfo.ba\/index.php\/bosna-i-hercegovina\/item\/162613-video-vukanovic-se-sukobio-sa-obezbjedjenjem-zeljke-cvijanovic\/#primaryimage\"},\"image\":{\"@id\":\"https:\/\/tuzlainfo.ba\/index.php\/bosna-i-hercegovina\/item\/162613-video-vukanovic-se-sukobio-sa-obezbjedjenjem-zeljke-cvijanovic\/#primaryimage\"},\"thumbnailUrl\":\"https:\/\/tuzlainfo.ba\/wp-content\/uploads\/2022\/02\/0102_vukanovic.jpg\",\"datePublished\":\"2022-02-01T12:43:25+00:00\",\"dateModified\":\"2022-02-01T12:43:25+00:00\",\"breadcrumb\":{\"@id\":\"https:\/\/tuzlainfo.ba\/index.php\/bosna-i-hercegovina\/item\/162613-video-vukanovic-se-sukobio-sa-obezbjedjenjem-zeljke-cvijanovic\/#breadcrumb\"},\"inLanguage\":\"bs-BA\",\"potentialAction\":[{\"@type\":\"ReadAction\",\"target\":[\"https:\/\/tuzlainfo.ba\/index.php\/bosna-i-hercegovina\/item\/162613-video-vukanovic-se-sukobio-sa-obezbjedjenjem-zeljke-cvijanovic\/\"]}]},{\"@type\":\"ImageObject\",\"inLanguage\":\"bs-BA\",\"@id\":\"https:\/\/tuzlainfo.ba\/index.php\/bosna-i-hercegovina\/item\/162613-video-vukanovic-se-sukobio-sa-obezbjedjenjem-zeljke-cvijanovic\/#primaryimage\",\"url\":\"https:\/\/tuzlainfo.ba\/wp-content\/uploads\/2022\/02\/0102_vukanovic.jpg\",\"contentUrl\":\"https:\/\/tuzlainfo.ba\/wp-content\/uploads\/2022\/02\/0102_vukanovic.jpg\",\"width\":770,\"height\":511},{\"@type\":\"BreadcrumbList\",\"@id\":\"https:\/\/tuzlainfo.ba\/index.php\/bosna-i-hercegovina\/item\/162613-video-vukanovic-se-sukobio-sa-obezbjedjenjem-zeljke-cvijanovic\/#breadcrumb\",\"itemListElement\":[{\"@type\":\"ListItem\",\"position\":1,\"name\":\"Home\",\"item\":\"https:\/\/tuzlainfo.ba\/\"},{\"@type\":\"ListItem\",\"position\":2,\"name\":\"\/VIDEO\/ Vukanovi\u0107 se sukobio sa obezbje\u0111enjem \u017deljke Cvijanovi\u0107\"}]},{\"@type\":\"WebSite\",\"@id\":\"https:\/\/tuzlainfo.ba\/#website\",\"url\":\"https:\/\/tuzlainfo.ba\/\",\"name\":\"TuzlaInfo.ba\",\"description\":\"Tuzla info, gradski informator - Tuzla na dlanu\",\"publisher\":{\"@id\":\"https:\/\/tuzlainfo.ba\/#organization\"},\"potentialAction\":[{\"@type\":\"SearchAction\",\"target\":{\"@type\":\"EntryPoint\",\"urlTemplate\":\"https:\/\/tuzlainfo.ba\/?s={search_term_string}\"},\"query-input\":{\"@type\":\"PropertyValueSpecification\",\"valueRequired\":true,\"valueName\":\"search_term_string\"}}],\"inLanguage\":\"bs-BA\"},{\"@type\":\"Organization\",\"@id\":\"https:\/\/tuzlainfo.ba\/#organization\",\"name\":\"TuzlaInfo.ba\",\"url\":\"https:\/\/tuzlainfo.ba\/\",\"logo\":{\"@type\":\"ImageObject\",\"inLanguage\":\"bs-BA\",\"@id\":\"https:\/\/tuzlainfo.ba\/#\/schema\/logo\/image\/\",\"url\":\"https:\/\/tuzlainfo.ba\/wp-content\/uploads\/2021\/03\/logo-ver-3-1.png\",\"contentUrl\":\"https:\/\/tuzlainfo.ba\/wp-content\/uploads\/2021\/03\/logo-ver-3-1.png\",\"width\":350,\"height\":95,\"caption\":\"TuzlaInfo.ba\"},\"image\":{\"@id\":\"https:\/\/tuzlainfo.ba\/#\/schema\/logo\/image\/\"},\"sameAs\":[\"https:\/\/www.facebook.com\/tuzlainfo.ba\/\"]},{\"@type\":\"Person\",\"@id\":\"https:\/\/tuzlainfo.ba\/#\/schema\/person\/46cad4c57790cbc50781edd14870825a\",\"name\":\"Tuzla Info\",\"image\":{\"@type\":\"ImageObject\",\"inLanguage\":\"bs-BA\",\"@id\":\"https:\/\/tuzlainfo.ba\/#\/schema\/person\/image\/\",\"url\":\"https:\/\/tuzlainfo.ba\/wp-content\/litespeed\/avatar\/b6c453a6c38e3654f2e4416c643fc25c.jpg?ver=1777051911\",\"contentUrl\":\"https:\/\/tuzlainfo.ba\/wp-content\/litespeed\/avatar\/b6c453a6c38e3654f2e4416c643fc25c.jpg?ver=1777051911\",\"caption\":\"Tuzla Info\"}}]}<\/script>\n<!-- \/ Yoast SEO plugin. -->","yoast_head_json":{"title":"\/VIDEO\/ Vukanovi\u0107 se sukobio sa obezbje\u0111enjem \u017deljke Cvijanovi\u0107 - TuzlaInfo.ba","robots":{"index":"index","follow":"follow","max-snippet":"max-snippet:-1","max-image-preview":"max-image-preview:large","max-video-preview":"max-video-preview:-1"},"canonical":"https:\/\/tuzlainfo.ba\/index.php\/bosna-i-hercegovina\/item\/162613-video-vukanovic-se-sukobio-sa-obezbjedjenjem-zeljke-cvijanovic\/","og_locale":"bs_BA","og_type":"article","og_title":"\/VIDEO\/ Vukanovi\u0107 se sukobio sa obezbje\u0111enjem \u017deljke Cvijanovi\u0107 - TuzlaInfo.ba","og_description":"Nezavisni poslanik u Narodnoj skup\u0161tini Republike Srpske Neboj\u0161a Vukanovi\u0107 prije dana\u0161nje sjednice imao je okr\u0161aj&hellip;","og_url":"https:\/\/tuzlainfo.ba\/index.php\/bosna-i-hercegovina\/item\/162613-video-vukanovic-se-sukobio-sa-obezbjedjenjem-zeljke-cvijanovic\/","og_site_name":"TuzlaInfo.ba","article_publisher":"https:\/\/www.facebook.com\/tuzlainfo.ba\/","article_published_time":"2022-02-01T12:43:25+00:00","og_image":[{"width":770,"height":511,"url":"https:\/\/tuzlainfo.ba\/wp-content\/uploads\/2022\/02\/0102_vukanovic.jpg","type":"image\/jpeg"}],"author":"Tuzla Info","twitter_card":"summary_large_image","twitter_misc":{"Written by":"Tuzla Info","Est. reading time":"1 minuta"},"schema":{"@context":"https:\/\/schema.org","@graph":[{"@type":"Article","@id":"https:\/\/tuzlainfo.ba\/index.php\/bosna-i-hercegovina\/item\/162613-video-vukanovic-se-sukobio-sa-obezbjedjenjem-zeljke-cvijanovic\/#article","isPartOf":{"@id":"https:\/\/tuzlainfo.ba\/index.php\/bosna-i-hercegovina\/item\/162613-video-vukanovic-se-sukobio-sa-obezbjedjenjem-zeljke-cvijanovic\/"},"author":{"name":"Tuzla Info","@id":"https:\/\/tuzlainfo.ba\/#\/schema\/person\/46cad4c57790cbc50781edd14870825a"},"headline":"\/VIDEO\/ Vukanovi\u0107 se sukobio sa obezbje\u0111enjem \u017deljke Cvijanovi\u0107","datePublished":"2022-02-01T12:43:25+00:00","dateModified":"2022-02-01T12:43:25+00:00","mainEntityOfPage":{"@id":"https:\/\/tuzlainfo.ba\/index.php\/bosna-i-hercegovina\/item\/162613-video-vukanovic-se-sukobio-sa-obezbjedjenjem-zeljke-cvijanovic\/"},"wordCount":146,"commentCount":0,"publisher":{"@id":"https:\/\/tuzlainfo.ba\/#organization"},"image":{"@id":"https:\/\/tuzlainfo.ba\/index.php\/bosna-i-hercegovina\/item\/162613-video-vukanovic-se-sukobio-sa-obezbjedjenjem-zeljke-cvijanovic\/#primaryimage"},"thumbnailUrl":"https:\/\/tuzlainfo.ba\/wp-content\/uploads\/2022\/02\/0102_vukanovic.jpg","keywords":["neboj\u0161a Vukanovi\u0107"],"articleSection":["Bosna i Hercegovina"],"inLanguage":"bs-BA"},{"@type":"WebPage","@id":"https:\/\/tuzlainfo.ba\/index.php\/bosna-i-hercegovina\/item\/162613-video-vukanovic-se-sukobio-sa-obezbjedjenjem-zeljke-cvijanovic\/","url":"https:\/\/tuzlainfo.ba\/index.php\/bosna-i-hercegovina\/item\/162613-video-vukanovic-se-sukobio-sa-obezbjedjenjem-zeljke-cvijanovic\/","name":"\/VIDEO\/ Vukanovi\u0107 se sukobio sa obezbje\u0111enjem \u017deljke Cvijanovi\u0107 - TuzlaInfo.ba","isPartOf":{"@id":"https:\/\/tuzlainfo.ba\/#website"},"primaryImageOfPage":{"@id":"https:\/\/tuzlainfo.ba\/index.php\/bosna-i-hercegovina\/item\/162613-video-vukanovic-se-sukobio-sa-obezbjedjenjem-zeljke-cvijanovic\/#primaryimage"},"image":{"@id":"https:\/\/tuzlainfo.ba\/index.php\/bosna-i-hercegovina\/item\/162613-video-vukanovic-se-sukobio-sa-obezbjedjenjem-zeljke-cvijanovic\/#primaryimage"},"thumbnailUrl":"https:\/\/tuzlainfo.ba\/wp-content\/uploads\/2022\/02\/0102_vukanovic.jpg","datePublished":"2022-02-01T12:43:25+00:00","dateModified":"2022-02-01T12:43:25+00:00","breadcrumb":{"@id":"https:\/\/tuzlainfo.ba\/index.php\/bosna-i-hercegovina\/item\/162613-video-vukanovic-se-sukobio-sa-obezbjedjenjem-zeljke-cvijanovic\/#breadcrumb"},"inLanguage":"bs-BA","potentialAction":[{"@type":"ReadAction","target":["https:\/\/tuzlainfo.ba\/index.php\/bosna-i-hercegovina\/item\/162613-video-vukanovic-se-sukobio-sa-obezbjedjenjem-zeljke-cvijanovic\/"]}]},{"@type":"ImageObject","inLanguage":"bs-BA","@id":"https:\/\/tuzlainfo.ba\/index.php\/bosna-i-hercegovina\/item\/162613-video-vukanovic-se-sukobio-sa-obezbjedjenjem-zeljke-cvijanovic\/#primaryimage","url":"https:\/\/tuzlainfo.ba\/wp-content\/uploads\/2022\/02\/0102_vukanovic.jpg","contentUrl":"https:\/\/tuzlainfo.ba\/wp-content\/uploads\/2022\/02\/0102_vukanovic.jpg","width":770,"height":511},{"@type":"BreadcrumbList","@id":"https:\/\/tuzlainfo.ba\/index.php\/bosna-i-hercegovina\/item\/162613-video-vukanovic-se-sukobio-sa-obezbjedjenjem-zeljke-cvijanovic\/#breadcrumb","itemListElement":[{"@type":"ListItem","position":1,"name":"Home","item":"https:\/\/tuzlainfo.ba\/"},{"@type":"ListItem","position":2,"name":"\/VIDEO\/ Vukanovi\u0107 se sukobio sa obezbje\u0111enjem \u017deljke Cvijanovi\u0107"}]},{"@type":"WebSite","@id":"https:\/\/tuzlainfo.ba\/#website","url":"https:\/\/tuzlainfo.ba\/","name":"TuzlaInfo.ba","description":"Tuzla info, gradski informator - Tuzla na dlanu","publisher":{"@id":"https:\/\/tuzlainfo.ba\/#organization"},"potentialAction":[{"@type":"SearchAction","target":{"@type":"EntryPoint","urlTemplate":"https:\/\/tuzlainfo.ba\/?s={search_term_string}"},"query-input":{"@type":"PropertyValueSpecification","valueRequired":true,"valueName":"search_term_string"}}],"inLanguage":"bs-BA"},{"@type":"Organization","@id":"https:\/\/tuzlainfo.ba\/#organization","name":"TuzlaInfo.ba","url":"https:\/\/tuzlainfo.ba\/","logo":{"@type":"ImageObject","inLanguage":"bs-BA","@id":"https:\/\/tuzlainfo.ba\/#\/schema\/logo\/image\/","url":"https:\/\/tuzlainfo.ba\/wp-content\/uploads\/2021\/03\/logo-ver-3-1.png","contentUrl":"https:\/\/tuzlainfo.ba\/wp-content\/uploads\/2021\/03\/logo-ver-3-1.png","width":350,"height":95,"caption":"TuzlaInfo.ba"},"image":{"@id":"https:\/\/tuzlainfo.ba\/#\/schema\/logo\/image\/"},"sameAs":["https:\/\/www.facebook.com\/tuzlainfo.ba\/"]},{"@type":"Person","@id":"https:\/\/tuzlainfo.ba\/#\/schema\/person\/46cad4c57790cbc50781edd14870825a","name":"Tuzla Info","image":{"@type":"ImageObject","inLanguage":"bs-BA","@id":"https:\/\/tuzlainfo.ba\/#\/schema\/person\/image\/","url":"https:\/\/tuzlainfo.ba\/wp-content\/litespeed\/avatar\/b6c453a6c38e3654f2e4416c643fc25c.jpg?ver=1777051911","contentUrl":"https:\/\/tuzlainfo.ba\/wp-content\/litespeed\/avatar\/b6c453a6c38e3654f2e4416c643fc25c.jpg?ver=1777051911","caption":"Tuzla Info"}}]}},"_links":{"self":[{"href":"https:\/\/tuzlainfo.ba\/index.php\/wp-json\/wp\/v2\/posts\/162613"}],"collection":[{"href":"https:\/\/tuzlainfo.ba\/index.php\/wp-json\/wp\/v2\/posts"}],"about":[{"href":"https:\/\/tuzlainfo.ba\/index.php\/wp-json\/wp\/v2\/types\/post"}],"author":[{"embeddable":true,"href":"https:\/\/tuzlainfo.ba\/index.php\/wp-json\/wp\/v2\/users\/4"}],"replies":[{"embeddable":true,"href":"https:\/\/tuzlainfo.ba\/index.php\/wp-json\/wp\/v2\/comments?post=162613"}],"version-history":[{"count":0,"href":"https:\/\/tuzlainfo.ba\/index.php\/wp-json\/wp\/v2\/posts\/162613\/revisions"}],"wp:featuredmedia":[{"embeddable":true,"href":"https:\/\/tuzlainfo.ba\/index.php\/wp-json\/wp\/v2\/media\/162614"}],"wp:attachment":[{"href":"https:\/\/tuzlainfo.ba\/index.php\/wp-json\/wp\/v2\/media?parent=162613"}],"wp:term":[{"taxonomy":"category","embeddable":true,"href":"https:\/\/tuzlainfo.ba\/index.php\/wp-json\/wp\/v2\/categories?post=162613"},{"taxonomy":"post_tag","embeddable":true,"href":"https:\/\/tuzlainfo.ba\/index.php\/wp-json\/wp\/v2\/tags?post=162613"}],"curies":[{"name":"wp","href":"https:\/\/api.w.org\/{rel}","templated":true}]}}