{"id":162610,"date":"2022-02-01T17:00:18","date_gmt":"2022-02-01T16:00:18","guid":{"rendered":"https:\/\/tuzlainfo.ba\/?p=162610"},"modified":"2022-02-01T15:19:46","modified_gmt":"2022-02-01T14:19:46","slug":"kameric-samo-u-januaru-110-uposlenika-ukc-a-bilo-covid-pozitivno","status":"publish","type":"post","link":"https:\/\/tuzlainfo.ba\/index.php\/novosti\/item\/162610-kameric-samo-u-januaru-110-uposlenika-ukc-a-bilo-covid-pozitivno\/","title":{"rendered":"Kameri\u0107: Samo u januaru 110 uposlenika UKC-a bilo COVID pozitivno"},"content":{"rendered":"<p>U Tuzlanskom kantonu i tokom pro\u0161le sedmice je nastavljen trend porasta broja osoba pozitivnih na Korona virus, re\u010deno je na dana\u0161njem sastanku institucija zadu\u017eenih za provedbu mjera i kontrolu \u0161irenja COVID-19 na podru\u010dju Tuzlanskog kantona. Prema rije\u010dima ministra zdravstva TK Bo\u017ee Juri\u0107a, u proteklih 7 dana od 4.921 testirane osobe evidentirano je njih 2.574 novooboljelih, \u0161to je procent od 52,3% i predstavlja blago pove\u0107anje u odnosu na prethodnu sedmicu.<\/p>\n<p>Tokom proteklih 7 dana umrlo je 45 osoba, \u0161to je zna\u010dajno vi\u0161e u odnosu na sedmicu ranije kada su umrle 23 osobe. Kada je u pitanju hospitalizacija pacijenata koji boluju od COVID-a-19 i klini\u010dka slika oboljelih direktor JZU UKC Tuzla Alen Kameri\u0107 isti\u010de da je u ovoj zdravstvenoj ustanovi hospitalizirano ukupno 115 COVID pozitivnih pacijenata. Njih 12 je smje\u0161teno u respiratornom centru, a na mehani\u010dko &#8211; invazivnu ventilaciju su spojena tri pacijenta.<\/p>\n<p>U posljednja 24 sata evidentirana su i nova 3 smrtna slu\u010daja, a 7-oro COVID pozitivne djece je smje\u0161teno na Klinici za dje\u010dije bolesti UKC-a.<\/p>\n<p>\u201eOno \u0161to se mora istaknuti jeste i \u010dinjenica da je samo u januaru 110 uposlenika UKC-a bilo COVID pozitivno. Te osobe bile su van radnih procesa i takve situacije neminovno utje\u010du i na kvalitet zdravstvene usluge\u201c, kazao je direktor Kameri\u0107.<\/p>\n<p>Uz sve navedeno zabrinjava i \u010dinjenica da interes za vakcinaciju na podru\u010dju Tuzlanskog kantona osjetno slabi. S tim u vezi direktor Doma zdravlja Tuzla Suad Bijedi\u0107 danas je najavio da \u0107e Dom zdravlja Tuzla, u saradnji sa kompanijom Bingo, tokom predstoje\u0107eg vikenda otvoriti dodatni vakcinalni punkt u Bingo City Centru u Tuzli, te \u0107e svi zainteresirani gra\u0111ani i na ovaj na\u010din mo\u0107i u\u010diniti dodatni korak ka imunizaciji. Vakcinalni punkt \u0107e biti otvoren od 09:00 do 16:00 sati.<\/p>\n<p>Ministar Juri\u0107 tako\u0111er je najavio da \u0107e Krizni \u0161tab u narednim danima provo\u0111enje sli\u010dnih aktivnosti i otvaranje vakcinalnih punktova u okvirima tr\u017enih centara sugerisati i svim ostalim domovima zdravlja u gradovima i op\u0107inama u na\u0161em kantonu.<\/p>\n<p>Na kraju sastanka jo\u0161 jednom je akcentirano da je trenutna situacija rezultat isklju\u010divo evidentnog nepridr\u017eavanja i nepo\u0161tivanja propisanih higijensko \u2013 epidemiolo\u0161kih mjera.<\/p>\n<p>Tuzlanski kanton se ni po \u010demu ne razlikuje od ostatka FBiH, BiH i pa i zemalja u okru\u017eenju. Te se ne mo\u017ee o\u010dekivati niti bi bilo djelotvorno da Tuzlanski kanton uvodi neke specifi\u010dne mjere samo na ovom mikropodru\u010dju, slo\u017eili su se danas u\u010desnici sastanka.<\/p>\n<p>Najve\u0107i efekat u ovom momentu ima kori\u0161tenje li\u010dnih sredstava za\u0161tite i vlastita odgovornost svakog gra\u0111anina da po\u0161tuje mjere i time za\u0161titi i sebe i druge. Vakcinacija i dosljedno provo\u0111enje postoje\u0107ih preporuka, posebno kada su u pitanju mjesta ve\u0107ih okupljanja, \u0161kola i tr\u017enih centara, najefikasnije su mjere koje dugoro\u010dno mogu dovesti do pobolj\u0161anja epidemiolo\u0161ke situacije, zaklju\u010deno je na sastanku.<\/p>\n","protected":false},"excerpt":{"rendered":"<p>U Tuzlanskom kantonu i tokom pro\u0161le sedmice je nastavljen trend porasta broja osoba pozitivnih na Korona virus, re\u010deno je na dana\u0161njem sastanku institucija zadu\u017eenih za provedbu mjera i kontrolu \u0161irenja COVID-19 na podru\u010dju Tuzlanskog kantona. Prema rije\u010dima ministra zdravstva TK Bo\u017ee Juri\u0107a, u proteklih 7 dana od 4.921 testirane osobe evidentirano je njih 2.574 novooboljelih, [&hellip;]<\/p>\n","protected":false},"author":2,"featured_media":140680,"comment_status":"open","ping_status":"closed","sticky":false,"template":"","format":"standard","meta":{"footnotes":""},"categories":[304,12],"tags":[1450],"class_list":["post-162610","post","type-post","status-publish","format-standard","has-post-thumbnail","hentry","category-istaknuto","category-novosti","tag-alen-kameric"],"yoast_head":"<!-- This site is optimized with the Yoast SEO plugin v28.4 - https:\/\/yoast.com\/product\/yoast-seo-wordpress\/ -->\n<title>Kameri\u0107: Samo u januaru 110 uposlenika UKC-a bilo COVID pozitivno<\/title>\n<meta name=\"robots\" content=\"index, follow, max-snippet:-1, max-image-preview:large, max-video-preview:-1\" \/>\n<link rel=\"canonical\" href=\"https:\/\/tuzlainfo.ba\/index.php\/novosti\/item\/162610-kameric-samo-u-januaru-110-uposlenika-ukc-a-bilo-covid-pozitivno\/\" \/>\n<meta property=\"og:locale\" content=\"bs_BA\" \/>\n<meta property=\"og:type\" content=\"article\" \/>\n<meta property=\"og:title\" content=\"Kameri\u0107: Samo u januaru 110 uposlenika UKC-a bilo COVID pozitivno\" \/>\n<meta property=\"og:description\" content=\"U Tuzlanskom kantonu i tokom pro\u0161le sedmice je nastavljen trend porasta broja osoba pozitivnih na Korona virus, re\u010deno je na dana\u0161njem sastanku institucija zadu\u017eenih za provedbu mjera i kontrolu \u0161irenja COVID-19 na podru\u010dju Tuzlanskog kantona. Prema rije\u010dima ministra zdravstva TK Bo\u017ee Juri\u0107a, u proteklih 7 dana od 4.921 testirane osobe evidentirano je njih 2.574 novooboljelih, [&hellip;]\" \/>\n<meta property=\"og:url\" content=\"https:\/\/tuzlainfo.ba\/index.php\/novosti\/item\/162610-kameric-samo-u-januaru-110-uposlenika-ukc-a-bilo-covid-pozitivno\/\" \/>\n<meta property=\"og:site_name\" content=\"TuzlaInfo.ba\" \/>\n<meta property=\"article:publisher\" content=\"https:\/\/www.facebook.com\/tuzlainfo.ba\/\" \/>\n<meta property=\"article:published_time\" content=\"2022-02-01T16:00:18+00:00\" \/>\n<meta property=\"og:image\" content=\"https:\/\/tuzlainfo.ba\/wp-content\/uploads\/2021\/07\/0107_alen-kameric.jpg\" \/>\n\t<meta property=\"og:image:width\" content=\"1462\" \/>\n\t<meta property=\"og:image:height\" content=\"817\" \/>\n\t<meta property=\"og:image:type\" content=\"image\/jpeg\" \/>\n<meta name=\"author\" content=\"nedim\" \/>\n<meta name=\"twitter:card\" content=\"summary_large_image\" \/>\n<meta name=\"twitter:label1\" content=\"Written by\" \/>\n\t<meta name=\"twitter:data1\" content=\"nedim\" \/>\n\t<meta name=\"twitter:label2\" content=\"Est. reading time\" \/>\n\t<meta name=\"twitter:data2\" content=\"2 minute\" \/>\n<script type=\"application\/ld+json\" class=\"yoast-schema-graph\">{\"@context\":\"https:\\\/\\\/schema.org\",\"@graph\":[{\"@type\":\"Article\",\"@id\":\"https:\\\/\\\/tuzlainfo.ba\\\/index.php\\\/novosti\\\/item\\\/162610-kameric-samo-u-januaru-110-uposlenika-ukc-a-bilo-covid-pozitivno\\\/#article\",\"isPartOf\":{\"@id\":\"https:\\\/\\\/tuzlainfo.ba\\\/index.php\\\/novosti\\\/item\\\/162610-kameric-samo-u-januaru-110-uposlenika-ukc-a-bilo-covid-pozitivno\\\/\"},\"author\":{\"name\":\"nedim\",\"@id\":\"https:\\\/\\\/tuzlainfo.ba\\\/#\\\/schema\\\/person\\\/f434e20dc27ea133923aab08451b7f7f\"},\"headline\":\"Kameri\u0107: Samo u januaru 110 uposlenika UKC-a bilo COVID pozitivno\",\"datePublished\":\"2022-02-01T16:00:18+00:00\",\"mainEntityOfPage\":{\"@id\":\"https:\\\/\\\/tuzlainfo.ba\\\/index.php\\\/novosti\\\/item\\\/162610-kameric-samo-u-januaru-110-uposlenika-ukc-a-bilo-covid-pozitivno\\\/\"},\"wordCount\":493,\"commentCount\":0,\"publisher\":{\"@id\":\"https:\\\/\\\/tuzlainfo.ba\\\/#organization\"},\"image\":{\"@id\":\"https:\\\/\\\/tuzlainfo.ba\\\/index.php\\\/novosti\\\/item\\\/162610-kameric-samo-u-januaru-110-uposlenika-ukc-a-bilo-covid-pozitivno\\\/#primaryimage\"},\"thumbnailUrl\":\"https:\\\/\\\/tuzlainfo.ba\\\/wp-content\\\/uploads\\\/2021\\\/07\\\/0107_alen-kameric.jpg\",\"keywords\":[\"alen kameri\u0107\"],\"articleSection\":[\"Istaknuto\",\"Novosti\"],\"inLanguage\":\"bs-BA\",\"copyrightYear\":\"2022\",\"copyrightHolder\":{\"@id\":\"https:\\\/\\\/tuzlainfo.ba\\\/#organization\"}},{\"@type\":\"WebPage\",\"@id\":\"https:\\\/\\\/tuzlainfo.ba\\\/index.php\\\/novosti\\\/item\\\/162610-kameric-samo-u-januaru-110-uposlenika-ukc-a-bilo-covid-pozitivno\\\/\",\"url\":\"https:\\\/\\\/tuzlainfo.ba\\\/index.php\\\/novosti\\\/item\\\/162610-kameric-samo-u-januaru-110-uposlenika-ukc-a-bilo-covid-pozitivno\\\/\",\"name\":\"Kameri\u0107: Samo u januaru 110 uposlenika UKC-a bilo COVID pozitivno\",\"isPartOf\":{\"@id\":\"https:\\\/\\\/tuzlainfo.ba\\\/#website\"},\"primaryImageOfPage\":{\"@id\":\"https:\\\/\\\/tuzlainfo.ba\\\/index.php\\\/novosti\\\/item\\\/162610-kameric-samo-u-januaru-110-uposlenika-ukc-a-bilo-covid-pozitivno\\\/#primaryimage\"},\"image\":{\"@id\":\"https:\\\/\\\/tuzlainfo.ba\\\/index.php\\\/novosti\\\/item\\\/162610-kameric-samo-u-januaru-110-uposlenika-ukc-a-bilo-covid-pozitivno\\\/#primaryimage\"},\"thumbnailUrl\":\"https:\\\/\\\/tuzlainfo.ba\\\/wp-content\\\/uploads\\\/2021\\\/07\\\/0107_alen-kameric.jpg\",\"datePublished\":\"2022-02-01T16:00:18+00:00\",\"breadcrumb\":{\"@id\":\"https:\\\/\\\/tuzlainfo.ba\\\/index.php\\\/novosti\\\/item\\\/162610-kameric-samo-u-januaru-110-uposlenika-ukc-a-bilo-covid-pozitivno\\\/#breadcrumb\"},\"inLanguage\":\"bs-BA\",\"potentialAction\":[{\"@type\":\"ReadAction\",\"target\":[\"https:\\\/\\\/tuzlainfo.ba\\\/index.php\\\/novosti\\\/item\\\/162610-kameric-samo-u-januaru-110-uposlenika-ukc-a-bilo-covid-pozitivno\\\/\"]}]},{\"@type\":\"ImageObject\",\"inLanguage\":\"bs-BA\",\"@id\":\"https:\\\/\\\/tuzlainfo.ba\\\/index.php\\\/novosti\\\/item\\\/162610-kameric-samo-u-januaru-110-uposlenika-ukc-a-bilo-covid-pozitivno\\\/#primaryimage\",\"url\":\"https:\\\/\\\/tuzlainfo.ba\\\/wp-content\\\/uploads\\\/2021\\\/07\\\/0107_alen-kameric.jpg\",\"contentUrl\":\"https:\\\/\\\/tuzlainfo.ba\\\/wp-content\\\/uploads\\\/2021\\\/07\\\/0107_alen-kameric.jpg\",\"width\":1462,\"height\":817},{\"@type\":\"BreadcrumbList\",\"@id\":\"https:\\\/\\\/tuzlainfo.ba\\\/index.php\\\/novosti\\\/item\\\/162610-kameric-samo-u-januaru-110-uposlenika-ukc-a-bilo-covid-pozitivno\\\/#breadcrumb\",\"itemListElement\":[{\"@type\":\"ListItem\",\"position\":1,\"name\":\"Home\",\"item\":\"https:\\\/\\\/tuzlainfo.ba\\\/\"},{\"@type\":\"ListItem\",\"position\":2,\"name\":\"Kameri\u0107: Samo u januaru 110 uposlenika UKC-a bilo COVID pozitivno\"}]},{\"@type\":\"WebSite\",\"@id\":\"https:\\\/\\\/tuzlainfo.ba\\\/#website\",\"url\":\"https:\\\/\\\/tuzlainfo.ba\\\/\",\"name\":\"TuzlaInfo.ba\",\"description\":\"Tuzla info, gradski informator - Tuzla na dlanu\",\"publisher\":{\"@id\":\"https:\\\/\\\/tuzlainfo.ba\\\/#organization\"},\"potentialAction\":[{\"@type\":\"SearchAction\",\"target\":{\"@type\":\"EntryPoint\",\"urlTemplate\":\"https:\\\/\\\/tuzlainfo.ba\\\/?s={search_term_string}\"},\"query-input\":{\"@type\":\"PropertyValueSpecification\",\"valueRequired\":true,\"valueName\":\"search_term_string\"}}],\"inLanguage\":\"bs-BA\"},{\"@type\":\"Organization\",\"@id\":\"https:\\\/\\\/tuzlainfo.ba\\\/#organization\",\"name\":\"TuzlaInfo.ba\",\"url\":\"https:\\\/\\\/tuzlainfo.ba\\\/\",\"logo\":{\"@type\":\"ImageObject\",\"inLanguage\":\"bs-BA\",\"@id\":\"https:\\\/\\\/tuzlainfo.ba\\\/#\\\/schema\\\/logo\\\/image\\\/\",\"url\":\"https:\\\/\\\/tuzlainfo.ba\\\/wp-content\\\/uploads\\\/2021\\\/03\\\/logo-ver-3-1.png\",\"contentUrl\":\"https:\\\/\\\/tuzlainfo.ba\\\/wp-content\\\/uploads\\\/2021\\\/03\\\/logo-ver-3-1.png\",\"width\":350,\"height\":95,\"caption\":\"TuzlaInfo.ba\"},\"image\":{\"@id\":\"https:\\\/\\\/tuzlainfo.ba\\\/#\\\/schema\\\/logo\\\/image\\\/\"},\"sameAs\":[\"https:\\\/\\\/www.facebook.com\\\/tuzlainfo.ba\\\/\"]},{\"@type\":\"Person\",\"@id\":\"https:\\\/\\\/tuzlainfo.ba\\\/#\\\/schema\\\/person\\\/f434e20dc27ea133923aab08451b7f7f\",\"name\":\"nedim\",\"image\":{\"@type\":\"ImageObject\",\"inLanguage\":\"bs-BA\",\"@id\":\"https:\\\/\\\/secure.gravatar.com\\\/avatar\\\/5b928a2e7e70a54208d2eb6c1edcb75a5350d6ae97d5f0a701203d456823f6f3?s=96&d=mm&r=g\",\"url\":\"https:\\\/\\\/secure.gravatar.com\\\/avatar\\\/5b928a2e7e70a54208d2eb6c1edcb75a5350d6ae97d5f0a701203d456823f6f3?s=96&d=mm&r=g\",\"contentUrl\":\"https:\\\/\\\/secure.gravatar.com\\\/avatar\\\/5b928a2e7e70a54208d2eb6c1edcb75a5350d6ae97d5f0a701203d456823f6f3?s=96&d=mm&r=g\",\"caption\":\"nedim\"},\"description\":\"Tuzlainfo.ba pratite na dru\u0161tvenim mre\u017eama: Facebook, Instagram i Youtube. Svoje pri\u010de, upite i fotografije \u0161aljite na na\u0161u e-mail adresu.\"}]}<\/script>\n<!-- \/ Yoast SEO plugin. -->","yoast_head_json":{"title":"Kameri\u0107: Samo u januaru 110 uposlenika UKC-a bilo COVID pozitivno","robots":{"index":"index","follow":"follow","max-snippet":"max-snippet:-1","max-image-preview":"max-image-preview:large","max-video-preview":"max-video-preview:-1"},"canonical":"https:\/\/tuzlainfo.ba\/index.php\/novosti\/item\/162610-kameric-samo-u-januaru-110-uposlenika-ukc-a-bilo-covid-pozitivno\/","og_locale":"bs_BA","og_type":"article","og_title":"Kameri\u0107: Samo u januaru 110 uposlenika UKC-a bilo COVID pozitivno","og_description":"U Tuzlanskom kantonu i tokom pro\u0161le sedmice je nastavljen trend porasta broja osoba pozitivnih na Korona virus, re\u010deno je na dana\u0161njem sastanku institucija zadu\u017eenih za provedbu mjera i kontrolu \u0161irenja COVID-19 na podru\u010dju Tuzlanskog kantona. Prema rije\u010dima ministra zdravstva TK Bo\u017ee Juri\u0107a, u proteklih 7 dana od 4.921 testirane osobe evidentirano je njih 2.574 novooboljelih, [&hellip;]","og_url":"https:\/\/tuzlainfo.ba\/index.php\/novosti\/item\/162610-kameric-samo-u-januaru-110-uposlenika-ukc-a-bilo-covid-pozitivno\/","og_site_name":"TuzlaInfo.ba","article_publisher":"https:\/\/www.facebook.com\/tuzlainfo.ba\/","article_published_time":"2022-02-01T16:00:18+00:00","og_image":[{"width":1462,"height":817,"url":"https:\/\/tuzlainfo.ba\/wp-content\/uploads\/2021\/07\/0107_alen-kameric.jpg","type":"image\/jpeg"}],"author":"nedim","twitter_card":"summary_large_image","twitter_misc":{"Written by":"nedim","Est. reading time":"2 minute"},"schema":{"@context":"https:\/\/schema.org","@graph":[{"@type":"Article","@id":"https:\/\/tuzlainfo.ba\/index.php\/novosti\/item\/162610-kameric-samo-u-januaru-110-uposlenika-ukc-a-bilo-covid-pozitivno\/#article","isPartOf":{"@id":"https:\/\/tuzlainfo.ba\/index.php\/novosti\/item\/162610-kameric-samo-u-januaru-110-uposlenika-ukc-a-bilo-covid-pozitivno\/"},"author":{"name":"nedim","@id":"https:\/\/tuzlainfo.ba\/#\/schema\/person\/f434e20dc27ea133923aab08451b7f7f"},"headline":"Kameri\u0107: Samo u januaru 110 uposlenika UKC-a bilo COVID pozitivno","datePublished":"2022-02-01T16:00:18+00:00","mainEntityOfPage":{"@id":"https:\/\/tuzlainfo.ba\/index.php\/novosti\/item\/162610-kameric-samo-u-januaru-110-uposlenika-ukc-a-bilo-covid-pozitivno\/"},"wordCount":493,"commentCount":0,"publisher":{"@id":"https:\/\/tuzlainfo.ba\/#organization"},"image":{"@id":"https:\/\/tuzlainfo.ba\/index.php\/novosti\/item\/162610-kameric-samo-u-januaru-110-uposlenika-ukc-a-bilo-covid-pozitivno\/#primaryimage"},"thumbnailUrl":"https:\/\/tuzlainfo.ba\/wp-content\/uploads\/2021\/07\/0107_alen-kameric.jpg","keywords":["alen kameri\u0107"],"articleSection":["Istaknuto","Novosti"],"inLanguage":"bs-BA","copyrightYear":"2022","copyrightHolder":{"@id":"https:\/\/tuzlainfo.ba\/#organization"}},{"@type":"WebPage","@id":"https:\/\/tuzlainfo.ba\/index.php\/novosti\/item\/162610-kameric-samo-u-januaru-110-uposlenika-ukc-a-bilo-covid-pozitivno\/","url":"https:\/\/tuzlainfo.ba\/index.php\/novosti\/item\/162610-kameric-samo-u-januaru-110-uposlenika-ukc-a-bilo-covid-pozitivno\/","name":"Kameri\u0107: Samo u januaru 110 uposlenika UKC-a bilo COVID pozitivno","isPartOf":{"@id":"https:\/\/tuzlainfo.ba\/#website"},"primaryImageOfPage":{"@id":"https:\/\/tuzlainfo.ba\/index.php\/novosti\/item\/162610-kameric-samo-u-januaru-110-uposlenika-ukc-a-bilo-covid-pozitivno\/#primaryimage"},"image":{"@id":"https:\/\/tuzlainfo.ba\/index.php\/novosti\/item\/162610-kameric-samo-u-januaru-110-uposlenika-ukc-a-bilo-covid-pozitivno\/#primaryimage"},"thumbnailUrl":"https:\/\/tuzlainfo.ba\/wp-content\/uploads\/2021\/07\/0107_alen-kameric.jpg","datePublished":"2022-02-01T16:00:18+00:00","breadcrumb":{"@id":"https:\/\/tuzlainfo.ba\/index.php\/novosti\/item\/162610-kameric-samo-u-januaru-110-uposlenika-ukc-a-bilo-covid-pozitivno\/#breadcrumb"},"inLanguage":"bs-BA","potentialAction":[{"@type":"ReadAction","target":["https:\/\/tuzlainfo.ba\/index.php\/novosti\/item\/162610-kameric-samo-u-januaru-110-uposlenika-ukc-a-bilo-covid-pozitivno\/"]}]},{"@type":"ImageObject","inLanguage":"bs-BA","@id":"https:\/\/tuzlainfo.ba\/index.php\/novosti\/item\/162610-kameric-samo-u-januaru-110-uposlenika-ukc-a-bilo-covid-pozitivno\/#primaryimage","url":"https:\/\/tuzlainfo.ba\/wp-content\/uploads\/2021\/07\/0107_alen-kameric.jpg","contentUrl":"https:\/\/tuzlainfo.ba\/wp-content\/uploads\/2021\/07\/0107_alen-kameric.jpg","width":1462,"height":817},{"@type":"BreadcrumbList","@id":"https:\/\/tuzlainfo.ba\/index.php\/novosti\/item\/162610-kameric-samo-u-januaru-110-uposlenika-ukc-a-bilo-covid-pozitivno\/#breadcrumb","itemListElement":[{"@type":"ListItem","position":1,"name":"Home","item":"https:\/\/tuzlainfo.ba\/"},{"@type":"ListItem","position":2,"name":"Kameri\u0107: Samo u januaru 110 uposlenika UKC-a bilo COVID pozitivno"}]},{"@type":"WebSite","@id":"https:\/\/tuzlainfo.ba\/#website","url":"https:\/\/tuzlainfo.ba\/","name":"TuzlaInfo.ba","description":"Tuzla info, gradski informator - Tuzla na dlanu","publisher":{"@id":"https:\/\/tuzlainfo.ba\/#organization"},"potentialAction":[{"@type":"SearchAction","target":{"@type":"EntryPoint","urlTemplate":"https:\/\/tuzlainfo.ba\/?s={search_term_string}"},"query-input":{"@type":"PropertyValueSpecification","valueRequired":true,"valueName":"search_term_string"}}],"inLanguage":"bs-BA"},{"@type":"Organization","@id":"https:\/\/tuzlainfo.ba\/#organization","name":"TuzlaInfo.ba","url":"https:\/\/tuzlainfo.ba\/","logo":{"@type":"ImageObject","inLanguage":"bs-BA","@id":"https:\/\/tuzlainfo.ba\/#\/schema\/logo\/image\/","url":"https:\/\/tuzlainfo.ba\/wp-content\/uploads\/2021\/03\/logo-ver-3-1.png","contentUrl":"https:\/\/tuzlainfo.ba\/wp-content\/uploads\/2021\/03\/logo-ver-3-1.png","width":350,"height":95,"caption":"TuzlaInfo.ba"},"image":{"@id":"https:\/\/tuzlainfo.ba\/#\/schema\/logo\/image\/"},"sameAs":["https:\/\/www.facebook.com\/tuzlainfo.ba\/"]},{"@type":"Person","@id":"https:\/\/tuzlainfo.ba\/#\/schema\/person\/f434e20dc27ea133923aab08451b7f7f","name":"nedim","image":{"@type":"ImageObject","inLanguage":"bs-BA","@id":"https:\/\/secure.gravatar.com\/avatar\/5b928a2e7e70a54208d2eb6c1edcb75a5350d6ae97d5f0a701203d456823f6f3?s=96&d=mm&r=g","url":"https:\/\/secure.gravatar.com\/avatar\/5b928a2e7e70a54208d2eb6c1edcb75a5350d6ae97d5f0a701203d456823f6f3?s=96&d=mm&r=g","contentUrl":"https:\/\/secure.gravatar.com\/avatar\/5b928a2e7e70a54208d2eb6c1edcb75a5350d6ae97d5f0a701203d456823f6f3?s=96&d=mm&r=g","caption":"nedim"},"description":"Tuzlainfo.ba pratite na dru\u0161tvenim mre\u017eama: Facebook, Instagram i Youtube. Svoje pri\u010de, upite i fotografije \u0161aljite na na\u0161u e-mail adresu."}]}},"_links":{"self":[{"href":"https:\/\/tuzlainfo.ba\/index.php\/wp-json\/wp\/v2\/posts\/162610","targetHints":{"allow":["GET"]}}],"collection":[{"href":"https:\/\/tuzlainfo.ba\/index.php\/wp-json\/wp\/v2\/posts"}],"about":[{"href":"https:\/\/tuzlainfo.ba\/index.php\/wp-json\/wp\/v2\/types\/post"}],"author":[{"embeddable":true,"href":"https:\/\/tuzlainfo.ba\/index.php\/wp-json\/wp\/v2\/users\/2"}],"replies":[{"embeddable":true,"href":"https:\/\/tuzlainfo.ba\/index.php\/wp-json\/wp\/v2\/comments?post=162610"}],"version-history":[{"count":0,"href":"https:\/\/tuzlainfo.ba\/index.php\/wp-json\/wp\/v2\/posts\/162610\/revisions"}],"wp:featuredmedia":[{"embeddable":true,"href":"https:\/\/tuzlainfo.ba\/index.php\/wp-json\/wp\/v2\/media\/140680"}],"wp:attachment":[{"href":"https:\/\/tuzlainfo.ba\/index.php\/wp-json\/wp\/v2\/media?parent=162610"}],"wp:term":[{"taxonomy":"category","embeddable":true,"href":"https:\/\/tuzlainfo.ba\/index.php\/wp-json\/wp\/v2\/categories?post=162610"},{"taxonomy":"post_tag","embeddable":true,"href":"https:\/\/tuzlainfo.ba\/index.php\/wp-json\/wp\/v2\/tags?post=162610"}],"curies":[{"name":"wp","href":"https:\/\/api.w.org\/{rel}","templated":true}]}}