{"id":162513,"date":"2022-01-31T13:05:19","date_gmt":"2022-01-31T12:05:19","guid":{"rendered":"https:\/\/tuzlainfo.ba\/?p=162513"},"modified":"2022-01-31T13:05:19","modified_gmt":"2022-01-31T12:05:19","slug":"konvoj-slobode-paralisao-dio-kanade-srbi-u-protestima-pekli-prase-ispred-parlamenta","status":"publish","type":"post","link":"https:\/\/tuzlainfo.ba\/index.php\/clanci\/sa-svih-strana\/item\/162513-konvoj-slobode-paralisao-dio-kanade-srbi-u-protestima-pekli-prase-ispred-parlamenta\/","title":{"rendered":"&#8220;Konvoj slobode&#8221; paralisao dio Kanade, Srbi u protestima pekli prase ispred parlamenta"},"content":{"rendered":"<p>&#8220;Konvoj slobode&#8221; ve\u0107 tre\u0107i dan parali\u0161e ulice Otave, glavnog grada Kanade, zbog odluke o obaveznoj vakcinaciji. U &#8220;konvoju&#8221; su se na\u0161li i Srbi koji su odlu\u010dili ispe\u0107i prase ispred kanadskog parlamenta.<\/p>\n<p>Na internetu se pojavio snimak na kojem se vidi kako su ljudi donijeli malu pe\u010denjaru kako bi ispekli prase.<\/p>\n<p>Na snimku se vidi prase na ra\u017enju, a osoba koja snima ih pita \u0161ta rade i ho\u0107e li ga ispe\u0107i, dok oni odgovaraju da moraju ne\u0161to pojest.<\/p>\n<p>\u0160irom Otave kamiond\u017eije su blokirale ulice, kao i podru\u010dje oko kanadskog parlamenta, a mnogi zvani\u010dnici su iz bezbjednosnih razloga napustili svoje domove, prenose regionalni mediji.<\/p>\n<p><iframe title=\"Srbi PEKU PRASE ispred Parlamenta na protestu u Otavi\" width=\"1170\" height=\"658\" src=\"https:\/\/www.youtube.com\/embed\/ipPTZhBYHIM?feature=oembed\" frameborder=\"0\" allow=\"accelerometer; autoplay; clipboard-write; encrypted-media; gyroscope; picture-in-picture\" allowfullscreen><\/iframe><\/p>\n","protected":false},"excerpt":{"rendered":"<p>&#8220;Konvoj slobode&#8221; ve\u0107 tre\u0107i dan parali\u0161e ulice Otave, glavnog grada Kanade, zbog odluke o obaveznoj&hellip;<\/p>\n","protected":false},"author":2,"featured_media":162514,"comment_status":"open","ping_status":"closed","sticky":false,"template":"","format":"standard","meta":{"_acf_changed":false,"footnotes":""},"categories":[16],"tags":[3428],"acf":[],"yoast_head":"<!-- This site is optimized with the Yoast SEO plugin v23.5 - https:\/\/yoast.com\/wordpress\/plugins\/seo\/ -->\n<title>&quot;Konvoj slobode&quot; paralisao dio Kanade, Srbi u protestima pekli prase ispred parlamenta - TuzlaInfo.ba<\/title>\n<meta name=\"robots\" content=\"index, follow, max-snippet:-1, max-image-preview:large, max-video-preview:-1\" \/>\n<link rel=\"canonical\" href=\"https:\/\/tuzlainfo.ba\/index.php\/clanci\/sa-svih-strana\/item\/162513-konvoj-slobode-paralisao-dio-kanade-srbi-u-protestima-pekli-prase-ispred-parlamenta\/\" \/>\n<meta property=\"og:locale\" content=\"bs_BA\" \/>\n<meta property=\"og:type\" content=\"article\" \/>\n<meta property=\"og:title\" content=\"&quot;Konvoj slobode&quot; paralisao dio Kanade, Srbi u protestima pekli prase ispred parlamenta - TuzlaInfo.ba\" \/>\n<meta property=\"og:description\" content=\"&#8220;Konvoj slobode&#8221; ve\u0107 tre\u0107i dan parali\u0161e ulice Otave, glavnog grada Kanade, zbog odluke o obaveznoj&hellip;\" \/>\n<meta property=\"og:url\" content=\"https:\/\/tuzlainfo.ba\/index.php\/clanci\/sa-svih-strana\/item\/162513-konvoj-slobode-paralisao-dio-kanade-srbi-u-protestima-pekli-prase-ispred-parlamenta\/\" \/>\n<meta property=\"og:site_name\" content=\"TuzlaInfo.ba\" \/>\n<meta property=\"article:publisher\" content=\"https:\/\/www.facebook.com\/tuzlainfo.ba\/\" \/>\n<meta property=\"article:published_time\" content=\"2022-01-31T12:05:19+00:00\" \/>\n<meta property=\"og:image\" content=\"https:\/\/tuzlainfo.ba\/wp-content\/uploads\/2022\/01\/3101_canada.jpg\" \/>\n\t<meta property=\"og:image:width\" content=\"1020\" \/>\n\t<meta property=\"og:image:height\" content=\"568\" \/>\n\t<meta property=\"og:image:type\" content=\"image\/jpeg\" \/>\n<meta name=\"author\" content=\"nedim\" \/>\n<meta name=\"twitter:card\" content=\"summary_large_image\" \/>\n<meta name=\"twitter:label1\" content=\"Written by\" \/>\n\t<meta name=\"twitter:data1\" content=\"nedim\" \/>\n\t<meta name=\"twitter:label2\" content=\"Est. reading time\" \/>\n\t<meta name=\"twitter:data2\" content=\"1 minuta\" \/>\n<script type=\"application\/ld+json\" class=\"yoast-schema-graph\">{\"@context\":\"https:\/\/schema.org\",\"@graph\":[{\"@type\":\"Article\",\"@id\":\"https:\/\/tuzlainfo.ba\/index.php\/clanci\/sa-svih-strana\/item\/162513-konvoj-slobode-paralisao-dio-kanade-srbi-u-protestima-pekli-prase-ispred-parlamenta\/#article\",\"isPartOf\":{\"@id\":\"https:\/\/tuzlainfo.ba\/index.php\/clanci\/sa-svih-strana\/item\/162513-konvoj-slobode-paralisao-dio-kanade-srbi-u-protestima-pekli-prase-ispred-parlamenta\/\"},\"author\":{\"name\":\"nedim\",\"@id\":\"https:\/\/tuzlainfo.ba\/#\/schema\/person\/f434e20dc27ea133923aab08451b7f7f\"},\"headline\":\"&#8220;Konvoj slobode&#8221; paralisao dio Kanade, Srbi u protestima pekli prase ispred parlamenta\",\"datePublished\":\"2022-01-31T12:05:19+00:00\",\"dateModified\":\"2022-01-31T12:05:19+00:00\",\"mainEntityOfPage\":{\"@id\":\"https:\/\/tuzlainfo.ba\/index.php\/clanci\/sa-svih-strana\/item\/162513-konvoj-slobode-paralisao-dio-kanade-srbi-u-protestima-pekli-prase-ispred-parlamenta\/\"},\"wordCount\":131,\"commentCount\":0,\"publisher\":{\"@id\":\"https:\/\/tuzlainfo.ba\/#organization\"},\"image\":{\"@id\":\"https:\/\/tuzlainfo.ba\/index.php\/clanci\/sa-svih-strana\/item\/162513-konvoj-slobode-paralisao-dio-kanade-srbi-u-protestima-pekli-prase-ispred-parlamenta\/#primaryimage\"},\"thumbnailUrl\":\"https:\/\/tuzlainfo.ba\/wp-content\/uploads\/2022\/01\/3101_canada.jpg\",\"keywords\":[\"kanada\"],\"articleSection\":[\"Sa svih strana\"],\"inLanguage\":\"bs-BA\"},{\"@type\":\"WebPage\",\"@id\":\"https:\/\/tuzlainfo.ba\/index.php\/clanci\/sa-svih-strana\/item\/162513-konvoj-slobode-paralisao-dio-kanade-srbi-u-protestima-pekli-prase-ispred-parlamenta\/\",\"url\":\"https:\/\/tuzlainfo.ba\/index.php\/clanci\/sa-svih-strana\/item\/162513-konvoj-slobode-paralisao-dio-kanade-srbi-u-protestima-pekli-prase-ispred-parlamenta\/\",\"name\":\"\\\"Konvoj slobode\\\" paralisao dio Kanade, Srbi u protestima pekli prase ispred parlamenta - TuzlaInfo.ba\",\"isPartOf\":{\"@id\":\"https:\/\/tuzlainfo.ba\/#website\"},\"primaryImageOfPage\":{\"@id\":\"https:\/\/tuzlainfo.ba\/index.php\/clanci\/sa-svih-strana\/item\/162513-konvoj-slobode-paralisao-dio-kanade-srbi-u-protestima-pekli-prase-ispred-parlamenta\/#primaryimage\"},\"image\":{\"@id\":\"https:\/\/tuzlainfo.ba\/index.php\/clanci\/sa-svih-strana\/item\/162513-konvoj-slobode-paralisao-dio-kanade-srbi-u-protestima-pekli-prase-ispred-parlamenta\/#primaryimage\"},\"thumbnailUrl\":\"https:\/\/tuzlainfo.ba\/wp-content\/uploads\/2022\/01\/3101_canada.jpg\",\"datePublished\":\"2022-01-31T12:05:19+00:00\",\"dateModified\":\"2022-01-31T12:05:19+00:00\",\"breadcrumb\":{\"@id\":\"https:\/\/tuzlainfo.ba\/index.php\/clanci\/sa-svih-strana\/item\/162513-konvoj-slobode-paralisao-dio-kanade-srbi-u-protestima-pekli-prase-ispred-parlamenta\/#breadcrumb\"},\"inLanguage\":\"bs-BA\",\"potentialAction\":[{\"@type\":\"ReadAction\",\"target\":[\"https:\/\/tuzlainfo.ba\/index.php\/clanci\/sa-svih-strana\/item\/162513-konvoj-slobode-paralisao-dio-kanade-srbi-u-protestima-pekli-prase-ispred-parlamenta\/\"]}]},{\"@type\":\"ImageObject\",\"inLanguage\":\"bs-BA\",\"@id\":\"https:\/\/tuzlainfo.ba\/index.php\/clanci\/sa-svih-strana\/item\/162513-konvoj-slobode-paralisao-dio-kanade-srbi-u-protestima-pekli-prase-ispred-parlamenta\/#primaryimage\",\"url\":\"https:\/\/tuzlainfo.ba\/wp-content\/uploads\/2022\/01\/3101_canada.jpg\",\"contentUrl\":\"https:\/\/tuzlainfo.ba\/wp-content\/uploads\/2022\/01\/3101_canada.jpg\",\"width\":1020,\"height\":568},{\"@type\":\"BreadcrumbList\",\"@id\":\"https:\/\/tuzlainfo.ba\/index.php\/clanci\/sa-svih-strana\/item\/162513-konvoj-slobode-paralisao-dio-kanade-srbi-u-protestima-pekli-prase-ispred-parlamenta\/#breadcrumb\",\"itemListElement\":[{\"@type\":\"ListItem\",\"position\":1,\"name\":\"Home\",\"item\":\"https:\/\/tuzlainfo.ba\/\"},{\"@type\":\"ListItem\",\"position\":2,\"name\":\"&#8220;Konvoj slobode&#8221; paralisao dio Kanade, Srbi u protestima pekli prase ispred parlamenta\"}]},{\"@type\":\"WebSite\",\"@id\":\"https:\/\/tuzlainfo.ba\/#website\",\"url\":\"https:\/\/tuzlainfo.ba\/\",\"name\":\"TuzlaInfo.ba\",\"description\":\"Tuzla info, gradski informator - Tuzla na dlanu\",\"publisher\":{\"@id\":\"https:\/\/tuzlainfo.ba\/#organization\"},\"potentialAction\":[{\"@type\":\"SearchAction\",\"target\":{\"@type\":\"EntryPoint\",\"urlTemplate\":\"https:\/\/tuzlainfo.ba\/?s={search_term_string}\"},\"query-input\":{\"@type\":\"PropertyValueSpecification\",\"valueRequired\":true,\"valueName\":\"search_term_string\"}}],\"inLanguage\":\"bs-BA\"},{\"@type\":\"Organization\",\"@id\":\"https:\/\/tuzlainfo.ba\/#organization\",\"name\":\"TuzlaInfo.ba\",\"url\":\"https:\/\/tuzlainfo.ba\/\",\"logo\":{\"@type\":\"ImageObject\",\"inLanguage\":\"bs-BA\",\"@id\":\"https:\/\/tuzlainfo.ba\/#\/schema\/logo\/image\/\",\"url\":\"https:\/\/tuzlainfo.ba\/wp-content\/uploads\/2021\/03\/logo-ver-3-1.png\",\"contentUrl\":\"https:\/\/tuzlainfo.ba\/wp-content\/uploads\/2021\/03\/logo-ver-3-1.png\",\"width\":350,\"height\":95,\"caption\":\"TuzlaInfo.ba\"},\"image\":{\"@id\":\"https:\/\/tuzlainfo.ba\/#\/schema\/logo\/image\/\"},\"sameAs\":[\"https:\/\/www.facebook.com\/tuzlainfo.ba\/\"]},{\"@type\":\"Person\",\"@id\":\"https:\/\/tuzlainfo.ba\/#\/schema\/person\/f434e20dc27ea133923aab08451b7f7f\",\"name\":\"nedim\",\"image\":{\"@type\":\"ImageObject\",\"inLanguage\":\"bs-BA\",\"@id\":\"https:\/\/tuzlainfo.ba\/#\/schema\/person\/image\/\",\"url\":\"https:\/\/tuzlainfo.ba\/wp-content\/litespeed\/avatar\/aabad687af24844af817603ac1cbdc4f.jpg?ver=1776702173\",\"contentUrl\":\"https:\/\/tuzlainfo.ba\/wp-content\/litespeed\/avatar\/aabad687af24844af817603ac1cbdc4f.jpg?ver=1776702173\",\"caption\":\"nedim\"},\"description\":\"Tuzlainfo.ba pratite na dru\u0161tvenim mre\u017eama: Facebook, Instagram i Youtube. Svoje pri\u010de, upite i fotografije \u0161aljite na na\u0161u e-mail adresu.\"}]}<\/script>\n<!-- \/ Yoast SEO plugin. -->","yoast_head_json":{"title":"\"Konvoj slobode\" paralisao dio Kanade, Srbi u protestima pekli prase ispred parlamenta - TuzlaInfo.ba","robots":{"index":"index","follow":"follow","max-snippet":"max-snippet:-1","max-image-preview":"max-image-preview:large","max-video-preview":"max-video-preview:-1"},"canonical":"https:\/\/tuzlainfo.ba\/index.php\/clanci\/sa-svih-strana\/item\/162513-konvoj-slobode-paralisao-dio-kanade-srbi-u-protestima-pekli-prase-ispred-parlamenta\/","og_locale":"bs_BA","og_type":"article","og_title":"\"Konvoj slobode\" paralisao dio Kanade, Srbi u protestima pekli prase ispred parlamenta - TuzlaInfo.ba","og_description":"&#8220;Konvoj slobode&#8221; ve\u0107 tre\u0107i dan parali\u0161e ulice Otave, glavnog grada Kanade, zbog odluke o obaveznoj&hellip;","og_url":"https:\/\/tuzlainfo.ba\/index.php\/clanci\/sa-svih-strana\/item\/162513-konvoj-slobode-paralisao-dio-kanade-srbi-u-protestima-pekli-prase-ispred-parlamenta\/","og_site_name":"TuzlaInfo.ba","article_publisher":"https:\/\/www.facebook.com\/tuzlainfo.ba\/","article_published_time":"2022-01-31T12:05:19+00:00","og_image":[{"width":1020,"height":568,"url":"https:\/\/tuzlainfo.ba\/wp-content\/uploads\/2022\/01\/3101_canada.jpg","type":"image\/jpeg"}],"author":"nedim","twitter_card":"summary_large_image","twitter_misc":{"Written by":"nedim","Est. reading time":"1 minuta"},"schema":{"@context":"https:\/\/schema.org","@graph":[{"@type":"Article","@id":"https:\/\/tuzlainfo.ba\/index.php\/clanci\/sa-svih-strana\/item\/162513-konvoj-slobode-paralisao-dio-kanade-srbi-u-protestima-pekli-prase-ispred-parlamenta\/#article","isPartOf":{"@id":"https:\/\/tuzlainfo.ba\/index.php\/clanci\/sa-svih-strana\/item\/162513-konvoj-slobode-paralisao-dio-kanade-srbi-u-protestima-pekli-prase-ispred-parlamenta\/"},"author":{"name":"nedim","@id":"https:\/\/tuzlainfo.ba\/#\/schema\/person\/f434e20dc27ea133923aab08451b7f7f"},"headline":"&#8220;Konvoj slobode&#8221; paralisao dio Kanade, Srbi u protestima pekli prase ispred parlamenta","datePublished":"2022-01-31T12:05:19+00:00","dateModified":"2022-01-31T12:05:19+00:00","mainEntityOfPage":{"@id":"https:\/\/tuzlainfo.ba\/index.php\/clanci\/sa-svih-strana\/item\/162513-konvoj-slobode-paralisao-dio-kanade-srbi-u-protestima-pekli-prase-ispred-parlamenta\/"},"wordCount":131,"commentCount":0,"publisher":{"@id":"https:\/\/tuzlainfo.ba\/#organization"},"image":{"@id":"https:\/\/tuzlainfo.ba\/index.php\/clanci\/sa-svih-strana\/item\/162513-konvoj-slobode-paralisao-dio-kanade-srbi-u-protestima-pekli-prase-ispred-parlamenta\/#primaryimage"},"thumbnailUrl":"https:\/\/tuzlainfo.ba\/wp-content\/uploads\/2022\/01\/3101_canada.jpg","keywords":["kanada"],"articleSection":["Sa svih strana"],"inLanguage":"bs-BA"},{"@type":"WebPage","@id":"https:\/\/tuzlainfo.ba\/index.php\/clanci\/sa-svih-strana\/item\/162513-konvoj-slobode-paralisao-dio-kanade-srbi-u-protestima-pekli-prase-ispred-parlamenta\/","url":"https:\/\/tuzlainfo.ba\/index.php\/clanci\/sa-svih-strana\/item\/162513-konvoj-slobode-paralisao-dio-kanade-srbi-u-protestima-pekli-prase-ispred-parlamenta\/","name":"\"Konvoj slobode\" paralisao dio Kanade, Srbi u protestima pekli prase ispred parlamenta - TuzlaInfo.ba","isPartOf":{"@id":"https:\/\/tuzlainfo.ba\/#website"},"primaryImageOfPage":{"@id":"https:\/\/tuzlainfo.ba\/index.php\/clanci\/sa-svih-strana\/item\/162513-konvoj-slobode-paralisao-dio-kanade-srbi-u-protestima-pekli-prase-ispred-parlamenta\/#primaryimage"},"image":{"@id":"https:\/\/tuzlainfo.ba\/index.php\/clanci\/sa-svih-strana\/item\/162513-konvoj-slobode-paralisao-dio-kanade-srbi-u-protestima-pekli-prase-ispred-parlamenta\/#primaryimage"},"thumbnailUrl":"https:\/\/tuzlainfo.ba\/wp-content\/uploads\/2022\/01\/3101_canada.jpg","datePublished":"2022-01-31T12:05:19+00:00","dateModified":"2022-01-31T12:05:19+00:00","breadcrumb":{"@id":"https:\/\/tuzlainfo.ba\/index.php\/clanci\/sa-svih-strana\/item\/162513-konvoj-slobode-paralisao-dio-kanade-srbi-u-protestima-pekli-prase-ispred-parlamenta\/#breadcrumb"},"inLanguage":"bs-BA","potentialAction":[{"@type":"ReadAction","target":["https:\/\/tuzlainfo.ba\/index.php\/clanci\/sa-svih-strana\/item\/162513-konvoj-slobode-paralisao-dio-kanade-srbi-u-protestima-pekli-prase-ispred-parlamenta\/"]}]},{"@type":"ImageObject","inLanguage":"bs-BA","@id":"https:\/\/tuzlainfo.ba\/index.php\/clanci\/sa-svih-strana\/item\/162513-konvoj-slobode-paralisao-dio-kanade-srbi-u-protestima-pekli-prase-ispred-parlamenta\/#primaryimage","url":"https:\/\/tuzlainfo.ba\/wp-content\/uploads\/2022\/01\/3101_canada.jpg","contentUrl":"https:\/\/tuzlainfo.ba\/wp-content\/uploads\/2022\/01\/3101_canada.jpg","width":1020,"height":568},{"@type":"BreadcrumbList","@id":"https:\/\/tuzlainfo.ba\/index.php\/clanci\/sa-svih-strana\/item\/162513-konvoj-slobode-paralisao-dio-kanade-srbi-u-protestima-pekli-prase-ispred-parlamenta\/#breadcrumb","itemListElement":[{"@type":"ListItem","position":1,"name":"Home","item":"https:\/\/tuzlainfo.ba\/"},{"@type":"ListItem","position":2,"name":"&#8220;Konvoj slobode&#8221; paralisao dio Kanade, Srbi u protestima pekli prase ispred parlamenta"}]},{"@type":"WebSite","@id":"https:\/\/tuzlainfo.ba\/#website","url":"https:\/\/tuzlainfo.ba\/","name":"TuzlaInfo.ba","description":"Tuzla info, gradski informator - Tuzla na dlanu","publisher":{"@id":"https:\/\/tuzlainfo.ba\/#organization"},"potentialAction":[{"@type":"SearchAction","target":{"@type":"EntryPoint","urlTemplate":"https:\/\/tuzlainfo.ba\/?s={search_term_string}"},"query-input":{"@type":"PropertyValueSpecification","valueRequired":true,"valueName":"search_term_string"}}],"inLanguage":"bs-BA"},{"@type":"Organization","@id":"https:\/\/tuzlainfo.ba\/#organization","name":"TuzlaInfo.ba","url":"https:\/\/tuzlainfo.ba\/","logo":{"@type":"ImageObject","inLanguage":"bs-BA","@id":"https:\/\/tuzlainfo.ba\/#\/schema\/logo\/image\/","url":"https:\/\/tuzlainfo.ba\/wp-content\/uploads\/2021\/03\/logo-ver-3-1.png","contentUrl":"https:\/\/tuzlainfo.ba\/wp-content\/uploads\/2021\/03\/logo-ver-3-1.png","width":350,"height":95,"caption":"TuzlaInfo.ba"},"image":{"@id":"https:\/\/tuzlainfo.ba\/#\/schema\/logo\/image\/"},"sameAs":["https:\/\/www.facebook.com\/tuzlainfo.ba\/"]},{"@type":"Person","@id":"https:\/\/tuzlainfo.ba\/#\/schema\/person\/f434e20dc27ea133923aab08451b7f7f","name":"nedim","image":{"@type":"ImageObject","inLanguage":"bs-BA","@id":"https:\/\/tuzlainfo.ba\/#\/schema\/person\/image\/","url":"https:\/\/tuzlainfo.ba\/wp-content\/litespeed\/avatar\/aabad687af24844af817603ac1cbdc4f.jpg?ver=1776702173","contentUrl":"https:\/\/tuzlainfo.ba\/wp-content\/litespeed\/avatar\/aabad687af24844af817603ac1cbdc4f.jpg?ver=1776702173","caption":"nedim"},"description":"Tuzlainfo.ba pratite na dru\u0161tvenim mre\u017eama: Facebook, Instagram i Youtube. Svoje pri\u010de, upite i fotografije \u0161aljite na na\u0161u e-mail adresu."}]}},"_links":{"self":[{"href":"https:\/\/tuzlainfo.ba\/index.php\/wp-json\/wp\/v2\/posts\/162513"}],"collection":[{"href":"https:\/\/tuzlainfo.ba\/index.php\/wp-json\/wp\/v2\/posts"}],"about":[{"href":"https:\/\/tuzlainfo.ba\/index.php\/wp-json\/wp\/v2\/types\/post"}],"author":[{"embeddable":true,"href":"https:\/\/tuzlainfo.ba\/index.php\/wp-json\/wp\/v2\/users\/2"}],"replies":[{"embeddable":true,"href":"https:\/\/tuzlainfo.ba\/index.php\/wp-json\/wp\/v2\/comments?post=162513"}],"version-history":[{"count":0,"href":"https:\/\/tuzlainfo.ba\/index.php\/wp-json\/wp\/v2\/posts\/162513\/revisions"}],"wp:featuredmedia":[{"embeddable":true,"href":"https:\/\/tuzlainfo.ba\/index.php\/wp-json\/wp\/v2\/media\/162514"}],"wp:attachment":[{"href":"https:\/\/tuzlainfo.ba\/index.php\/wp-json\/wp\/v2\/media?parent=162513"}],"wp:term":[{"taxonomy":"category","embeddable":true,"href":"https:\/\/tuzlainfo.ba\/index.php\/wp-json\/wp\/v2\/categories?post=162513"},{"taxonomy":"post_tag","embeddable":true,"href":"https:\/\/tuzlainfo.ba\/index.php\/wp-json\/wp\/v2\/tags?post=162513"}],"curies":[{"name":"wp","href":"https:\/\/api.w.org\/{rel}","templated":true}]}}