{"id":162306,"date":"2022-01-28T14:50:24","date_gmt":"2022-01-28T13:50:24","guid":{"rendered":"https:\/\/tuzlainfo.ba\/?p=162306"},"modified":"2022-01-28T14:53:33","modified_gmt":"2022-01-28T13:53:33","slug":"nove-naredbe-kriznog-staba-tk-covid-pozitivni-pacijenati-bez-specijalistickih-pregleda-u-ukc-tuzla","status":"publish","type":"post","link":"https:\/\/tuzlainfo.ba\/index.php\/novosti\/item\/162306-nove-naredbe-kriznog-staba-tk-covid-pozitivni-pacijenati-bez-specijalistickih-pregleda-u-ukc-tuzla\/","title":{"rendered":"Nove naredbe Kriznog \u0161taba TK: Covid pozitivni pacijenti bez specijalisti\u010dkih pregleda u UKC Tuzla"},"content":{"rendered":"<p>Vlada Tuzlanskog kantona na dana\u0161njoj sjednici usvojila je Naredbu\u00a0 Kriznog \u0161taba Ministarstva zdravstva Tuzlanskog kantona, koje su uskla\u0111ene sa Naredbama Kriznog \u0161taba Ministarstva zdravstva Federacije Bosne i Hercegovine.<\/p>\n<p>Naredba se primjenjuje od 29.01.2022. godine, a va\u017ei do 11.02.2022. godine, osim u slu\u010daju zna\u010dajnog pogor\u0161anja higijensko &#8211; epidemiolo\u0161ke situacije na podru\u010dju Tuzlanskog kantona ili u slu\u010daju dono\u0161enja druga\u010dijih naredbi od strane Kriznog \u0161taba Federalnog Ministarstva zdravstva.<\/p>\n<p>Pored mjera koje su ve\u0107 prisutne\u00a0 od svih zdravstvenih ustanova primarnog nivoa zdravstvene za\u0161tit<strong>e zatra\u017eeno je da ne vr\u0161e upu\u0107ivanje covid pozitivnih pacijenata na konsultativno specijalisti\u010dke preglede u UKC Tuzla<\/strong>, osim kod hitnih i \u017eivotno ugro\u017eavaju\u0107ih stanja.<\/p>\n<p>Tako\u0111er od Zavoda za javno zdravstvo TK tra\u017ei se da, u skladu sa najnovijim preporukama Kriznog \u0161taba F BiH koje se ti\u010du du\u017eine trajanja izolacije, sa\u010dini i domovima zdravlja dostavi <strong>uputstvo o postupanju kod covid pozitivnih pacijenata i bliskih kontakata<\/strong>, \u0161to \u0107e obezbijediti unisono postupanje na podru\u010dju kantona.<\/p>\n<p>Pored toga od Ministarstva obrazovanja je zatra\u017eeno da, u svijetlu po\u010detka nastave u drugom polugodi\u0161tu, obezbijedi striktno po\u0161tivanje svih preporu\u010denih mjera u svim obrazovnim ustanovama na podru\u010dju kantona, te da ukoliko do\u0111e do pogor\u0161anja epidemiolo\u0161ke situacije u pojedinim ustanovama, u saradnji sa menad\u017ementom ustanove, na osnovu zajedni\u010dke procjene, a u suradnji sa nadle\u017enom higijensko- epidemiolo\u0161kom slu\u017ebom, <strong>donese odluku o vra\u0107anju na online model<\/strong> nastave u nekom odjeljenju, razredu, ili kompletnoj obrazovnoj ustanovi.<\/p>\n<p><strong>Na snazi i u narednom periodu ostaju sljede\u0107e mjere na podru\u010dju TK<\/strong>: dopu\u0161teno je okupljanje ne vi\u0161e od 30 ljudi u zatvorenom prostoru i ne vi\u0161e od 100 ljudi na otvorenom prostoru. Sva okupljanja unutar navedenih ograni\u010denja moraju se odvijati u prostoru koji omogu\u0107ava obavezni fizi\u010dku distancu od najmanje 2 metra izme\u0111u osoba. Tako\u0111er, u skladu sa Naredbom Kriznog \u0161taba Ministarstva zdravstva F BiH dozvoljava se organiziranje i ve\u0107ih okupljanja pod uvjetom da veli\u010dina prostora omogu\u0107ava provedbu higijensko-epidemiolo\u0161kih mjera i to: ne vi\u0161e od 60 osoba u zatvorenom, ne vi\u0161e od 200 ljudi na otvorenom, uz uvjet da svi sudionici skupa imaju: negativan antigenski ili PCR test, izdan od registrovane ustanove ili laboratorije, starosti u skladu sa Naredbama Kriznog \u0161taba F BiH ili potvrdu o prebolovanom COVID-19 starosti u skladu sa Naredbama Kriznog \u0161taba F BiH ili potvrdu o zavr\u0161enom cijepljenju. Za provo\u0111enje epidemiolo\u0161kih mjera i organizaciju skupa je odgovoran organizator skupa. Organizator skupa du\u017ean je prethodno pribaviti saglasnost od Kriznog \u0161taba ministarstva zdravstva.<\/p>\n<p>Dozvoljava se radno vrijeme za sve ugostiteljske i druge objekte u skladu sa propisima jedinica lokalne samouprave o radnom vremenu. Nakon 20.00 sati isti su du\u017eni obezbijediti da svi gosti u objektu moraju posjedovati jedno od sljede\u0107eg: negativan antigenski ili PCR test, izdan od registrovane ustanove ili laboratorije, starosti u skladu sa Naredbama Kriznog \u0161taba F BiH ili<\/p>\n<p>&#8211; potvrdu o prebolovanom Covid-19, starosti u skladu sa Naredbama Kriznog \u0161taba F BiH ili potvrdu o zavr\u0161enom cijepljenju. U periodu do 20.00 h objekti su du\u017eni da se pridr\u017eavaju odredbi ta\u010daka l. i 2. Naredbe. Neophodno je da navedeni uslovi ulaska i boravka u objektima, budu istaknuti na vidno mjesto na ulazu u objekat.<\/p>\n<p>U veletrgovinama i supermarketima se ograni\u010dava broj kupaca prema sljede\u0107im kriterijima: definira se prostor od 10m2 prodajnog objekta po potro\u0161a\u010du, bez obzira na veli\u010dinu prostora prodajnog objekta, nije dozvoljen boravak vi\u0161e od<\/p>\n<p>400 potro\u0161a\u010da.<\/p>\n<p>Od svih poslovnih subjekata, koji tokom realizacije svojih aktivnosti podrazumjevaju istovremeni boravak ve\u0107eg broja osoba u zatvorenom prostoru (tr\u017eni centri, trgovine, kina, prostorije javnih institucija, restorani, drugi ugostiteljski objekti, itd.) tra\u017ei se prisustvo Covid redara na ulazu u objekte, koji bi vr\u0161ili kontrolu sprovo\u0111enja va\u017ee\u0107ih naredbi i preporuka.<\/p>\n<p>Od Kantonalne uprave za inspekcijske poslove Tuzlanskog kantona, nadle\u017enih gradskih\/op\u0107inskih inspekcija i Uprave policije Tuzlanskog kantona tra\u017ei se da, u skladu sa svojim nadle\u017enostima, vr\u0161e poja\u010dan nadzor u smislu kontrole po\u0161tovanja va\u017ee\u0107ih epidemiolo\u0161kih mjera i donesenih naredbi.<\/p>\n<p>Tako\u0111er je zabranjena organizacija svih vrsta izleta i ekskurzija u \u0161kolama i fakultetima kao i prisustvo roditelja\/staratelja unutar svih pred\u0161kolskih ustanova na podru\u010dju TK. Obavezna je trija\u017ea djece pri ulazu u iste u smislu postojanja simptoma oboljenja.<\/p>\n<p>Usvojene su i naredbe i preporuke Kriznog \u0161taba Federalnog ministarstva zdravstva koje \u0107e biti na snazi u periodu va\u017eenja ove Naredbe, osim onih odredbi koje su obuhva\u0107ene ovom Naredbom, te va\u017ee za podru\u010dje Tuzlanskog kantona, saop\u0161teno je iz Odjela za informisanje Vlade TK.<\/p>\n<p>&nbsp;<\/p>\n","protected":false},"excerpt":{"rendered":"<p>Vlada Tuzlanskog kantona na dana\u0161njoj sjednici usvojila je Naredbu\u00a0 Kriznog \u0161taba Ministarstva zdravstva Tuzlanskog kantona,&hellip;<\/p>\n","protected":false},"author":2,"featured_media":139281,"comment_status":"open","ping_status":"closed","sticky":false,"template":"","format":"standard","meta":{"_acf_changed":false,"footnotes":""},"categories":[304,12],"tags":[533,667,336],"acf":[],"yoast_head":"<!-- This site is optimized with the Yoast SEO plugin v23.5 - https:\/\/yoast.com\/wordpress\/plugins\/seo\/ -->\n<title>Nove naredbe Kriznog \u0161taba TK: Covid pozitivni pacijenti bez specijalisti\u010dkih pregleda u UKC Tuzla - TuzlaInfo.ba<\/title>\n<meta name=\"robots\" content=\"index, follow, max-snippet:-1, max-image-preview:large, max-video-preview:-1\" \/>\n<link rel=\"canonical\" href=\"https:\/\/tuzlainfo.ba\/index.php\/novosti\/item\/162306-nove-naredbe-kriznog-staba-tk-covid-pozitivni-pacijenati-bez-specijalistickih-pregleda-u-ukc-tuzla\/\" \/>\n<meta property=\"og:locale\" content=\"bs_BA\" \/>\n<meta property=\"og:type\" content=\"article\" \/>\n<meta property=\"og:title\" content=\"Nove naredbe Kriznog \u0161taba TK: Covid pozitivni pacijenti bez specijalisti\u010dkih pregleda u UKC Tuzla - TuzlaInfo.ba\" \/>\n<meta property=\"og:description\" content=\"Vlada Tuzlanskog kantona na dana\u0161njoj sjednici usvojila je Naredbu\u00a0 Kriznog \u0161taba Ministarstva zdravstva Tuzlanskog kantona,&hellip;\" \/>\n<meta property=\"og:url\" content=\"https:\/\/tuzlainfo.ba\/index.php\/novosti\/item\/162306-nove-naredbe-kriznog-staba-tk-covid-pozitivni-pacijenati-bez-specijalistickih-pregleda-u-ukc-tuzla\/\" \/>\n<meta property=\"og:site_name\" content=\"TuzlaInfo.ba\" \/>\n<meta property=\"article:publisher\" content=\"https:\/\/www.facebook.com\/tuzlainfo.ba\/\" \/>\n<meta property=\"article:published_time\" content=\"2022-01-28T13:50:24+00:00\" \/>\n<meta property=\"article:modified_time\" content=\"2022-01-28T13:53:33+00:00\" \/>\n<meta property=\"og:image\" content=\"https:\/\/tuzlainfo.ba\/wp-content\/uploads\/2021\/06\/1006_ukc_tuzla_klinickicentar.jpg\" \/>\n\t<meta property=\"og:image:width\" content=\"1200\" \/>\n\t<meta property=\"og:image:height\" content=\"816\" \/>\n\t<meta property=\"og:image:type\" content=\"image\/jpeg\" \/>\n<meta name=\"author\" content=\"nedim\" \/>\n<meta name=\"twitter:card\" content=\"summary_large_image\" \/>\n<meta name=\"twitter:label1\" content=\"Written by\" \/>\n\t<meta name=\"twitter:data1\" content=\"nedim\" \/>\n\t<meta name=\"twitter:label2\" content=\"Est. reading time\" \/>\n\t<meta name=\"twitter:data2\" content=\"4 minute\" \/>\n<script type=\"application\/ld+json\" class=\"yoast-schema-graph\">{\"@context\":\"https:\/\/schema.org\",\"@graph\":[{\"@type\":\"Article\",\"@id\":\"https:\/\/tuzlainfo.ba\/index.php\/novosti\/item\/162306-nove-naredbe-kriznog-staba-tk-covid-pozitivni-pacijenati-bez-specijalistickih-pregleda-u-ukc-tuzla\/#article\",\"isPartOf\":{\"@id\":\"https:\/\/tuzlainfo.ba\/index.php\/novosti\/item\/162306-nove-naredbe-kriznog-staba-tk-covid-pozitivni-pacijenati-bez-specijalistickih-pregleda-u-ukc-tuzla\/\"},\"author\":{\"name\":\"nedim\",\"@id\":\"https:\/\/tuzlainfo.ba\/#\/schema\/person\/f434e20dc27ea133923aab08451b7f7f\"},\"headline\":\"Nove naredbe Kriznog \u0161taba TK: Covid pozitivni pacijenti bez specijalisti\u010dkih pregleda u UKC Tuzla\",\"datePublished\":\"2022-01-28T13:50:24+00:00\",\"dateModified\":\"2022-01-28T13:53:33+00:00\",\"mainEntityOfPage\":{\"@id\":\"https:\/\/tuzlainfo.ba\/index.php\/novosti\/item\/162306-nove-naredbe-kriznog-staba-tk-covid-pozitivni-pacijenati-bez-specijalistickih-pregleda-u-ukc-tuzla\/\"},\"wordCount\":804,\"commentCount\":0,\"publisher\":{\"@id\":\"https:\/\/tuzlainfo.ba\/#organization\"},\"image\":{\"@id\":\"https:\/\/tuzlainfo.ba\/index.php\/novosti\/item\/162306-nove-naredbe-kriznog-staba-tk-covid-pozitivni-pacijenati-bez-specijalistickih-pregleda-u-ukc-tuzla\/#primaryimage\"},\"thumbnailUrl\":\"https:\/\/tuzlainfo.ba\/wp-content\/uploads\/2021\/06\/1006_ukc_tuzla_klinickicentar.jpg\",\"keywords\":[\"krizni \u0161tab\",\"krizni \u0161tab tk\",\"vlada tk\"],\"articleSection\":[\"Istaknuto\",\"Novosti\"],\"inLanguage\":\"bs-BA\"},{\"@type\":\"WebPage\",\"@id\":\"https:\/\/tuzlainfo.ba\/index.php\/novosti\/item\/162306-nove-naredbe-kriznog-staba-tk-covid-pozitivni-pacijenati-bez-specijalistickih-pregleda-u-ukc-tuzla\/\",\"url\":\"https:\/\/tuzlainfo.ba\/index.php\/novosti\/item\/162306-nove-naredbe-kriznog-staba-tk-covid-pozitivni-pacijenati-bez-specijalistickih-pregleda-u-ukc-tuzla\/\",\"name\":\"Nove naredbe Kriznog \u0161taba TK: Covid pozitivni pacijenti bez specijalisti\u010dkih pregleda u UKC Tuzla - TuzlaInfo.ba\",\"isPartOf\":{\"@id\":\"https:\/\/tuzlainfo.ba\/#website\"},\"primaryImageOfPage\":{\"@id\":\"https:\/\/tuzlainfo.ba\/index.php\/novosti\/item\/162306-nove-naredbe-kriznog-staba-tk-covid-pozitivni-pacijenati-bez-specijalistickih-pregleda-u-ukc-tuzla\/#primaryimage\"},\"image\":{\"@id\":\"https:\/\/tuzlainfo.ba\/index.php\/novosti\/item\/162306-nove-naredbe-kriznog-staba-tk-covid-pozitivni-pacijenati-bez-specijalistickih-pregleda-u-ukc-tuzla\/#primaryimage\"},\"thumbnailUrl\":\"https:\/\/tuzlainfo.ba\/wp-content\/uploads\/2021\/06\/1006_ukc_tuzla_klinickicentar.jpg\",\"datePublished\":\"2022-01-28T13:50:24+00:00\",\"dateModified\":\"2022-01-28T13:53:33+00:00\",\"breadcrumb\":{\"@id\":\"https:\/\/tuzlainfo.ba\/index.php\/novosti\/item\/162306-nove-naredbe-kriznog-staba-tk-covid-pozitivni-pacijenati-bez-specijalistickih-pregleda-u-ukc-tuzla\/#breadcrumb\"},\"inLanguage\":\"bs-BA\",\"potentialAction\":[{\"@type\":\"ReadAction\",\"target\":[\"https:\/\/tuzlainfo.ba\/index.php\/novosti\/item\/162306-nove-naredbe-kriznog-staba-tk-covid-pozitivni-pacijenati-bez-specijalistickih-pregleda-u-ukc-tuzla\/\"]}]},{\"@type\":\"ImageObject\",\"inLanguage\":\"bs-BA\",\"@id\":\"https:\/\/tuzlainfo.ba\/index.php\/novosti\/item\/162306-nove-naredbe-kriznog-staba-tk-covid-pozitivni-pacijenati-bez-specijalistickih-pregleda-u-ukc-tuzla\/#primaryimage\",\"url\":\"https:\/\/tuzlainfo.ba\/wp-content\/uploads\/2021\/06\/1006_ukc_tuzla_klinickicentar.jpg\",\"contentUrl\":\"https:\/\/tuzlainfo.ba\/wp-content\/uploads\/2021\/06\/1006_ukc_tuzla_klinickicentar.jpg\",\"width\":1200,\"height\":816},{\"@type\":\"BreadcrumbList\",\"@id\":\"https:\/\/tuzlainfo.ba\/index.php\/novosti\/item\/162306-nove-naredbe-kriznog-staba-tk-covid-pozitivni-pacijenati-bez-specijalistickih-pregleda-u-ukc-tuzla\/#breadcrumb\",\"itemListElement\":[{\"@type\":\"ListItem\",\"position\":1,\"name\":\"Home\",\"item\":\"https:\/\/tuzlainfo.ba\/\"},{\"@type\":\"ListItem\",\"position\":2,\"name\":\"Nove naredbe Kriznog \u0161taba TK: Covid pozitivni pacijenti bez specijalisti\u010dkih pregleda u UKC Tuzla\"}]},{\"@type\":\"WebSite\",\"@id\":\"https:\/\/tuzlainfo.ba\/#website\",\"url\":\"https:\/\/tuzlainfo.ba\/\",\"name\":\"TuzlaInfo.ba\",\"description\":\"Tuzla info, gradski informator - Tuzla na dlanu\",\"publisher\":{\"@id\":\"https:\/\/tuzlainfo.ba\/#organization\"},\"potentialAction\":[{\"@type\":\"SearchAction\",\"target\":{\"@type\":\"EntryPoint\",\"urlTemplate\":\"https:\/\/tuzlainfo.ba\/?s={search_term_string}\"},\"query-input\":{\"@type\":\"PropertyValueSpecification\",\"valueRequired\":true,\"valueName\":\"search_term_string\"}}],\"inLanguage\":\"bs-BA\"},{\"@type\":\"Organization\",\"@id\":\"https:\/\/tuzlainfo.ba\/#organization\",\"name\":\"TuzlaInfo.ba\",\"url\":\"https:\/\/tuzlainfo.ba\/\",\"logo\":{\"@type\":\"ImageObject\",\"inLanguage\":\"bs-BA\",\"@id\":\"https:\/\/tuzlainfo.ba\/#\/schema\/logo\/image\/\",\"url\":\"https:\/\/tuzlainfo.ba\/wp-content\/uploads\/2021\/03\/logo-ver-3-1.png\",\"contentUrl\":\"https:\/\/tuzlainfo.ba\/wp-content\/uploads\/2021\/03\/logo-ver-3-1.png\",\"width\":350,\"height\":95,\"caption\":\"TuzlaInfo.ba\"},\"image\":{\"@id\":\"https:\/\/tuzlainfo.ba\/#\/schema\/logo\/image\/\"},\"sameAs\":[\"https:\/\/www.facebook.com\/tuzlainfo.ba\/\"]},{\"@type\":\"Person\",\"@id\":\"https:\/\/tuzlainfo.ba\/#\/schema\/person\/f434e20dc27ea133923aab08451b7f7f\",\"name\":\"nedim\",\"image\":{\"@type\":\"ImageObject\",\"inLanguage\":\"bs-BA\",\"@id\":\"https:\/\/tuzlainfo.ba\/#\/schema\/person\/image\/\",\"url\":\"https:\/\/tuzlainfo.ba\/wp-content\/litespeed\/avatar\/aabad687af24844af817603ac1cbdc4f.jpg?ver=1776702173\",\"contentUrl\":\"https:\/\/tuzlainfo.ba\/wp-content\/litespeed\/avatar\/aabad687af24844af817603ac1cbdc4f.jpg?ver=1776702173\",\"caption\":\"nedim\"},\"description\":\"Tuzlainfo.ba pratite na dru\u0161tvenim mre\u017eama: Facebook, Instagram i Youtube. Svoje pri\u010de, upite i fotografije \u0161aljite na na\u0161u e-mail adresu.\"}]}<\/script>\n<!-- \/ Yoast SEO plugin. -->","yoast_head_json":{"title":"Nove naredbe Kriznog \u0161taba TK: Covid pozitivni pacijenti bez specijalisti\u010dkih pregleda u UKC Tuzla - TuzlaInfo.ba","robots":{"index":"index","follow":"follow","max-snippet":"max-snippet:-1","max-image-preview":"max-image-preview:large","max-video-preview":"max-video-preview:-1"},"canonical":"https:\/\/tuzlainfo.ba\/index.php\/novosti\/item\/162306-nove-naredbe-kriznog-staba-tk-covid-pozitivni-pacijenati-bez-specijalistickih-pregleda-u-ukc-tuzla\/","og_locale":"bs_BA","og_type":"article","og_title":"Nove naredbe Kriznog \u0161taba TK: Covid pozitivni pacijenti bez specijalisti\u010dkih pregleda u UKC Tuzla - TuzlaInfo.ba","og_description":"Vlada Tuzlanskog kantona na dana\u0161njoj sjednici usvojila je Naredbu\u00a0 Kriznog \u0161taba Ministarstva zdravstva Tuzlanskog kantona,&hellip;","og_url":"https:\/\/tuzlainfo.ba\/index.php\/novosti\/item\/162306-nove-naredbe-kriznog-staba-tk-covid-pozitivni-pacijenati-bez-specijalistickih-pregleda-u-ukc-tuzla\/","og_site_name":"TuzlaInfo.ba","article_publisher":"https:\/\/www.facebook.com\/tuzlainfo.ba\/","article_published_time":"2022-01-28T13:50:24+00:00","article_modified_time":"2022-01-28T13:53:33+00:00","og_image":[{"width":1200,"height":816,"url":"https:\/\/tuzlainfo.ba\/wp-content\/uploads\/2021\/06\/1006_ukc_tuzla_klinickicentar.jpg","type":"image\/jpeg"}],"author":"nedim","twitter_card":"summary_large_image","twitter_misc":{"Written by":"nedim","Est. reading time":"4 minute"},"schema":{"@context":"https:\/\/schema.org","@graph":[{"@type":"Article","@id":"https:\/\/tuzlainfo.ba\/index.php\/novosti\/item\/162306-nove-naredbe-kriznog-staba-tk-covid-pozitivni-pacijenati-bez-specijalistickih-pregleda-u-ukc-tuzla\/#article","isPartOf":{"@id":"https:\/\/tuzlainfo.ba\/index.php\/novosti\/item\/162306-nove-naredbe-kriznog-staba-tk-covid-pozitivni-pacijenati-bez-specijalistickih-pregleda-u-ukc-tuzla\/"},"author":{"name":"nedim","@id":"https:\/\/tuzlainfo.ba\/#\/schema\/person\/f434e20dc27ea133923aab08451b7f7f"},"headline":"Nove naredbe Kriznog \u0161taba TK: Covid pozitivni pacijenti bez specijalisti\u010dkih pregleda u UKC Tuzla","datePublished":"2022-01-28T13:50:24+00:00","dateModified":"2022-01-28T13:53:33+00:00","mainEntityOfPage":{"@id":"https:\/\/tuzlainfo.ba\/index.php\/novosti\/item\/162306-nove-naredbe-kriznog-staba-tk-covid-pozitivni-pacijenati-bez-specijalistickih-pregleda-u-ukc-tuzla\/"},"wordCount":804,"commentCount":0,"publisher":{"@id":"https:\/\/tuzlainfo.ba\/#organization"},"image":{"@id":"https:\/\/tuzlainfo.ba\/index.php\/novosti\/item\/162306-nove-naredbe-kriznog-staba-tk-covid-pozitivni-pacijenati-bez-specijalistickih-pregleda-u-ukc-tuzla\/#primaryimage"},"thumbnailUrl":"https:\/\/tuzlainfo.ba\/wp-content\/uploads\/2021\/06\/1006_ukc_tuzla_klinickicentar.jpg","keywords":["krizni \u0161tab","krizni \u0161tab tk","vlada tk"],"articleSection":["Istaknuto","Novosti"],"inLanguage":"bs-BA"},{"@type":"WebPage","@id":"https:\/\/tuzlainfo.ba\/index.php\/novosti\/item\/162306-nove-naredbe-kriznog-staba-tk-covid-pozitivni-pacijenati-bez-specijalistickih-pregleda-u-ukc-tuzla\/","url":"https:\/\/tuzlainfo.ba\/index.php\/novosti\/item\/162306-nove-naredbe-kriznog-staba-tk-covid-pozitivni-pacijenati-bez-specijalistickih-pregleda-u-ukc-tuzla\/","name":"Nove naredbe Kriznog \u0161taba TK: Covid pozitivni pacijenti bez specijalisti\u010dkih pregleda u UKC Tuzla - TuzlaInfo.ba","isPartOf":{"@id":"https:\/\/tuzlainfo.ba\/#website"},"primaryImageOfPage":{"@id":"https:\/\/tuzlainfo.ba\/index.php\/novosti\/item\/162306-nove-naredbe-kriznog-staba-tk-covid-pozitivni-pacijenati-bez-specijalistickih-pregleda-u-ukc-tuzla\/#primaryimage"},"image":{"@id":"https:\/\/tuzlainfo.ba\/index.php\/novosti\/item\/162306-nove-naredbe-kriznog-staba-tk-covid-pozitivni-pacijenati-bez-specijalistickih-pregleda-u-ukc-tuzla\/#primaryimage"},"thumbnailUrl":"https:\/\/tuzlainfo.ba\/wp-content\/uploads\/2021\/06\/1006_ukc_tuzla_klinickicentar.jpg","datePublished":"2022-01-28T13:50:24+00:00","dateModified":"2022-01-28T13:53:33+00:00","breadcrumb":{"@id":"https:\/\/tuzlainfo.ba\/index.php\/novosti\/item\/162306-nove-naredbe-kriznog-staba-tk-covid-pozitivni-pacijenati-bez-specijalistickih-pregleda-u-ukc-tuzla\/#breadcrumb"},"inLanguage":"bs-BA","potentialAction":[{"@type":"ReadAction","target":["https:\/\/tuzlainfo.ba\/index.php\/novosti\/item\/162306-nove-naredbe-kriznog-staba-tk-covid-pozitivni-pacijenati-bez-specijalistickih-pregleda-u-ukc-tuzla\/"]}]},{"@type":"ImageObject","inLanguage":"bs-BA","@id":"https:\/\/tuzlainfo.ba\/index.php\/novosti\/item\/162306-nove-naredbe-kriznog-staba-tk-covid-pozitivni-pacijenati-bez-specijalistickih-pregleda-u-ukc-tuzla\/#primaryimage","url":"https:\/\/tuzlainfo.ba\/wp-content\/uploads\/2021\/06\/1006_ukc_tuzla_klinickicentar.jpg","contentUrl":"https:\/\/tuzlainfo.ba\/wp-content\/uploads\/2021\/06\/1006_ukc_tuzla_klinickicentar.jpg","width":1200,"height":816},{"@type":"BreadcrumbList","@id":"https:\/\/tuzlainfo.ba\/index.php\/novosti\/item\/162306-nove-naredbe-kriznog-staba-tk-covid-pozitivni-pacijenati-bez-specijalistickih-pregleda-u-ukc-tuzla\/#breadcrumb","itemListElement":[{"@type":"ListItem","position":1,"name":"Home","item":"https:\/\/tuzlainfo.ba\/"},{"@type":"ListItem","position":2,"name":"Nove naredbe Kriznog \u0161taba TK: Covid pozitivni pacijenti bez specijalisti\u010dkih pregleda u UKC Tuzla"}]},{"@type":"WebSite","@id":"https:\/\/tuzlainfo.ba\/#website","url":"https:\/\/tuzlainfo.ba\/","name":"TuzlaInfo.ba","description":"Tuzla info, gradski informator - Tuzla na dlanu","publisher":{"@id":"https:\/\/tuzlainfo.ba\/#organization"},"potentialAction":[{"@type":"SearchAction","target":{"@type":"EntryPoint","urlTemplate":"https:\/\/tuzlainfo.ba\/?s={search_term_string}"},"query-input":{"@type":"PropertyValueSpecification","valueRequired":true,"valueName":"search_term_string"}}],"inLanguage":"bs-BA"},{"@type":"Organization","@id":"https:\/\/tuzlainfo.ba\/#organization","name":"TuzlaInfo.ba","url":"https:\/\/tuzlainfo.ba\/","logo":{"@type":"ImageObject","inLanguage":"bs-BA","@id":"https:\/\/tuzlainfo.ba\/#\/schema\/logo\/image\/","url":"https:\/\/tuzlainfo.ba\/wp-content\/uploads\/2021\/03\/logo-ver-3-1.png","contentUrl":"https:\/\/tuzlainfo.ba\/wp-content\/uploads\/2021\/03\/logo-ver-3-1.png","width":350,"height":95,"caption":"TuzlaInfo.ba"},"image":{"@id":"https:\/\/tuzlainfo.ba\/#\/schema\/logo\/image\/"},"sameAs":["https:\/\/www.facebook.com\/tuzlainfo.ba\/"]},{"@type":"Person","@id":"https:\/\/tuzlainfo.ba\/#\/schema\/person\/f434e20dc27ea133923aab08451b7f7f","name":"nedim","image":{"@type":"ImageObject","inLanguage":"bs-BA","@id":"https:\/\/tuzlainfo.ba\/#\/schema\/person\/image\/","url":"https:\/\/tuzlainfo.ba\/wp-content\/litespeed\/avatar\/aabad687af24844af817603ac1cbdc4f.jpg?ver=1776702173","contentUrl":"https:\/\/tuzlainfo.ba\/wp-content\/litespeed\/avatar\/aabad687af24844af817603ac1cbdc4f.jpg?ver=1776702173","caption":"nedim"},"description":"Tuzlainfo.ba pratite na dru\u0161tvenim mre\u017eama: Facebook, Instagram i Youtube. Svoje pri\u010de, upite i fotografije \u0161aljite na na\u0161u e-mail adresu."}]}},"_links":{"self":[{"href":"https:\/\/tuzlainfo.ba\/index.php\/wp-json\/wp\/v2\/posts\/162306"}],"collection":[{"href":"https:\/\/tuzlainfo.ba\/index.php\/wp-json\/wp\/v2\/posts"}],"about":[{"href":"https:\/\/tuzlainfo.ba\/index.php\/wp-json\/wp\/v2\/types\/post"}],"author":[{"embeddable":true,"href":"https:\/\/tuzlainfo.ba\/index.php\/wp-json\/wp\/v2\/users\/2"}],"replies":[{"embeddable":true,"href":"https:\/\/tuzlainfo.ba\/index.php\/wp-json\/wp\/v2\/comments?post=162306"}],"version-history":[{"count":0,"href":"https:\/\/tuzlainfo.ba\/index.php\/wp-json\/wp\/v2\/posts\/162306\/revisions"}],"wp:featuredmedia":[{"embeddable":true,"href":"https:\/\/tuzlainfo.ba\/index.php\/wp-json\/wp\/v2\/media\/139281"}],"wp:attachment":[{"href":"https:\/\/tuzlainfo.ba\/index.php\/wp-json\/wp\/v2\/media?parent=162306"}],"wp:term":[{"taxonomy":"category","embeddable":true,"href":"https:\/\/tuzlainfo.ba\/index.php\/wp-json\/wp\/v2\/categories?post=162306"},{"taxonomy":"post_tag","embeddable":true,"href":"https:\/\/tuzlainfo.ba\/index.php\/wp-json\/wp\/v2\/tags?post=162306"}],"curies":[{"name":"wp","href":"https:\/\/api.w.org\/{rel}","templated":true}]}}