{"id":162211,"date":"2022-01-27T11:00:26","date_gmt":"2022-01-27T10:00:26","guid":{"rendered":"https:\/\/tuzlainfo.ba\/?p=162211"},"modified":"2022-01-27T09:38:37","modified_gmt":"2022-01-27T08:38:37","slug":"za-razliku-od-sarajevskog-sdp-u-tuzli-podrzava-izmjene-pondera-2","status":"publish","type":"post","link":"https:\/\/tuzlainfo.ba\/index.php\/novosti\/item\/162211-za-razliku-od-sarajevskog-sdp-u-tuzli-podrzava-izmjene-pondera-2\/","title":{"rendered":"Za razliku od sarajevskog: SDP u Tuzli podr\u017eava izmjene pondera 2"},"content":{"rendered":"<p>Izmjene Federalnog zakona o pripadnosti javnih prihoda dovele su do unutarstrana\u010dkih podjela i u Socijaldemokratskoj partiji BiH. Dok sarajevski ogranak partije ne podr\u017eava, iz SDP-a u Tuzli se zala\u017eu za finalno usvajanje izmjena u Domu naroda Parlamenta FBiH.<\/p>\n<p>Kao \u0161to je poznato, Zastupni\u010dki dom Parlamenta Federacije Bosne i Hercegovine u ponedjeljak je usvojio izmjene Zakona o pripadnosti javnih prihoda. One podrazumijevaju umanjenje iznosa novca koji Kanton Sarajevo dobija javnim prihodima, uz njegovu raspodijelu po drugim kantonima.<\/p>\n<p>Federalni parlamentarac opozicionog SDP-a Damir Ma\u0161i\u0107 tokom sjednice izrazio je mi\u0161ljenje da se predlo\u017eenim izmjenama zakona problemi ne\u0107e rije\u0161iti. A u odnosu na Ma\u0161i\u0107a, stav tuzlanskog SDP-a je druga\u010diji.<\/p>\n<p>Zbog zakona TK gubio 30 miliona godi\u0161nje<\/p>\n<p>Naime, kako je potvr\u0111eno za Klix.ba, Kantonalni odbor SDP-a Tuzlanskog kantona podr\u017eava izmjene Zakona o pripadnosti javnih prihoda u FBiH. Kako su naveli, taj kanton je godi\u0161nje zbog dosada\u0161njeg zakonskog rje\u0161enja gubio okvirno 30 miliona KM.<\/p>\n<p>&#8220;Vrijeme je za ravnomjeran razvoj svih dijelova FBiH. Poznato je da mi u Tuzlanskom kantonu trpimo dugogodi\u0161nju finansijsku nepravdu zbog dva zakonska rje\u0161enja, nepravdu kada je u pitanju raspodjela sredstava od indirektnih prihoda. Prvenstveno mislim na Zakon o pripadnosti javnih prihoda u Federaciji BiH iz 2006., ali i Zakon o dugu, zadu\u017eivanju i garancijama u Federaciji BiH&#8221;, kazao je D\u017eevad Had\u017ei\u0107, predsjednik SDP-a TK, delegat u Domu naroda Parlamenta FBiH i predsjednika kluba zastupnika te partije u Kantonalnoj skup\u0161tini.<\/p>\n<p>Kada je 2006. godine donesen Zakon o pripadnosti javnih prihoda u FBiH, Had\u017ei\u0107 podsje\u0107a da je re\u010deno da \u0107e se 2010. donijeti analiza koja \u0107e uzeti u obzir efekte dotada\u0161nje primjene zakona i predlo\u017eiti njegove eventualne izmjene.<\/p>\n<p>&#8220;Analize na federalnom nivou nije bilo, ali smo mi 2010. u Skup\u0161tini TK jednoglasnom odlukom tra\u017eili da se u\u0111e u proces izmjene tog zakona. Danas smo svjedoci da je Predstavni\u010dki dom na sjednici odr\u017eanoj 24. januara izglasao novi izmijenjeni Zakon o pripadnosti javnih prihoda u FBiH, i uvjeren sam da \u0107e i dovoljan broj delegata Doma naroda glasati za izmjene na sjednici kada ta\u010dka bude uvr\u0161tena u dnevni red. O\u010dekujem da \u0107e to biti na sutra\u0161njoj sjednici, a ja \u0107u kao delegat SDP-a s podru\u010dja TK glasati za izmjene&#8221;, naglasio je Had\u017ei\u0107.<\/p>\n<p>Prema njegovim rije\u010dima, za TK su izmjene prevashodno va\u017ene jer se ispravlja nepravda prema kantonu koja traje od 2006. godine. Prema analizama Ekonomskog fakulteta u Tuzli, kako je Had\u017ei\u0107 istaknuo, ta regija na\u0161e zemlje na godi\u0161njem nivou gubi vi\u0161e od 30 miliona maraka, \u0161to u kona\u010dnici iznosi okvirno 500 miliona KM, zaklju\u010dno sa 2021.<\/p>\n<p>&#8220;Drugo, izdvajanja u socijalnom sektoru, izdvajanja prema borcima, bud\u017eetskim i svim drugim korisnicima, moraju biti na nivou kako je to u Sarajevskom kantonu. Mislim da je glavna poruka koju \u0161aljemo izmjenom zakona da razvoj mora biti ravnomjeren u cijeloj dr\u017eavi i da izdvajanja za sve kategorije moraju biti ravnomjerna u svim kantonima, odnosno dr\u017eavi BiH&#8221;, navodi Had\u017ei\u0107.<\/p>\n<p>&nbsp;<\/p>\n<p>\u0160ta treba u\u010diniti prije zvani\u010dnog usvajanja izmjena zakona<\/p>\n<p>&nbsp;<\/p>\n<p>Njegovo mi\u0161ljenje dijeli i strana\u010dki kolega, univerzitetski profesor i premijer TK Kadrija Hod\u017ei\u0107, koji je s ekonomske strane pojasnio \u0161ta bi trebalo u\u010diniti prije zvani\u010dnog usvajanja izmjena zakona.<\/p>\n<p>&nbsp;<\/p>\n<p>On navodi da se analizom navedenog zakona jo\u0161 2015. godine, do\u0161lo do zaklju\u010dka o neravnomjernoj raspodjeli prihoda od indirektnih poreza po kantonima FBiH, a posebno je bio sporan \u010dlan koji govori o &#8220;posebnim rashodovnim potrebama&#8221; za neke kantone.<\/p>\n<p>&nbsp;<\/p>\n<p>&#8220;Na\u017ealost, ove primjedbe tada nisu ozbiljno shva\u0107ene, pa je dalji tok odgovora na ovo pitanje pretvoren u o\u0161tru, \u010desto i (ne)principijelnu politi\u010dku debatu. Nedostatak me\u0111usobnog razumijevanja u tuma\u010denju \u0161ta kome (kantonima) zaista pripada doveo nas je do prelomne ta\u010dke izra\u017eene u Zastupni\u010dkom domu Parlamenta FBiH po kojoj se ponder 1,965 za KS odokativnom metodom smanjuje na 1,5 a narednih godina na 1,4 i 1,3. Principijelno je napravljena shema &#8216;pravilnije&#8217; raspodjele, ali je ostao gorak ukus na\u010dina na koji se do\u0161lo do novih pondera, budu\u0107i da nisu uzeti u obzir prijedlozi predstavnika KS da osnovna mjerila budu, ostvarena potro\u0161nja i GDP, trenutni zakonski kriteriji su druga\u010diji&#8221;, navodi Hod\u017ei\u0107.<\/p>\n<p>&nbsp;<\/p>\n<p>Sa stanovi\u0161ta Kantona Sarajevo, Hod\u017ei\u0107 navodi da ovi prijedlozi mo\u017eda i jesu principijelni, ali se trebaju uva\u017eiti i primjedbe drugih kantona da potro\u0161nja, uz socijalni princip raspodjele, mo\u017ee biti relevantno mjerilo samo ako se tuma\u010di na na\u010din stvarnog nastanka potro\u0161nje odre\u0111eno brojem stanovnika, a ne principom potro\u0161nje prema registraciji firmi s obzirom da su sjedi\u0161ta javnih preduze\u0107a registrovana u tom kantonu.<\/p>\n<p>&nbsp;<\/p>\n<p>&#8220;Dakle, kao ovo i svako drugo mjerilo bi moglo biti problematizirano. Upravo stoga, poreska politika i jeste uvijek sporno politi\u010dko pitanje, tako da nema savr\u0161enog poreskog modela pa ni u oblasti javnih prihoda koji su namijenjeni kantonima FBiH. Do problema je, po mom mi\u0161ljenju, do\u0161lo iz dva razloga: prvog, da nikada nismo utvrdili regionalnu politiku kojom bi se rje\u0161avali probleme neravnomjernog regionalnog razvoja (dakle razvoja kantona) i drugog, da nismo konstruisali model odr\u017eivog finansiranja glavnog grada Sarajeva, odnosno da je &#8216;problem&#8217; grada vezano za Sarajevski kanton&#8221;, isti\u010de tuzlanski premijer.<\/p>\n<p>Primjera radi, kako navodi ovaj profesor iz oblasti ekonomije, Zakonom o pripadnosti javnih prihoda otvorena je stavka finansiranja glavnog grada Sarajeva sa 0,25 posto iz ukupnog koeficijenta raspodjele koji pripada kantonima (51,48 &#8211; 0,25 posto), te iznos nov\u010danih sredstava nakon prera\u010duna pao na teret pondera KS, na koji na\u010din je ponder KS, sa 2, umanjen na 1,965.<\/p>\n<p>&nbsp;<\/p>\n<p>&#8220;E sad, tu nastaje problem za grad Sarajevo izra\u017een pitanjem \u0161ta poslije smanjivanja pondera za KS. Ovo pitanje bismo morali rje\u0161iti prije nego \u0161to izmjene Zakona o pripadnosti javnih prihoda stignu do Doma naroda. Rje\u0161enje bi, naprimjer moglo i\u0107i u pravcu da finansiranje grada rije\u0161imo na nivou ukupnih indirektnih prihoda FBiH prije raspodjele po kantonima. Druga korekcija bi podrazumijevala uva\u017eavanje pariteta kupovne mo\u0107i, koji se razlikuje od kantona do kantona&#8221;, nastavlja Hod\u017ei\u0107.<\/p>\n<p>&nbsp;<\/p>\n<p>Tre\u0107a korekcija, kako je on zaklju\u010dio, govori u prilog izmjena stavki o vanjskom zadu\u017eivanju na na\u010din da se otplate kredita realizuju prema mjestu kori\u0161tenja kredita.<\/p>\n<p>&#8220;I najzad, bilo bi va\u017eno osnovati fond za nerazvijene kojim bi rje\u0161avali pitanja regionalnog razvoja. Naravno, ne smijemo dozvoliti nikakve politi\u010dke animozitete izme\u0111u kantona, naro\u010dito u vrijeme aktuelnih izazova politi\u010dke odr\u017eivosti BiH&#8221;, zaklju\u010dio je Hod\u017ei\u0107, pi\u0161e<a href=\"https:\/\/www.klix.ba\/vijesti\/bih\/za-razliku-od-sarajevskog-sdp-u-tuzli-je-za-izmjene-pondera-2-izgubili-smo-pola-milijarde-km\/220126105\"> Klix.<\/a><\/p>\n<p>&nbsp;<\/p>\n<p>&nbsp;<\/p>\n","protected":false},"excerpt":{"rendered":"<p>Izmjene Federalnog zakona o pripadnosti javnih prihoda dovele su do unutarstrana\u010dkih podjela i u Socijaldemokratskoj&hellip;<\/p>\n","protected":false},"author":4,"featured_media":57785,"comment_status":"open","ping_status":"closed","sticky":false,"template":"","format":"standard","meta":{"_acf_changed":false,"footnotes":""},"categories":[304,12],"tags":[4020,4019,4028,1060],"acf":[],"yoast_head":"<!-- This site is optimized with the Yoast SEO plugin v23.5 - https:\/\/yoast.com\/wordpress\/plugins\/seo\/ -->\n<title>Za razliku od sarajevskog: SDP u Tuzli podr\u017eava izmjene pondera 2 - TuzlaInfo.ba<\/title>\n<meta name=\"robots\" content=\"index, follow, max-snippet:-1, max-image-preview:large, max-video-preview:-1\" \/>\n<link rel=\"canonical\" href=\"https:\/\/tuzlainfo.ba\/index.php\/novosti\/item\/162211-za-razliku-od-sarajevskog-sdp-u-tuzli-podrzava-izmjene-pondera-2\/\" \/>\n<meta property=\"og:locale\" content=\"bs_BA\" \/>\n<meta property=\"og:type\" content=\"article\" \/>\n<meta property=\"og:title\" content=\"Za razliku od sarajevskog: SDP u Tuzli podr\u017eava izmjene pondera 2 - TuzlaInfo.ba\" \/>\n<meta property=\"og:description\" content=\"Izmjene Federalnog zakona o pripadnosti javnih prihoda dovele su do unutarstrana\u010dkih podjela i u Socijaldemokratskoj&hellip;\" \/>\n<meta property=\"og:url\" content=\"https:\/\/tuzlainfo.ba\/index.php\/novosti\/item\/162211-za-razliku-od-sarajevskog-sdp-u-tuzli-podrzava-izmjene-pondera-2\/\" \/>\n<meta property=\"og:site_name\" content=\"TuzlaInfo.ba\" \/>\n<meta property=\"article:publisher\" content=\"https:\/\/www.facebook.com\/tuzlainfo.ba\/\" \/>\n<meta property=\"article:published_time\" content=\"2022-01-27T10:00:26+00:00\" \/>\n<meta property=\"article:modified_time\" content=\"2022-01-27T08:38:37+00:00\" \/>\n<meta property=\"og:image\" content=\"https:\/\/tuzlainfo.ba\/wp-content\/uploads\/2017\/07\/sadrzaj_2017_20170701_0707_dzevad_hodzic.jpg\" \/>\n\t<meta property=\"og:image:width\" content=\"600\" \/>\n\t<meta property=\"og:image:height\" content=\"415\" \/>\n\t<meta property=\"og:image:type\" content=\"image\/jpeg\" \/>\n<meta name=\"author\" content=\"Tuzla Info\" \/>\n<meta name=\"twitter:card\" content=\"summary_large_image\" \/>\n<meta name=\"twitter:label1\" content=\"Written by\" \/>\n\t<meta name=\"twitter:data1\" content=\"Tuzla Info\" \/>\n\t<meta name=\"twitter:label2\" content=\"Est. reading time\" \/>\n\t<meta name=\"twitter:data2\" content=\"6 minuta\" \/>\n<script type=\"application\/ld+json\" class=\"yoast-schema-graph\">{\"@context\":\"https:\/\/schema.org\",\"@graph\":[{\"@type\":\"Article\",\"@id\":\"https:\/\/tuzlainfo.ba\/index.php\/novosti\/item\/162211-za-razliku-od-sarajevskog-sdp-u-tuzli-podrzava-izmjene-pondera-2\/#article\",\"isPartOf\":{\"@id\":\"https:\/\/tuzlainfo.ba\/index.php\/novosti\/item\/162211-za-razliku-od-sarajevskog-sdp-u-tuzli-podrzava-izmjene-pondera-2\/\"},\"author\":{\"name\":\"Tuzla Info\",\"@id\":\"https:\/\/tuzlainfo.ba\/#\/schema\/person\/46cad4c57790cbc50781edd14870825a\"},\"headline\":\"Za razliku od sarajevskog: SDP u Tuzli podr\u017eava izmjene pondera 2\",\"datePublished\":\"2022-01-27T10:00:26+00:00\",\"dateModified\":\"2022-01-27T08:38:37+00:00\",\"mainEntityOfPage\":{\"@id\":\"https:\/\/tuzlainfo.ba\/index.php\/novosti\/item\/162211-za-razliku-od-sarajevskog-sdp-u-tuzli-podrzava-izmjene-pondera-2\/\"},\"wordCount\":1113,\"commentCount\":0,\"publisher\":{\"@id\":\"https:\/\/tuzlainfo.ba\/#organization\"},\"image\":{\"@id\":\"https:\/\/tuzlainfo.ba\/index.php\/novosti\/item\/162211-za-razliku-od-sarajevskog-sdp-u-tuzli-podrzava-izmjene-pondera-2\/#primaryimage\"},\"thumbnailUrl\":\"https:\/\/tuzlainfo.ba\/wp-content\/uploads\/2017\/07\/sadrzaj_2017_20170701_0707_dzevad_hodzic.jpg\",\"keywords\":[\"izmjene zakona\",\"javni prihodi\",\"ponder\",\"SDP\"],\"articleSection\":[\"Istaknuto\",\"Novosti\"],\"inLanguage\":\"bs-BA\"},{\"@type\":\"WebPage\",\"@id\":\"https:\/\/tuzlainfo.ba\/index.php\/novosti\/item\/162211-za-razliku-od-sarajevskog-sdp-u-tuzli-podrzava-izmjene-pondera-2\/\",\"url\":\"https:\/\/tuzlainfo.ba\/index.php\/novosti\/item\/162211-za-razliku-od-sarajevskog-sdp-u-tuzli-podrzava-izmjene-pondera-2\/\",\"name\":\"Za razliku od sarajevskog: SDP u Tuzli podr\u017eava izmjene pondera 2 - TuzlaInfo.ba\",\"isPartOf\":{\"@id\":\"https:\/\/tuzlainfo.ba\/#website\"},\"primaryImageOfPage\":{\"@id\":\"https:\/\/tuzlainfo.ba\/index.php\/novosti\/item\/162211-za-razliku-od-sarajevskog-sdp-u-tuzli-podrzava-izmjene-pondera-2\/#primaryimage\"},\"image\":{\"@id\":\"https:\/\/tuzlainfo.ba\/index.php\/novosti\/item\/162211-za-razliku-od-sarajevskog-sdp-u-tuzli-podrzava-izmjene-pondera-2\/#primaryimage\"},\"thumbnailUrl\":\"https:\/\/tuzlainfo.ba\/wp-content\/uploads\/2017\/07\/sadrzaj_2017_20170701_0707_dzevad_hodzic.jpg\",\"datePublished\":\"2022-01-27T10:00:26+00:00\",\"dateModified\":\"2022-01-27T08:38:37+00:00\",\"breadcrumb\":{\"@id\":\"https:\/\/tuzlainfo.ba\/index.php\/novosti\/item\/162211-za-razliku-od-sarajevskog-sdp-u-tuzli-podrzava-izmjene-pondera-2\/#breadcrumb\"},\"inLanguage\":\"bs-BA\",\"potentialAction\":[{\"@type\":\"ReadAction\",\"target\":[\"https:\/\/tuzlainfo.ba\/index.php\/novosti\/item\/162211-za-razliku-od-sarajevskog-sdp-u-tuzli-podrzava-izmjene-pondera-2\/\"]}]},{\"@type\":\"ImageObject\",\"inLanguage\":\"bs-BA\",\"@id\":\"https:\/\/tuzlainfo.ba\/index.php\/novosti\/item\/162211-za-razliku-od-sarajevskog-sdp-u-tuzli-podrzava-izmjene-pondera-2\/#primaryimage\",\"url\":\"https:\/\/tuzlainfo.ba\/wp-content\/uploads\/2017\/07\/sadrzaj_2017_20170701_0707_dzevad_hodzic.jpg\",\"contentUrl\":\"https:\/\/tuzlainfo.ba\/wp-content\/uploads\/2017\/07\/sadrzaj_2017_20170701_0707_dzevad_hodzic.jpg\",\"width\":600,\"height\":415,\"caption\":\"0707 dzevad hodzic\"},{\"@type\":\"BreadcrumbList\",\"@id\":\"https:\/\/tuzlainfo.ba\/index.php\/novosti\/item\/162211-za-razliku-od-sarajevskog-sdp-u-tuzli-podrzava-izmjene-pondera-2\/#breadcrumb\",\"itemListElement\":[{\"@type\":\"ListItem\",\"position\":1,\"name\":\"Home\",\"item\":\"https:\/\/tuzlainfo.ba\/\"},{\"@type\":\"ListItem\",\"position\":2,\"name\":\"Za razliku od sarajevskog: SDP u Tuzli podr\u017eava izmjene pondera 2\"}]},{\"@type\":\"WebSite\",\"@id\":\"https:\/\/tuzlainfo.ba\/#website\",\"url\":\"https:\/\/tuzlainfo.ba\/\",\"name\":\"TuzlaInfo.ba\",\"description\":\"Tuzla info, gradski informator - Tuzla na dlanu\",\"publisher\":{\"@id\":\"https:\/\/tuzlainfo.ba\/#organization\"},\"potentialAction\":[{\"@type\":\"SearchAction\",\"target\":{\"@type\":\"EntryPoint\",\"urlTemplate\":\"https:\/\/tuzlainfo.ba\/?s={search_term_string}\"},\"query-input\":{\"@type\":\"PropertyValueSpecification\",\"valueRequired\":true,\"valueName\":\"search_term_string\"}}],\"inLanguage\":\"bs-BA\"},{\"@type\":\"Organization\",\"@id\":\"https:\/\/tuzlainfo.ba\/#organization\",\"name\":\"TuzlaInfo.ba\",\"url\":\"https:\/\/tuzlainfo.ba\/\",\"logo\":{\"@type\":\"ImageObject\",\"inLanguage\":\"bs-BA\",\"@id\":\"https:\/\/tuzlainfo.ba\/#\/schema\/logo\/image\/\",\"url\":\"https:\/\/tuzlainfo.ba\/wp-content\/uploads\/2021\/03\/logo-ver-3-1.png\",\"contentUrl\":\"https:\/\/tuzlainfo.ba\/wp-content\/uploads\/2021\/03\/logo-ver-3-1.png\",\"width\":350,\"height\":95,\"caption\":\"TuzlaInfo.ba\"},\"image\":{\"@id\":\"https:\/\/tuzlainfo.ba\/#\/schema\/logo\/image\/\"},\"sameAs\":[\"https:\/\/www.facebook.com\/tuzlainfo.ba\/\"]},{\"@type\":\"Person\",\"@id\":\"https:\/\/tuzlainfo.ba\/#\/schema\/person\/46cad4c57790cbc50781edd14870825a\",\"name\":\"Tuzla Info\",\"image\":{\"@type\":\"ImageObject\",\"inLanguage\":\"bs-BA\",\"@id\":\"https:\/\/tuzlainfo.ba\/#\/schema\/person\/image\/\",\"url\":\"https:\/\/tuzlainfo.ba\/wp-content\/litespeed\/avatar\/b6c453a6c38e3654f2e4416c643fc25c.jpg?ver=1777051911\",\"contentUrl\":\"https:\/\/tuzlainfo.ba\/wp-content\/litespeed\/avatar\/b6c453a6c38e3654f2e4416c643fc25c.jpg?ver=1777051911\",\"caption\":\"Tuzla Info\"}}]}<\/script>\n<!-- \/ Yoast SEO plugin. -->","yoast_head_json":{"title":"Za razliku od sarajevskog: SDP u Tuzli podr\u017eava izmjene pondera 2 - TuzlaInfo.ba","robots":{"index":"index","follow":"follow","max-snippet":"max-snippet:-1","max-image-preview":"max-image-preview:large","max-video-preview":"max-video-preview:-1"},"canonical":"https:\/\/tuzlainfo.ba\/index.php\/novosti\/item\/162211-za-razliku-od-sarajevskog-sdp-u-tuzli-podrzava-izmjene-pondera-2\/","og_locale":"bs_BA","og_type":"article","og_title":"Za razliku od sarajevskog: SDP u Tuzli podr\u017eava izmjene pondera 2 - TuzlaInfo.ba","og_description":"Izmjene Federalnog zakona o pripadnosti javnih prihoda dovele su do unutarstrana\u010dkih podjela i u Socijaldemokratskoj&hellip;","og_url":"https:\/\/tuzlainfo.ba\/index.php\/novosti\/item\/162211-za-razliku-od-sarajevskog-sdp-u-tuzli-podrzava-izmjene-pondera-2\/","og_site_name":"TuzlaInfo.ba","article_publisher":"https:\/\/www.facebook.com\/tuzlainfo.ba\/","article_published_time":"2022-01-27T10:00:26+00:00","article_modified_time":"2022-01-27T08:38:37+00:00","og_image":[{"width":600,"height":415,"url":"https:\/\/tuzlainfo.ba\/wp-content\/uploads\/2017\/07\/sadrzaj_2017_20170701_0707_dzevad_hodzic.jpg","type":"image\/jpeg"}],"author":"Tuzla Info","twitter_card":"summary_large_image","twitter_misc":{"Written by":"Tuzla Info","Est. reading time":"6 minuta"},"schema":{"@context":"https:\/\/schema.org","@graph":[{"@type":"Article","@id":"https:\/\/tuzlainfo.ba\/index.php\/novosti\/item\/162211-za-razliku-od-sarajevskog-sdp-u-tuzli-podrzava-izmjene-pondera-2\/#article","isPartOf":{"@id":"https:\/\/tuzlainfo.ba\/index.php\/novosti\/item\/162211-za-razliku-od-sarajevskog-sdp-u-tuzli-podrzava-izmjene-pondera-2\/"},"author":{"name":"Tuzla Info","@id":"https:\/\/tuzlainfo.ba\/#\/schema\/person\/46cad4c57790cbc50781edd14870825a"},"headline":"Za razliku od sarajevskog: SDP u Tuzli podr\u017eava izmjene pondera 2","datePublished":"2022-01-27T10:00:26+00:00","dateModified":"2022-01-27T08:38:37+00:00","mainEntityOfPage":{"@id":"https:\/\/tuzlainfo.ba\/index.php\/novosti\/item\/162211-za-razliku-od-sarajevskog-sdp-u-tuzli-podrzava-izmjene-pondera-2\/"},"wordCount":1113,"commentCount":0,"publisher":{"@id":"https:\/\/tuzlainfo.ba\/#organization"},"image":{"@id":"https:\/\/tuzlainfo.ba\/index.php\/novosti\/item\/162211-za-razliku-od-sarajevskog-sdp-u-tuzli-podrzava-izmjene-pondera-2\/#primaryimage"},"thumbnailUrl":"https:\/\/tuzlainfo.ba\/wp-content\/uploads\/2017\/07\/sadrzaj_2017_20170701_0707_dzevad_hodzic.jpg","keywords":["izmjene zakona","javni prihodi","ponder","SDP"],"articleSection":["Istaknuto","Novosti"],"inLanguage":"bs-BA"},{"@type":"WebPage","@id":"https:\/\/tuzlainfo.ba\/index.php\/novosti\/item\/162211-za-razliku-od-sarajevskog-sdp-u-tuzli-podrzava-izmjene-pondera-2\/","url":"https:\/\/tuzlainfo.ba\/index.php\/novosti\/item\/162211-za-razliku-od-sarajevskog-sdp-u-tuzli-podrzava-izmjene-pondera-2\/","name":"Za razliku od sarajevskog: SDP u Tuzli podr\u017eava izmjene pondera 2 - TuzlaInfo.ba","isPartOf":{"@id":"https:\/\/tuzlainfo.ba\/#website"},"primaryImageOfPage":{"@id":"https:\/\/tuzlainfo.ba\/index.php\/novosti\/item\/162211-za-razliku-od-sarajevskog-sdp-u-tuzli-podrzava-izmjene-pondera-2\/#primaryimage"},"image":{"@id":"https:\/\/tuzlainfo.ba\/index.php\/novosti\/item\/162211-za-razliku-od-sarajevskog-sdp-u-tuzli-podrzava-izmjene-pondera-2\/#primaryimage"},"thumbnailUrl":"https:\/\/tuzlainfo.ba\/wp-content\/uploads\/2017\/07\/sadrzaj_2017_20170701_0707_dzevad_hodzic.jpg","datePublished":"2022-01-27T10:00:26+00:00","dateModified":"2022-01-27T08:38:37+00:00","breadcrumb":{"@id":"https:\/\/tuzlainfo.ba\/index.php\/novosti\/item\/162211-za-razliku-od-sarajevskog-sdp-u-tuzli-podrzava-izmjene-pondera-2\/#breadcrumb"},"inLanguage":"bs-BA","potentialAction":[{"@type":"ReadAction","target":["https:\/\/tuzlainfo.ba\/index.php\/novosti\/item\/162211-za-razliku-od-sarajevskog-sdp-u-tuzli-podrzava-izmjene-pondera-2\/"]}]},{"@type":"ImageObject","inLanguage":"bs-BA","@id":"https:\/\/tuzlainfo.ba\/index.php\/novosti\/item\/162211-za-razliku-od-sarajevskog-sdp-u-tuzli-podrzava-izmjene-pondera-2\/#primaryimage","url":"https:\/\/tuzlainfo.ba\/wp-content\/uploads\/2017\/07\/sadrzaj_2017_20170701_0707_dzevad_hodzic.jpg","contentUrl":"https:\/\/tuzlainfo.ba\/wp-content\/uploads\/2017\/07\/sadrzaj_2017_20170701_0707_dzevad_hodzic.jpg","width":600,"height":415,"caption":"0707 dzevad hodzic"},{"@type":"BreadcrumbList","@id":"https:\/\/tuzlainfo.ba\/index.php\/novosti\/item\/162211-za-razliku-od-sarajevskog-sdp-u-tuzli-podrzava-izmjene-pondera-2\/#breadcrumb","itemListElement":[{"@type":"ListItem","position":1,"name":"Home","item":"https:\/\/tuzlainfo.ba\/"},{"@type":"ListItem","position":2,"name":"Za razliku od sarajevskog: SDP u Tuzli podr\u017eava izmjene pondera 2"}]},{"@type":"WebSite","@id":"https:\/\/tuzlainfo.ba\/#website","url":"https:\/\/tuzlainfo.ba\/","name":"TuzlaInfo.ba","description":"Tuzla info, gradski informator - Tuzla na dlanu","publisher":{"@id":"https:\/\/tuzlainfo.ba\/#organization"},"potentialAction":[{"@type":"SearchAction","target":{"@type":"EntryPoint","urlTemplate":"https:\/\/tuzlainfo.ba\/?s={search_term_string}"},"query-input":{"@type":"PropertyValueSpecification","valueRequired":true,"valueName":"search_term_string"}}],"inLanguage":"bs-BA"},{"@type":"Organization","@id":"https:\/\/tuzlainfo.ba\/#organization","name":"TuzlaInfo.ba","url":"https:\/\/tuzlainfo.ba\/","logo":{"@type":"ImageObject","inLanguage":"bs-BA","@id":"https:\/\/tuzlainfo.ba\/#\/schema\/logo\/image\/","url":"https:\/\/tuzlainfo.ba\/wp-content\/uploads\/2021\/03\/logo-ver-3-1.png","contentUrl":"https:\/\/tuzlainfo.ba\/wp-content\/uploads\/2021\/03\/logo-ver-3-1.png","width":350,"height":95,"caption":"TuzlaInfo.ba"},"image":{"@id":"https:\/\/tuzlainfo.ba\/#\/schema\/logo\/image\/"},"sameAs":["https:\/\/www.facebook.com\/tuzlainfo.ba\/"]},{"@type":"Person","@id":"https:\/\/tuzlainfo.ba\/#\/schema\/person\/46cad4c57790cbc50781edd14870825a","name":"Tuzla Info","image":{"@type":"ImageObject","inLanguage":"bs-BA","@id":"https:\/\/tuzlainfo.ba\/#\/schema\/person\/image\/","url":"https:\/\/tuzlainfo.ba\/wp-content\/litespeed\/avatar\/b6c453a6c38e3654f2e4416c643fc25c.jpg?ver=1777051911","contentUrl":"https:\/\/tuzlainfo.ba\/wp-content\/litespeed\/avatar\/b6c453a6c38e3654f2e4416c643fc25c.jpg?ver=1777051911","caption":"Tuzla Info"}}]}},"_links":{"self":[{"href":"https:\/\/tuzlainfo.ba\/index.php\/wp-json\/wp\/v2\/posts\/162211"}],"collection":[{"href":"https:\/\/tuzlainfo.ba\/index.php\/wp-json\/wp\/v2\/posts"}],"about":[{"href":"https:\/\/tuzlainfo.ba\/index.php\/wp-json\/wp\/v2\/types\/post"}],"author":[{"embeddable":true,"href":"https:\/\/tuzlainfo.ba\/index.php\/wp-json\/wp\/v2\/users\/4"}],"replies":[{"embeddable":true,"href":"https:\/\/tuzlainfo.ba\/index.php\/wp-json\/wp\/v2\/comments?post=162211"}],"version-history":[{"count":0,"href":"https:\/\/tuzlainfo.ba\/index.php\/wp-json\/wp\/v2\/posts\/162211\/revisions"}],"wp:featuredmedia":[{"embeddable":true,"href":"https:\/\/tuzlainfo.ba\/index.php\/wp-json\/wp\/v2\/media\/57785"}],"wp:attachment":[{"href":"https:\/\/tuzlainfo.ba\/index.php\/wp-json\/wp\/v2\/media?parent=162211"}],"wp:term":[{"taxonomy":"category","embeddable":true,"href":"https:\/\/tuzlainfo.ba\/index.php\/wp-json\/wp\/v2\/categories?post=162211"},{"taxonomy":"post_tag","embeddable":true,"href":"https:\/\/tuzlainfo.ba\/index.php\/wp-json\/wp\/v2\/tags?post=162211"}],"curies":[{"name":"wp","href":"https:\/\/api.w.org\/{rel}","templated":true}]}}