{"id":162120,"date":"2022-01-26T11:51:15","date_gmt":"2022-01-26T10:51:15","guid":{"rendered":"https:\/\/tuzlainfo.ba\/?p=162120"},"modified":"2022-01-26T14:43:34","modified_gmt":"2022-01-26T13:43:34","slug":"usvojena-inicijativa-ime-jednog-roditelja-institucije-grada-tuzla-vise-nece-zahtijevati-ime-oc","status":"publish","type":"post","link":"https:\/\/tuzlainfo.ba\/index.php\/novosti\/item\/162120-usvojena-inicijativa-ime-jednog-roditelja-institucije-grada-tuzla-vise-nece-zahtijevati-ime-oc\/","title":{"rendered":"Usvojena inicijativa \u201cIme jednog roditelja\u201c: Institucije Grada Tuzla vi\u0161e ne\u0107e zahtijevati \u201cime oca\u201c"},"content":{"rendered":"<p>Od danas stanovnici Tuzle nisu primorani da u obrascima i formularima slu\u017ebi koje su u sastavu Grada upisuju \u201cime oca\u201c, ve\u0107 imaju mogu\u0107nost upisati \u201cime jednog roditelja\u201c.<\/p>\n<p>Ova inicijativa je rezultat dugotrajne borbe Udru\u017eenja \u201cZaboravljena djeca rata\u201c i Anela Ibelji\u0107a, gradskog vije\u0107nika u Gradu Tuzla koji je predlaga\u010d inicijative. Dosada\u0161nja praksa je bila diskriminatorna. Pored neravnopravnosti, djeca rata, ali i djeca sa jednim roditeljem su bila primorana da obja\u0161njavaju za\u0161to ostavljaju rubriku oca praznu, \u0161to ih ka\u017eu dodatno retraumatizira.<\/p>\n<p>\u201cZa mene je ova inicijativa bitna jer ne \u017eelim cijeli \u017eivot biti obilje\u017eena imenom osobe koja je po\u010dinila najstra\u0161niji zlo\u010din nad mojom majkom. Isto tako, bitna mi je jer sam \u017eeljela otvoriti prostor da na\u0161e majke kona\u010dno dobiju svoje mjesto u dru\u0161tvenom i zakonskom kontekstu. Nije fer da svi moramo pisati ime oca ili kao ja stavljati X jer na taj na\u010din nam se uskra\u0107uje pravo izbora ili za mene uskra\u0107uje mi se mogu\u0107nost da pi\u0161em ime svoje heroine,svoje majke koja je pored svega \u0161to je pre\u017eivjela, poletila kao fenix i omogu\u0107ila mi \u017eivot i sre\u0107u, hrabrost i snagu\u201d, ka\u017ee Ajna Jusi\u0107, predsjednica Udru\u017eenja \u201cZaboravljena djeca rata\u201d.<\/p>\n<p>Inicijativu je usvojio i implementirao Grad Tuzla, na osnovu inicijative Vije\u0107nika Anela Ibelji\u0107a koja je upu\u0107ena 30.06.2021. Osnovna potreba za uspje\u0161nom realizacijom se javlja zbog diskriminacije koju prolaze djeca ro\u0111ena zbog rata, ali i umanjivanjem uloge majke u zakonodavnom sistemu BiH.<\/p>\n<p>\u201cNakon razgovora sa udru\u017eenjem, odmah sam na sjednici Gradskoj Vije\u0107a predlo\u017eio ovu inicijativu, koja je usvojena i od danas implementirana. Nema razloga da ne napravimo promjenu kojom \u0107emo otkloniti prepreke, sprije\u010diti retraumatiziranje i pomo\u0107i djeci rata, ali i djeci koja imaju jednog roditelja. Moj posao je da pomognem i trudim se da to uradim onoliko koliko je u mojoj mo\u0107i\u201d, rekao je Anel Ibelji\u0107, Vije\u0107nik u Gradskom vije\u0107u \u2013 Grad Tuzla.<\/p>\n<p>Ovo je mali korak u borbi protiv sistema koji diskrimini\u0161e, ali veliki korak za one nad kojima se ta diskriminacija ve\u0107 dugotrajno i sistemski vr\u0161i isti\u010du iz Udru\u017eenja.<\/p>\n","protected":false},"excerpt":{"rendered":"<p>Od danas stanovnici Tuzle nisu primorani da u obrascima i formularima slu\u017ebi koje su u&hellip;<\/p>\n","protected":false},"author":4,"featured_media":70332,"comment_status":"open","ping_status":"closed","sticky":false,"template":"","format":"standard","meta":{"_acf_changed":false,"footnotes":""},"categories":[304,12,306],"tags":[331,4023,1237],"acf":[],"yoast_head":"<!-- This site is optimized with the Yoast SEO plugin v23.5 - https:\/\/yoast.com\/wordpress\/plugins\/seo\/ -->\n<title>Usvojena inicijativa \u201cIme jednog roditelja\u201c: Institucije Grada Tuzla vi\u0161e ne\u0107e zahtijevati \u201cime oca\u201c - TuzlaInfo.ba<\/title>\n<meta name=\"robots\" content=\"index, follow, max-snippet:-1, max-image-preview:large, max-video-preview:-1\" \/>\n<link rel=\"canonical\" href=\"https:\/\/tuzlainfo.ba\/index.php\/novosti\/item\/162120-usvojena-inicijativa-ime-jednog-roditelja-institucije-grada-tuzla-vise-nece-zahtijevati-ime-oc\/\" \/>\n<meta property=\"og:locale\" content=\"bs_BA\" \/>\n<meta property=\"og:type\" content=\"article\" \/>\n<meta property=\"og:title\" content=\"Usvojena inicijativa \u201cIme jednog roditelja\u201c: Institucije Grada Tuzla vi\u0161e ne\u0107e zahtijevati \u201cime oca\u201c - TuzlaInfo.ba\" \/>\n<meta property=\"og:description\" content=\"Od danas stanovnici Tuzle nisu primorani da u obrascima i formularima slu\u017ebi koje su u&hellip;\" \/>\n<meta property=\"og:url\" content=\"https:\/\/tuzlainfo.ba\/index.php\/novosti\/item\/162120-usvojena-inicijativa-ime-jednog-roditelja-institucije-grada-tuzla-vise-nece-zahtijevati-ime-oc\/\" \/>\n<meta property=\"og:site_name\" content=\"TuzlaInfo.ba\" \/>\n<meta property=\"article:publisher\" content=\"https:\/\/www.facebook.com\/tuzlainfo.ba\/\" \/>\n<meta property=\"article:published_time\" content=\"2022-01-26T10:51:15+00:00\" \/>\n<meta property=\"article:modified_time\" content=\"2022-01-26T13:43:34+00:00\" \/>\n<meta property=\"og:image\" content=\"https:\/\/tuzlainfo.ba\/wp-content\/uploads\/2019\/05\/sadrzaj_2019_20190101_01012019_grad_tuzla.jpg\" \/>\n\t<meta property=\"og:image:width\" content=\"770\" \/>\n\t<meta property=\"og:image:height\" content=\"553\" \/>\n\t<meta property=\"og:image:type\" content=\"image\/jpeg\" \/>\n<meta name=\"author\" content=\"Tuzla Info\" \/>\n<meta name=\"twitter:card\" content=\"summary_large_image\" \/>\n<meta name=\"twitter:label1\" content=\"Written by\" \/>\n\t<meta name=\"twitter:data1\" content=\"Tuzla Info\" \/>\n\t<meta name=\"twitter:label2\" content=\"Est. reading time\" \/>\n\t<meta name=\"twitter:data2\" content=\"2 minute\" \/>\n<script type=\"application\/ld+json\" class=\"yoast-schema-graph\">{\"@context\":\"https:\/\/schema.org\",\"@graph\":[{\"@type\":\"Article\",\"@id\":\"https:\/\/tuzlainfo.ba\/index.php\/novosti\/item\/162120-usvojena-inicijativa-ime-jednog-roditelja-institucije-grada-tuzla-vise-nece-zahtijevati-ime-oc\/#article\",\"isPartOf\":{\"@id\":\"https:\/\/tuzlainfo.ba\/index.php\/novosti\/item\/162120-usvojena-inicijativa-ime-jednog-roditelja-institucije-grada-tuzla-vise-nece-zahtijevati-ime-oc\/\"},\"author\":{\"name\":\"Tuzla Info\",\"@id\":\"https:\/\/tuzlainfo.ba\/#\/schema\/person\/46cad4c57790cbc50781edd14870825a\"},\"headline\":\"Usvojena inicijativa \u201cIme jednog roditelja\u201c: Institucije Grada Tuzla vi\u0161e ne\u0107e zahtijevati \u201cime oca\u201c\",\"datePublished\":\"2022-01-26T10:51:15+00:00\",\"dateModified\":\"2022-01-26T13:43:34+00:00\",\"mainEntityOfPage\":{\"@id\":\"https:\/\/tuzlainfo.ba\/index.php\/novosti\/item\/162120-usvojena-inicijativa-ime-jednog-roditelja-institucije-grada-tuzla-vise-nece-zahtijevati-ime-oc\/\"},\"wordCount\":383,\"commentCount\":0,\"publisher\":{\"@id\":\"https:\/\/tuzlainfo.ba\/#organization\"},\"image\":{\"@id\":\"https:\/\/tuzlainfo.ba\/index.php\/novosti\/item\/162120-usvojena-inicijativa-ime-jednog-roditelja-institucije-grada-tuzla-vise-nece-zahtijevati-ime-oc\/#primaryimage\"},\"thumbnailUrl\":\"https:\/\/tuzlainfo.ba\/wp-content\/uploads\/2019\/05\/sadrzaj_2019_20190101_01012019_grad_tuzla.jpg\",\"keywords\":[\"grad tuzla\",\"ime jednog roditelja\",\"inicijativa\"],\"articleSection\":[\"Istaknuto\",\"Novosti\",\"Preporu\u010dujemo\"],\"inLanguage\":\"bs-BA\"},{\"@type\":\"WebPage\",\"@id\":\"https:\/\/tuzlainfo.ba\/index.php\/novosti\/item\/162120-usvojena-inicijativa-ime-jednog-roditelja-institucije-grada-tuzla-vise-nece-zahtijevati-ime-oc\/\",\"url\":\"https:\/\/tuzlainfo.ba\/index.php\/novosti\/item\/162120-usvojena-inicijativa-ime-jednog-roditelja-institucije-grada-tuzla-vise-nece-zahtijevati-ime-oc\/\",\"name\":\"Usvojena inicijativa \u201cIme jednog roditelja\u201c: Institucije Grada Tuzla vi\u0161e ne\u0107e zahtijevati \u201cime oca\u201c - TuzlaInfo.ba\",\"isPartOf\":{\"@id\":\"https:\/\/tuzlainfo.ba\/#website\"},\"primaryImageOfPage\":{\"@id\":\"https:\/\/tuzlainfo.ba\/index.php\/novosti\/item\/162120-usvojena-inicijativa-ime-jednog-roditelja-institucije-grada-tuzla-vise-nece-zahtijevati-ime-oc\/#primaryimage\"},\"image\":{\"@id\":\"https:\/\/tuzlainfo.ba\/index.php\/novosti\/item\/162120-usvojena-inicijativa-ime-jednog-roditelja-institucije-grada-tuzla-vise-nece-zahtijevati-ime-oc\/#primaryimage\"},\"thumbnailUrl\":\"https:\/\/tuzlainfo.ba\/wp-content\/uploads\/2019\/05\/sadrzaj_2019_20190101_01012019_grad_tuzla.jpg\",\"datePublished\":\"2022-01-26T10:51:15+00:00\",\"dateModified\":\"2022-01-26T13:43:34+00:00\",\"breadcrumb\":{\"@id\":\"https:\/\/tuzlainfo.ba\/index.php\/novosti\/item\/162120-usvojena-inicijativa-ime-jednog-roditelja-institucije-grada-tuzla-vise-nece-zahtijevati-ime-oc\/#breadcrumb\"},\"inLanguage\":\"bs-BA\",\"potentialAction\":[{\"@type\":\"ReadAction\",\"target\":[\"https:\/\/tuzlainfo.ba\/index.php\/novosti\/item\/162120-usvojena-inicijativa-ime-jednog-roditelja-institucije-grada-tuzla-vise-nece-zahtijevati-ime-oc\/\"]}]},{\"@type\":\"ImageObject\",\"inLanguage\":\"bs-BA\",\"@id\":\"https:\/\/tuzlainfo.ba\/index.php\/novosti\/item\/162120-usvojena-inicijativa-ime-jednog-roditelja-institucije-grada-tuzla-vise-nece-zahtijevati-ime-oc\/#primaryimage\",\"url\":\"https:\/\/tuzlainfo.ba\/wp-content\/uploads\/2019\/05\/sadrzaj_2019_20190101_01012019_grad_tuzla.jpg\",\"contentUrl\":\"https:\/\/tuzlainfo.ba\/wp-content\/uploads\/2019\/05\/sadrzaj_2019_20190101_01012019_grad_tuzla.jpg\",\"width\":770,\"height\":553,\"caption\":\"01012019 grad tuzla\"},{\"@type\":\"BreadcrumbList\",\"@id\":\"https:\/\/tuzlainfo.ba\/index.php\/novosti\/item\/162120-usvojena-inicijativa-ime-jednog-roditelja-institucije-grada-tuzla-vise-nece-zahtijevati-ime-oc\/#breadcrumb\",\"itemListElement\":[{\"@type\":\"ListItem\",\"position\":1,\"name\":\"Home\",\"item\":\"https:\/\/tuzlainfo.ba\/\"},{\"@type\":\"ListItem\",\"position\":2,\"name\":\"Usvojena inicijativa \u201cIme jednog roditelja\u201c: Institucije Grada Tuzla vi\u0161e ne\u0107e zahtijevati \u201cime oca\u201c\"}]},{\"@type\":\"WebSite\",\"@id\":\"https:\/\/tuzlainfo.ba\/#website\",\"url\":\"https:\/\/tuzlainfo.ba\/\",\"name\":\"TuzlaInfo.ba\",\"description\":\"Tuzla info, gradski informator - Tuzla na dlanu\",\"publisher\":{\"@id\":\"https:\/\/tuzlainfo.ba\/#organization\"},\"potentialAction\":[{\"@type\":\"SearchAction\",\"target\":{\"@type\":\"EntryPoint\",\"urlTemplate\":\"https:\/\/tuzlainfo.ba\/?s={search_term_string}\"},\"query-input\":{\"@type\":\"PropertyValueSpecification\",\"valueRequired\":true,\"valueName\":\"search_term_string\"}}],\"inLanguage\":\"bs-BA\"},{\"@type\":\"Organization\",\"@id\":\"https:\/\/tuzlainfo.ba\/#organization\",\"name\":\"TuzlaInfo.ba\",\"url\":\"https:\/\/tuzlainfo.ba\/\",\"logo\":{\"@type\":\"ImageObject\",\"inLanguage\":\"bs-BA\",\"@id\":\"https:\/\/tuzlainfo.ba\/#\/schema\/logo\/image\/\",\"url\":\"https:\/\/tuzlainfo.ba\/wp-content\/uploads\/2021\/03\/logo-ver-3-1.png\",\"contentUrl\":\"https:\/\/tuzlainfo.ba\/wp-content\/uploads\/2021\/03\/logo-ver-3-1.png\",\"width\":350,\"height\":95,\"caption\":\"TuzlaInfo.ba\"},\"image\":{\"@id\":\"https:\/\/tuzlainfo.ba\/#\/schema\/logo\/image\/\"},\"sameAs\":[\"https:\/\/www.facebook.com\/tuzlainfo.ba\/\"]},{\"@type\":\"Person\",\"@id\":\"https:\/\/tuzlainfo.ba\/#\/schema\/person\/46cad4c57790cbc50781edd14870825a\",\"name\":\"Tuzla Info\",\"image\":{\"@type\":\"ImageObject\",\"inLanguage\":\"bs-BA\",\"@id\":\"https:\/\/tuzlainfo.ba\/#\/schema\/person\/image\/\",\"url\":\"https:\/\/tuzlainfo.ba\/wp-content\/litespeed\/avatar\/b6c453a6c38e3654f2e4416c643fc25c.jpg?ver=1777051911\",\"contentUrl\":\"https:\/\/tuzlainfo.ba\/wp-content\/litespeed\/avatar\/b6c453a6c38e3654f2e4416c643fc25c.jpg?ver=1777051911\",\"caption\":\"Tuzla Info\"}}]}<\/script>\n<!-- \/ Yoast SEO plugin. -->","yoast_head_json":{"title":"Usvojena inicijativa \u201cIme jednog roditelja\u201c: Institucije Grada Tuzla vi\u0161e ne\u0107e zahtijevati \u201cime oca\u201c - TuzlaInfo.ba","robots":{"index":"index","follow":"follow","max-snippet":"max-snippet:-1","max-image-preview":"max-image-preview:large","max-video-preview":"max-video-preview:-1"},"canonical":"https:\/\/tuzlainfo.ba\/index.php\/novosti\/item\/162120-usvojena-inicijativa-ime-jednog-roditelja-institucije-grada-tuzla-vise-nece-zahtijevati-ime-oc\/","og_locale":"bs_BA","og_type":"article","og_title":"Usvojena inicijativa \u201cIme jednog roditelja\u201c: Institucije Grada Tuzla vi\u0161e ne\u0107e zahtijevati \u201cime oca\u201c - TuzlaInfo.ba","og_description":"Od danas stanovnici Tuzle nisu primorani da u obrascima i formularima slu\u017ebi koje su u&hellip;","og_url":"https:\/\/tuzlainfo.ba\/index.php\/novosti\/item\/162120-usvojena-inicijativa-ime-jednog-roditelja-institucije-grada-tuzla-vise-nece-zahtijevati-ime-oc\/","og_site_name":"TuzlaInfo.ba","article_publisher":"https:\/\/www.facebook.com\/tuzlainfo.ba\/","article_published_time":"2022-01-26T10:51:15+00:00","article_modified_time":"2022-01-26T13:43:34+00:00","og_image":[{"width":770,"height":553,"url":"https:\/\/tuzlainfo.ba\/wp-content\/uploads\/2019\/05\/sadrzaj_2019_20190101_01012019_grad_tuzla.jpg","type":"image\/jpeg"}],"author":"Tuzla Info","twitter_card":"summary_large_image","twitter_misc":{"Written by":"Tuzla Info","Est. reading time":"2 minute"},"schema":{"@context":"https:\/\/schema.org","@graph":[{"@type":"Article","@id":"https:\/\/tuzlainfo.ba\/index.php\/novosti\/item\/162120-usvojena-inicijativa-ime-jednog-roditelja-institucije-grada-tuzla-vise-nece-zahtijevati-ime-oc\/#article","isPartOf":{"@id":"https:\/\/tuzlainfo.ba\/index.php\/novosti\/item\/162120-usvojena-inicijativa-ime-jednog-roditelja-institucije-grada-tuzla-vise-nece-zahtijevati-ime-oc\/"},"author":{"name":"Tuzla Info","@id":"https:\/\/tuzlainfo.ba\/#\/schema\/person\/46cad4c57790cbc50781edd14870825a"},"headline":"Usvojena inicijativa \u201cIme jednog roditelja\u201c: Institucije Grada Tuzla vi\u0161e ne\u0107e zahtijevati \u201cime oca\u201c","datePublished":"2022-01-26T10:51:15+00:00","dateModified":"2022-01-26T13:43:34+00:00","mainEntityOfPage":{"@id":"https:\/\/tuzlainfo.ba\/index.php\/novosti\/item\/162120-usvojena-inicijativa-ime-jednog-roditelja-institucije-grada-tuzla-vise-nece-zahtijevati-ime-oc\/"},"wordCount":383,"commentCount":0,"publisher":{"@id":"https:\/\/tuzlainfo.ba\/#organization"},"image":{"@id":"https:\/\/tuzlainfo.ba\/index.php\/novosti\/item\/162120-usvojena-inicijativa-ime-jednog-roditelja-institucije-grada-tuzla-vise-nece-zahtijevati-ime-oc\/#primaryimage"},"thumbnailUrl":"https:\/\/tuzlainfo.ba\/wp-content\/uploads\/2019\/05\/sadrzaj_2019_20190101_01012019_grad_tuzla.jpg","keywords":["grad tuzla","ime jednog roditelja","inicijativa"],"articleSection":["Istaknuto","Novosti","Preporu\u010dujemo"],"inLanguage":"bs-BA"},{"@type":"WebPage","@id":"https:\/\/tuzlainfo.ba\/index.php\/novosti\/item\/162120-usvojena-inicijativa-ime-jednog-roditelja-institucije-grada-tuzla-vise-nece-zahtijevati-ime-oc\/","url":"https:\/\/tuzlainfo.ba\/index.php\/novosti\/item\/162120-usvojena-inicijativa-ime-jednog-roditelja-institucije-grada-tuzla-vise-nece-zahtijevati-ime-oc\/","name":"Usvojena inicijativa \u201cIme jednog roditelja\u201c: Institucije Grada Tuzla vi\u0161e ne\u0107e zahtijevati \u201cime oca\u201c - TuzlaInfo.ba","isPartOf":{"@id":"https:\/\/tuzlainfo.ba\/#website"},"primaryImageOfPage":{"@id":"https:\/\/tuzlainfo.ba\/index.php\/novosti\/item\/162120-usvojena-inicijativa-ime-jednog-roditelja-institucije-grada-tuzla-vise-nece-zahtijevati-ime-oc\/#primaryimage"},"image":{"@id":"https:\/\/tuzlainfo.ba\/index.php\/novosti\/item\/162120-usvojena-inicijativa-ime-jednog-roditelja-institucije-grada-tuzla-vise-nece-zahtijevati-ime-oc\/#primaryimage"},"thumbnailUrl":"https:\/\/tuzlainfo.ba\/wp-content\/uploads\/2019\/05\/sadrzaj_2019_20190101_01012019_grad_tuzla.jpg","datePublished":"2022-01-26T10:51:15+00:00","dateModified":"2022-01-26T13:43:34+00:00","breadcrumb":{"@id":"https:\/\/tuzlainfo.ba\/index.php\/novosti\/item\/162120-usvojena-inicijativa-ime-jednog-roditelja-institucije-grada-tuzla-vise-nece-zahtijevati-ime-oc\/#breadcrumb"},"inLanguage":"bs-BA","potentialAction":[{"@type":"ReadAction","target":["https:\/\/tuzlainfo.ba\/index.php\/novosti\/item\/162120-usvojena-inicijativa-ime-jednog-roditelja-institucije-grada-tuzla-vise-nece-zahtijevati-ime-oc\/"]}]},{"@type":"ImageObject","inLanguage":"bs-BA","@id":"https:\/\/tuzlainfo.ba\/index.php\/novosti\/item\/162120-usvojena-inicijativa-ime-jednog-roditelja-institucije-grada-tuzla-vise-nece-zahtijevati-ime-oc\/#primaryimage","url":"https:\/\/tuzlainfo.ba\/wp-content\/uploads\/2019\/05\/sadrzaj_2019_20190101_01012019_grad_tuzla.jpg","contentUrl":"https:\/\/tuzlainfo.ba\/wp-content\/uploads\/2019\/05\/sadrzaj_2019_20190101_01012019_grad_tuzla.jpg","width":770,"height":553,"caption":"01012019 grad tuzla"},{"@type":"BreadcrumbList","@id":"https:\/\/tuzlainfo.ba\/index.php\/novosti\/item\/162120-usvojena-inicijativa-ime-jednog-roditelja-institucije-grada-tuzla-vise-nece-zahtijevati-ime-oc\/#breadcrumb","itemListElement":[{"@type":"ListItem","position":1,"name":"Home","item":"https:\/\/tuzlainfo.ba\/"},{"@type":"ListItem","position":2,"name":"Usvojena inicijativa \u201cIme jednog roditelja\u201c: Institucije Grada Tuzla vi\u0161e ne\u0107e zahtijevati \u201cime oca\u201c"}]},{"@type":"WebSite","@id":"https:\/\/tuzlainfo.ba\/#website","url":"https:\/\/tuzlainfo.ba\/","name":"TuzlaInfo.ba","description":"Tuzla info, gradski informator - Tuzla na dlanu","publisher":{"@id":"https:\/\/tuzlainfo.ba\/#organization"},"potentialAction":[{"@type":"SearchAction","target":{"@type":"EntryPoint","urlTemplate":"https:\/\/tuzlainfo.ba\/?s={search_term_string}"},"query-input":{"@type":"PropertyValueSpecification","valueRequired":true,"valueName":"search_term_string"}}],"inLanguage":"bs-BA"},{"@type":"Organization","@id":"https:\/\/tuzlainfo.ba\/#organization","name":"TuzlaInfo.ba","url":"https:\/\/tuzlainfo.ba\/","logo":{"@type":"ImageObject","inLanguage":"bs-BA","@id":"https:\/\/tuzlainfo.ba\/#\/schema\/logo\/image\/","url":"https:\/\/tuzlainfo.ba\/wp-content\/uploads\/2021\/03\/logo-ver-3-1.png","contentUrl":"https:\/\/tuzlainfo.ba\/wp-content\/uploads\/2021\/03\/logo-ver-3-1.png","width":350,"height":95,"caption":"TuzlaInfo.ba"},"image":{"@id":"https:\/\/tuzlainfo.ba\/#\/schema\/logo\/image\/"},"sameAs":["https:\/\/www.facebook.com\/tuzlainfo.ba\/"]},{"@type":"Person","@id":"https:\/\/tuzlainfo.ba\/#\/schema\/person\/46cad4c57790cbc50781edd14870825a","name":"Tuzla Info","image":{"@type":"ImageObject","inLanguage":"bs-BA","@id":"https:\/\/tuzlainfo.ba\/#\/schema\/person\/image\/","url":"https:\/\/tuzlainfo.ba\/wp-content\/litespeed\/avatar\/b6c453a6c38e3654f2e4416c643fc25c.jpg?ver=1777051911","contentUrl":"https:\/\/tuzlainfo.ba\/wp-content\/litespeed\/avatar\/b6c453a6c38e3654f2e4416c643fc25c.jpg?ver=1777051911","caption":"Tuzla Info"}}]}},"_links":{"self":[{"href":"https:\/\/tuzlainfo.ba\/index.php\/wp-json\/wp\/v2\/posts\/162120"}],"collection":[{"href":"https:\/\/tuzlainfo.ba\/index.php\/wp-json\/wp\/v2\/posts"}],"about":[{"href":"https:\/\/tuzlainfo.ba\/index.php\/wp-json\/wp\/v2\/types\/post"}],"author":[{"embeddable":true,"href":"https:\/\/tuzlainfo.ba\/index.php\/wp-json\/wp\/v2\/users\/4"}],"replies":[{"embeddable":true,"href":"https:\/\/tuzlainfo.ba\/index.php\/wp-json\/wp\/v2\/comments?post=162120"}],"version-history":[{"count":0,"href":"https:\/\/tuzlainfo.ba\/index.php\/wp-json\/wp\/v2\/posts\/162120\/revisions"}],"wp:featuredmedia":[{"embeddable":true,"href":"https:\/\/tuzlainfo.ba\/index.php\/wp-json\/wp\/v2\/media\/70332"}],"wp:attachment":[{"href":"https:\/\/tuzlainfo.ba\/index.php\/wp-json\/wp\/v2\/media?parent=162120"}],"wp:term":[{"taxonomy":"category","embeddable":true,"href":"https:\/\/tuzlainfo.ba\/index.php\/wp-json\/wp\/v2\/categories?post=162120"},{"taxonomy":"post_tag","embeddable":true,"href":"https:\/\/tuzlainfo.ba\/index.php\/wp-json\/wp\/v2\/tags?post=162120"}],"curies":[{"name":"wp","href":"https:\/\/api.w.org\/{rel}","templated":true}]}}