{"id":162102,"date":"2022-01-26T09:00:39","date_gmt":"2022-01-26T08:00:39","guid":{"rendered":"https:\/\/tuzlainfo.ba\/?p=162102"},"modified":"2022-01-26T08:10:25","modified_gmt":"2022-01-26T07:10:25","slug":"krizni-stab-fbih-predlozio-antigensko-testiranje-i-kraci-period-izolacije-ali-u-tk-u-bez-promjena","status":"publish","type":"post","link":"https:\/\/tuzlainfo.ba\/index.php\/novosti\/item\/162102-krizni-stab-fbih-predlozio-antigensko-testiranje-i-kraci-period-izolacije-ali-u-tk-u-bez-promjena\/","title":{"rendered":"Krizni \u0161tab FBIH predlo\u017eio antigensko testiranje i kra\u0107i period izolacije, ali u TK-u bez promjena?!"},"content":{"rendered":"<p>Na sjednici Kriznog \u0161taba Federalnog ministarstva zdravstva razmatrana je epidemiolo\u0161ka situacija u Federaciji BiH i mogu\u0107nost skra\u0107ivanja smanjenje perioda izolacije, pod odre\u0111enim uslovima, pacijentima zara\u017eenim koronavirusom, kao i perioda samoizolacije osobama koje su u bliskom kontaktu sa zara\u017eenima.<\/p>\n<p>Tako \u0107e po novom prijedlogu osobe koje su bile u bliskom kontaktu sa zara\u017eenim odnosno \u010dlanovi iste porodice u samoizolaciji boraviti deset dana ukoliko se nevakcinisane ili nepotpuno vakcinisane, odnosno vakcinisane sa jednom ili dvje doze vakcine. U slu\u010daju da su potpuno vakcinisane, samoizolacije nema do eventualne pojave simptoma, ali no\u0161enje maske i odgovorno pona\u0161anje je potrebno.<\/p>\n<p>\u201eZa sve osobe za koje se utvrdi da su pozitivne na testu, ukoliko nisu kompletno vakcinisane takve osobe \u0107e biti deset dana u izolaciji s tim da \u0107e mo\u0107i iza\u0107i sedmi dan pod uvjetom da imaju negativan test. Potpuno vakcinisanima, a zara\u017eenima, predlo\u017eena je izolacija od sedam dana, odnosno pet u slu\u010daju negativnog testa\u201c, izjavio je Goran \u010cerkez, pomo\u0107nik federalnog ministara zdravstva.<\/p>\n<p>Krizni \u0161tab tako\u0111er je preporu\u010dio da se forsira antigensko testiranje kako bi ljudi \u0161to prije znali rezultate testa i postupali u skladu s rezultatima, ali i zbog zdravstvenih sistema koji sa ovoliko velikim brojevima pozitivnih ne mogu odgovoriti svim zahtjevima na vrijeme.<\/p>\n<p>Me\u0111utim, kada je u pitanju Tuzlanski kanton situacija se ne\u0107e zna\u010dajno promijeniti.<\/p>\n<p>Naime, za razliku od Kantona Sarajevo gdje se u domovima zdravlja ve\u0107 obavlja antigensko testiranje \u010diju \u010de\u0161\u0107u primjenu je sada predlo\u017eio i Krizni \u0161tab, u Tuzlanskom kantonu zdravstvene ustanove ne raspola\u017eu ovakvom vrstom testova, dok antigenske tetsove privatnih ustanova ne priznaju.<\/p>\n<p>Iako se na zakazivanje PCR testiranja \u010deka po nekoliko dana, a isto toliko i na rezultate testa, iz resornog ministartva nabavku antigenskih testova, ka\u017eu ranije nisu planirali.<\/p>\n<p>\u201eOstaje da vidimo da li \u0107e sa nivoa Federacije do\u0107i do ovakve odluke, koliko \u0107e ona biti obavezuju\u0107a za teritorij cijele Federacije, koliko \u0107e ona zapravo biti rigidna, pa \u0107emo na osnovu toga i mi postupati u narednom periodu. Ono \u0161to ja osobno smatram je da bi trebalo nastaviti vr\u0161iti testiranja PCR testom kod pacijenata s obzirom na ve\u0107u i pouzdanost i naravno ve\u0107e i benefite za samog pacijenta\u201c, izjavio je Bo\u017eo Juri\u0107, ministar zdravstva TK.<\/p>\n<p>Odluke Federalnog kriznog \u0161taba \u0107e stupiti na snagu ukoliko ih usvoji Vlada Federacije BiH, no da li \u0107e i koliko biti provodive u svim kantonima, poput Tuzlanskog jo\u0161 je neizvjesno. Ono \u0161to je izvjesno jeste da broj novih slu\u010dajeva korona virusa raste iz dana i dan, te da zdravstvene ustanove u na\u0161em kanotnu ve\u0107 sada ne sti\u017eu odgovoriti svim zahtjevima kada je u pitanju testiranje, pi\u0161e <a href=\"https:\/\/www.rtvslon.ba\/krizni-stab-predlozio-antigensko-testiranje-i-kraci-period-izolacije-u-tk-situacija-ostaje-ista\/\"><strong>RTV Slon<\/strong><\/a>.<\/p>\n","protected":false},"excerpt":{"rendered":"<p>Na sjednici Kriznog \u0161taba Federalnog ministarstva zdravstva razmatrana je epidemiolo\u0161ka situacija u Federaciji BiH i&hellip;<\/p>\n","protected":false},"author":2,"featured_media":162103,"comment_status":"open","ping_status":"closed","sticky":false,"template":"","format":"standard","meta":{"_acf_changed":false,"footnotes":""},"categories":[304,12],"tags":[314,838,667],"acf":[],"yoast_head":"<!-- This site is optimized with the Yoast SEO plugin v23.5 - https:\/\/yoast.com\/wordpress\/plugins\/seo\/ -->\n<title>Krizni \u0161tab FBIH predlo\u017eio antigensko testiranje i kra\u0107i period izolacije, ali u TK-u bez promjena?! - TuzlaInfo.ba<\/title>\n<meta name=\"robots\" content=\"index, follow, max-snippet:-1, max-image-preview:large, max-video-preview:-1\" \/>\n<link rel=\"canonical\" href=\"https:\/\/tuzlainfo.ba\/index.php\/novosti\/item\/162102-krizni-stab-fbih-predlozio-antigensko-testiranje-i-kraci-period-izolacije-ali-u-tk-u-bez-promjena\/\" \/>\n<meta property=\"og:locale\" content=\"bs_BA\" \/>\n<meta property=\"og:type\" content=\"article\" \/>\n<meta property=\"og:title\" content=\"Krizni \u0161tab FBIH predlo\u017eio antigensko testiranje i kra\u0107i period izolacije, ali u TK-u bez promjena?! - TuzlaInfo.ba\" \/>\n<meta property=\"og:description\" content=\"Na sjednici Kriznog \u0161taba Federalnog ministarstva zdravstva razmatrana je epidemiolo\u0161ka situacija u Federaciji BiH i&hellip;\" \/>\n<meta property=\"og:url\" content=\"https:\/\/tuzlainfo.ba\/index.php\/novosti\/item\/162102-krizni-stab-fbih-predlozio-antigensko-testiranje-i-kraci-period-izolacije-ali-u-tk-u-bez-promjena\/\" \/>\n<meta property=\"og:site_name\" content=\"TuzlaInfo.ba\" \/>\n<meta property=\"article:publisher\" content=\"https:\/\/www.facebook.com\/tuzlainfo.ba\/\" \/>\n<meta property=\"article:published_time\" content=\"2022-01-26T08:00:39+00:00\" \/>\n<meta property=\"article:modified_time\" content=\"2022-01-26T07:10:25+00:00\" \/>\n<meta property=\"og:image\" content=\"https:\/\/tuzlainfo.ba\/wp-content\/uploads\/2022\/01\/2601_antigenski_test.jpg\" \/>\n\t<meta property=\"og:image:width\" content=\"1200\" \/>\n\t<meta property=\"og:image:height\" content=\"811\" \/>\n\t<meta property=\"og:image:type\" content=\"image\/jpeg\" \/>\n<meta name=\"author\" content=\"nedim\" \/>\n<meta name=\"twitter:card\" content=\"summary_large_image\" \/>\n<meta name=\"twitter:label1\" content=\"Written by\" \/>\n\t<meta name=\"twitter:data1\" content=\"nedim\" \/>\n\t<meta name=\"twitter:label2\" content=\"Est. reading time\" \/>\n\t<meta name=\"twitter:data2\" content=\"2 minute\" \/>\n<script type=\"application\/ld+json\" class=\"yoast-schema-graph\">{\"@context\":\"https:\/\/schema.org\",\"@graph\":[{\"@type\":\"Article\",\"@id\":\"https:\/\/tuzlainfo.ba\/index.php\/novosti\/item\/162102-krizni-stab-fbih-predlozio-antigensko-testiranje-i-kraci-period-izolacije-ali-u-tk-u-bez-promjena\/#article\",\"isPartOf\":{\"@id\":\"https:\/\/tuzlainfo.ba\/index.php\/novosti\/item\/162102-krizni-stab-fbih-predlozio-antigensko-testiranje-i-kraci-period-izolacije-ali-u-tk-u-bez-promjena\/\"},\"author\":{\"name\":\"nedim\",\"@id\":\"https:\/\/tuzlainfo.ba\/#\/schema\/person\/f434e20dc27ea133923aab08451b7f7f\"},\"headline\":\"Krizni \u0161tab FBIH predlo\u017eio antigensko testiranje i kra\u0107i period izolacije, ali u TK-u bez promjena?!\",\"datePublished\":\"2022-01-26T08:00:39+00:00\",\"dateModified\":\"2022-01-26T07:10:25+00:00\",\"mainEntityOfPage\":{\"@id\":\"https:\/\/tuzlainfo.ba\/index.php\/novosti\/item\/162102-krizni-stab-fbih-predlozio-antigensko-testiranje-i-kraci-period-izolacije-ali-u-tk-u-bez-promjena\/\"},\"wordCount\":475,\"commentCount\":0,\"publisher\":{\"@id\":\"https:\/\/tuzlainfo.ba\/#organization\"},\"image\":{\"@id\":\"https:\/\/tuzlainfo.ba\/index.php\/novosti\/item\/162102-krizni-stab-fbih-predlozio-antigensko-testiranje-i-kraci-period-izolacije-ali-u-tk-u-bez-promjena\/#primaryimage\"},\"thumbnailUrl\":\"https:\/\/tuzlainfo.ba\/wp-content\/uploads\/2022\/01\/2601_antigenski_test.jpg\",\"keywords\":[\"covid tk\",\"krizni \u0161tab fbih\",\"krizni \u0161tab tk\"],\"articleSection\":[\"Istaknuto\",\"Novosti\"],\"inLanguage\":\"bs-BA\"},{\"@type\":\"WebPage\",\"@id\":\"https:\/\/tuzlainfo.ba\/index.php\/novosti\/item\/162102-krizni-stab-fbih-predlozio-antigensko-testiranje-i-kraci-period-izolacije-ali-u-tk-u-bez-promjena\/\",\"url\":\"https:\/\/tuzlainfo.ba\/index.php\/novosti\/item\/162102-krizni-stab-fbih-predlozio-antigensko-testiranje-i-kraci-period-izolacije-ali-u-tk-u-bez-promjena\/\",\"name\":\"Krizni \u0161tab FBIH predlo\u017eio antigensko testiranje i kra\u0107i period izolacije, ali u TK-u bez promjena?! - TuzlaInfo.ba\",\"isPartOf\":{\"@id\":\"https:\/\/tuzlainfo.ba\/#website\"},\"primaryImageOfPage\":{\"@id\":\"https:\/\/tuzlainfo.ba\/index.php\/novosti\/item\/162102-krizni-stab-fbih-predlozio-antigensko-testiranje-i-kraci-period-izolacije-ali-u-tk-u-bez-promjena\/#primaryimage\"},\"image\":{\"@id\":\"https:\/\/tuzlainfo.ba\/index.php\/novosti\/item\/162102-krizni-stab-fbih-predlozio-antigensko-testiranje-i-kraci-period-izolacije-ali-u-tk-u-bez-promjena\/#primaryimage\"},\"thumbnailUrl\":\"https:\/\/tuzlainfo.ba\/wp-content\/uploads\/2022\/01\/2601_antigenski_test.jpg\",\"datePublished\":\"2022-01-26T08:00:39+00:00\",\"dateModified\":\"2022-01-26T07:10:25+00:00\",\"breadcrumb\":{\"@id\":\"https:\/\/tuzlainfo.ba\/index.php\/novosti\/item\/162102-krizni-stab-fbih-predlozio-antigensko-testiranje-i-kraci-period-izolacije-ali-u-tk-u-bez-promjena\/#breadcrumb\"},\"inLanguage\":\"bs-BA\",\"potentialAction\":[{\"@type\":\"ReadAction\",\"target\":[\"https:\/\/tuzlainfo.ba\/index.php\/novosti\/item\/162102-krizni-stab-fbih-predlozio-antigensko-testiranje-i-kraci-period-izolacije-ali-u-tk-u-bez-promjena\/\"]}]},{\"@type\":\"ImageObject\",\"inLanguage\":\"bs-BA\",\"@id\":\"https:\/\/tuzlainfo.ba\/index.php\/novosti\/item\/162102-krizni-stab-fbih-predlozio-antigensko-testiranje-i-kraci-period-izolacije-ali-u-tk-u-bez-promjena\/#primaryimage\",\"url\":\"https:\/\/tuzlainfo.ba\/wp-content\/uploads\/2022\/01\/2601_antigenski_test.jpg\",\"contentUrl\":\"https:\/\/tuzlainfo.ba\/wp-content\/uploads\/2022\/01\/2601_antigenski_test.jpg\",\"width\":1200,\"height\":811},{\"@type\":\"BreadcrumbList\",\"@id\":\"https:\/\/tuzlainfo.ba\/index.php\/novosti\/item\/162102-krizni-stab-fbih-predlozio-antigensko-testiranje-i-kraci-period-izolacije-ali-u-tk-u-bez-promjena\/#breadcrumb\",\"itemListElement\":[{\"@type\":\"ListItem\",\"position\":1,\"name\":\"Home\",\"item\":\"https:\/\/tuzlainfo.ba\/\"},{\"@type\":\"ListItem\",\"position\":2,\"name\":\"Krizni \u0161tab FBIH predlo\u017eio antigensko testiranje i kra\u0107i period izolacije, ali u TK-u bez promjena?!\"}]},{\"@type\":\"WebSite\",\"@id\":\"https:\/\/tuzlainfo.ba\/#website\",\"url\":\"https:\/\/tuzlainfo.ba\/\",\"name\":\"TuzlaInfo.ba\",\"description\":\"Tuzla info, gradski informator - Tuzla na dlanu\",\"publisher\":{\"@id\":\"https:\/\/tuzlainfo.ba\/#organization\"},\"potentialAction\":[{\"@type\":\"SearchAction\",\"target\":{\"@type\":\"EntryPoint\",\"urlTemplate\":\"https:\/\/tuzlainfo.ba\/?s={search_term_string}\"},\"query-input\":{\"@type\":\"PropertyValueSpecification\",\"valueRequired\":true,\"valueName\":\"search_term_string\"}}],\"inLanguage\":\"bs-BA\"},{\"@type\":\"Organization\",\"@id\":\"https:\/\/tuzlainfo.ba\/#organization\",\"name\":\"TuzlaInfo.ba\",\"url\":\"https:\/\/tuzlainfo.ba\/\",\"logo\":{\"@type\":\"ImageObject\",\"inLanguage\":\"bs-BA\",\"@id\":\"https:\/\/tuzlainfo.ba\/#\/schema\/logo\/image\/\",\"url\":\"https:\/\/tuzlainfo.ba\/wp-content\/uploads\/2021\/03\/logo-ver-3-1.png\",\"contentUrl\":\"https:\/\/tuzlainfo.ba\/wp-content\/uploads\/2021\/03\/logo-ver-3-1.png\",\"width\":350,\"height\":95,\"caption\":\"TuzlaInfo.ba\"},\"image\":{\"@id\":\"https:\/\/tuzlainfo.ba\/#\/schema\/logo\/image\/\"},\"sameAs\":[\"https:\/\/www.facebook.com\/tuzlainfo.ba\/\"]},{\"@type\":\"Person\",\"@id\":\"https:\/\/tuzlainfo.ba\/#\/schema\/person\/f434e20dc27ea133923aab08451b7f7f\",\"name\":\"nedim\",\"image\":{\"@type\":\"ImageObject\",\"inLanguage\":\"bs-BA\",\"@id\":\"https:\/\/tuzlainfo.ba\/#\/schema\/person\/image\/\",\"url\":\"https:\/\/tuzlainfo.ba\/wp-content\/litespeed\/avatar\/aabad687af24844af817603ac1cbdc4f.jpg?ver=1776702173\",\"contentUrl\":\"https:\/\/tuzlainfo.ba\/wp-content\/litespeed\/avatar\/aabad687af24844af817603ac1cbdc4f.jpg?ver=1776702173\",\"caption\":\"nedim\"},\"description\":\"Tuzlainfo.ba pratite na dru\u0161tvenim mre\u017eama: Facebook, Instagram i Youtube. Svoje pri\u010de, upite i fotografije \u0161aljite na na\u0161u e-mail adresu.\"}]}<\/script>\n<!-- \/ Yoast SEO plugin. -->","yoast_head_json":{"title":"Krizni \u0161tab FBIH predlo\u017eio antigensko testiranje i kra\u0107i period izolacije, ali u TK-u bez promjena?! - TuzlaInfo.ba","robots":{"index":"index","follow":"follow","max-snippet":"max-snippet:-1","max-image-preview":"max-image-preview:large","max-video-preview":"max-video-preview:-1"},"canonical":"https:\/\/tuzlainfo.ba\/index.php\/novosti\/item\/162102-krizni-stab-fbih-predlozio-antigensko-testiranje-i-kraci-period-izolacije-ali-u-tk-u-bez-promjena\/","og_locale":"bs_BA","og_type":"article","og_title":"Krizni \u0161tab FBIH predlo\u017eio antigensko testiranje i kra\u0107i period izolacije, ali u TK-u bez promjena?! - TuzlaInfo.ba","og_description":"Na sjednici Kriznog \u0161taba Federalnog ministarstva zdravstva razmatrana je epidemiolo\u0161ka situacija u Federaciji BiH i&hellip;","og_url":"https:\/\/tuzlainfo.ba\/index.php\/novosti\/item\/162102-krizni-stab-fbih-predlozio-antigensko-testiranje-i-kraci-period-izolacije-ali-u-tk-u-bez-promjena\/","og_site_name":"TuzlaInfo.ba","article_publisher":"https:\/\/www.facebook.com\/tuzlainfo.ba\/","article_published_time":"2022-01-26T08:00:39+00:00","article_modified_time":"2022-01-26T07:10:25+00:00","og_image":[{"width":1200,"height":811,"url":"https:\/\/tuzlainfo.ba\/wp-content\/uploads\/2022\/01\/2601_antigenski_test.jpg","type":"image\/jpeg"}],"author":"nedim","twitter_card":"summary_large_image","twitter_misc":{"Written by":"nedim","Est. reading time":"2 minute"},"schema":{"@context":"https:\/\/schema.org","@graph":[{"@type":"Article","@id":"https:\/\/tuzlainfo.ba\/index.php\/novosti\/item\/162102-krizni-stab-fbih-predlozio-antigensko-testiranje-i-kraci-period-izolacije-ali-u-tk-u-bez-promjena\/#article","isPartOf":{"@id":"https:\/\/tuzlainfo.ba\/index.php\/novosti\/item\/162102-krizni-stab-fbih-predlozio-antigensko-testiranje-i-kraci-period-izolacije-ali-u-tk-u-bez-promjena\/"},"author":{"name":"nedim","@id":"https:\/\/tuzlainfo.ba\/#\/schema\/person\/f434e20dc27ea133923aab08451b7f7f"},"headline":"Krizni \u0161tab FBIH predlo\u017eio antigensko testiranje i kra\u0107i period izolacije, ali u TK-u bez promjena?!","datePublished":"2022-01-26T08:00:39+00:00","dateModified":"2022-01-26T07:10:25+00:00","mainEntityOfPage":{"@id":"https:\/\/tuzlainfo.ba\/index.php\/novosti\/item\/162102-krizni-stab-fbih-predlozio-antigensko-testiranje-i-kraci-period-izolacije-ali-u-tk-u-bez-promjena\/"},"wordCount":475,"commentCount":0,"publisher":{"@id":"https:\/\/tuzlainfo.ba\/#organization"},"image":{"@id":"https:\/\/tuzlainfo.ba\/index.php\/novosti\/item\/162102-krizni-stab-fbih-predlozio-antigensko-testiranje-i-kraci-period-izolacije-ali-u-tk-u-bez-promjena\/#primaryimage"},"thumbnailUrl":"https:\/\/tuzlainfo.ba\/wp-content\/uploads\/2022\/01\/2601_antigenski_test.jpg","keywords":["covid tk","krizni \u0161tab fbih","krizni \u0161tab tk"],"articleSection":["Istaknuto","Novosti"],"inLanguage":"bs-BA"},{"@type":"WebPage","@id":"https:\/\/tuzlainfo.ba\/index.php\/novosti\/item\/162102-krizni-stab-fbih-predlozio-antigensko-testiranje-i-kraci-period-izolacije-ali-u-tk-u-bez-promjena\/","url":"https:\/\/tuzlainfo.ba\/index.php\/novosti\/item\/162102-krizni-stab-fbih-predlozio-antigensko-testiranje-i-kraci-period-izolacije-ali-u-tk-u-bez-promjena\/","name":"Krizni \u0161tab FBIH predlo\u017eio antigensko testiranje i kra\u0107i period izolacije, ali u TK-u bez promjena?! - TuzlaInfo.ba","isPartOf":{"@id":"https:\/\/tuzlainfo.ba\/#website"},"primaryImageOfPage":{"@id":"https:\/\/tuzlainfo.ba\/index.php\/novosti\/item\/162102-krizni-stab-fbih-predlozio-antigensko-testiranje-i-kraci-period-izolacije-ali-u-tk-u-bez-promjena\/#primaryimage"},"image":{"@id":"https:\/\/tuzlainfo.ba\/index.php\/novosti\/item\/162102-krizni-stab-fbih-predlozio-antigensko-testiranje-i-kraci-period-izolacije-ali-u-tk-u-bez-promjena\/#primaryimage"},"thumbnailUrl":"https:\/\/tuzlainfo.ba\/wp-content\/uploads\/2022\/01\/2601_antigenski_test.jpg","datePublished":"2022-01-26T08:00:39+00:00","dateModified":"2022-01-26T07:10:25+00:00","breadcrumb":{"@id":"https:\/\/tuzlainfo.ba\/index.php\/novosti\/item\/162102-krizni-stab-fbih-predlozio-antigensko-testiranje-i-kraci-period-izolacije-ali-u-tk-u-bez-promjena\/#breadcrumb"},"inLanguage":"bs-BA","potentialAction":[{"@type":"ReadAction","target":["https:\/\/tuzlainfo.ba\/index.php\/novosti\/item\/162102-krizni-stab-fbih-predlozio-antigensko-testiranje-i-kraci-period-izolacije-ali-u-tk-u-bez-promjena\/"]}]},{"@type":"ImageObject","inLanguage":"bs-BA","@id":"https:\/\/tuzlainfo.ba\/index.php\/novosti\/item\/162102-krizni-stab-fbih-predlozio-antigensko-testiranje-i-kraci-period-izolacije-ali-u-tk-u-bez-promjena\/#primaryimage","url":"https:\/\/tuzlainfo.ba\/wp-content\/uploads\/2022\/01\/2601_antigenski_test.jpg","contentUrl":"https:\/\/tuzlainfo.ba\/wp-content\/uploads\/2022\/01\/2601_antigenski_test.jpg","width":1200,"height":811},{"@type":"BreadcrumbList","@id":"https:\/\/tuzlainfo.ba\/index.php\/novosti\/item\/162102-krizni-stab-fbih-predlozio-antigensko-testiranje-i-kraci-period-izolacije-ali-u-tk-u-bez-promjena\/#breadcrumb","itemListElement":[{"@type":"ListItem","position":1,"name":"Home","item":"https:\/\/tuzlainfo.ba\/"},{"@type":"ListItem","position":2,"name":"Krizni \u0161tab FBIH predlo\u017eio antigensko testiranje i kra\u0107i period izolacije, ali u TK-u bez promjena?!"}]},{"@type":"WebSite","@id":"https:\/\/tuzlainfo.ba\/#website","url":"https:\/\/tuzlainfo.ba\/","name":"TuzlaInfo.ba","description":"Tuzla info, gradski informator - Tuzla na dlanu","publisher":{"@id":"https:\/\/tuzlainfo.ba\/#organization"},"potentialAction":[{"@type":"SearchAction","target":{"@type":"EntryPoint","urlTemplate":"https:\/\/tuzlainfo.ba\/?s={search_term_string}"},"query-input":{"@type":"PropertyValueSpecification","valueRequired":true,"valueName":"search_term_string"}}],"inLanguage":"bs-BA"},{"@type":"Organization","@id":"https:\/\/tuzlainfo.ba\/#organization","name":"TuzlaInfo.ba","url":"https:\/\/tuzlainfo.ba\/","logo":{"@type":"ImageObject","inLanguage":"bs-BA","@id":"https:\/\/tuzlainfo.ba\/#\/schema\/logo\/image\/","url":"https:\/\/tuzlainfo.ba\/wp-content\/uploads\/2021\/03\/logo-ver-3-1.png","contentUrl":"https:\/\/tuzlainfo.ba\/wp-content\/uploads\/2021\/03\/logo-ver-3-1.png","width":350,"height":95,"caption":"TuzlaInfo.ba"},"image":{"@id":"https:\/\/tuzlainfo.ba\/#\/schema\/logo\/image\/"},"sameAs":["https:\/\/www.facebook.com\/tuzlainfo.ba\/"]},{"@type":"Person","@id":"https:\/\/tuzlainfo.ba\/#\/schema\/person\/f434e20dc27ea133923aab08451b7f7f","name":"nedim","image":{"@type":"ImageObject","inLanguage":"bs-BA","@id":"https:\/\/tuzlainfo.ba\/#\/schema\/person\/image\/","url":"https:\/\/tuzlainfo.ba\/wp-content\/litespeed\/avatar\/aabad687af24844af817603ac1cbdc4f.jpg?ver=1776702173","contentUrl":"https:\/\/tuzlainfo.ba\/wp-content\/litespeed\/avatar\/aabad687af24844af817603ac1cbdc4f.jpg?ver=1776702173","caption":"nedim"},"description":"Tuzlainfo.ba pratite na dru\u0161tvenim mre\u017eama: Facebook, Instagram i Youtube. Svoje pri\u010de, upite i fotografije \u0161aljite na na\u0161u e-mail adresu."}]}},"_links":{"self":[{"href":"https:\/\/tuzlainfo.ba\/index.php\/wp-json\/wp\/v2\/posts\/162102"}],"collection":[{"href":"https:\/\/tuzlainfo.ba\/index.php\/wp-json\/wp\/v2\/posts"}],"about":[{"href":"https:\/\/tuzlainfo.ba\/index.php\/wp-json\/wp\/v2\/types\/post"}],"author":[{"embeddable":true,"href":"https:\/\/tuzlainfo.ba\/index.php\/wp-json\/wp\/v2\/users\/2"}],"replies":[{"embeddable":true,"href":"https:\/\/tuzlainfo.ba\/index.php\/wp-json\/wp\/v2\/comments?post=162102"}],"version-history":[{"count":0,"href":"https:\/\/tuzlainfo.ba\/index.php\/wp-json\/wp\/v2\/posts\/162102\/revisions"}],"wp:featuredmedia":[{"embeddable":true,"href":"https:\/\/tuzlainfo.ba\/index.php\/wp-json\/wp\/v2\/media\/162103"}],"wp:attachment":[{"href":"https:\/\/tuzlainfo.ba\/index.php\/wp-json\/wp\/v2\/media?parent=162102"}],"wp:term":[{"taxonomy":"category","embeddable":true,"href":"https:\/\/tuzlainfo.ba\/index.php\/wp-json\/wp\/v2\/categories?post=162102"},{"taxonomy":"post_tag","embeddable":true,"href":"https:\/\/tuzlainfo.ba\/index.php\/wp-json\/wp\/v2\/tags?post=162102"}],"curies":[{"name":"wp","href":"https:\/\/api.w.org\/{rel}","templated":true}]}}