{"id":162085,"date":"2022-01-25T20:00:25","date_gmt":"2022-01-25T19:00:25","guid":{"rendered":"https:\/\/tuzlainfo.ba\/?p=162085"},"modified":"2022-01-25T18:52:30","modified_gmt":"2022-01-25T17:52:30","slug":"boracke-organizacije-tk-pozdravile-usvajanje-izmjena-zakona-o-pripadnosti-javnih-prihod","status":"publish","type":"post","link":"https:\/\/tuzlainfo.ba\/index.php\/novosti\/item\/162085-boracke-organizacije-tk-pozdravile-usvajanje-izmjena-zakona-o-pripadnosti-javnih-prihod\/","title":{"rendered":"Bora\u010dke organizacije TK pozdravile usvajanje izmjena Zakona o pripadnosti javnih prihoda"},"content":{"rendered":"<p>Koordinacija bora\u010dkih saveza i organizacija Tuzlanskog kantona pozdravila je usvajanje izmjena Zakona o pripadnosti javnih prihoda u FBiH i smatra \u201cda su one opravdane, realne i korektne, \u0161to pokazuje i broj zastupnika koji je glasao za takve izmjene\u201d.<\/p>\n<p>\u2013 Smatramo da je to smjer kojim treba i\u0107i i omogu\u0107iti pravedniju raspodjelu javnih prihoda, te ravnomjeran regionalni ekonomski razvoj na prostoru cijele Federacije BiH kako bi se popravili \u017eivotni uslovi koji su dosta lo\u0161iji u nekim oblastima na\u0161e dr\u017eave, a time i stanovnici svih kantona imali pribli\u017eno isti standard i uslove \u017eivota \u2013 navode iz ove koordinacije.<\/p>\n<p>Tako\u0111er smatraju da \u0107e te izmjene doprinijeti da pripadnici Armije RBiH imaju pribli\u017eno ista prava.<\/p>\n<p>\u2013 Smatramo da borci, branioci dr\u017eave treba da isto vrijede u svim kantonima i na prostoru cijele BiH. Zato pozivamo one koji se protive i negoduju da razumiju da ovakva preraspodjela mo\u017ee imati samo pozitivan pravac jer smo se za takvu, ravnopravnu, dr\u017eavu borili zajedno \u0161irom njenih granica. Borci naj\u010dasnije armije i pripadnici bora\u010dke populacije, kao i u ratu tako i danas, vole glavni grad svoje domovine jer su za njega mnogi dali \u017eivote i dijelove tijela, ali isto tako vole i \u010duvaju svoje granice, bedeme koje moramo pod svaku cijenu \u010duvati i gradit kao stub i temelj opstanaka dr\u017eave Bosne i Hercegovine \u2013 dodaju iz Koordinacije bora\u010dkih saveza i organizacija TK.<\/p>\n<p>Od delegata u Domu naroda su zatra\u017eili da daju podr\u0161ku ovako predlo\u017eenim izmjenama i o\u010dekuju da prilikom usvajanja glasaju za takav Prijedlog zakona o izmjeni Zakona o pripadnosti javnih prihoda u FBiH.<\/p>\n<p>Predstavni\u010dki dom Parlamenta Federacije BiH usvojio je Prijedlog zakona o izmjeni Zakona o pripadnosti javnih prihoda u FBiH na sjednici odr\u017eanoj u ponedjeljak, 24. januara, saop\u0107eno je iz Koordinacija bora\u010dkih saveza i organizacija TK.<\/p>\n","protected":false},"excerpt":{"rendered":"<p>Koordinacija bora\u010dkih saveza i organizacija Tuzlanskog kantona pozdravila je usvajanje izmjena Zakona o pripadnosti javnih&hellip;<\/p>\n","protected":false},"author":4,"featured_media":75653,"comment_status":"open","ping_status":"closed","sticky":false,"template":"","format":"standard","meta":{"_acf_changed":false,"footnotes":""},"categories":[304,12],"tags":[2524,4020,4019,527],"acf":[],"yoast_head":"<!-- This site is optimized with the Yoast SEO plugin v23.5 - https:\/\/yoast.com\/wordpress\/plugins\/seo\/ -->\n<title>Bora\u010dke organizacije TK pozdravile usvajanje izmjena Zakona o pripadnosti javnih prihoda - TuzlaInfo.ba<\/title>\n<meta name=\"robots\" content=\"index, follow, max-snippet:-1, max-image-preview:large, max-video-preview:-1\" \/>\n<link rel=\"canonical\" href=\"https:\/\/tuzlainfo.ba\/index.php\/novosti\/item\/162085-boracke-organizacije-tk-pozdravile-usvajanje-izmjena-zakona-o-pripadnosti-javnih-prihod\/\" \/>\n<meta property=\"og:locale\" content=\"bs_BA\" \/>\n<meta property=\"og:type\" content=\"article\" \/>\n<meta property=\"og:title\" content=\"Bora\u010dke organizacije TK pozdravile usvajanje izmjena Zakona o pripadnosti javnih prihoda - TuzlaInfo.ba\" \/>\n<meta property=\"og:description\" content=\"Koordinacija bora\u010dkih saveza i organizacija Tuzlanskog kantona pozdravila je usvajanje izmjena Zakona o pripadnosti javnih&hellip;\" \/>\n<meta property=\"og:url\" content=\"https:\/\/tuzlainfo.ba\/index.php\/novosti\/item\/162085-boracke-organizacije-tk-pozdravile-usvajanje-izmjena-zakona-o-pripadnosti-javnih-prihod\/\" \/>\n<meta property=\"og:site_name\" content=\"TuzlaInfo.ba\" \/>\n<meta property=\"article:publisher\" content=\"https:\/\/www.facebook.com\/tuzlainfo.ba\/\" \/>\n<meta property=\"article:published_time\" content=\"2022-01-25T19:00:25+00:00\" \/>\n<meta property=\"article:modified_time\" content=\"2022-01-25T17:52:30+00:00\" \/>\n<meta property=\"og:image\" content=\"https:\/\/tuzlainfo.ba\/wp-content\/uploads\/2019\/12\/sadrzaj_2019_20191201_1812_predstavnicki.jpg\" \/>\n\t<meta property=\"og:image:width\" content=\"770\" \/>\n\t<meta property=\"og:image:height\" content=\"462\" \/>\n\t<meta property=\"og:image:type\" content=\"image\/jpeg\" \/>\n<meta name=\"author\" content=\"Tuzla Info\" \/>\n<meta name=\"twitter:card\" content=\"summary_large_image\" \/>\n<meta name=\"twitter:label1\" content=\"Written by\" \/>\n\t<meta name=\"twitter:data1\" content=\"Tuzla Info\" \/>\n\t<meta name=\"twitter:label2\" content=\"Est. reading time\" \/>\n\t<meta name=\"twitter:data2\" content=\"2 minute\" \/>\n<script type=\"application\/ld+json\" class=\"yoast-schema-graph\">{\"@context\":\"https:\/\/schema.org\",\"@graph\":[{\"@type\":\"Article\",\"@id\":\"https:\/\/tuzlainfo.ba\/index.php\/novosti\/item\/162085-boracke-organizacije-tk-pozdravile-usvajanje-izmjena-zakona-o-pripadnosti-javnih-prihod\/#article\",\"isPartOf\":{\"@id\":\"https:\/\/tuzlainfo.ba\/index.php\/novosti\/item\/162085-boracke-organizacije-tk-pozdravile-usvajanje-izmjena-zakona-o-pripadnosti-javnih-prihod\/\"},\"author\":{\"name\":\"Tuzla Info\",\"@id\":\"https:\/\/tuzlainfo.ba\/#\/schema\/person\/46cad4c57790cbc50781edd14870825a\"},\"headline\":\"Bora\u010dke organizacije TK pozdravile usvajanje izmjena Zakona o pripadnosti javnih prihoda\",\"datePublished\":\"2022-01-25T19:00:25+00:00\",\"dateModified\":\"2022-01-25T17:52:30+00:00\",\"mainEntityOfPage\":{\"@id\":\"https:\/\/tuzlainfo.ba\/index.php\/novosti\/item\/162085-boracke-organizacije-tk-pozdravile-usvajanje-izmjena-zakona-o-pripadnosti-javnih-prihod\/\"},\"wordCount\":320,\"commentCount\":0,\"publisher\":{\"@id\":\"https:\/\/tuzlainfo.ba\/#organization\"},\"image\":{\"@id\":\"https:\/\/tuzlainfo.ba\/index.php\/novosti\/item\/162085-boracke-organizacije-tk-pozdravile-usvajanje-izmjena-zakona-o-pripadnosti-javnih-prihod\/#primaryimage\"},\"thumbnailUrl\":\"https:\/\/tuzlainfo.ba\/wp-content\/uploads\/2019\/12\/sadrzaj_2019_20191201_1812_predstavnicki.jpg\",\"keywords\":[\"borci\",\"izmjene zakona\",\"javni prihodi\",\"tk\"],\"articleSection\":[\"Istaknuto\",\"Novosti\"],\"inLanguage\":\"bs-BA\"},{\"@type\":\"WebPage\",\"@id\":\"https:\/\/tuzlainfo.ba\/index.php\/novosti\/item\/162085-boracke-organizacije-tk-pozdravile-usvajanje-izmjena-zakona-o-pripadnosti-javnih-prihod\/\",\"url\":\"https:\/\/tuzlainfo.ba\/index.php\/novosti\/item\/162085-boracke-organizacije-tk-pozdravile-usvajanje-izmjena-zakona-o-pripadnosti-javnih-prihod\/\",\"name\":\"Bora\u010dke organizacije TK pozdravile usvajanje izmjena Zakona o pripadnosti javnih prihoda - TuzlaInfo.ba\",\"isPartOf\":{\"@id\":\"https:\/\/tuzlainfo.ba\/#website\"},\"primaryImageOfPage\":{\"@id\":\"https:\/\/tuzlainfo.ba\/index.php\/novosti\/item\/162085-boracke-organizacije-tk-pozdravile-usvajanje-izmjena-zakona-o-pripadnosti-javnih-prihod\/#primaryimage\"},\"image\":{\"@id\":\"https:\/\/tuzlainfo.ba\/index.php\/novosti\/item\/162085-boracke-organizacije-tk-pozdravile-usvajanje-izmjena-zakona-o-pripadnosti-javnih-prihod\/#primaryimage\"},\"thumbnailUrl\":\"https:\/\/tuzlainfo.ba\/wp-content\/uploads\/2019\/12\/sadrzaj_2019_20191201_1812_predstavnicki.jpg\",\"datePublished\":\"2022-01-25T19:00:25+00:00\",\"dateModified\":\"2022-01-25T17:52:30+00:00\",\"breadcrumb\":{\"@id\":\"https:\/\/tuzlainfo.ba\/index.php\/novosti\/item\/162085-boracke-organizacije-tk-pozdravile-usvajanje-izmjena-zakona-o-pripadnosti-javnih-prihod\/#breadcrumb\"},\"inLanguage\":\"bs-BA\",\"potentialAction\":[{\"@type\":\"ReadAction\",\"target\":[\"https:\/\/tuzlainfo.ba\/index.php\/novosti\/item\/162085-boracke-organizacije-tk-pozdravile-usvajanje-izmjena-zakona-o-pripadnosti-javnih-prihod\/\"]}]},{\"@type\":\"ImageObject\",\"inLanguage\":\"bs-BA\",\"@id\":\"https:\/\/tuzlainfo.ba\/index.php\/novosti\/item\/162085-boracke-organizacije-tk-pozdravile-usvajanje-izmjena-zakona-o-pripadnosti-javnih-prihod\/#primaryimage\",\"url\":\"https:\/\/tuzlainfo.ba\/wp-content\/uploads\/2019\/12\/sadrzaj_2019_20191201_1812_predstavnicki.jpg\",\"contentUrl\":\"https:\/\/tuzlainfo.ba\/wp-content\/uploads\/2019\/12\/sadrzaj_2019_20191201_1812_predstavnicki.jpg\",\"width\":770,\"height\":462,\"caption\":\"1812 predstavnicki\"},{\"@type\":\"BreadcrumbList\",\"@id\":\"https:\/\/tuzlainfo.ba\/index.php\/novosti\/item\/162085-boracke-organizacije-tk-pozdravile-usvajanje-izmjena-zakona-o-pripadnosti-javnih-prihod\/#breadcrumb\",\"itemListElement\":[{\"@type\":\"ListItem\",\"position\":1,\"name\":\"Home\",\"item\":\"https:\/\/tuzlainfo.ba\/\"},{\"@type\":\"ListItem\",\"position\":2,\"name\":\"Bora\u010dke organizacije TK pozdravile usvajanje izmjena Zakona o pripadnosti javnih prihoda\"}]},{\"@type\":\"WebSite\",\"@id\":\"https:\/\/tuzlainfo.ba\/#website\",\"url\":\"https:\/\/tuzlainfo.ba\/\",\"name\":\"TuzlaInfo.ba\",\"description\":\"Tuzla info, gradski informator - Tuzla na dlanu\",\"publisher\":{\"@id\":\"https:\/\/tuzlainfo.ba\/#organization\"},\"potentialAction\":[{\"@type\":\"SearchAction\",\"target\":{\"@type\":\"EntryPoint\",\"urlTemplate\":\"https:\/\/tuzlainfo.ba\/?s={search_term_string}\"},\"query-input\":{\"@type\":\"PropertyValueSpecification\",\"valueRequired\":true,\"valueName\":\"search_term_string\"}}],\"inLanguage\":\"bs-BA\"},{\"@type\":\"Organization\",\"@id\":\"https:\/\/tuzlainfo.ba\/#organization\",\"name\":\"TuzlaInfo.ba\",\"url\":\"https:\/\/tuzlainfo.ba\/\",\"logo\":{\"@type\":\"ImageObject\",\"inLanguage\":\"bs-BA\",\"@id\":\"https:\/\/tuzlainfo.ba\/#\/schema\/logo\/image\/\",\"url\":\"https:\/\/tuzlainfo.ba\/wp-content\/uploads\/2021\/03\/logo-ver-3-1.png\",\"contentUrl\":\"https:\/\/tuzlainfo.ba\/wp-content\/uploads\/2021\/03\/logo-ver-3-1.png\",\"width\":350,\"height\":95,\"caption\":\"TuzlaInfo.ba\"},\"image\":{\"@id\":\"https:\/\/tuzlainfo.ba\/#\/schema\/logo\/image\/\"},\"sameAs\":[\"https:\/\/www.facebook.com\/tuzlainfo.ba\/\"]},{\"@type\":\"Person\",\"@id\":\"https:\/\/tuzlainfo.ba\/#\/schema\/person\/46cad4c57790cbc50781edd14870825a\",\"name\":\"Tuzla Info\",\"image\":{\"@type\":\"ImageObject\",\"inLanguage\":\"bs-BA\",\"@id\":\"https:\/\/tuzlainfo.ba\/#\/schema\/person\/image\/\",\"url\":\"https:\/\/tuzlainfo.ba\/wp-content\/litespeed\/avatar\/b6c453a6c38e3654f2e4416c643fc25c.jpg?ver=1777051911\",\"contentUrl\":\"https:\/\/tuzlainfo.ba\/wp-content\/litespeed\/avatar\/b6c453a6c38e3654f2e4416c643fc25c.jpg?ver=1777051911\",\"caption\":\"Tuzla Info\"}}]}<\/script>\n<!-- \/ Yoast SEO plugin. -->","yoast_head_json":{"title":"Bora\u010dke organizacije TK pozdravile usvajanje izmjena Zakona o pripadnosti javnih prihoda - TuzlaInfo.ba","robots":{"index":"index","follow":"follow","max-snippet":"max-snippet:-1","max-image-preview":"max-image-preview:large","max-video-preview":"max-video-preview:-1"},"canonical":"https:\/\/tuzlainfo.ba\/index.php\/novosti\/item\/162085-boracke-organizacije-tk-pozdravile-usvajanje-izmjena-zakona-o-pripadnosti-javnih-prihod\/","og_locale":"bs_BA","og_type":"article","og_title":"Bora\u010dke organizacije TK pozdravile usvajanje izmjena Zakona o pripadnosti javnih prihoda - TuzlaInfo.ba","og_description":"Koordinacija bora\u010dkih saveza i organizacija Tuzlanskog kantona pozdravila je usvajanje izmjena Zakona o pripadnosti javnih&hellip;","og_url":"https:\/\/tuzlainfo.ba\/index.php\/novosti\/item\/162085-boracke-organizacije-tk-pozdravile-usvajanje-izmjena-zakona-o-pripadnosti-javnih-prihod\/","og_site_name":"TuzlaInfo.ba","article_publisher":"https:\/\/www.facebook.com\/tuzlainfo.ba\/","article_published_time":"2022-01-25T19:00:25+00:00","article_modified_time":"2022-01-25T17:52:30+00:00","og_image":[{"width":770,"height":462,"url":"https:\/\/tuzlainfo.ba\/wp-content\/uploads\/2019\/12\/sadrzaj_2019_20191201_1812_predstavnicki.jpg","type":"image\/jpeg"}],"author":"Tuzla Info","twitter_card":"summary_large_image","twitter_misc":{"Written by":"Tuzla Info","Est. reading time":"2 minute"},"schema":{"@context":"https:\/\/schema.org","@graph":[{"@type":"Article","@id":"https:\/\/tuzlainfo.ba\/index.php\/novosti\/item\/162085-boracke-organizacije-tk-pozdravile-usvajanje-izmjena-zakona-o-pripadnosti-javnih-prihod\/#article","isPartOf":{"@id":"https:\/\/tuzlainfo.ba\/index.php\/novosti\/item\/162085-boracke-organizacije-tk-pozdravile-usvajanje-izmjena-zakona-o-pripadnosti-javnih-prihod\/"},"author":{"name":"Tuzla Info","@id":"https:\/\/tuzlainfo.ba\/#\/schema\/person\/46cad4c57790cbc50781edd14870825a"},"headline":"Bora\u010dke organizacije TK pozdravile usvajanje izmjena Zakona o pripadnosti javnih prihoda","datePublished":"2022-01-25T19:00:25+00:00","dateModified":"2022-01-25T17:52:30+00:00","mainEntityOfPage":{"@id":"https:\/\/tuzlainfo.ba\/index.php\/novosti\/item\/162085-boracke-organizacije-tk-pozdravile-usvajanje-izmjena-zakona-o-pripadnosti-javnih-prihod\/"},"wordCount":320,"commentCount":0,"publisher":{"@id":"https:\/\/tuzlainfo.ba\/#organization"},"image":{"@id":"https:\/\/tuzlainfo.ba\/index.php\/novosti\/item\/162085-boracke-organizacije-tk-pozdravile-usvajanje-izmjena-zakona-o-pripadnosti-javnih-prihod\/#primaryimage"},"thumbnailUrl":"https:\/\/tuzlainfo.ba\/wp-content\/uploads\/2019\/12\/sadrzaj_2019_20191201_1812_predstavnicki.jpg","keywords":["borci","izmjene zakona","javni prihodi","tk"],"articleSection":["Istaknuto","Novosti"],"inLanguage":"bs-BA"},{"@type":"WebPage","@id":"https:\/\/tuzlainfo.ba\/index.php\/novosti\/item\/162085-boracke-organizacije-tk-pozdravile-usvajanje-izmjena-zakona-o-pripadnosti-javnih-prihod\/","url":"https:\/\/tuzlainfo.ba\/index.php\/novosti\/item\/162085-boracke-organizacije-tk-pozdravile-usvajanje-izmjena-zakona-o-pripadnosti-javnih-prihod\/","name":"Bora\u010dke organizacije TK pozdravile usvajanje izmjena Zakona o pripadnosti javnih prihoda - TuzlaInfo.ba","isPartOf":{"@id":"https:\/\/tuzlainfo.ba\/#website"},"primaryImageOfPage":{"@id":"https:\/\/tuzlainfo.ba\/index.php\/novosti\/item\/162085-boracke-organizacije-tk-pozdravile-usvajanje-izmjena-zakona-o-pripadnosti-javnih-prihod\/#primaryimage"},"image":{"@id":"https:\/\/tuzlainfo.ba\/index.php\/novosti\/item\/162085-boracke-organizacije-tk-pozdravile-usvajanje-izmjena-zakona-o-pripadnosti-javnih-prihod\/#primaryimage"},"thumbnailUrl":"https:\/\/tuzlainfo.ba\/wp-content\/uploads\/2019\/12\/sadrzaj_2019_20191201_1812_predstavnicki.jpg","datePublished":"2022-01-25T19:00:25+00:00","dateModified":"2022-01-25T17:52:30+00:00","breadcrumb":{"@id":"https:\/\/tuzlainfo.ba\/index.php\/novosti\/item\/162085-boracke-organizacije-tk-pozdravile-usvajanje-izmjena-zakona-o-pripadnosti-javnih-prihod\/#breadcrumb"},"inLanguage":"bs-BA","potentialAction":[{"@type":"ReadAction","target":["https:\/\/tuzlainfo.ba\/index.php\/novosti\/item\/162085-boracke-organizacije-tk-pozdravile-usvajanje-izmjena-zakona-o-pripadnosti-javnih-prihod\/"]}]},{"@type":"ImageObject","inLanguage":"bs-BA","@id":"https:\/\/tuzlainfo.ba\/index.php\/novosti\/item\/162085-boracke-organizacije-tk-pozdravile-usvajanje-izmjena-zakona-o-pripadnosti-javnih-prihod\/#primaryimage","url":"https:\/\/tuzlainfo.ba\/wp-content\/uploads\/2019\/12\/sadrzaj_2019_20191201_1812_predstavnicki.jpg","contentUrl":"https:\/\/tuzlainfo.ba\/wp-content\/uploads\/2019\/12\/sadrzaj_2019_20191201_1812_predstavnicki.jpg","width":770,"height":462,"caption":"1812 predstavnicki"},{"@type":"BreadcrumbList","@id":"https:\/\/tuzlainfo.ba\/index.php\/novosti\/item\/162085-boracke-organizacije-tk-pozdravile-usvajanje-izmjena-zakona-o-pripadnosti-javnih-prihod\/#breadcrumb","itemListElement":[{"@type":"ListItem","position":1,"name":"Home","item":"https:\/\/tuzlainfo.ba\/"},{"@type":"ListItem","position":2,"name":"Bora\u010dke organizacije TK pozdravile usvajanje izmjena Zakona o pripadnosti javnih prihoda"}]},{"@type":"WebSite","@id":"https:\/\/tuzlainfo.ba\/#website","url":"https:\/\/tuzlainfo.ba\/","name":"TuzlaInfo.ba","description":"Tuzla info, gradski informator - Tuzla na dlanu","publisher":{"@id":"https:\/\/tuzlainfo.ba\/#organization"},"potentialAction":[{"@type":"SearchAction","target":{"@type":"EntryPoint","urlTemplate":"https:\/\/tuzlainfo.ba\/?s={search_term_string}"},"query-input":{"@type":"PropertyValueSpecification","valueRequired":true,"valueName":"search_term_string"}}],"inLanguage":"bs-BA"},{"@type":"Organization","@id":"https:\/\/tuzlainfo.ba\/#organization","name":"TuzlaInfo.ba","url":"https:\/\/tuzlainfo.ba\/","logo":{"@type":"ImageObject","inLanguage":"bs-BA","@id":"https:\/\/tuzlainfo.ba\/#\/schema\/logo\/image\/","url":"https:\/\/tuzlainfo.ba\/wp-content\/uploads\/2021\/03\/logo-ver-3-1.png","contentUrl":"https:\/\/tuzlainfo.ba\/wp-content\/uploads\/2021\/03\/logo-ver-3-1.png","width":350,"height":95,"caption":"TuzlaInfo.ba"},"image":{"@id":"https:\/\/tuzlainfo.ba\/#\/schema\/logo\/image\/"},"sameAs":["https:\/\/www.facebook.com\/tuzlainfo.ba\/"]},{"@type":"Person","@id":"https:\/\/tuzlainfo.ba\/#\/schema\/person\/46cad4c57790cbc50781edd14870825a","name":"Tuzla Info","image":{"@type":"ImageObject","inLanguage":"bs-BA","@id":"https:\/\/tuzlainfo.ba\/#\/schema\/person\/image\/","url":"https:\/\/tuzlainfo.ba\/wp-content\/litespeed\/avatar\/b6c453a6c38e3654f2e4416c643fc25c.jpg?ver=1777051911","contentUrl":"https:\/\/tuzlainfo.ba\/wp-content\/litespeed\/avatar\/b6c453a6c38e3654f2e4416c643fc25c.jpg?ver=1777051911","caption":"Tuzla Info"}}]}},"_links":{"self":[{"href":"https:\/\/tuzlainfo.ba\/index.php\/wp-json\/wp\/v2\/posts\/162085"}],"collection":[{"href":"https:\/\/tuzlainfo.ba\/index.php\/wp-json\/wp\/v2\/posts"}],"about":[{"href":"https:\/\/tuzlainfo.ba\/index.php\/wp-json\/wp\/v2\/types\/post"}],"author":[{"embeddable":true,"href":"https:\/\/tuzlainfo.ba\/index.php\/wp-json\/wp\/v2\/users\/4"}],"replies":[{"embeddable":true,"href":"https:\/\/tuzlainfo.ba\/index.php\/wp-json\/wp\/v2\/comments?post=162085"}],"version-history":[{"count":0,"href":"https:\/\/tuzlainfo.ba\/index.php\/wp-json\/wp\/v2\/posts\/162085\/revisions"}],"wp:featuredmedia":[{"embeddable":true,"href":"https:\/\/tuzlainfo.ba\/index.php\/wp-json\/wp\/v2\/media\/75653"}],"wp:attachment":[{"href":"https:\/\/tuzlainfo.ba\/index.php\/wp-json\/wp\/v2\/media?parent=162085"}],"wp:term":[{"taxonomy":"category","embeddable":true,"href":"https:\/\/tuzlainfo.ba\/index.php\/wp-json\/wp\/v2\/categories?post=162085"},{"taxonomy":"post_tag","embeddable":true,"href":"https:\/\/tuzlainfo.ba\/index.php\/wp-json\/wp\/v2\/tags?post=162085"}],"curies":[{"name":"wp","href":"https:\/\/api.w.org\/{rel}","templated":true}]}}