{"id":161861,"date":"2022-01-23T11:15:15","date_gmt":"2022-01-23T10:15:15","guid":{"rendered":"https:\/\/tuzlainfo.ba\/?p=161861"},"modified":"2022-01-23T18:15:31","modified_gmt":"2022-01-23T17:15:31","slug":"foto-kultna-tuzlanska-cevabdzinica-vec-35-godina-bulevar-mirise-na-bekirove-cevape","status":"publish","type":"post","link":"https:\/\/tuzlainfo.ba\/index.php\/magazin\/item\/161861-foto-kultna-tuzlanska-cevabdzinica-vec-35-godina-bulevar-mirise-na-bekirove-cevape\/","title":{"rendered":"\/FOTO\/ Kultna tuzlanska \u0107evabd\u017einica: Ve\u0107 35 godina Bulevar miri\u0161e na Bekirove \u0107evape"},"content":{"rendered":"<p>\u0106evabd\u017einica &#8220;Kod Bekira&#8221; jedna je od onih mjesta u gradu u koju \u0107ete oti\u0107i maksuz kako biste pojeli \u0107evape i popili bosansku kafu, a uz nju i progovorili koju rije\u010d sa rajom.<\/p>\n<p>Ukusni \u0107evapi tuzlanskog \u0107evabd\u017eije Bekira, jedu se ve\u0107 35 godina, a upravo na njih svakoga dana miri\u0161u dva naselja i Br\u010danska Malta i Bulevar, s obzirom da se \u0107evbad\u017einica nalazi na nevidljivoj granici ovih tuzlanskih naselja.<\/p>\n<p>Kako nam pri\u010da vlasnik ove \u0107evabd\u017einice, Bekir Sejrani\u0107, kada je davne 1986. godine otvorio radnju, nije ni sanjao da \u0107e raditi i nakon toliko godina.<\/p>\n<p><img fetchpriority=\"high\" decoding=\"async\" class=\"aligncenter wp-image-161866 size-full\" src=\"https:\/\/tuzlainfo.ba\/wp-content\/uploads\/2022\/01\/inbound2130152276263797807.jpg\" alt=\"\" width=\"1200\" height=\"1600\" srcset=\"https:\/\/tuzlainfo.ba\/wp-content\/uploads\/2022\/01\/inbound2130152276263797807.jpg 1200w, https:\/\/tuzlainfo.ba\/wp-content\/uploads\/2022\/01\/inbound2130152276263797807-225x300.jpg 225w, https:\/\/tuzlainfo.ba\/wp-content\/uploads\/2022\/01\/inbound2130152276263797807-768x1024.jpg 768w, https:\/\/tuzlainfo.ba\/wp-content\/uploads\/2022\/01\/inbound2130152276263797807-1152x1536.jpg 1152w, https:\/\/tuzlainfo.ba\/wp-content\/uploads\/2022\/01\/inbound2130152276263797807-1170x1560.jpg 1170w, https:\/\/tuzlainfo.ba\/wp-content\/uploads\/2022\/01\/inbound2130152276263797807-585x780.jpg 585w, https:\/\/tuzlainfo.ba\/wp-content\/uploads\/2022\/01\/inbound2130152276263797807-150x200.jpg 150w, https:\/\/tuzlainfo.ba\/wp-content\/uploads\/2022\/01\/inbound2130152276263797807-375x500.jpg 375w\" sizes=\"(max-width: 1200px) 100vw, 1200px\" \/><\/p>\n<p>&#8220;Ja sam uvijek i kao momak sanjao o tome da imam ne\u0161to svoje. Uz pomo\u0107 porodice i veliku podr\u0161ku moje supruge Mehdine, uspio sam i otvorio sam \u0107evbad\u017einicu, ne sanjaju\u0107i da \u0107e nam ona i danas, nakon toliko godina biti glavni izvor prihoda. Ova \u0107evabd\u017einica nam je omogu\u0107ila lijep \u017eivot, od\u0161kolovala nam djecu&#8230;&#8221; &#8211; pri\u010da nam Bekir.<\/p>\n<p>Ono \u0161to ga je odr\u017ealo, ka\u017ee nam Bekir je kvalitet kojem je uvijek te\u017eio, ali i pristupa\u010dne cijene.<\/p>\n<p><img decoding=\"async\" class=\"aligncenter wp-image-161867 size-large\" src=\"https:\/\/tuzlainfo.ba\/wp-content\/uploads\/2022\/01\/inbound8196857712216918434-1024x768.jpg\" alt=\"\" width=\"1024\" height=\"768\" srcset=\"https:\/\/tuzlainfo.ba\/wp-content\/uploads\/2022\/01\/inbound8196857712216918434-1024x768.jpg 1024w, https:\/\/tuzlainfo.ba\/wp-content\/uploads\/2022\/01\/inbound8196857712216918434-300x225.jpg 300w, https:\/\/tuzlainfo.ba\/wp-content\/uploads\/2022\/01\/inbound8196857712216918434-768x576.jpg 768w, https:\/\/tuzlainfo.ba\/wp-content\/uploads\/2022\/01\/inbound8196857712216918434-1536x1152.jpg 1536w, https:\/\/tuzlainfo.ba\/wp-content\/uploads\/2022\/01\/inbound8196857712216918434-1170x878.jpg 1170w, https:\/\/tuzlainfo.ba\/wp-content\/uploads\/2022\/01\/inbound8196857712216918434-585x439.jpg 585w, https:\/\/tuzlainfo.ba\/wp-content\/uploads\/2022\/01\/inbound8196857712216918434-150x113.jpg 150w, https:\/\/tuzlainfo.ba\/wp-content\/uploads\/2022\/01\/inbound8196857712216918434-500x375.jpg 500w, https:\/\/tuzlainfo.ba\/wp-content\/uploads\/2022\/01\/inbound8196857712216918434.jpg 1600w\" sizes=\"(max-width: 1024px) 100vw, 1024px\" \/><\/p>\n<p>&#8220;Od po\u010detka ja sam uvijek \u017eelio svojim mu\u0161terijama ponuditi najkvalitetniju hranu ali uz neke normalne cijene jer sam htio da \u0107evapi ni za koga ne budu luksuz. Uspio sam u tome i narod nas je zbog toga zavolio. Mnoge mu\u0161terije su ovdje dolazile kao djeca, a danas su to porodi\u010dni ljudi koji sada dolaze po \u0107evape za svoju djecu&#8221; &#8211; ka\u017ee Bekir, te dodaje kako je tek prije dvije godine prvi put neznatno podigao cijenu \u0107evapa i drugih jela.<\/p>\n<p><img decoding=\"async\" class=\"aligncenter wp-image-161868 size-full\" src=\"https:\/\/tuzlainfo.ba\/wp-content\/uploads\/2022\/01\/inbound2496085656504143883.jpg\" alt=\"\" width=\"1200\" height=\"1600\" srcset=\"https:\/\/tuzlainfo.ba\/wp-content\/uploads\/2022\/01\/inbound2496085656504143883.jpg 1200w, https:\/\/tuzlainfo.ba\/wp-content\/uploads\/2022\/01\/inbound2496085656504143883-225x300.jpg 225w, https:\/\/tuzlainfo.ba\/wp-content\/uploads\/2022\/01\/inbound2496085656504143883-768x1024.jpg 768w, https:\/\/tuzlainfo.ba\/wp-content\/uploads\/2022\/01\/inbound2496085656504143883-1152x1536.jpg 1152w, https:\/\/tuzlainfo.ba\/wp-content\/uploads\/2022\/01\/inbound2496085656504143883-1170x1560.jpg 1170w, https:\/\/tuzlainfo.ba\/wp-content\/uploads\/2022\/01\/inbound2496085656504143883-585x780.jpg 585w, https:\/\/tuzlainfo.ba\/wp-content\/uploads\/2022\/01\/inbound2496085656504143883-150x200.jpg 150w, https:\/\/tuzlainfo.ba\/wp-content\/uploads\/2022\/01\/inbound2496085656504143883-375x500.jpg 375w\" sizes=\"(max-width: 1200px) 100vw, 1200px\" \/><\/p>\n<p>&#8220;\u0106evapi su nam do prije dvije godine bili 2,50 do 3 KM. Cijene sam zbog isplativosti morao malo podi\u0107i, a to sam u\u010dinio i sada s obzirom da je kao \u0161to je poznato sve poskupjelo pa sam morao i ja, ali sam se zaista potrudio da to i dalje bude pristupa\u010dno svima, uz kvalitet koji je ostao isti. Mala porcija \u0107evapa sada ko\u0161ta 4 KM, pa smo i dalje me\u0111u najjeftinijim u gradu&#8221;.<\/p>\n<p>Osim \u0107evapa, u Bekirovoj \u0107evabd\u017einici mo\u017eete pojesti i poljev, pljeskavicu, sendvi\u010d, kobasice, a uz to i popiti bosansku kafu iz d\u017eezve.<\/p>\n<p><img loading=\"lazy\" decoding=\"async\" class=\"aligncenter wp-image-161869 size-large\" src=\"https:\/\/tuzlainfo.ba\/wp-content\/uploads\/2022\/01\/inbound7562082751283957249-1024x768.jpg\" alt=\"\" width=\"1024\" height=\"768\" srcset=\"https:\/\/tuzlainfo.ba\/wp-content\/uploads\/2022\/01\/inbound7562082751283957249-1024x768.jpg 1024w, https:\/\/tuzlainfo.ba\/wp-content\/uploads\/2022\/01\/inbound7562082751283957249-300x225.jpg 300w, https:\/\/tuzlainfo.ba\/wp-content\/uploads\/2022\/01\/inbound7562082751283957249-768x576.jpg 768w, https:\/\/tuzlainfo.ba\/wp-content\/uploads\/2022\/01\/inbound7562082751283957249-1536x1152.jpg 1536w, https:\/\/tuzlainfo.ba\/wp-content\/uploads\/2022\/01\/inbound7562082751283957249-1170x878.jpg 1170w, https:\/\/tuzlainfo.ba\/wp-content\/uploads\/2022\/01\/inbound7562082751283957249-585x439.jpg 585w, https:\/\/tuzlainfo.ba\/wp-content\/uploads\/2022\/01\/inbound7562082751283957249-150x113.jpg 150w, https:\/\/tuzlainfo.ba\/wp-content\/uploads\/2022\/01\/inbound7562082751283957249-500x375.jpg 500w, https:\/\/tuzlainfo.ba\/wp-content\/uploads\/2022\/01\/inbound7562082751283957249.jpg 1600w\" sizes=\"(max-width: 1024px) 100vw, 1024px\" \/><\/p>\n<p>Iako mala, ova \u0107evabd\u017einica \u0107e vas sigurno &#8216;kupiti&#8217; svojom toplinom i ljubazno\u0161\u0107u \u0107evabd\u017eije Bekira, koji \u0107e vam s ljubavlju spremiti \u0107evape ba\u0161 po va\u0161oj \u017eelji. <strong>\/A.B.\/<\/strong><\/p>\n","protected":false},"excerpt":{"rendered":"<p>\u0106evabd\u017einica &#8220;Kod Bekira&#8221; jedna je od onih mjesta u gradu u koju \u0107ete oti\u0107i maksuz&hellip;<\/p>\n","protected":false},"author":4,"featured_media":161870,"comment_status":"open","ping_status":"closed","sticky":false,"template":"","format":"standard","meta":{"_acf_changed":false,"footnotes":""},"categories":[304,292,306],"tags":[4001,4000,3999,42],"acf":[],"yoast_head":"<!-- This site is optimized with the Yoast SEO plugin v23.5 - https:\/\/yoast.com\/wordpress\/plugins\/seo\/ -->\n<title>\/FOTO\/ Kultna tuzlanska \u0107evabd\u017einica: Ve\u0107 35 godina Bulevar miri\u0161e na Bekirove \u0107evape - TuzlaInfo.ba<\/title>\n<meta name=\"robots\" content=\"index, follow, max-snippet:-1, max-image-preview:large, max-video-preview:-1\" \/>\n<link rel=\"canonical\" href=\"https:\/\/tuzlainfo.ba\/index.php\/magazin\/item\/161861-foto-kultna-tuzlanska-cevabdzinica-vec-35-godina-bulevar-mirise-na-bekirove-cevape\/\" \/>\n<meta property=\"og:locale\" content=\"bs_BA\" \/>\n<meta property=\"og:type\" content=\"article\" \/>\n<meta property=\"og:title\" content=\"\/FOTO\/ Kultna tuzlanska \u0107evabd\u017einica: Ve\u0107 35 godina Bulevar miri\u0161e na Bekirove \u0107evape - TuzlaInfo.ba\" \/>\n<meta property=\"og:description\" content=\"\u0106evabd\u017einica &#8220;Kod Bekira&#8221; jedna je od onih mjesta u gradu u koju \u0107ete oti\u0107i maksuz&hellip;\" \/>\n<meta property=\"og:url\" content=\"https:\/\/tuzlainfo.ba\/index.php\/magazin\/item\/161861-foto-kultna-tuzlanska-cevabdzinica-vec-35-godina-bulevar-mirise-na-bekirove-cevape\/\" \/>\n<meta property=\"og:site_name\" content=\"TuzlaInfo.ba\" \/>\n<meta property=\"article:publisher\" content=\"https:\/\/www.facebook.com\/tuzlainfo.ba\/\" \/>\n<meta property=\"article:published_time\" content=\"2022-01-23T10:15:15+00:00\" \/>\n<meta property=\"article:modified_time\" content=\"2022-01-23T17:15:31+00:00\" \/>\n<meta property=\"og:image\" content=\"https:\/\/tuzlainfo.ba\/wp-content\/uploads\/2022\/01\/inbound6169309097793964412.jpg\" \/>\n\t<meta property=\"og:image:width\" content=\"1564\" \/>\n\t<meta property=\"og:image:height\" content=\"1564\" \/>\n\t<meta property=\"og:image:type\" content=\"image\/jpeg\" \/>\n<meta name=\"author\" content=\"Tuzla Info\" \/>\n<meta name=\"twitter:card\" content=\"summary_large_image\" \/>\n<meta name=\"twitter:label1\" content=\"Written by\" \/>\n\t<meta name=\"twitter:data1\" content=\"Tuzla Info\" \/>\n\t<meta name=\"twitter:label2\" content=\"Est. reading time\" \/>\n\t<meta name=\"twitter:data2\" content=\"2 minute\" \/>\n<script type=\"application\/ld+json\" class=\"yoast-schema-graph\">{\"@context\":\"https:\/\/schema.org\",\"@graph\":[{\"@type\":\"Article\",\"@id\":\"https:\/\/tuzlainfo.ba\/index.php\/magazin\/item\/161861-foto-kultna-tuzlanska-cevabdzinica-vec-35-godina-bulevar-mirise-na-bekirove-cevape\/#article\",\"isPartOf\":{\"@id\":\"https:\/\/tuzlainfo.ba\/index.php\/magazin\/item\/161861-foto-kultna-tuzlanska-cevabdzinica-vec-35-godina-bulevar-mirise-na-bekirove-cevape\/\"},\"author\":{\"name\":\"Tuzla Info\",\"@id\":\"https:\/\/tuzlainfo.ba\/#\/schema\/person\/46cad4c57790cbc50781edd14870825a\"},\"headline\":\"\/FOTO\/ Kultna tuzlanska \u0107evabd\u017einica: Ve\u0107 35 godina Bulevar miri\u0161e na Bekirove \u0107evape\",\"datePublished\":\"2022-01-23T10:15:15+00:00\",\"dateModified\":\"2022-01-23T17:15:31+00:00\",\"mainEntityOfPage\":{\"@id\":\"https:\/\/tuzlainfo.ba\/index.php\/magazin\/item\/161861-foto-kultna-tuzlanska-cevabdzinica-vec-35-godina-bulevar-mirise-na-bekirove-cevape\/\"},\"wordCount\":413,\"commentCount\":0,\"publisher\":{\"@id\":\"https:\/\/tuzlainfo.ba\/#organization\"},\"image\":{\"@id\":\"https:\/\/tuzlainfo.ba\/index.php\/magazin\/item\/161861-foto-kultna-tuzlanska-cevabdzinica-vec-35-godina-bulevar-mirise-na-bekirove-cevape\/#primaryimage\"},\"thumbnailUrl\":\"https:\/\/tuzlainfo.ba\/wp-content\/uploads\/2022\/01\/inbound6169309097793964412.jpg\",\"keywords\":[\"Bekir Sejrani\u0107\",\"\u0107evabd\u017einica kod bekira\",\"\u0106evapi\",\"tuzla\"],\"articleSection\":[\"Istaknuto\",\"Magazin\",\"Preporu\u010dujemo\"],\"inLanguage\":\"bs-BA\"},{\"@type\":\"WebPage\",\"@id\":\"https:\/\/tuzlainfo.ba\/index.php\/magazin\/item\/161861-foto-kultna-tuzlanska-cevabdzinica-vec-35-godina-bulevar-mirise-na-bekirove-cevape\/\",\"url\":\"https:\/\/tuzlainfo.ba\/index.php\/magazin\/item\/161861-foto-kultna-tuzlanska-cevabdzinica-vec-35-godina-bulevar-mirise-na-bekirove-cevape\/\",\"name\":\"\/FOTO\/ Kultna tuzlanska \u0107evabd\u017einica: Ve\u0107 35 godina Bulevar miri\u0161e na Bekirove \u0107evape - TuzlaInfo.ba\",\"isPartOf\":{\"@id\":\"https:\/\/tuzlainfo.ba\/#website\"},\"primaryImageOfPage\":{\"@id\":\"https:\/\/tuzlainfo.ba\/index.php\/magazin\/item\/161861-foto-kultna-tuzlanska-cevabdzinica-vec-35-godina-bulevar-mirise-na-bekirove-cevape\/#primaryimage\"},\"image\":{\"@id\":\"https:\/\/tuzlainfo.ba\/index.php\/magazin\/item\/161861-foto-kultna-tuzlanska-cevabdzinica-vec-35-godina-bulevar-mirise-na-bekirove-cevape\/#primaryimage\"},\"thumbnailUrl\":\"https:\/\/tuzlainfo.ba\/wp-content\/uploads\/2022\/01\/inbound6169309097793964412.jpg\",\"datePublished\":\"2022-01-23T10:15:15+00:00\",\"dateModified\":\"2022-01-23T17:15:31+00:00\",\"breadcrumb\":{\"@id\":\"https:\/\/tuzlainfo.ba\/index.php\/magazin\/item\/161861-foto-kultna-tuzlanska-cevabdzinica-vec-35-godina-bulevar-mirise-na-bekirove-cevape\/#breadcrumb\"},\"inLanguage\":\"bs-BA\",\"potentialAction\":[{\"@type\":\"ReadAction\",\"target\":[\"https:\/\/tuzlainfo.ba\/index.php\/magazin\/item\/161861-foto-kultna-tuzlanska-cevabdzinica-vec-35-godina-bulevar-mirise-na-bekirove-cevape\/\"]}]},{\"@type\":\"ImageObject\",\"inLanguage\":\"bs-BA\",\"@id\":\"https:\/\/tuzlainfo.ba\/index.php\/magazin\/item\/161861-foto-kultna-tuzlanska-cevabdzinica-vec-35-godina-bulevar-mirise-na-bekirove-cevape\/#primaryimage\",\"url\":\"https:\/\/tuzlainfo.ba\/wp-content\/uploads\/2022\/01\/inbound6169309097793964412.jpg\",\"contentUrl\":\"https:\/\/tuzlainfo.ba\/wp-content\/uploads\/2022\/01\/inbound6169309097793964412.jpg\",\"width\":1564,\"height\":1564},{\"@type\":\"BreadcrumbList\",\"@id\":\"https:\/\/tuzlainfo.ba\/index.php\/magazin\/item\/161861-foto-kultna-tuzlanska-cevabdzinica-vec-35-godina-bulevar-mirise-na-bekirove-cevape\/#breadcrumb\",\"itemListElement\":[{\"@type\":\"ListItem\",\"position\":1,\"name\":\"Home\",\"item\":\"https:\/\/tuzlainfo.ba\/\"},{\"@type\":\"ListItem\",\"position\":2,\"name\":\"\/FOTO\/ Kultna tuzlanska \u0107evabd\u017einica: Ve\u0107 35 godina Bulevar miri\u0161e na Bekirove \u0107evape\"}]},{\"@type\":\"WebSite\",\"@id\":\"https:\/\/tuzlainfo.ba\/#website\",\"url\":\"https:\/\/tuzlainfo.ba\/\",\"name\":\"TuzlaInfo.ba\",\"description\":\"Tuzla info, gradski informator - Tuzla na dlanu\",\"publisher\":{\"@id\":\"https:\/\/tuzlainfo.ba\/#organization\"},\"potentialAction\":[{\"@type\":\"SearchAction\",\"target\":{\"@type\":\"EntryPoint\",\"urlTemplate\":\"https:\/\/tuzlainfo.ba\/?s={search_term_string}\"},\"query-input\":{\"@type\":\"PropertyValueSpecification\",\"valueRequired\":true,\"valueName\":\"search_term_string\"}}],\"inLanguage\":\"bs-BA\"},{\"@type\":\"Organization\",\"@id\":\"https:\/\/tuzlainfo.ba\/#organization\",\"name\":\"TuzlaInfo.ba\",\"url\":\"https:\/\/tuzlainfo.ba\/\",\"logo\":{\"@type\":\"ImageObject\",\"inLanguage\":\"bs-BA\",\"@id\":\"https:\/\/tuzlainfo.ba\/#\/schema\/logo\/image\/\",\"url\":\"https:\/\/tuzlainfo.ba\/wp-content\/uploads\/2021\/03\/logo-ver-3-1.png\",\"contentUrl\":\"https:\/\/tuzlainfo.ba\/wp-content\/uploads\/2021\/03\/logo-ver-3-1.png\",\"width\":350,\"height\":95,\"caption\":\"TuzlaInfo.ba\"},\"image\":{\"@id\":\"https:\/\/tuzlainfo.ba\/#\/schema\/logo\/image\/\"},\"sameAs\":[\"https:\/\/www.facebook.com\/tuzlainfo.ba\/\"]},{\"@type\":\"Person\",\"@id\":\"https:\/\/tuzlainfo.ba\/#\/schema\/person\/46cad4c57790cbc50781edd14870825a\",\"name\":\"Tuzla Info\",\"image\":{\"@type\":\"ImageObject\",\"inLanguage\":\"bs-BA\",\"@id\":\"https:\/\/tuzlainfo.ba\/#\/schema\/person\/image\/\",\"url\":\"https:\/\/tuzlainfo.ba\/wp-content\/litespeed\/avatar\/b6c453a6c38e3654f2e4416c643fc25c.jpg?ver=1777051911\",\"contentUrl\":\"https:\/\/tuzlainfo.ba\/wp-content\/litespeed\/avatar\/b6c453a6c38e3654f2e4416c643fc25c.jpg?ver=1777051911\",\"caption\":\"Tuzla Info\"}}]}<\/script>\n<!-- \/ Yoast SEO plugin. -->","yoast_head_json":{"title":"\/FOTO\/ Kultna tuzlanska \u0107evabd\u017einica: Ve\u0107 35 godina Bulevar miri\u0161e na Bekirove \u0107evape - TuzlaInfo.ba","robots":{"index":"index","follow":"follow","max-snippet":"max-snippet:-1","max-image-preview":"max-image-preview:large","max-video-preview":"max-video-preview:-1"},"canonical":"https:\/\/tuzlainfo.ba\/index.php\/magazin\/item\/161861-foto-kultna-tuzlanska-cevabdzinica-vec-35-godina-bulevar-mirise-na-bekirove-cevape\/","og_locale":"bs_BA","og_type":"article","og_title":"\/FOTO\/ Kultna tuzlanska \u0107evabd\u017einica: Ve\u0107 35 godina Bulevar miri\u0161e na Bekirove \u0107evape - TuzlaInfo.ba","og_description":"\u0106evabd\u017einica &#8220;Kod Bekira&#8221; jedna je od onih mjesta u gradu u koju \u0107ete oti\u0107i maksuz&hellip;","og_url":"https:\/\/tuzlainfo.ba\/index.php\/magazin\/item\/161861-foto-kultna-tuzlanska-cevabdzinica-vec-35-godina-bulevar-mirise-na-bekirove-cevape\/","og_site_name":"TuzlaInfo.ba","article_publisher":"https:\/\/www.facebook.com\/tuzlainfo.ba\/","article_published_time":"2022-01-23T10:15:15+00:00","article_modified_time":"2022-01-23T17:15:31+00:00","og_image":[{"width":1564,"height":1564,"url":"https:\/\/tuzlainfo.ba\/wp-content\/uploads\/2022\/01\/inbound6169309097793964412.jpg","type":"image\/jpeg"}],"author":"Tuzla Info","twitter_card":"summary_large_image","twitter_misc":{"Written by":"Tuzla Info","Est. reading time":"2 minute"},"schema":{"@context":"https:\/\/schema.org","@graph":[{"@type":"Article","@id":"https:\/\/tuzlainfo.ba\/index.php\/magazin\/item\/161861-foto-kultna-tuzlanska-cevabdzinica-vec-35-godina-bulevar-mirise-na-bekirove-cevape\/#article","isPartOf":{"@id":"https:\/\/tuzlainfo.ba\/index.php\/magazin\/item\/161861-foto-kultna-tuzlanska-cevabdzinica-vec-35-godina-bulevar-mirise-na-bekirove-cevape\/"},"author":{"name":"Tuzla Info","@id":"https:\/\/tuzlainfo.ba\/#\/schema\/person\/46cad4c57790cbc50781edd14870825a"},"headline":"\/FOTO\/ Kultna tuzlanska \u0107evabd\u017einica: Ve\u0107 35 godina Bulevar miri\u0161e na Bekirove \u0107evape","datePublished":"2022-01-23T10:15:15+00:00","dateModified":"2022-01-23T17:15:31+00:00","mainEntityOfPage":{"@id":"https:\/\/tuzlainfo.ba\/index.php\/magazin\/item\/161861-foto-kultna-tuzlanska-cevabdzinica-vec-35-godina-bulevar-mirise-na-bekirove-cevape\/"},"wordCount":413,"commentCount":0,"publisher":{"@id":"https:\/\/tuzlainfo.ba\/#organization"},"image":{"@id":"https:\/\/tuzlainfo.ba\/index.php\/magazin\/item\/161861-foto-kultna-tuzlanska-cevabdzinica-vec-35-godina-bulevar-mirise-na-bekirove-cevape\/#primaryimage"},"thumbnailUrl":"https:\/\/tuzlainfo.ba\/wp-content\/uploads\/2022\/01\/inbound6169309097793964412.jpg","keywords":["Bekir Sejrani\u0107","\u0107evabd\u017einica kod bekira","\u0106evapi","tuzla"],"articleSection":["Istaknuto","Magazin","Preporu\u010dujemo"],"inLanguage":"bs-BA"},{"@type":"WebPage","@id":"https:\/\/tuzlainfo.ba\/index.php\/magazin\/item\/161861-foto-kultna-tuzlanska-cevabdzinica-vec-35-godina-bulevar-mirise-na-bekirove-cevape\/","url":"https:\/\/tuzlainfo.ba\/index.php\/magazin\/item\/161861-foto-kultna-tuzlanska-cevabdzinica-vec-35-godina-bulevar-mirise-na-bekirove-cevape\/","name":"\/FOTO\/ Kultna tuzlanska \u0107evabd\u017einica: Ve\u0107 35 godina Bulevar miri\u0161e na Bekirove \u0107evape - TuzlaInfo.ba","isPartOf":{"@id":"https:\/\/tuzlainfo.ba\/#website"},"primaryImageOfPage":{"@id":"https:\/\/tuzlainfo.ba\/index.php\/magazin\/item\/161861-foto-kultna-tuzlanska-cevabdzinica-vec-35-godina-bulevar-mirise-na-bekirove-cevape\/#primaryimage"},"image":{"@id":"https:\/\/tuzlainfo.ba\/index.php\/magazin\/item\/161861-foto-kultna-tuzlanska-cevabdzinica-vec-35-godina-bulevar-mirise-na-bekirove-cevape\/#primaryimage"},"thumbnailUrl":"https:\/\/tuzlainfo.ba\/wp-content\/uploads\/2022\/01\/inbound6169309097793964412.jpg","datePublished":"2022-01-23T10:15:15+00:00","dateModified":"2022-01-23T17:15:31+00:00","breadcrumb":{"@id":"https:\/\/tuzlainfo.ba\/index.php\/magazin\/item\/161861-foto-kultna-tuzlanska-cevabdzinica-vec-35-godina-bulevar-mirise-na-bekirove-cevape\/#breadcrumb"},"inLanguage":"bs-BA","potentialAction":[{"@type":"ReadAction","target":["https:\/\/tuzlainfo.ba\/index.php\/magazin\/item\/161861-foto-kultna-tuzlanska-cevabdzinica-vec-35-godina-bulevar-mirise-na-bekirove-cevape\/"]}]},{"@type":"ImageObject","inLanguage":"bs-BA","@id":"https:\/\/tuzlainfo.ba\/index.php\/magazin\/item\/161861-foto-kultna-tuzlanska-cevabdzinica-vec-35-godina-bulevar-mirise-na-bekirove-cevape\/#primaryimage","url":"https:\/\/tuzlainfo.ba\/wp-content\/uploads\/2022\/01\/inbound6169309097793964412.jpg","contentUrl":"https:\/\/tuzlainfo.ba\/wp-content\/uploads\/2022\/01\/inbound6169309097793964412.jpg","width":1564,"height":1564},{"@type":"BreadcrumbList","@id":"https:\/\/tuzlainfo.ba\/index.php\/magazin\/item\/161861-foto-kultna-tuzlanska-cevabdzinica-vec-35-godina-bulevar-mirise-na-bekirove-cevape\/#breadcrumb","itemListElement":[{"@type":"ListItem","position":1,"name":"Home","item":"https:\/\/tuzlainfo.ba\/"},{"@type":"ListItem","position":2,"name":"\/FOTO\/ Kultna tuzlanska \u0107evabd\u017einica: Ve\u0107 35 godina Bulevar miri\u0161e na Bekirove \u0107evape"}]},{"@type":"WebSite","@id":"https:\/\/tuzlainfo.ba\/#website","url":"https:\/\/tuzlainfo.ba\/","name":"TuzlaInfo.ba","description":"Tuzla info, gradski informator - Tuzla na dlanu","publisher":{"@id":"https:\/\/tuzlainfo.ba\/#organization"},"potentialAction":[{"@type":"SearchAction","target":{"@type":"EntryPoint","urlTemplate":"https:\/\/tuzlainfo.ba\/?s={search_term_string}"},"query-input":{"@type":"PropertyValueSpecification","valueRequired":true,"valueName":"search_term_string"}}],"inLanguage":"bs-BA"},{"@type":"Organization","@id":"https:\/\/tuzlainfo.ba\/#organization","name":"TuzlaInfo.ba","url":"https:\/\/tuzlainfo.ba\/","logo":{"@type":"ImageObject","inLanguage":"bs-BA","@id":"https:\/\/tuzlainfo.ba\/#\/schema\/logo\/image\/","url":"https:\/\/tuzlainfo.ba\/wp-content\/uploads\/2021\/03\/logo-ver-3-1.png","contentUrl":"https:\/\/tuzlainfo.ba\/wp-content\/uploads\/2021\/03\/logo-ver-3-1.png","width":350,"height":95,"caption":"TuzlaInfo.ba"},"image":{"@id":"https:\/\/tuzlainfo.ba\/#\/schema\/logo\/image\/"},"sameAs":["https:\/\/www.facebook.com\/tuzlainfo.ba\/"]},{"@type":"Person","@id":"https:\/\/tuzlainfo.ba\/#\/schema\/person\/46cad4c57790cbc50781edd14870825a","name":"Tuzla Info","image":{"@type":"ImageObject","inLanguage":"bs-BA","@id":"https:\/\/tuzlainfo.ba\/#\/schema\/person\/image\/","url":"https:\/\/tuzlainfo.ba\/wp-content\/litespeed\/avatar\/b6c453a6c38e3654f2e4416c643fc25c.jpg?ver=1777051911","contentUrl":"https:\/\/tuzlainfo.ba\/wp-content\/litespeed\/avatar\/b6c453a6c38e3654f2e4416c643fc25c.jpg?ver=1777051911","caption":"Tuzla Info"}}]}},"_links":{"self":[{"href":"https:\/\/tuzlainfo.ba\/index.php\/wp-json\/wp\/v2\/posts\/161861"}],"collection":[{"href":"https:\/\/tuzlainfo.ba\/index.php\/wp-json\/wp\/v2\/posts"}],"about":[{"href":"https:\/\/tuzlainfo.ba\/index.php\/wp-json\/wp\/v2\/types\/post"}],"author":[{"embeddable":true,"href":"https:\/\/tuzlainfo.ba\/index.php\/wp-json\/wp\/v2\/users\/4"}],"replies":[{"embeddable":true,"href":"https:\/\/tuzlainfo.ba\/index.php\/wp-json\/wp\/v2\/comments?post=161861"}],"version-history":[{"count":0,"href":"https:\/\/tuzlainfo.ba\/index.php\/wp-json\/wp\/v2\/posts\/161861\/revisions"}],"wp:featuredmedia":[{"embeddable":true,"href":"https:\/\/tuzlainfo.ba\/index.php\/wp-json\/wp\/v2\/media\/161870"}],"wp:attachment":[{"href":"https:\/\/tuzlainfo.ba\/index.php\/wp-json\/wp\/v2\/media?parent=161861"}],"wp:term":[{"taxonomy":"category","embeddable":true,"href":"https:\/\/tuzlainfo.ba\/index.php\/wp-json\/wp\/v2\/categories?post=161861"},{"taxonomy":"post_tag","embeddable":true,"href":"https:\/\/tuzlainfo.ba\/index.php\/wp-json\/wp\/v2\/tags?post=161861"}],"curies":[{"name":"wp","href":"https:\/\/api.w.org\/{rel}","templated":true}]}}