{"id":161834,"date":"2022-01-22T16:00:25","date_gmt":"2022-01-22T15:00:25","guid":{"rendered":"https:\/\/tuzlainfo.ba\/?p=161834"},"modified":"2022-01-22T15:08:36","modified_gmt":"2022-01-22T14:08:36","slug":"power-sankcije-nisu-usmjerene-protiv-entiteta-one-su-ciljane","status":"publish","type":"post","link":"https:\/\/tuzlainfo.ba\/index.php\/bosna-i-hercegovina\/item\/161834-power-sankcije-nisu-usmjerene-protiv-entiteta-one-su-ciljane\/","title":{"rendered":"Power: Sankcije nisu usmjerene protiv entiteta, one su ciljane"},"content":{"rendered":"<p>Ameri\u010dke sankcije nikada nisu usmjerene protiv etni\u010dke, vjerske grupe ili u ovom slu\u010daju bilo kojeg entiteta, Republike Srpske ili Federacije BiH &#8211; rekla je administratorica Ameri\u010dke agencije za me\u0111unarodni razvoj (USAID) Samantha Power.<\/p>\n<div class=\"post-content post-content-holder\">\n<p>Poja\u0161njavaju\u0107i stav ameri\u010dke administracije u vezi sa sankcijama, odnosno da sankcije pojedincima nisu usmjerene protiv gra\u0111ana Republike Srpske, kazala je da su one specifi\u010dno nametnute za korupciju, i za to postoji i dokaz. Nametnute su, kako je kazala, za korupciju koja prevladava kod odre\u0111enih pojedinaca u institucijama, nedavno imenovanih.<\/p>\n<p>&#8211; Te sankcije su ciljane i kao \u0161to znate nisu samo sankcije protiv pojedinaca i poslovnih subjekata u Republici Srpskoj, nego i u Federaciji. Osoba kojoj su nametnute sankcije u Federaciji napustila je svoju funkciju ba\u0161 zbog sankcija. Zna\u010di radi se o dokazu za postojanje pojave koja je toliko ra\u0161irena u BiH, korupcije, i o tome da se iskoriste sankcije da se po\u010dnemo boriti potiv kulture nedodirljivosti kod ljudi koji misle da zato \u0161to imaju mo\u0107 i vlast da mogu krasti novac. Bez obzira ko ste, gdje \u017eivite i u \u0161ta vjerujete to ne daje pravo da kradete novac od ljudi &#8211; istakla je Power u razgovoru za\u00a0<strong><a href=\"https:\/\/banjaluka.net\/samanta-pauer-za-banjaluka-net-sankcije-pojedincima-nisu-usmjerene-protiv-gradjana-republike-srpske-ili-feredracije-bih\/\">Banjaluka.net<\/a><\/strong>.<\/p>\n<p>Naglasila je da je do\u0161la u posjetu Bosni i Hercegovini u ime predsjednika SAD-a Joea Bidena da bi prenijela poruku gra\u0111anima BiH da su SAD uz njih.<\/p>\n<p>&#8211; \u017deljela sam odvojiti vrijeme da posebno razgovaram sa Vama i va\u0161om publikom o tome kakav je na\u0161 odnos prema gra\u0111anima Republike Srpske, a kojoj se daje tre\u0107ina pomo\u0107i. I da ka\u017eem da gra\u0111anima Republike Srpske, \u017eelimo pobolj\u0161ati ekonomsku situaciju. Tako\u0111er, trebamo da osiguramo da se pobolj\u0161a vladavina zakona, \u0161to \u010dini potreba za funkcionisanjem dr\u017eavnih institucija, od \u010dega \u0107e koristi imati svi gra\u0111ani ove zemlje &#8211; navela je i dodala:<\/p>\n<p>&#8211; Postoje percepcije o tome da imamo neku pristrasnost i osu\u0111uju nas, to se upu\u0107uje SAD-u. Ali djelovanje Vlade SAD-a na terenu je \u0161irom BiH. Vidite da su bile investicije vi\u0161e od dvije milijarde dolara u posljednjih 26 godina. Bila su vrlo zna\u010dajna ulaganja u turizam i u Federaciji BiH, ali i u turizam u Republici Srpskoj. Bila su i ulaganja u mala i srednja preduze\u0107a.<\/p>\n<p>Tako\u0111er je dodala da su zabrinuti, i te\u0161ko im pada, \u0161to toliko mladih ljudi odlazi iz BiH, uklju\u010duju\u0107i i Republiku Srpsku.<\/p>\n<p>&#8211; Ono \u0161to mi zaista \u017eelimo jeste da uduplamo na\u0161a nastojanja da osiguramo ekonomske \u0161anse za njih, tako da mladi ljudi svoju budu\u0107nost vide ovdje, u ovoj zemlji. I da se zavr\u0161e te politi\u010dke podjele i odvla\u010denje pa\u017enje, \u0161to spre\u010dava ta nastojanja, da se borimo protiv korupcije i da se osigura da ova zemlja bude integrisana u regionalna i evropska tr\u017ei\u0161ta. To nam je zaista potrebno da bismo sprije\u010dili ovoliki odlazak nekih od najve\u0107ih talenata u ovoj zemlji &#8211; zaklju\u010dila je Power.<\/p>\n<\/div>\n","protected":false},"excerpt":{"rendered":"<p>Ameri\u010dke sankcije nikada nisu usmjerene protiv etni\u010dke, vjerske grupe ili u ovom slu\u010daju bilo kojeg&hellip;<\/p>\n","protected":false},"author":2,"featured_media":161836,"comment_status":"open","ping_status":"closed","sticky":false,"template":"","format":"standard","meta":{"_acf_changed":false,"footnotes":""},"categories":[291],"tags":[3994],"acf":[],"yoast_head":"<!-- This site is optimized with the Yoast SEO plugin v23.5 - https:\/\/yoast.com\/wordpress\/plugins\/seo\/ -->\n<title>Power: Sankcije nisu usmjerene protiv entiteta, one su ciljane - TuzlaInfo.ba<\/title>\n<meta name=\"robots\" content=\"index, follow, max-snippet:-1, max-image-preview:large, max-video-preview:-1\" \/>\n<link rel=\"canonical\" href=\"https:\/\/tuzlainfo.ba\/index.php\/bosna-i-hercegovina\/item\/161834-power-sankcije-nisu-usmjerene-protiv-entiteta-one-su-ciljane\/\" \/>\n<meta property=\"og:locale\" content=\"bs_BA\" \/>\n<meta property=\"og:type\" content=\"article\" \/>\n<meta property=\"og:title\" content=\"Power: Sankcije nisu usmjerene protiv entiteta, one su ciljane - TuzlaInfo.ba\" \/>\n<meta property=\"og:description\" content=\"Ameri\u010dke sankcije nikada nisu usmjerene protiv etni\u010dke, vjerske grupe ili u ovom slu\u010daju bilo kojeg&hellip;\" \/>\n<meta property=\"og:url\" content=\"https:\/\/tuzlainfo.ba\/index.php\/bosna-i-hercegovina\/item\/161834-power-sankcije-nisu-usmjerene-protiv-entiteta-one-su-ciljane\/\" \/>\n<meta property=\"og:site_name\" content=\"TuzlaInfo.ba\" \/>\n<meta property=\"article:publisher\" content=\"https:\/\/www.facebook.com\/tuzlainfo.ba\/\" \/>\n<meta property=\"article:published_time\" content=\"2022-01-22T15:00:25+00:00\" \/>\n<meta property=\"article:modified_time\" content=\"2022-01-22T14:08:36+00:00\" \/>\n<meta property=\"og:image\" content=\"https:\/\/tuzlainfo.ba\/wp-content\/uploads\/2022\/01\/2201_power.jpg\" \/>\n\t<meta property=\"og:image:width\" content=\"1200\" \/>\n\t<meta property=\"og:image:height\" content=\"736\" \/>\n\t<meta property=\"og:image:type\" content=\"image\/jpeg\" \/>\n<meta name=\"author\" content=\"nedim\" \/>\n<meta name=\"twitter:card\" content=\"summary_large_image\" \/>\n<meta name=\"twitter:label1\" content=\"Written by\" \/>\n\t<meta name=\"twitter:data1\" content=\"nedim\" \/>\n\t<meta name=\"twitter:label2\" content=\"Est. reading time\" \/>\n\t<meta name=\"twitter:data2\" content=\"3 minute\" \/>\n<script type=\"application\/ld+json\" class=\"yoast-schema-graph\">{\"@context\":\"https:\/\/schema.org\",\"@graph\":[{\"@type\":\"Article\",\"@id\":\"https:\/\/tuzlainfo.ba\/index.php\/bosna-i-hercegovina\/item\/161834-power-sankcije-nisu-usmjerene-protiv-entiteta-one-su-ciljane\/#article\",\"isPartOf\":{\"@id\":\"https:\/\/tuzlainfo.ba\/index.php\/bosna-i-hercegovina\/item\/161834-power-sankcije-nisu-usmjerene-protiv-entiteta-one-su-ciljane\/\"},\"author\":{\"name\":\"nedim\",\"@id\":\"https:\/\/tuzlainfo.ba\/#\/schema\/person\/f434e20dc27ea133923aab08451b7f7f\"},\"headline\":\"Power: Sankcije nisu usmjerene protiv entiteta, one su ciljane\",\"datePublished\":\"2022-01-22T15:00:25+00:00\",\"dateModified\":\"2022-01-22T14:08:36+00:00\",\"mainEntityOfPage\":{\"@id\":\"https:\/\/tuzlainfo.ba\/index.php\/bosna-i-hercegovina\/item\/161834-power-sankcije-nisu-usmjerene-protiv-entiteta-one-su-ciljane\/\"},\"wordCount\":514,\"commentCount\":0,\"publisher\":{\"@id\":\"https:\/\/tuzlainfo.ba\/#organization\"},\"image\":{\"@id\":\"https:\/\/tuzlainfo.ba\/index.php\/bosna-i-hercegovina\/item\/161834-power-sankcije-nisu-usmjerene-protiv-entiteta-one-su-ciljane\/#primaryimage\"},\"thumbnailUrl\":\"https:\/\/tuzlainfo.ba\/wp-content\/uploads\/2022\/01\/2201_power.jpg\",\"keywords\":[\"samantha power\"],\"articleSection\":[\"Bosna i Hercegovina\"],\"inLanguage\":\"bs-BA\"},{\"@type\":\"WebPage\",\"@id\":\"https:\/\/tuzlainfo.ba\/index.php\/bosna-i-hercegovina\/item\/161834-power-sankcije-nisu-usmjerene-protiv-entiteta-one-su-ciljane\/\",\"url\":\"https:\/\/tuzlainfo.ba\/index.php\/bosna-i-hercegovina\/item\/161834-power-sankcije-nisu-usmjerene-protiv-entiteta-one-su-ciljane\/\",\"name\":\"Power: Sankcije nisu usmjerene protiv entiteta, one su ciljane - TuzlaInfo.ba\",\"isPartOf\":{\"@id\":\"https:\/\/tuzlainfo.ba\/#website\"},\"primaryImageOfPage\":{\"@id\":\"https:\/\/tuzlainfo.ba\/index.php\/bosna-i-hercegovina\/item\/161834-power-sankcije-nisu-usmjerene-protiv-entiteta-one-su-ciljane\/#primaryimage\"},\"image\":{\"@id\":\"https:\/\/tuzlainfo.ba\/index.php\/bosna-i-hercegovina\/item\/161834-power-sankcije-nisu-usmjerene-protiv-entiteta-one-su-ciljane\/#primaryimage\"},\"thumbnailUrl\":\"https:\/\/tuzlainfo.ba\/wp-content\/uploads\/2022\/01\/2201_power.jpg\",\"datePublished\":\"2022-01-22T15:00:25+00:00\",\"dateModified\":\"2022-01-22T14:08:36+00:00\",\"breadcrumb\":{\"@id\":\"https:\/\/tuzlainfo.ba\/index.php\/bosna-i-hercegovina\/item\/161834-power-sankcije-nisu-usmjerene-protiv-entiteta-one-su-ciljane\/#breadcrumb\"},\"inLanguage\":\"bs-BA\",\"potentialAction\":[{\"@type\":\"ReadAction\",\"target\":[\"https:\/\/tuzlainfo.ba\/index.php\/bosna-i-hercegovina\/item\/161834-power-sankcije-nisu-usmjerene-protiv-entiteta-one-su-ciljane\/\"]}]},{\"@type\":\"ImageObject\",\"inLanguage\":\"bs-BA\",\"@id\":\"https:\/\/tuzlainfo.ba\/index.php\/bosna-i-hercegovina\/item\/161834-power-sankcije-nisu-usmjerene-protiv-entiteta-one-su-ciljane\/#primaryimage\",\"url\":\"https:\/\/tuzlainfo.ba\/wp-content\/uploads\/2022\/01\/2201_power.jpg\",\"contentUrl\":\"https:\/\/tuzlainfo.ba\/wp-content\/uploads\/2022\/01\/2201_power.jpg\",\"width\":1200,\"height\":736},{\"@type\":\"BreadcrumbList\",\"@id\":\"https:\/\/tuzlainfo.ba\/index.php\/bosna-i-hercegovina\/item\/161834-power-sankcije-nisu-usmjerene-protiv-entiteta-one-su-ciljane\/#breadcrumb\",\"itemListElement\":[{\"@type\":\"ListItem\",\"position\":1,\"name\":\"Home\",\"item\":\"https:\/\/tuzlainfo.ba\/\"},{\"@type\":\"ListItem\",\"position\":2,\"name\":\"Power: Sankcije nisu usmjerene protiv entiteta, one su ciljane\"}]},{\"@type\":\"WebSite\",\"@id\":\"https:\/\/tuzlainfo.ba\/#website\",\"url\":\"https:\/\/tuzlainfo.ba\/\",\"name\":\"TuzlaInfo.ba\",\"description\":\"Tuzla info, gradski informator - Tuzla na dlanu\",\"publisher\":{\"@id\":\"https:\/\/tuzlainfo.ba\/#organization\"},\"potentialAction\":[{\"@type\":\"SearchAction\",\"target\":{\"@type\":\"EntryPoint\",\"urlTemplate\":\"https:\/\/tuzlainfo.ba\/?s={search_term_string}\"},\"query-input\":{\"@type\":\"PropertyValueSpecification\",\"valueRequired\":true,\"valueName\":\"search_term_string\"}}],\"inLanguage\":\"bs-BA\"},{\"@type\":\"Organization\",\"@id\":\"https:\/\/tuzlainfo.ba\/#organization\",\"name\":\"TuzlaInfo.ba\",\"url\":\"https:\/\/tuzlainfo.ba\/\",\"logo\":{\"@type\":\"ImageObject\",\"inLanguage\":\"bs-BA\",\"@id\":\"https:\/\/tuzlainfo.ba\/#\/schema\/logo\/image\/\",\"url\":\"https:\/\/tuzlainfo.ba\/wp-content\/uploads\/2021\/03\/logo-ver-3-1.png\",\"contentUrl\":\"https:\/\/tuzlainfo.ba\/wp-content\/uploads\/2021\/03\/logo-ver-3-1.png\",\"width\":350,\"height\":95,\"caption\":\"TuzlaInfo.ba\"},\"image\":{\"@id\":\"https:\/\/tuzlainfo.ba\/#\/schema\/logo\/image\/\"},\"sameAs\":[\"https:\/\/www.facebook.com\/tuzlainfo.ba\/\"]},{\"@type\":\"Person\",\"@id\":\"https:\/\/tuzlainfo.ba\/#\/schema\/person\/f434e20dc27ea133923aab08451b7f7f\",\"name\":\"nedim\",\"image\":{\"@type\":\"ImageObject\",\"inLanguage\":\"bs-BA\",\"@id\":\"https:\/\/tuzlainfo.ba\/#\/schema\/person\/image\/\",\"url\":\"https:\/\/tuzlainfo.ba\/wp-content\/litespeed\/avatar\/aabad687af24844af817603ac1cbdc4f.jpg?ver=1777306975\",\"contentUrl\":\"https:\/\/tuzlainfo.ba\/wp-content\/litespeed\/avatar\/aabad687af24844af817603ac1cbdc4f.jpg?ver=1777306975\",\"caption\":\"nedim\"},\"description\":\"Tuzlainfo.ba pratite na dru\u0161tvenim mre\u017eama: Facebook, Instagram i Youtube. Svoje pri\u010de, upite i fotografije \u0161aljite na na\u0161u e-mail adresu.\"}]}<\/script>\n<!-- \/ Yoast SEO plugin. -->","yoast_head_json":{"title":"Power: Sankcije nisu usmjerene protiv entiteta, one su ciljane - TuzlaInfo.ba","robots":{"index":"index","follow":"follow","max-snippet":"max-snippet:-1","max-image-preview":"max-image-preview:large","max-video-preview":"max-video-preview:-1"},"canonical":"https:\/\/tuzlainfo.ba\/index.php\/bosna-i-hercegovina\/item\/161834-power-sankcije-nisu-usmjerene-protiv-entiteta-one-su-ciljane\/","og_locale":"bs_BA","og_type":"article","og_title":"Power: Sankcije nisu usmjerene protiv entiteta, one su ciljane - TuzlaInfo.ba","og_description":"Ameri\u010dke sankcije nikada nisu usmjerene protiv etni\u010dke, vjerske grupe ili u ovom slu\u010daju bilo kojeg&hellip;","og_url":"https:\/\/tuzlainfo.ba\/index.php\/bosna-i-hercegovina\/item\/161834-power-sankcije-nisu-usmjerene-protiv-entiteta-one-su-ciljane\/","og_site_name":"TuzlaInfo.ba","article_publisher":"https:\/\/www.facebook.com\/tuzlainfo.ba\/","article_published_time":"2022-01-22T15:00:25+00:00","article_modified_time":"2022-01-22T14:08:36+00:00","og_image":[{"width":1200,"height":736,"url":"https:\/\/tuzlainfo.ba\/wp-content\/uploads\/2022\/01\/2201_power.jpg","type":"image\/jpeg"}],"author":"nedim","twitter_card":"summary_large_image","twitter_misc":{"Written by":"nedim","Est. reading time":"3 minute"},"schema":{"@context":"https:\/\/schema.org","@graph":[{"@type":"Article","@id":"https:\/\/tuzlainfo.ba\/index.php\/bosna-i-hercegovina\/item\/161834-power-sankcije-nisu-usmjerene-protiv-entiteta-one-su-ciljane\/#article","isPartOf":{"@id":"https:\/\/tuzlainfo.ba\/index.php\/bosna-i-hercegovina\/item\/161834-power-sankcije-nisu-usmjerene-protiv-entiteta-one-su-ciljane\/"},"author":{"name":"nedim","@id":"https:\/\/tuzlainfo.ba\/#\/schema\/person\/f434e20dc27ea133923aab08451b7f7f"},"headline":"Power: Sankcije nisu usmjerene protiv entiteta, one su ciljane","datePublished":"2022-01-22T15:00:25+00:00","dateModified":"2022-01-22T14:08:36+00:00","mainEntityOfPage":{"@id":"https:\/\/tuzlainfo.ba\/index.php\/bosna-i-hercegovina\/item\/161834-power-sankcije-nisu-usmjerene-protiv-entiteta-one-su-ciljane\/"},"wordCount":514,"commentCount":0,"publisher":{"@id":"https:\/\/tuzlainfo.ba\/#organization"},"image":{"@id":"https:\/\/tuzlainfo.ba\/index.php\/bosna-i-hercegovina\/item\/161834-power-sankcije-nisu-usmjerene-protiv-entiteta-one-su-ciljane\/#primaryimage"},"thumbnailUrl":"https:\/\/tuzlainfo.ba\/wp-content\/uploads\/2022\/01\/2201_power.jpg","keywords":["samantha power"],"articleSection":["Bosna i Hercegovina"],"inLanguage":"bs-BA"},{"@type":"WebPage","@id":"https:\/\/tuzlainfo.ba\/index.php\/bosna-i-hercegovina\/item\/161834-power-sankcije-nisu-usmjerene-protiv-entiteta-one-su-ciljane\/","url":"https:\/\/tuzlainfo.ba\/index.php\/bosna-i-hercegovina\/item\/161834-power-sankcije-nisu-usmjerene-protiv-entiteta-one-su-ciljane\/","name":"Power: Sankcije nisu usmjerene protiv entiteta, one su ciljane - TuzlaInfo.ba","isPartOf":{"@id":"https:\/\/tuzlainfo.ba\/#website"},"primaryImageOfPage":{"@id":"https:\/\/tuzlainfo.ba\/index.php\/bosna-i-hercegovina\/item\/161834-power-sankcije-nisu-usmjerene-protiv-entiteta-one-su-ciljane\/#primaryimage"},"image":{"@id":"https:\/\/tuzlainfo.ba\/index.php\/bosna-i-hercegovina\/item\/161834-power-sankcije-nisu-usmjerene-protiv-entiteta-one-su-ciljane\/#primaryimage"},"thumbnailUrl":"https:\/\/tuzlainfo.ba\/wp-content\/uploads\/2022\/01\/2201_power.jpg","datePublished":"2022-01-22T15:00:25+00:00","dateModified":"2022-01-22T14:08:36+00:00","breadcrumb":{"@id":"https:\/\/tuzlainfo.ba\/index.php\/bosna-i-hercegovina\/item\/161834-power-sankcije-nisu-usmjerene-protiv-entiteta-one-su-ciljane\/#breadcrumb"},"inLanguage":"bs-BA","potentialAction":[{"@type":"ReadAction","target":["https:\/\/tuzlainfo.ba\/index.php\/bosna-i-hercegovina\/item\/161834-power-sankcije-nisu-usmjerene-protiv-entiteta-one-su-ciljane\/"]}]},{"@type":"ImageObject","inLanguage":"bs-BA","@id":"https:\/\/tuzlainfo.ba\/index.php\/bosna-i-hercegovina\/item\/161834-power-sankcije-nisu-usmjerene-protiv-entiteta-one-su-ciljane\/#primaryimage","url":"https:\/\/tuzlainfo.ba\/wp-content\/uploads\/2022\/01\/2201_power.jpg","contentUrl":"https:\/\/tuzlainfo.ba\/wp-content\/uploads\/2022\/01\/2201_power.jpg","width":1200,"height":736},{"@type":"BreadcrumbList","@id":"https:\/\/tuzlainfo.ba\/index.php\/bosna-i-hercegovina\/item\/161834-power-sankcije-nisu-usmjerene-protiv-entiteta-one-su-ciljane\/#breadcrumb","itemListElement":[{"@type":"ListItem","position":1,"name":"Home","item":"https:\/\/tuzlainfo.ba\/"},{"@type":"ListItem","position":2,"name":"Power: Sankcije nisu usmjerene protiv entiteta, one su ciljane"}]},{"@type":"WebSite","@id":"https:\/\/tuzlainfo.ba\/#website","url":"https:\/\/tuzlainfo.ba\/","name":"TuzlaInfo.ba","description":"Tuzla info, gradski informator - Tuzla na dlanu","publisher":{"@id":"https:\/\/tuzlainfo.ba\/#organization"},"potentialAction":[{"@type":"SearchAction","target":{"@type":"EntryPoint","urlTemplate":"https:\/\/tuzlainfo.ba\/?s={search_term_string}"},"query-input":{"@type":"PropertyValueSpecification","valueRequired":true,"valueName":"search_term_string"}}],"inLanguage":"bs-BA"},{"@type":"Organization","@id":"https:\/\/tuzlainfo.ba\/#organization","name":"TuzlaInfo.ba","url":"https:\/\/tuzlainfo.ba\/","logo":{"@type":"ImageObject","inLanguage":"bs-BA","@id":"https:\/\/tuzlainfo.ba\/#\/schema\/logo\/image\/","url":"https:\/\/tuzlainfo.ba\/wp-content\/uploads\/2021\/03\/logo-ver-3-1.png","contentUrl":"https:\/\/tuzlainfo.ba\/wp-content\/uploads\/2021\/03\/logo-ver-3-1.png","width":350,"height":95,"caption":"TuzlaInfo.ba"},"image":{"@id":"https:\/\/tuzlainfo.ba\/#\/schema\/logo\/image\/"},"sameAs":["https:\/\/www.facebook.com\/tuzlainfo.ba\/"]},{"@type":"Person","@id":"https:\/\/tuzlainfo.ba\/#\/schema\/person\/f434e20dc27ea133923aab08451b7f7f","name":"nedim","image":{"@type":"ImageObject","inLanguage":"bs-BA","@id":"https:\/\/tuzlainfo.ba\/#\/schema\/person\/image\/","url":"https:\/\/tuzlainfo.ba\/wp-content\/litespeed\/avatar\/aabad687af24844af817603ac1cbdc4f.jpg?ver=1777306975","contentUrl":"https:\/\/tuzlainfo.ba\/wp-content\/litespeed\/avatar\/aabad687af24844af817603ac1cbdc4f.jpg?ver=1777306975","caption":"nedim"},"description":"Tuzlainfo.ba pratite na dru\u0161tvenim mre\u017eama: Facebook, Instagram i Youtube. Svoje pri\u010de, upite i fotografije \u0161aljite na na\u0161u e-mail adresu."}]}},"_links":{"self":[{"href":"https:\/\/tuzlainfo.ba\/index.php\/wp-json\/wp\/v2\/posts\/161834"}],"collection":[{"href":"https:\/\/tuzlainfo.ba\/index.php\/wp-json\/wp\/v2\/posts"}],"about":[{"href":"https:\/\/tuzlainfo.ba\/index.php\/wp-json\/wp\/v2\/types\/post"}],"author":[{"embeddable":true,"href":"https:\/\/tuzlainfo.ba\/index.php\/wp-json\/wp\/v2\/users\/2"}],"replies":[{"embeddable":true,"href":"https:\/\/tuzlainfo.ba\/index.php\/wp-json\/wp\/v2\/comments?post=161834"}],"version-history":[{"count":0,"href":"https:\/\/tuzlainfo.ba\/index.php\/wp-json\/wp\/v2\/posts\/161834\/revisions"}],"wp:featuredmedia":[{"embeddable":true,"href":"https:\/\/tuzlainfo.ba\/index.php\/wp-json\/wp\/v2\/media\/161836"}],"wp:attachment":[{"href":"https:\/\/tuzlainfo.ba\/index.php\/wp-json\/wp\/v2\/media?parent=161834"}],"wp:term":[{"taxonomy":"category","embeddable":true,"href":"https:\/\/tuzlainfo.ba\/index.php\/wp-json\/wp\/v2\/categories?post=161834"},{"taxonomy":"post_tag","embeddable":true,"href":"https:\/\/tuzlainfo.ba\/index.php\/wp-json\/wp\/v2\/tags?post=161834"}],"curies":[{"name":"wp","href":"https:\/\/api.w.org\/{rel}","templated":true}]}}