{"id":161804,"date":"2022-01-22T12:26:25","date_gmt":"2022-01-22T11:26:25","guid":{"rendered":"https:\/\/tuzlainfo.ba\/?p=161804"},"modified":"2022-01-22T12:52:12","modified_gmt":"2022-01-22T11:52:12","slug":"ukc-tuzla-redukuje-specijalisticke-preglede-zbog-pogorsanja-epidemioloske-situacije","status":"publish","type":"post","link":"https:\/\/tuzlainfo.ba\/index.php\/novosti\/item\/161804-ukc-tuzla-redukuje-specijalisticke-preglede-zbog-pogorsanja-epidemioloske-situacije\/","title":{"rendered":"UKC Tuzla redukuje specijalisti\u010dke preglede zbog pogor\u0161anja epidemiolo\u0161ke situacije"},"content":{"rendered":"<p>Iz Univerzitetskog klini\u010dkog centra Tuzla su obavijestili pacijente da na snagu stupaju nova pravila u radu.<\/p>\n<p>&#8220;U skladu sa odredbama Kriznog \u0161taba Univerzitetskog klini\u010dkog centra Tuzla, a u cilju kvalitetnog odgovora na novonastalu epidemiolo\u0161ku situaciju uzrokovanu pandemijom koronavirusa (COVID-19) i pove\u0107anog broja inficiranih, od 21.1. 2022. godine, u ovoj ustanovi se redukuju redovni specijalisti\u010dko-konsultativni pregledi, sa izuzetkom specijalisti\u010dko-konsultativnih pregleda za koje se po procjeni specijaliste utvrdi da su neodlo\u017eni i hitni. &#8221; &#8211; saop\u0107eno je iz UKC-a Tuzla.<\/p>\n<p>Odluka stupa na snagu danom dono\u0161enja, a primjenjivat \u0107e se u narednih 14 dana.<\/p>\n<p>Molimo pacijente za razumijevanje i saradnju kao i po\u0161tivanje propisanih higijensko-epidemiolo\u0161kih mjera.<\/p>\n","protected":false},"excerpt":{"rendered":"<p>Iz Univerzitetskog klini\u010dkog centra Tuzla su obavijestili pacijente da na snagu stupaju nova pravila u&hellip;<\/p>\n","protected":false},"author":4,"featured_media":139281,"comment_status":"open","ping_status":"closed","sticky":false,"template":"","format":"standard","meta":{"_acf_changed":false,"footnotes":""},"categories":[304,12],"tags":[3987,458],"acf":[],"yoast_head":"<!-- This site is optimized with the Yoast SEO plugin v23.5 - https:\/\/yoast.com\/wordpress\/plugins\/seo\/ -->\n<title>UKC Tuzla redukuje specijalisti\u010dke preglede zbog pogor\u0161anja epidemiolo\u0161ke situacije - TuzlaInfo.ba<\/title>\n<meta name=\"robots\" content=\"index, follow, max-snippet:-1, max-image-preview:large, max-video-preview:-1\" \/>\n<link rel=\"canonical\" href=\"https:\/\/tuzlainfo.ba\/index.php\/novosti\/item\/161804-ukc-tuzla-redukuje-specijalisticke-preglede-zbog-pogorsanja-epidemioloske-situacije\/\" \/>\n<meta property=\"og:locale\" content=\"bs_BA\" \/>\n<meta property=\"og:type\" content=\"article\" \/>\n<meta property=\"og:title\" content=\"UKC Tuzla redukuje specijalisti\u010dke preglede zbog pogor\u0161anja epidemiolo\u0161ke situacije - TuzlaInfo.ba\" \/>\n<meta property=\"og:description\" content=\"Iz Univerzitetskog klini\u010dkog centra Tuzla su obavijestili pacijente da na snagu stupaju nova pravila u&hellip;\" \/>\n<meta property=\"og:url\" content=\"https:\/\/tuzlainfo.ba\/index.php\/novosti\/item\/161804-ukc-tuzla-redukuje-specijalisticke-preglede-zbog-pogorsanja-epidemioloske-situacije\/\" \/>\n<meta property=\"og:site_name\" content=\"TuzlaInfo.ba\" \/>\n<meta property=\"article:publisher\" content=\"https:\/\/www.facebook.com\/tuzlainfo.ba\/\" \/>\n<meta property=\"article:published_time\" content=\"2022-01-22T11:26:25+00:00\" \/>\n<meta property=\"article:modified_time\" content=\"2022-01-22T11:52:12+00:00\" \/>\n<meta property=\"og:image\" content=\"https:\/\/tuzlainfo.ba\/wp-content\/uploads\/2021\/06\/1006_ukc_tuzla_klinickicentar.jpg\" \/>\n\t<meta property=\"og:image:width\" content=\"1200\" \/>\n\t<meta property=\"og:image:height\" content=\"816\" \/>\n\t<meta property=\"og:image:type\" content=\"image\/jpeg\" \/>\n<meta name=\"author\" content=\"Tuzla Info\" \/>\n<meta name=\"twitter:card\" content=\"summary_large_image\" \/>\n<meta name=\"twitter:label1\" content=\"Written by\" \/>\n\t<meta name=\"twitter:data1\" content=\"Tuzla Info\" \/>\n\t<meta name=\"twitter:label2\" content=\"Est. reading time\" \/>\n\t<meta name=\"twitter:data2\" content=\"1 minuta\" \/>\n<script type=\"application\/ld+json\" class=\"yoast-schema-graph\">{\"@context\":\"https:\/\/schema.org\",\"@graph\":[{\"@type\":\"Article\",\"@id\":\"https:\/\/tuzlainfo.ba\/index.php\/novosti\/item\/161804-ukc-tuzla-redukuje-specijalisticke-preglede-zbog-pogorsanja-epidemioloske-situacije\/#article\",\"isPartOf\":{\"@id\":\"https:\/\/tuzlainfo.ba\/index.php\/novosti\/item\/161804-ukc-tuzla-redukuje-specijalisticke-preglede-zbog-pogorsanja-epidemioloske-situacije\/\"},\"author\":{\"name\":\"Tuzla Info\",\"@id\":\"https:\/\/tuzlainfo.ba\/#\/schema\/person\/46cad4c57790cbc50781edd14870825a\"},\"headline\":\"UKC Tuzla redukuje specijalisti\u010dke preglede zbog pogor\u0161anja epidemiolo\u0161ke situacije\",\"datePublished\":\"2022-01-22T11:26:25+00:00\",\"dateModified\":\"2022-01-22T11:52:12+00:00\",\"mainEntityOfPage\":{\"@id\":\"https:\/\/tuzlainfo.ba\/index.php\/novosti\/item\/161804-ukc-tuzla-redukuje-specijalisticke-preglede-zbog-pogorsanja-epidemioloske-situacije\/\"},\"wordCount\":123,\"commentCount\":0,\"publisher\":{\"@id\":\"https:\/\/tuzlainfo.ba\/#organization\"},\"image\":{\"@id\":\"https:\/\/tuzlainfo.ba\/index.php\/novosti\/item\/161804-ukc-tuzla-redukuje-specijalisticke-preglede-zbog-pogorsanja-epidemioloske-situacije\/#primaryimage\"},\"thumbnailUrl\":\"https:\/\/tuzlainfo.ba\/wp-content\/uploads\/2021\/06\/1006_ukc_tuzla_klinickicentar.jpg\",\"keywords\":[\"Specijalisti\u010dki pregled\",\"ukc tuzla\"],\"articleSection\":[\"Istaknuto\",\"Novosti\"],\"inLanguage\":\"bs-BA\"},{\"@type\":\"WebPage\",\"@id\":\"https:\/\/tuzlainfo.ba\/index.php\/novosti\/item\/161804-ukc-tuzla-redukuje-specijalisticke-preglede-zbog-pogorsanja-epidemioloske-situacije\/\",\"url\":\"https:\/\/tuzlainfo.ba\/index.php\/novosti\/item\/161804-ukc-tuzla-redukuje-specijalisticke-preglede-zbog-pogorsanja-epidemioloske-situacije\/\",\"name\":\"UKC Tuzla redukuje specijalisti\u010dke preglede zbog pogor\u0161anja epidemiolo\u0161ke situacije - TuzlaInfo.ba\",\"isPartOf\":{\"@id\":\"https:\/\/tuzlainfo.ba\/#website\"},\"primaryImageOfPage\":{\"@id\":\"https:\/\/tuzlainfo.ba\/index.php\/novosti\/item\/161804-ukc-tuzla-redukuje-specijalisticke-preglede-zbog-pogorsanja-epidemioloske-situacije\/#primaryimage\"},\"image\":{\"@id\":\"https:\/\/tuzlainfo.ba\/index.php\/novosti\/item\/161804-ukc-tuzla-redukuje-specijalisticke-preglede-zbog-pogorsanja-epidemioloske-situacije\/#primaryimage\"},\"thumbnailUrl\":\"https:\/\/tuzlainfo.ba\/wp-content\/uploads\/2021\/06\/1006_ukc_tuzla_klinickicentar.jpg\",\"datePublished\":\"2022-01-22T11:26:25+00:00\",\"dateModified\":\"2022-01-22T11:52:12+00:00\",\"breadcrumb\":{\"@id\":\"https:\/\/tuzlainfo.ba\/index.php\/novosti\/item\/161804-ukc-tuzla-redukuje-specijalisticke-preglede-zbog-pogorsanja-epidemioloske-situacije\/#breadcrumb\"},\"inLanguage\":\"bs-BA\",\"potentialAction\":[{\"@type\":\"ReadAction\",\"target\":[\"https:\/\/tuzlainfo.ba\/index.php\/novosti\/item\/161804-ukc-tuzla-redukuje-specijalisticke-preglede-zbog-pogorsanja-epidemioloske-situacije\/\"]}]},{\"@type\":\"ImageObject\",\"inLanguage\":\"bs-BA\",\"@id\":\"https:\/\/tuzlainfo.ba\/index.php\/novosti\/item\/161804-ukc-tuzla-redukuje-specijalisticke-preglede-zbog-pogorsanja-epidemioloske-situacije\/#primaryimage\",\"url\":\"https:\/\/tuzlainfo.ba\/wp-content\/uploads\/2021\/06\/1006_ukc_tuzla_klinickicentar.jpg\",\"contentUrl\":\"https:\/\/tuzlainfo.ba\/wp-content\/uploads\/2021\/06\/1006_ukc_tuzla_klinickicentar.jpg\",\"width\":1200,\"height\":816},{\"@type\":\"BreadcrumbList\",\"@id\":\"https:\/\/tuzlainfo.ba\/index.php\/novosti\/item\/161804-ukc-tuzla-redukuje-specijalisticke-preglede-zbog-pogorsanja-epidemioloske-situacije\/#breadcrumb\",\"itemListElement\":[{\"@type\":\"ListItem\",\"position\":1,\"name\":\"Home\",\"item\":\"https:\/\/tuzlainfo.ba\/\"},{\"@type\":\"ListItem\",\"position\":2,\"name\":\"UKC Tuzla redukuje specijalisti\u010dke preglede zbog pogor\u0161anja epidemiolo\u0161ke situacije\"}]},{\"@type\":\"WebSite\",\"@id\":\"https:\/\/tuzlainfo.ba\/#website\",\"url\":\"https:\/\/tuzlainfo.ba\/\",\"name\":\"TuzlaInfo.ba\",\"description\":\"Tuzla info, gradski informator - Tuzla na dlanu\",\"publisher\":{\"@id\":\"https:\/\/tuzlainfo.ba\/#organization\"},\"potentialAction\":[{\"@type\":\"SearchAction\",\"target\":{\"@type\":\"EntryPoint\",\"urlTemplate\":\"https:\/\/tuzlainfo.ba\/?s={search_term_string}\"},\"query-input\":{\"@type\":\"PropertyValueSpecification\",\"valueRequired\":true,\"valueName\":\"search_term_string\"}}],\"inLanguage\":\"bs-BA\"},{\"@type\":\"Organization\",\"@id\":\"https:\/\/tuzlainfo.ba\/#organization\",\"name\":\"TuzlaInfo.ba\",\"url\":\"https:\/\/tuzlainfo.ba\/\",\"logo\":{\"@type\":\"ImageObject\",\"inLanguage\":\"bs-BA\",\"@id\":\"https:\/\/tuzlainfo.ba\/#\/schema\/logo\/image\/\",\"url\":\"https:\/\/tuzlainfo.ba\/wp-content\/uploads\/2021\/03\/logo-ver-3-1.png\",\"contentUrl\":\"https:\/\/tuzlainfo.ba\/wp-content\/uploads\/2021\/03\/logo-ver-3-1.png\",\"width\":350,\"height\":95,\"caption\":\"TuzlaInfo.ba\"},\"image\":{\"@id\":\"https:\/\/tuzlainfo.ba\/#\/schema\/logo\/image\/\"},\"sameAs\":[\"https:\/\/www.facebook.com\/tuzlainfo.ba\/\"]},{\"@type\":\"Person\",\"@id\":\"https:\/\/tuzlainfo.ba\/#\/schema\/person\/46cad4c57790cbc50781edd14870825a\",\"name\":\"Tuzla Info\",\"image\":{\"@type\":\"ImageObject\",\"inLanguage\":\"bs-BA\",\"@id\":\"https:\/\/tuzlainfo.ba\/#\/schema\/person\/image\/\",\"url\":\"https:\/\/tuzlainfo.ba\/wp-content\/litespeed\/avatar\/b6c453a6c38e3654f2e4416c643fc25c.jpg?ver=1777051911\",\"contentUrl\":\"https:\/\/tuzlainfo.ba\/wp-content\/litespeed\/avatar\/b6c453a6c38e3654f2e4416c643fc25c.jpg?ver=1777051911\",\"caption\":\"Tuzla Info\"}}]}<\/script>\n<!-- \/ Yoast SEO plugin. -->","yoast_head_json":{"title":"UKC Tuzla redukuje specijalisti\u010dke preglede zbog pogor\u0161anja epidemiolo\u0161ke situacije - TuzlaInfo.ba","robots":{"index":"index","follow":"follow","max-snippet":"max-snippet:-1","max-image-preview":"max-image-preview:large","max-video-preview":"max-video-preview:-1"},"canonical":"https:\/\/tuzlainfo.ba\/index.php\/novosti\/item\/161804-ukc-tuzla-redukuje-specijalisticke-preglede-zbog-pogorsanja-epidemioloske-situacije\/","og_locale":"bs_BA","og_type":"article","og_title":"UKC Tuzla redukuje specijalisti\u010dke preglede zbog pogor\u0161anja epidemiolo\u0161ke situacije - TuzlaInfo.ba","og_description":"Iz Univerzitetskog klini\u010dkog centra Tuzla su obavijestili pacijente da na snagu stupaju nova pravila u&hellip;","og_url":"https:\/\/tuzlainfo.ba\/index.php\/novosti\/item\/161804-ukc-tuzla-redukuje-specijalisticke-preglede-zbog-pogorsanja-epidemioloske-situacije\/","og_site_name":"TuzlaInfo.ba","article_publisher":"https:\/\/www.facebook.com\/tuzlainfo.ba\/","article_published_time":"2022-01-22T11:26:25+00:00","article_modified_time":"2022-01-22T11:52:12+00:00","og_image":[{"width":1200,"height":816,"url":"https:\/\/tuzlainfo.ba\/wp-content\/uploads\/2021\/06\/1006_ukc_tuzla_klinickicentar.jpg","type":"image\/jpeg"}],"author":"Tuzla Info","twitter_card":"summary_large_image","twitter_misc":{"Written by":"Tuzla Info","Est. reading time":"1 minuta"},"schema":{"@context":"https:\/\/schema.org","@graph":[{"@type":"Article","@id":"https:\/\/tuzlainfo.ba\/index.php\/novosti\/item\/161804-ukc-tuzla-redukuje-specijalisticke-preglede-zbog-pogorsanja-epidemioloske-situacije\/#article","isPartOf":{"@id":"https:\/\/tuzlainfo.ba\/index.php\/novosti\/item\/161804-ukc-tuzla-redukuje-specijalisticke-preglede-zbog-pogorsanja-epidemioloske-situacije\/"},"author":{"name":"Tuzla Info","@id":"https:\/\/tuzlainfo.ba\/#\/schema\/person\/46cad4c57790cbc50781edd14870825a"},"headline":"UKC Tuzla redukuje specijalisti\u010dke preglede zbog pogor\u0161anja epidemiolo\u0161ke situacije","datePublished":"2022-01-22T11:26:25+00:00","dateModified":"2022-01-22T11:52:12+00:00","mainEntityOfPage":{"@id":"https:\/\/tuzlainfo.ba\/index.php\/novosti\/item\/161804-ukc-tuzla-redukuje-specijalisticke-preglede-zbog-pogorsanja-epidemioloske-situacije\/"},"wordCount":123,"commentCount":0,"publisher":{"@id":"https:\/\/tuzlainfo.ba\/#organization"},"image":{"@id":"https:\/\/tuzlainfo.ba\/index.php\/novosti\/item\/161804-ukc-tuzla-redukuje-specijalisticke-preglede-zbog-pogorsanja-epidemioloske-situacije\/#primaryimage"},"thumbnailUrl":"https:\/\/tuzlainfo.ba\/wp-content\/uploads\/2021\/06\/1006_ukc_tuzla_klinickicentar.jpg","keywords":["Specijalisti\u010dki pregled","ukc tuzla"],"articleSection":["Istaknuto","Novosti"],"inLanguage":"bs-BA"},{"@type":"WebPage","@id":"https:\/\/tuzlainfo.ba\/index.php\/novosti\/item\/161804-ukc-tuzla-redukuje-specijalisticke-preglede-zbog-pogorsanja-epidemioloske-situacije\/","url":"https:\/\/tuzlainfo.ba\/index.php\/novosti\/item\/161804-ukc-tuzla-redukuje-specijalisticke-preglede-zbog-pogorsanja-epidemioloske-situacije\/","name":"UKC Tuzla redukuje specijalisti\u010dke preglede zbog pogor\u0161anja epidemiolo\u0161ke situacije - TuzlaInfo.ba","isPartOf":{"@id":"https:\/\/tuzlainfo.ba\/#website"},"primaryImageOfPage":{"@id":"https:\/\/tuzlainfo.ba\/index.php\/novosti\/item\/161804-ukc-tuzla-redukuje-specijalisticke-preglede-zbog-pogorsanja-epidemioloske-situacije\/#primaryimage"},"image":{"@id":"https:\/\/tuzlainfo.ba\/index.php\/novosti\/item\/161804-ukc-tuzla-redukuje-specijalisticke-preglede-zbog-pogorsanja-epidemioloske-situacije\/#primaryimage"},"thumbnailUrl":"https:\/\/tuzlainfo.ba\/wp-content\/uploads\/2021\/06\/1006_ukc_tuzla_klinickicentar.jpg","datePublished":"2022-01-22T11:26:25+00:00","dateModified":"2022-01-22T11:52:12+00:00","breadcrumb":{"@id":"https:\/\/tuzlainfo.ba\/index.php\/novosti\/item\/161804-ukc-tuzla-redukuje-specijalisticke-preglede-zbog-pogorsanja-epidemioloske-situacije\/#breadcrumb"},"inLanguage":"bs-BA","potentialAction":[{"@type":"ReadAction","target":["https:\/\/tuzlainfo.ba\/index.php\/novosti\/item\/161804-ukc-tuzla-redukuje-specijalisticke-preglede-zbog-pogorsanja-epidemioloske-situacije\/"]}]},{"@type":"ImageObject","inLanguage":"bs-BA","@id":"https:\/\/tuzlainfo.ba\/index.php\/novosti\/item\/161804-ukc-tuzla-redukuje-specijalisticke-preglede-zbog-pogorsanja-epidemioloske-situacije\/#primaryimage","url":"https:\/\/tuzlainfo.ba\/wp-content\/uploads\/2021\/06\/1006_ukc_tuzla_klinickicentar.jpg","contentUrl":"https:\/\/tuzlainfo.ba\/wp-content\/uploads\/2021\/06\/1006_ukc_tuzla_klinickicentar.jpg","width":1200,"height":816},{"@type":"BreadcrumbList","@id":"https:\/\/tuzlainfo.ba\/index.php\/novosti\/item\/161804-ukc-tuzla-redukuje-specijalisticke-preglede-zbog-pogorsanja-epidemioloske-situacije\/#breadcrumb","itemListElement":[{"@type":"ListItem","position":1,"name":"Home","item":"https:\/\/tuzlainfo.ba\/"},{"@type":"ListItem","position":2,"name":"UKC Tuzla redukuje specijalisti\u010dke preglede zbog pogor\u0161anja epidemiolo\u0161ke situacije"}]},{"@type":"WebSite","@id":"https:\/\/tuzlainfo.ba\/#website","url":"https:\/\/tuzlainfo.ba\/","name":"TuzlaInfo.ba","description":"Tuzla info, gradski informator - Tuzla na dlanu","publisher":{"@id":"https:\/\/tuzlainfo.ba\/#organization"},"potentialAction":[{"@type":"SearchAction","target":{"@type":"EntryPoint","urlTemplate":"https:\/\/tuzlainfo.ba\/?s={search_term_string}"},"query-input":{"@type":"PropertyValueSpecification","valueRequired":true,"valueName":"search_term_string"}}],"inLanguage":"bs-BA"},{"@type":"Organization","@id":"https:\/\/tuzlainfo.ba\/#organization","name":"TuzlaInfo.ba","url":"https:\/\/tuzlainfo.ba\/","logo":{"@type":"ImageObject","inLanguage":"bs-BA","@id":"https:\/\/tuzlainfo.ba\/#\/schema\/logo\/image\/","url":"https:\/\/tuzlainfo.ba\/wp-content\/uploads\/2021\/03\/logo-ver-3-1.png","contentUrl":"https:\/\/tuzlainfo.ba\/wp-content\/uploads\/2021\/03\/logo-ver-3-1.png","width":350,"height":95,"caption":"TuzlaInfo.ba"},"image":{"@id":"https:\/\/tuzlainfo.ba\/#\/schema\/logo\/image\/"},"sameAs":["https:\/\/www.facebook.com\/tuzlainfo.ba\/"]},{"@type":"Person","@id":"https:\/\/tuzlainfo.ba\/#\/schema\/person\/46cad4c57790cbc50781edd14870825a","name":"Tuzla Info","image":{"@type":"ImageObject","inLanguage":"bs-BA","@id":"https:\/\/tuzlainfo.ba\/#\/schema\/person\/image\/","url":"https:\/\/tuzlainfo.ba\/wp-content\/litespeed\/avatar\/b6c453a6c38e3654f2e4416c643fc25c.jpg?ver=1777051911","contentUrl":"https:\/\/tuzlainfo.ba\/wp-content\/litespeed\/avatar\/b6c453a6c38e3654f2e4416c643fc25c.jpg?ver=1777051911","caption":"Tuzla Info"}}]}},"_links":{"self":[{"href":"https:\/\/tuzlainfo.ba\/index.php\/wp-json\/wp\/v2\/posts\/161804"}],"collection":[{"href":"https:\/\/tuzlainfo.ba\/index.php\/wp-json\/wp\/v2\/posts"}],"about":[{"href":"https:\/\/tuzlainfo.ba\/index.php\/wp-json\/wp\/v2\/types\/post"}],"author":[{"embeddable":true,"href":"https:\/\/tuzlainfo.ba\/index.php\/wp-json\/wp\/v2\/users\/4"}],"replies":[{"embeddable":true,"href":"https:\/\/tuzlainfo.ba\/index.php\/wp-json\/wp\/v2\/comments?post=161804"}],"version-history":[{"count":0,"href":"https:\/\/tuzlainfo.ba\/index.php\/wp-json\/wp\/v2\/posts\/161804\/revisions"}],"wp:featuredmedia":[{"embeddable":true,"href":"https:\/\/tuzlainfo.ba\/index.php\/wp-json\/wp\/v2\/media\/139281"}],"wp:attachment":[{"href":"https:\/\/tuzlainfo.ba\/index.php\/wp-json\/wp\/v2\/media?parent=161804"}],"wp:term":[{"taxonomy":"category","embeddable":true,"href":"https:\/\/tuzlainfo.ba\/index.php\/wp-json\/wp\/v2\/categories?post=161804"},{"taxonomy":"post_tag","embeddable":true,"href":"https:\/\/tuzlainfo.ba\/index.php\/wp-json\/wp\/v2\/tags?post=161804"}],"curies":[{"name":"wp","href":"https:\/\/api.w.org\/{rel}","templated":true}]}}