{"id":161740,"date":"2022-01-21T21:00:58","date_gmt":"2022-01-21T20:00:58","guid":{"rendered":"https:\/\/tuzlainfo.ba\/?p=161740"},"modified":"2022-01-21T15:21:12","modified_gmt":"2022-01-21T14:21:12","slug":"deset-hiljada-manje-nego-2020-u-protekloj-godini-kroz-tk-proslo-vise-od-dvije-hiljade-migranat","status":"publish","type":"post","link":"https:\/\/tuzlainfo.ba\/index.php\/novosti\/item\/161740-deset-hiljada-manje-nego-2020-u-protekloj-godini-kroz-tk-proslo-vise-od-dvije-hiljade-migranat\/","title":{"rendered":"Deset hiljada manje nego 2020. godine: Pro\u0161le godine kroz TK pro\u0161lo dvije hiljade migranata"},"content":{"rendered":"<p>Dolazak migranata na prostore Tuzlanskog kantona nastavljen je i tokom pro\u0161le godine, me\u0111utim zabilje\u017eeni dolasci su manjeg intenziteta nego je to bilo u 2020. godini.<\/p>\n<p>Kako je navedeno u izvje\u0161taju Uprave policije Tuzlanskog kantona, ukupan broj evidentiranih miganata od 1. januara do 31. decembra pro\u0161le godine je 2.378, dok je u istom periodu 2020. godine na podru\u010dju tog kantona evidentirano 12.524 migranta.<\/p>\n<p>Na podru\u010dju TK u izvje\u0161tajnom periodu od januara do decembra 2021. godine najvi\u0161e migranata je bilo iz Pakistana (45 posto), zatim iz Afganistana (27 posto), Maroka (10 posto), Al\u017eira, Eritreje, Banglade\u0161a, Sirije, Somalije i ostalih dr\u017eava.<\/p>\n<p>U spomenutom vremenskom periodu evidentirano je 132 sigurnosno interesantna doga\u0111aja u kojim su u\u010destvovali migranti. Migranti su po\u010dinili ukupno 49 krivi\u010dnih djela za koja su Kantonalnom tu\u017eila\u0161tvu Tuzlanskog kantona dostavljeni izvje\u0161taji, pi\u0161e Fena.<\/p>\n","protected":false},"excerpt":{"rendered":"<p>Dolazak migranata na prostore Tuzlanskog kantona nastavljen je i tokom pro\u0161le godine, me\u0111utim zabilje\u017eeni dolasci&hellip;<\/p>\n","protected":false},"author":4,"featured_media":137777,"comment_status":"open","ping_status":"closed","sticky":false,"template":"","format":"standard","meta":{"_acf_changed":false,"footnotes":""},"categories":[304,12],"tags":[877,360],"acf":[],"yoast_head":"<!-- This site is optimized with the Yoast SEO plugin v23.5 - https:\/\/yoast.com\/wordpress\/plugins\/seo\/ -->\n<title>Deset hiljada manje nego 2020. godine: Pro\u0161le godine kroz TK pro\u0161lo dvije hiljade migranata - TuzlaInfo.ba<\/title>\n<meta name=\"robots\" content=\"index, follow, max-snippet:-1, max-image-preview:large, max-video-preview:-1\" \/>\n<link rel=\"canonical\" href=\"https:\/\/tuzlainfo.ba\/index.php\/novosti\/item\/161740-deset-hiljada-manje-nego-2020-u-protekloj-godini-kroz-tk-proslo-vise-od-dvije-hiljade-migranat\/\" \/>\n<meta property=\"og:locale\" content=\"bs_BA\" \/>\n<meta property=\"og:type\" content=\"article\" \/>\n<meta property=\"og:title\" content=\"Deset hiljada manje nego 2020. godine: Pro\u0161le godine kroz TK pro\u0161lo dvije hiljade migranata - TuzlaInfo.ba\" \/>\n<meta property=\"og:description\" content=\"Dolazak migranata na prostore Tuzlanskog kantona nastavljen je i tokom pro\u0161le godine, me\u0111utim zabilje\u017eeni dolasci&hellip;\" \/>\n<meta property=\"og:url\" content=\"https:\/\/tuzlainfo.ba\/index.php\/novosti\/item\/161740-deset-hiljada-manje-nego-2020-u-protekloj-godini-kroz-tk-proslo-vise-od-dvije-hiljade-migranat\/\" \/>\n<meta property=\"og:site_name\" content=\"TuzlaInfo.ba\" \/>\n<meta property=\"article:publisher\" content=\"https:\/\/www.facebook.com\/tuzlainfo.ba\/\" \/>\n<meta property=\"article:published_time\" content=\"2022-01-21T20:00:58+00:00\" \/>\n<meta property=\"article:modified_time\" content=\"2022-01-21T14:21:12+00:00\" \/>\n<meta property=\"og:image\" content=\"https:\/\/tuzlainfo.ba\/wp-content\/uploads\/2021\/05\/1805-migranti.jpg\" \/>\n\t<meta property=\"og:image:width\" content=\"800\" \/>\n\t<meta property=\"og:image:height\" content=\"426\" \/>\n\t<meta property=\"og:image:type\" content=\"image\/jpeg\" \/>\n<meta name=\"author\" content=\"Tuzla Info\" \/>\n<meta name=\"twitter:card\" content=\"summary_large_image\" \/>\n<meta name=\"twitter:label1\" content=\"Written by\" \/>\n\t<meta name=\"twitter:data1\" content=\"Tuzla Info\" \/>\n\t<meta name=\"twitter:label2\" content=\"Est. reading time\" \/>\n\t<meta name=\"twitter:data2\" content=\"1 minuta\" \/>\n<script type=\"application\/ld+json\" class=\"yoast-schema-graph\">{\"@context\":\"https:\/\/schema.org\",\"@graph\":[{\"@type\":\"Article\",\"@id\":\"https:\/\/tuzlainfo.ba\/index.php\/novosti\/item\/161740-deset-hiljada-manje-nego-2020-u-protekloj-godini-kroz-tk-proslo-vise-od-dvije-hiljade-migranat\/#article\",\"isPartOf\":{\"@id\":\"https:\/\/tuzlainfo.ba\/index.php\/novosti\/item\/161740-deset-hiljada-manje-nego-2020-u-protekloj-godini-kroz-tk-proslo-vise-od-dvije-hiljade-migranat\/\"},\"author\":{\"name\":\"Tuzla Info\",\"@id\":\"https:\/\/tuzlainfo.ba\/#\/schema\/person\/46cad4c57790cbc50781edd14870825a\"},\"headline\":\"Deset hiljada manje nego 2020. godine: Pro\u0161le godine kroz TK pro\u0161lo dvije hiljade migranata\",\"datePublished\":\"2022-01-21T20:00:58+00:00\",\"dateModified\":\"2022-01-21T14:21:12+00:00\",\"mainEntityOfPage\":{\"@id\":\"https:\/\/tuzlainfo.ba\/index.php\/novosti\/item\/161740-deset-hiljada-manje-nego-2020-u-protekloj-godini-kroz-tk-proslo-vise-od-dvije-hiljade-migranat\/\"},\"wordCount\":154,\"commentCount\":0,\"publisher\":{\"@id\":\"https:\/\/tuzlainfo.ba\/#organization\"},\"image\":{\"@id\":\"https:\/\/tuzlainfo.ba\/index.php\/novosti\/item\/161740-deset-hiljada-manje-nego-2020-u-protekloj-godini-kroz-tk-proslo-vise-od-dvije-hiljade-migranat\/#primaryimage\"},\"thumbnailUrl\":\"https:\/\/tuzlainfo.ba\/wp-content\/uploads\/2021\/05\/1805-migranti.jpg\",\"keywords\":[\"migranti\",\"tuzlanski kanton\"],\"articleSection\":[\"Istaknuto\",\"Novosti\"],\"inLanguage\":\"bs-BA\"},{\"@type\":\"WebPage\",\"@id\":\"https:\/\/tuzlainfo.ba\/index.php\/novosti\/item\/161740-deset-hiljada-manje-nego-2020-u-protekloj-godini-kroz-tk-proslo-vise-od-dvije-hiljade-migranat\/\",\"url\":\"https:\/\/tuzlainfo.ba\/index.php\/novosti\/item\/161740-deset-hiljada-manje-nego-2020-u-protekloj-godini-kroz-tk-proslo-vise-od-dvije-hiljade-migranat\/\",\"name\":\"Deset hiljada manje nego 2020. godine: Pro\u0161le godine kroz TK pro\u0161lo dvije hiljade migranata - TuzlaInfo.ba\",\"isPartOf\":{\"@id\":\"https:\/\/tuzlainfo.ba\/#website\"},\"primaryImageOfPage\":{\"@id\":\"https:\/\/tuzlainfo.ba\/index.php\/novosti\/item\/161740-deset-hiljada-manje-nego-2020-u-protekloj-godini-kroz-tk-proslo-vise-od-dvije-hiljade-migranat\/#primaryimage\"},\"image\":{\"@id\":\"https:\/\/tuzlainfo.ba\/index.php\/novosti\/item\/161740-deset-hiljada-manje-nego-2020-u-protekloj-godini-kroz-tk-proslo-vise-od-dvije-hiljade-migranat\/#primaryimage\"},\"thumbnailUrl\":\"https:\/\/tuzlainfo.ba\/wp-content\/uploads\/2021\/05\/1805-migranti.jpg\",\"datePublished\":\"2022-01-21T20:00:58+00:00\",\"dateModified\":\"2022-01-21T14:21:12+00:00\",\"breadcrumb\":{\"@id\":\"https:\/\/tuzlainfo.ba\/index.php\/novosti\/item\/161740-deset-hiljada-manje-nego-2020-u-protekloj-godini-kroz-tk-proslo-vise-od-dvije-hiljade-migranat\/#breadcrumb\"},\"inLanguage\":\"bs-BA\",\"potentialAction\":[{\"@type\":\"ReadAction\",\"target\":[\"https:\/\/tuzlainfo.ba\/index.php\/novosti\/item\/161740-deset-hiljada-manje-nego-2020-u-protekloj-godini-kroz-tk-proslo-vise-od-dvije-hiljade-migranat\/\"]}]},{\"@type\":\"ImageObject\",\"inLanguage\":\"bs-BA\",\"@id\":\"https:\/\/tuzlainfo.ba\/index.php\/novosti\/item\/161740-deset-hiljada-manje-nego-2020-u-protekloj-godini-kroz-tk-proslo-vise-od-dvije-hiljade-migranat\/#primaryimage\",\"url\":\"https:\/\/tuzlainfo.ba\/wp-content\/uploads\/2021\/05\/1805-migranti.jpg\",\"contentUrl\":\"https:\/\/tuzlainfo.ba\/wp-content\/uploads\/2021\/05\/1805-migranti.jpg\",\"width\":800,\"height\":426},{\"@type\":\"BreadcrumbList\",\"@id\":\"https:\/\/tuzlainfo.ba\/index.php\/novosti\/item\/161740-deset-hiljada-manje-nego-2020-u-protekloj-godini-kroz-tk-proslo-vise-od-dvije-hiljade-migranat\/#breadcrumb\",\"itemListElement\":[{\"@type\":\"ListItem\",\"position\":1,\"name\":\"Home\",\"item\":\"https:\/\/tuzlainfo.ba\/\"},{\"@type\":\"ListItem\",\"position\":2,\"name\":\"Deset hiljada manje nego 2020. godine: Pro\u0161le godine kroz TK pro\u0161lo dvije hiljade migranata\"}]},{\"@type\":\"WebSite\",\"@id\":\"https:\/\/tuzlainfo.ba\/#website\",\"url\":\"https:\/\/tuzlainfo.ba\/\",\"name\":\"TuzlaInfo.ba\",\"description\":\"Tuzla info, gradski informator - Tuzla na dlanu\",\"publisher\":{\"@id\":\"https:\/\/tuzlainfo.ba\/#organization\"},\"potentialAction\":[{\"@type\":\"SearchAction\",\"target\":{\"@type\":\"EntryPoint\",\"urlTemplate\":\"https:\/\/tuzlainfo.ba\/?s={search_term_string}\"},\"query-input\":{\"@type\":\"PropertyValueSpecification\",\"valueRequired\":true,\"valueName\":\"search_term_string\"}}],\"inLanguage\":\"bs-BA\"},{\"@type\":\"Organization\",\"@id\":\"https:\/\/tuzlainfo.ba\/#organization\",\"name\":\"TuzlaInfo.ba\",\"url\":\"https:\/\/tuzlainfo.ba\/\",\"logo\":{\"@type\":\"ImageObject\",\"inLanguage\":\"bs-BA\",\"@id\":\"https:\/\/tuzlainfo.ba\/#\/schema\/logo\/image\/\",\"url\":\"https:\/\/tuzlainfo.ba\/wp-content\/uploads\/2021\/03\/logo-ver-3-1.png\",\"contentUrl\":\"https:\/\/tuzlainfo.ba\/wp-content\/uploads\/2021\/03\/logo-ver-3-1.png\",\"width\":350,\"height\":95,\"caption\":\"TuzlaInfo.ba\"},\"image\":{\"@id\":\"https:\/\/tuzlainfo.ba\/#\/schema\/logo\/image\/\"},\"sameAs\":[\"https:\/\/www.facebook.com\/tuzlainfo.ba\/\"]},{\"@type\":\"Person\",\"@id\":\"https:\/\/tuzlainfo.ba\/#\/schema\/person\/46cad4c57790cbc50781edd14870825a\",\"name\":\"Tuzla Info\",\"image\":{\"@type\":\"ImageObject\",\"inLanguage\":\"bs-BA\",\"@id\":\"https:\/\/tuzlainfo.ba\/#\/schema\/person\/image\/\",\"url\":\"https:\/\/tuzlainfo.ba\/wp-content\/litespeed\/avatar\/b6c453a6c38e3654f2e4416c643fc25c.jpg?ver=1777051911\",\"contentUrl\":\"https:\/\/tuzlainfo.ba\/wp-content\/litespeed\/avatar\/b6c453a6c38e3654f2e4416c643fc25c.jpg?ver=1777051911\",\"caption\":\"Tuzla Info\"}}]}<\/script>\n<!-- \/ Yoast SEO plugin. -->","yoast_head_json":{"title":"Deset hiljada manje nego 2020. godine: Pro\u0161le godine kroz TK pro\u0161lo dvije hiljade migranata - TuzlaInfo.ba","robots":{"index":"index","follow":"follow","max-snippet":"max-snippet:-1","max-image-preview":"max-image-preview:large","max-video-preview":"max-video-preview:-1"},"canonical":"https:\/\/tuzlainfo.ba\/index.php\/novosti\/item\/161740-deset-hiljada-manje-nego-2020-u-protekloj-godini-kroz-tk-proslo-vise-od-dvije-hiljade-migranat\/","og_locale":"bs_BA","og_type":"article","og_title":"Deset hiljada manje nego 2020. godine: Pro\u0161le godine kroz TK pro\u0161lo dvije hiljade migranata - TuzlaInfo.ba","og_description":"Dolazak migranata na prostore Tuzlanskog kantona nastavljen je i tokom pro\u0161le godine, me\u0111utim zabilje\u017eeni dolasci&hellip;","og_url":"https:\/\/tuzlainfo.ba\/index.php\/novosti\/item\/161740-deset-hiljada-manje-nego-2020-u-protekloj-godini-kroz-tk-proslo-vise-od-dvije-hiljade-migranat\/","og_site_name":"TuzlaInfo.ba","article_publisher":"https:\/\/www.facebook.com\/tuzlainfo.ba\/","article_published_time":"2022-01-21T20:00:58+00:00","article_modified_time":"2022-01-21T14:21:12+00:00","og_image":[{"width":800,"height":426,"url":"https:\/\/tuzlainfo.ba\/wp-content\/uploads\/2021\/05\/1805-migranti.jpg","type":"image\/jpeg"}],"author":"Tuzla Info","twitter_card":"summary_large_image","twitter_misc":{"Written by":"Tuzla Info","Est. reading time":"1 minuta"},"schema":{"@context":"https:\/\/schema.org","@graph":[{"@type":"Article","@id":"https:\/\/tuzlainfo.ba\/index.php\/novosti\/item\/161740-deset-hiljada-manje-nego-2020-u-protekloj-godini-kroz-tk-proslo-vise-od-dvije-hiljade-migranat\/#article","isPartOf":{"@id":"https:\/\/tuzlainfo.ba\/index.php\/novosti\/item\/161740-deset-hiljada-manje-nego-2020-u-protekloj-godini-kroz-tk-proslo-vise-od-dvije-hiljade-migranat\/"},"author":{"name":"Tuzla Info","@id":"https:\/\/tuzlainfo.ba\/#\/schema\/person\/46cad4c57790cbc50781edd14870825a"},"headline":"Deset hiljada manje nego 2020. godine: Pro\u0161le godine kroz TK pro\u0161lo dvije hiljade migranata","datePublished":"2022-01-21T20:00:58+00:00","dateModified":"2022-01-21T14:21:12+00:00","mainEntityOfPage":{"@id":"https:\/\/tuzlainfo.ba\/index.php\/novosti\/item\/161740-deset-hiljada-manje-nego-2020-u-protekloj-godini-kroz-tk-proslo-vise-od-dvije-hiljade-migranat\/"},"wordCount":154,"commentCount":0,"publisher":{"@id":"https:\/\/tuzlainfo.ba\/#organization"},"image":{"@id":"https:\/\/tuzlainfo.ba\/index.php\/novosti\/item\/161740-deset-hiljada-manje-nego-2020-u-protekloj-godini-kroz-tk-proslo-vise-od-dvije-hiljade-migranat\/#primaryimage"},"thumbnailUrl":"https:\/\/tuzlainfo.ba\/wp-content\/uploads\/2021\/05\/1805-migranti.jpg","keywords":["migranti","tuzlanski kanton"],"articleSection":["Istaknuto","Novosti"],"inLanguage":"bs-BA"},{"@type":"WebPage","@id":"https:\/\/tuzlainfo.ba\/index.php\/novosti\/item\/161740-deset-hiljada-manje-nego-2020-u-protekloj-godini-kroz-tk-proslo-vise-od-dvije-hiljade-migranat\/","url":"https:\/\/tuzlainfo.ba\/index.php\/novosti\/item\/161740-deset-hiljada-manje-nego-2020-u-protekloj-godini-kroz-tk-proslo-vise-od-dvije-hiljade-migranat\/","name":"Deset hiljada manje nego 2020. godine: Pro\u0161le godine kroz TK pro\u0161lo dvije hiljade migranata - TuzlaInfo.ba","isPartOf":{"@id":"https:\/\/tuzlainfo.ba\/#website"},"primaryImageOfPage":{"@id":"https:\/\/tuzlainfo.ba\/index.php\/novosti\/item\/161740-deset-hiljada-manje-nego-2020-u-protekloj-godini-kroz-tk-proslo-vise-od-dvije-hiljade-migranat\/#primaryimage"},"image":{"@id":"https:\/\/tuzlainfo.ba\/index.php\/novosti\/item\/161740-deset-hiljada-manje-nego-2020-u-protekloj-godini-kroz-tk-proslo-vise-od-dvije-hiljade-migranat\/#primaryimage"},"thumbnailUrl":"https:\/\/tuzlainfo.ba\/wp-content\/uploads\/2021\/05\/1805-migranti.jpg","datePublished":"2022-01-21T20:00:58+00:00","dateModified":"2022-01-21T14:21:12+00:00","breadcrumb":{"@id":"https:\/\/tuzlainfo.ba\/index.php\/novosti\/item\/161740-deset-hiljada-manje-nego-2020-u-protekloj-godini-kroz-tk-proslo-vise-od-dvije-hiljade-migranat\/#breadcrumb"},"inLanguage":"bs-BA","potentialAction":[{"@type":"ReadAction","target":["https:\/\/tuzlainfo.ba\/index.php\/novosti\/item\/161740-deset-hiljada-manje-nego-2020-u-protekloj-godini-kroz-tk-proslo-vise-od-dvije-hiljade-migranat\/"]}]},{"@type":"ImageObject","inLanguage":"bs-BA","@id":"https:\/\/tuzlainfo.ba\/index.php\/novosti\/item\/161740-deset-hiljada-manje-nego-2020-u-protekloj-godini-kroz-tk-proslo-vise-od-dvije-hiljade-migranat\/#primaryimage","url":"https:\/\/tuzlainfo.ba\/wp-content\/uploads\/2021\/05\/1805-migranti.jpg","contentUrl":"https:\/\/tuzlainfo.ba\/wp-content\/uploads\/2021\/05\/1805-migranti.jpg","width":800,"height":426},{"@type":"BreadcrumbList","@id":"https:\/\/tuzlainfo.ba\/index.php\/novosti\/item\/161740-deset-hiljada-manje-nego-2020-u-protekloj-godini-kroz-tk-proslo-vise-od-dvije-hiljade-migranat\/#breadcrumb","itemListElement":[{"@type":"ListItem","position":1,"name":"Home","item":"https:\/\/tuzlainfo.ba\/"},{"@type":"ListItem","position":2,"name":"Deset hiljada manje nego 2020. godine: Pro\u0161le godine kroz TK pro\u0161lo dvije hiljade migranata"}]},{"@type":"WebSite","@id":"https:\/\/tuzlainfo.ba\/#website","url":"https:\/\/tuzlainfo.ba\/","name":"TuzlaInfo.ba","description":"Tuzla info, gradski informator - Tuzla na dlanu","publisher":{"@id":"https:\/\/tuzlainfo.ba\/#organization"},"potentialAction":[{"@type":"SearchAction","target":{"@type":"EntryPoint","urlTemplate":"https:\/\/tuzlainfo.ba\/?s={search_term_string}"},"query-input":{"@type":"PropertyValueSpecification","valueRequired":true,"valueName":"search_term_string"}}],"inLanguage":"bs-BA"},{"@type":"Organization","@id":"https:\/\/tuzlainfo.ba\/#organization","name":"TuzlaInfo.ba","url":"https:\/\/tuzlainfo.ba\/","logo":{"@type":"ImageObject","inLanguage":"bs-BA","@id":"https:\/\/tuzlainfo.ba\/#\/schema\/logo\/image\/","url":"https:\/\/tuzlainfo.ba\/wp-content\/uploads\/2021\/03\/logo-ver-3-1.png","contentUrl":"https:\/\/tuzlainfo.ba\/wp-content\/uploads\/2021\/03\/logo-ver-3-1.png","width":350,"height":95,"caption":"TuzlaInfo.ba"},"image":{"@id":"https:\/\/tuzlainfo.ba\/#\/schema\/logo\/image\/"},"sameAs":["https:\/\/www.facebook.com\/tuzlainfo.ba\/"]},{"@type":"Person","@id":"https:\/\/tuzlainfo.ba\/#\/schema\/person\/46cad4c57790cbc50781edd14870825a","name":"Tuzla Info","image":{"@type":"ImageObject","inLanguage":"bs-BA","@id":"https:\/\/tuzlainfo.ba\/#\/schema\/person\/image\/","url":"https:\/\/tuzlainfo.ba\/wp-content\/litespeed\/avatar\/b6c453a6c38e3654f2e4416c643fc25c.jpg?ver=1777051911","contentUrl":"https:\/\/tuzlainfo.ba\/wp-content\/litespeed\/avatar\/b6c453a6c38e3654f2e4416c643fc25c.jpg?ver=1777051911","caption":"Tuzla Info"}}]}},"_links":{"self":[{"href":"https:\/\/tuzlainfo.ba\/index.php\/wp-json\/wp\/v2\/posts\/161740"}],"collection":[{"href":"https:\/\/tuzlainfo.ba\/index.php\/wp-json\/wp\/v2\/posts"}],"about":[{"href":"https:\/\/tuzlainfo.ba\/index.php\/wp-json\/wp\/v2\/types\/post"}],"author":[{"embeddable":true,"href":"https:\/\/tuzlainfo.ba\/index.php\/wp-json\/wp\/v2\/users\/4"}],"replies":[{"embeddable":true,"href":"https:\/\/tuzlainfo.ba\/index.php\/wp-json\/wp\/v2\/comments?post=161740"}],"version-history":[{"count":0,"href":"https:\/\/tuzlainfo.ba\/index.php\/wp-json\/wp\/v2\/posts\/161740\/revisions"}],"wp:featuredmedia":[{"embeddable":true,"href":"https:\/\/tuzlainfo.ba\/index.php\/wp-json\/wp\/v2\/media\/137777"}],"wp:attachment":[{"href":"https:\/\/tuzlainfo.ba\/index.php\/wp-json\/wp\/v2\/media?parent=161740"}],"wp:term":[{"taxonomy":"category","embeddable":true,"href":"https:\/\/tuzlainfo.ba\/index.php\/wp-json\/wp\/v2\/categories?post=161740"},{"taxonomy":"post_tag","embeddable":true,"href":"https:\/\/tuzlainfo.ba\/index.php\/wp-json\/wp\/v2\/tags?post=161740"}],"curies":[{"name":"wp","href":"https:\/\/api.w.org\/{rel}","templated":true}]}}