{"id":161672,"date":"2022-01-20T21:24:06","date_gmt":"2022-01-20T20:24:06","guid":{"rendered":"https:\/\/tuzlainfo.ba\/?p=161672"},"modified":"2022-01-20T21:24:06","modified_gmt":"2022-01-20T20:24:06","slug":"klanjali-na-trebevicu-pa-kaznjeni-sa-100-km","status":"publish","type":"post","link":"https:\/\/tuzlainfo.ba\/index.php\/bosna-i-hercegovina\/item\/161672-klanjali-na-trebevicu-pa-kaznjeni-sa-100-km\/","title":{"rendered":"Klanjali na Trebevi\u0107u pa ka\u017enjeni sa 100 KM"},"content":{"rendered":"<p>Istakao je kako su policijski slu\u017ebenici koji su ih legitimisali bili korektni prema njima i da se dalo zaklju\u010diti da im je neprijatno.<\/p>\n<p>Bajro \u010cav\u010di\u0107 i Semir Vatri\u0107 dobili su prekr\u0161ajnu prijavu od policije Isto\u010dni Stari Grad, stanica Trebevi\u0107, jer su sa djecom koju su odveli na izlet na Trebevi\u0107 obavljali namaz.<\/p>\n<p>Ovu informaciju objavio je \u010cav\u010di\u0107 na svom Facebook profilu uz dokaz o izdatom prekr\u0161ajnom nalogu.<\/p>\n<p>&#8211; Moj prijatelj i ja i vi\u0161e od 20 djece oti\u0161li smo na zajedni\u010dki izlet na Trebevi\u0107. U 12 sati smo obavili podne namaz na javnoj povr\u0161ini vode\u0107i ra\u010duna da nikome pri tome ne smetamo. Nakon namaza krenuli smo ku\u0107i, a dva policijska slu\u017ebenika su nas presrela i po\u010dela legitimisati.<\/p>\n<p>Policijski slu\u017ebenici su izdvojili mene i mog prijatelja Semira Vatri\u0107a, profesora teologije. Pitali smo za\u0161to nas legitimi\u0161ete, na \u0161ta smo dobili veoma iznena\u0111uju\u0107i i bezobrazan odgovor: &#8220;Nepristojno pona\u0161anje &#8211; obavljanje namaza&#8221; kao \u0161to stoji i u prekr\u0161ajnom nalogu koji \u0107emo prikazati. Jedan od policijskih slu\u017ebenika je rekao da je to na njihovoj teritoriji zabranjeno \u2013 napisao je \u010cav\u010di\u0107.<\/p>\n<p>Kazao je kako su policajcima kazali kako time naru\u0161avaju njihova prava.<\/p>\n<p>&#8211; Nakon \u010dega su vidno zbunjeni kontaktirali komandira i obavijestili nas da im je komandir naredio da nam napi\u0161u prekr\u0161ajne naloge. Mi smo dva sata nakon toga razgovarali i ubje\u0111ivali policajce kako njihov postupak nije u skladu sa zakonom i da mogu snositi posljedice zbog \u010dega su u vi\u0161e navrata kontaktirali komandira i prenosili nam povratne informacije i naredbu od komandira koji je insistirao na pisanju prekr\u0161ajnog naloga \u2013 kazao je \u010cav\u010di\u0107.<\/p>\n<p>Istakao je kako su policijski slu\u017ebenici koji su ih legitimisali bili korektni prema njima i da se dalo zaklju\u010diti da im je neprijatno.<\/p>\n<p style=\"text-align: left;\">Nakon \u0161to mi je napisan prekr\u0161ajni nalog u iznosu 100 KM, htjeli su napisati i mom prijatelju Semiru Vatri\u0107u koji je nakon toga zahtijevao da se odmah \u010duje sa komandirom policije li\u010dno. Nakon \u0161to su se \u010duli, prilikom kontakta, Semir mu je jasno objasnio da na ovaj na\u010din uznemirava i naru\u0161ava gra\u0111anska, vjerska, ljudska, demokratska i moralna prava i zaprijetio je da \u0107e biti tu\u017een, nakon \u010dega se on vidno uznemirio i prebacio odgovornost na svoje starje\u0161ine. Nakon toga je prestao razgovor i pored toga su htjeli da napi\u0161u prekr\u0161ajni nalog. I kada su htjeli da ga napi\u0161u, dobijaju poziv i naredbu da to ne rade. Nakon \u0161to su se na\u0161li u neugodnoj situaciji, poku\u0161ali su se izvu\u0107i na perfidan na\u010din, tra\u017eili su od mene da im vratim prekr\u0161ajni nalog \u0161to sam ja odbio. Nakon 4-5 sati uznemiravanja tra\u017eili smo da nas kona\u010dno puste da idemo ku\u0107i. Komandir policijske stanice Isto\u010dni Stari Grad stani\u010dno odjeljenje policije Trebevi\u0107 \u017deljko Iveti\u0107 je do\u0161ao li\u010dno i molio me da mu vratim nalog da ga stornira, na \u0161to ja naravno nisam pristao \u2013 napisao je \u010cav\u010di\u0107.<\/p>\n<p>Kazao je da su djeca u dobi od \u0161est godina i stariji sve vrijeme \u010dekali vani.<\/p>\n<p>&#8211; Zamislite samo kada se jedno dijete od 6 godina trese od zime i gladi. Zbog njihovog bespotrebnog zadr\u017eavanja, bili smo prisiljeni da se vratimo pje\u0161ke jer je \u017ei\u010dara bila zatvorena. Nisam htio da vratim nalog ne iz li\u010dnih razloga, nego \u010disto da upozorim sve one koji budu dolazili na ovo mjesto \u0161ta ih mo\u017ee zadesiti i ukazati na devijacije policijske stanice Trebevi\u0107. U prekr\u0161ajnom nalogu stoji: &#8221; Nepristojno pona\u0161anje (Obavljanje namaza) \u2013 naveo je \u010cav\u010di\u0107.<\/p>\n<p>&nbsp;<\/p>\n<p>&nbsp;<\/p>\n<p>&nbsp;<\/p>\n<p>&nbsp;<\/p>\n","protected":false},"excerpt":{"rendered":"<p>Istakao je kako su policijski slu\u017ebenici koji su ih legitimisali bili korektni prema njima i da se dalo zaklju\u010diti da im je neprijatno. Bajro \u010cav\u010di\u0107 i Semir Vatri\u0107 dobili su prekr\u0161ajnu prijavu od policije Isto\u010dni Stari Grad, stanica Trebevi\u0107, jer su sa djecom koju su odveli na izlet na Trebevi\u0107 obavljali namaz. Ovu informaciju objavio [&hellip;]<\/p>\n","protected":false},"author":4,"featured_media":161673,"comment_status":"open","ping_status":"closed","sticky":false,"template":"","format":"standard","meta":{"footnotes":""},"categories":[291],"tags":[3976,3975],"class_list":["post-161672","post","type-post","status-publish","format-standard","has-post-thumbnail","hentry","category-bosna-i-hercegovina","tag-namaz","tag-trebevic"],"yoast_head":"<!-- This site is optimized with the Yoast SEO plugin v28.4 - https:\/\/yoast.com\/product\/yoast-seo-wordpress\/ -->\n<title>Klanjali na Trebevi\u0107u pa ka\u017enjeni sa 100 KM<\/title>\n<meta name=\"robots\" content=\"index, follow, max-snippet:-1, max-image-preview:large, max-video-preview:-1\" \/>\n<link rel=\"canonical\" href=\"https:\/\/tuzlainfo.ba\/index.php\/bosna-i-hercegovina\/item\/161672-klanjali-na-trebevicu-pa-kaznjeni-sa-100-km\/\" \/>\n<meta property=\"og:locale\" content=\"bs_BA\" \/>\n<meta property=\"og:type\" content=\"article\" \/>\n<meta property=\"og:title\" content=\"Klanjali na Trebevi\u0107u pa ka\u017enjeni sa 100 KM\" \/>\n<meta property=\"og:description\" content=\"Istakao je kako su policijski slu\u017ebenici koji su ih legitimisali bili korektni prema njima i da se dalo zaklju\u010diti da im je neprijatno. Bajro \u010cav\u010di\u0107 i Semir Vatri\u0107 dobili su prekr\u0161ajnu prijavu od policije Isto\u010dni Stari Grad, stanica Trebevi\u0107, jer su sa djecom koju su odveli na izlet na Trebevi\u0107 obavljali namaz. Ovu informaciju objavio [&hellip;]\" \/>\n<meta property=\"og:url\" content=\"https:\/\/tuzlainfo.ba\/index.php\/bosna-i-hercegovina\/item\/161672-klanjali-na-trebevicu-pa-kaznjeni-sa-100-km\/\" \/>\n<meta property=\"og:site_name\" content=\"TuzlaInfo.ba\" \/>\n<meta property=\"article:publisher\" content=\"https:\/\/www.facebook.com\/tuzlainfo.ba\/\" \/>\n<meta property=\"article:published_time\" content=\"2022-01-20T20:24:06+00:00\" \/>\n<meta property=\"og:image\" content=\"https:\/\/tuzlainfo.ba\/wp-content\/uploads\/2022\/01\/inbound3747923439514265262.jpg\" \/>\n\t<meta property=\"og:image:width\" content=\"1025\" \/>\n\t<meta property=\"og:image:height\" content=\"551\" \/>\n\t<meta property=\"og:image:type\" content=\"image\/jpeg\" \/>\n<meta name=\"author\" content=\"Tuzla Info\" \/>\n<meta name=\"twitter:card\" content=\"summary_large_image\" \/>\n<meta name=\"twitter:label1\" content=\"Written by\" \/>\n\t<meta name=\"twitter:data1\" content=\"Tuzla Info\" \/>\n\t<meta name=\"twitter:label2\" content=\"Est. reading time\" \/>\n\t<meta name=\"twitter:data2\" content=\"3 minute\" \/>\n<script type=\"application\/ld+json\" class=\"yoast-schema-graph\">{\"@context\":\"https:\\\/\\\/schema.org\",\"@graph\":[{\"@type\":\"Article\",\"@id\":\"https:\\\/\\\/tuzlainfo.ba\\\/index.php\\\/bosna-i-hercegovina\\\/item\\\/161672-klanjali-na-trebevicu-pa-kaznjeni-sa-100-km\\\/#article\",\"isPartOf\":{\"@id\":\"https:\\\/\\\/tuzlainfo.ba\\\/index.php\\\/bosna-i-hercegovina\\\/item\\\/161672-klanjali-na-trebevicu-pa-kaznjeni-sa-100-km\\\/\"},\"author\":{\"name\":\"Tuzla Info\",\"@id\":\"https:\\\/\\\/tuzlainfo.ba\\\/#\\\/schema\\\/person\\\/46cad4c57790cbc50781edd14870825a\"},\"headline\":\"Klanjali na Trebevi\u0107u pa ka\u017enjeni sa 100 KM\",\"datePublished\":\"2022-01-20T20:24:06+00:00\",\"mainEntityOfPage\":{\"@id\":\"https:\\\/\\\/tuzlainfo.ba\\\/index.php\\\/bosna-i-hercegovina\\\/item\\\/161672-klanjali-na-trebevicu-pa-kaznjeni-sa-100-km\\\/\"},\"wordCount\":627,\"commentCount\":0,\"publisher\":{\"@id\":\"https:\\\/\\\/tuzlainfo.ba\\\/#organization\"},\"image\":{\"@id\":\"https:\\\/\\\/tuzlainfo.ba\\\/index.php\\\/bosna-i-hercegovina\\\/item\\\/161672-klanjali-na-trebevicu-pa-kaznjeni-sa-100-km\\\/#primaryimage\"},\"thumbnailUrl\":\"https:\\\/\\\/tuzlainfo.ba\\\/wp-content\\\/uploads\\\/2022\\\/01\\\/inbound3747923439514265262.jpg\",\"keywords\":[\"Namaz\",\"Trebevi\u0107\"],\"articleSection\":[\"Bosna i Hercegovina\"],\"inLanguage\":\"bs-BA\",\"copyrightYear\":\"2022\",\"copyrightHolder\":{\"@id\":\"https:\\\/\\\/tuzlainfo.ba\\\/#organization\"}},{\"@type\":\"WebPage\",\"@id\":\"https:\\\/\\\/tuzlainfo.ba\\\/index.php\\\/bosna-i-hercegovina\\\/item\\\/161672-klanjali-na-trebevicu-pa-kaznjeni-sa-100-km\\\/\",\"url\":\"https:\\\/\\\/tuzlainfo.ba\\\/index.php\\\/bosna-i-hercegovina\\\/item\\\/161672-klanjali-na-trebevicu-pa-kaznjeni-sa-100-km\\\/\",\"name\":\"Klanjali na Trebevi\u0107u pa ka\u017enjeni sa 100 KM\",\"isPartOf\":{\"@id\":\"https:\\\/\\\/tuzlainfo.ba\\\/#website\"},\"primaryImageOfPage\":{\"@id\":\"https:\\\/\\\/tuzlainfo.ba\\\/index.php\\\/bosna-i-hercegovina\\\/item\\\/161672-klanjali-na-trebevicu-pa-kaznjeni-sa-100-km\\\/#primaryimage\"},\"image\":{\"@id\":\"https:\\\/\\\/tuzlainfo.ba\\\/index.php\\\/bosna-i-hercegovina\\\/item\\\/161672-klanjali-na-trebevicu-pa-kaznjeni-sa-100-km\\\/#primaryimage\"},\"thumbnailUrl\":\"https:\\\/\\\/tuzlainfo.ba\\\/wp-content\\\/uploads\\\/2022\\\/01\\\/inbound3747923439514265262.jpg\",\"datePublished\":\"2022-01-20T20:24:06+00:00\",\"breadcrumb\":{\"@id\":\"https:\\\/\\\/tuzlainfo.ba\\\/index.php\\\/bosna-i-hercegovina\\\/item\\\/161672-klanjali-na-trebevicu-pa-kaznjeni-sa-100-km\\\/#breadcrumb\"},\"inLanguage\":\"bs-BA\",\"potentialAction\":[{\"@type\":\"ReadAction\",\"target\":[\"https:\\\/\\\/tuzlainfo.ba\\\/index.php\\\/bosna-i-hercegovina\\\/item\\\/161672-klanjali-na-trebevicu-pa-kaznjeni-sa-100-km\\\/\"]}]},{\"@type\":\"ImageObject\",\"inLanguage\":\"bs-BA\",\"@id\":\"https:\\\/\\\/tuzlainfo.ba\\\/index.php\\\/bosna-i-hercegovina\\\/item\\\/161672-klanjali-na-trebevicu-pa-kaznjeni-sa-100-km\\\/#primaryimage\",\"url\":\"https:\\\/\\\/tuzlainfo.ba\\\/wp-content\\\/uploads\\\/2022\\\/01\\\/inbound3747923439514265262.jpg\",\"contentUrl\":\"https:\\\/\\\/tuzlainfo.ba\\\/wp-content\\\/uploads\\\/2022\\\/01\\\/inbound3747923439514265262.jpg\",\"width\":1025,\"height\":551},{\"@type\":\"BreadcrumbList\",\"@id\":\"https:\\\/\\\/tuzlainfo.ba\\\/index.php\\\/bosna-i-hercegovina\\\/item\\\/161672-klanjali-na-trebevicu-pa-kaznjeni-sa-100-km\\\/#breadcrumb\",\"itemListElement\":[{\"@type\":\"ListItem\",\"position\":1,\"name\":\"Home\",\"item\":\"https:\\\/\\\/tuzlainfo.ba\\\/\"},{\"@type\":\"ListItem\",\"position\":2,\"name\":\"Klanjali na Trebevi\u0107u pa ka\u017enjeni sa 100 KM\"}]},{\"@type\":\"WebSite\",\"@id\":\"https:\\\/\\\/tuzlainfo.ba\\\/#website\",\"url\":\"https:\\\/\\\/tuzlainfo.ba\\\/\",\"name\":\"TuzlaInfo.ba\",\"description\":\"Tuzla info, gradski informator - Tuzla na dlanu\",\"publisher\":{\"@id\":\"https:\\\/\\\/tuzlainfo.ba\\\/#organization\"},\"potentialAction\":[{\"@type\":\"SearchAction\",\"target\":{\"@type\":\"EntryPoint\",\"urlTemplate\":\"https:\\\/\\\/tuzlainfo.ba\\\/?s={search_term_string}\"},\"query-input\":{\"@type\":\"PropertyValueSpecification\",\"valueRequired\":true,\"valueName\":\"search_term_string\"}}],\"inLanguage\":\"bs-BA\"},{\"@type\":\"Organization\",\"@id\":\"https:\\\/\\\/tuzlainfo.ba\\\/#organization\",\"name\":\"TuzlaInfo.ba\",\"url\":\"https:\\\/\\\/tuzlainfo.ba\\\/\",\"logo\":{\"@type\":\"ImageObject\",\"inLanguage\":\"bs-BA\",\"@id\":\"https:\\\/\\\/tuzlainfo.ba\\\/#\\\/schema\\\/logo\\\/image\\\/\",\"url\":\"https:\\\/\\\/tuzlainfo.ba\\\/wp-content\\\/uploads\\\/2021\\\/03\\\/logo-ver-3-1.png\",\"contentUrl\":\"https:\\\/\\\/tuzlainfo.ba\\\/wp-content\\\/uploads\\\/2021\\\/03\\\/logo-ver-3-1.png\",\"width\":350,\"height\":95,\"caption\":\"TuzlaInfo.ba\"},\"image\":{\"@id\":\"https:\\\/\\\/tuzlainfo.ba\\\/#\\\/schema\\\/logo\\\/image\\\/\"},\"sameAs\":[\"https:\\\/\\\/www.facebook.com\\\/tuzlainfo.ba\\\/\"]},{\"@type\":\"Person\",\"@id\":\"https:\\\/\\\/tuzlainfo.ba\\\/#\\\/schema\\\/person\\\/46cad4c57790cbc50781edd14870825a\",\"name\":\"Tuzla Info\",\"image\":{\"@type\":\"ImageObject\",\"inLanguage\":\"bs-BA\",\"@id\":\"https:\\\/\\\/secure.gravatar.com\\\/avatar\\\/e980921b00fa2e552723a2386544734ce6885d2b2304ccca3f45186f9ca4031d?s=96&d=mm&r=g\",\"url\":\"https:\\\/\\\/secure.gravatar.com\\\/avatar\\\/e980921b00fa2e552723a2386544734ce6885d2b2304ccca3f45186f9ca4031d?s=96&d=mm&r=g\",\"contentUrl\":\"https:\\\/\\\/secure.gravatar.com\\\/avatar\\\/e980921b00fa2e552723a2386544734ce6885d2b2304ccca3f45186f9ca4031d?s=96&d=mm&r=g\",\"caption\":\"Tuzla Info\"}}]}<\/script>\n<!-- \/ Yoast SEO plugin. -->","yoast_head_json":{"title":"Klanjali na Trebevi\u0107u pa ka\u017enjeni sa 100 KM","robots":{"index":"index","follow":"follow","max-snippet":"max-snippet:-1","max-image-preview":"max-image-preview:large","max-video-preview":"max-video-preview:-1"},"canonical":"https:\/\/tuzlainfo.ba\/index.php\/bosna-i-hercegovina\/item\/161672-klanjali-na-trebevicu-pa-kaznjeni-sa-100-km\/","og_locale":"bs_BA","og_type":"article","og_title":"Klanjali na Trebevi\u0107u pa ka\u017enjeni sa 100 KM","og_description":"Istakao je kako su policijski slu\u017ebenici koji su ih legitimisali bili korektni prema njima i da se dalo zaklju\u010diti da im je neprijatno. Bajro \u010cav\u010di\u0107 i Semir Vatri\u0107 dobili su prekr\u0161ajnu prijavu od policije Isto\u010dni Stari Grad, stanica Trebevi\u0107, jer su sa djecom koju su odveli na izlet na Trebevi\u0107 obavljali namaz. Ovu informaciju objavio [&hellip;]","og_url":"https:\/\/tuzlainfo.ba\/index.php\/bosna-i-hercegovina\/item\/161672-klanjali-na-trebevicu-pa-kaznjeni-sa-100-km\/","og_site_name":"TuzlaInfo.ba","article_publisher":"https:\/\/www.facebook.com\/tuzlainfo.ba\/","article_published_time":"2022-01-20T20:24:06+00:00","og_image":[{"width":1025,"height":551,"url":"https:\/\/tuzlainfo.ba\/wp-content\/uploads\/2022\/01\/inbound3747923439514265262.jpg","type":"image\/jpeg"}],"author":"Tuzla Info","twitter_card":"summary_large_image","twitter_misc":{"Written by":"Tuzla Info","Est. reading time":"3 minute"},"schema":{"@context":"https:\/\/schema.org","@graph":[{"@type":"Article","@id":"https:\/\/tuzlainfo.ba\/index.php\/bosna-i-hercegovina\/item\/161672-klanjali-na-trebevicu-pa-kaznjeni-sa-100-km\/#article","isPartOf":{"@id":"https:\/\/tuzlainfo.ba\/index.php\/bosna-i-hercegovina\/item\/161672-klanjali-na-trebevicu-pa-kaznjeni-sa-100-km\/"},"author":{"name":"Tuzla Info","@id":"https:\/\/tuzlainfo.ba\/#\/schema\/person\/46cad4c57790cbc50781edd14870825a"},"headline":"Klanjali na Trebevi\u0107u pa ka\u017enjeni sa 100 KM","datePublished":"2022-01-20T20:24:06+00:00","mainEntityOfPage":{"@id":"https:\/\/tuzlainfo.ba\/index.php\/bosna-i-hercegovina\/item\/161672-klanjali-na-trebevicu-pa-kaznjeni-sa-100-km\/"},"wordCount":627,"commentCount":0,"publisher":{"@id":"https:\/\/tuzlainfo.ba\/#organization"},"image":{"@id":"https:\/\/tuzlainfo.ba\/index.php\/bosna-i-hercegovina\/item\/161672-klanjali-na-trebevicu-pa-kaznjeni-sa-100-km\/#primaryimage"},"thumbnailUrl":"https:\/\/tuzlainfo.ba\/wp-content\/uploads\/2022\/01\/inbound3747923439514265262.jpg","keywords":["Namaz","Trebevi\u0107"],"articleSection":["Bosna i Hercegovina"],"inLanguage":"bs-BA","copyrightYear":"2022","copyrightHolder":{"@id":"https:\/\/tuzlainfo.ba\/#organization"}},{"@type":"WebPage","@id":"https:\/\/tuzlainfo.ba\/index.php\/bosna-i-hercegovina\/item\/161672-klanjali-na-trebevicu-pa-kaznjeni-sa-100-km\/","url":"https:\/\/tuzlainfo.ba\/index.php\/bosna-i-hercegovina\/item\/161672-klanjali-na-trebevicu-pa-kaznjeni-sa-100-km\/","name":"Klanjali na Trebevi\u0107u pa ka\u017enjeni sa 100 KM","isPartOf":{"@id":"https:\/\/tuzlainfo.ba\/#website"},"primaryImageOfPage":{"@id":"https:\/\/tuzlainfo.ba\/index.php\/bosna-i-hercegovina\/item\/161672-klanjali-na-trebevicu-pa-kaznjeni-sa-100-km\/#primaryimage"},"image":{"@id":"https:\/\/tuzlainfo.ba\/index.php\/bosna-i-hercegovina\/item\/161672-klanjali-na-trebevicu-pa-kaznjeni-sa-100-km\/#primaryimage"},"thumbnailUrl":"https:\/\/tuzlainfo.ba\/wp-content\/uploads\/2022\/01\/inbound3747923439514265262.jpg","datePublished":"2022-01-20T20:24:06+00:00","breadcrumb":{"@id":"https:\/\/tuzlainfo.ba\/index.php\/bosna-i-hercegovina\/item\/161672-klanjali-na-trebevicu-pa-kaznjeni-sa-100-km\/#breadcrumb"},"inLanguage":"bs-BA","potentialAction":[{"@type":"ReadAction","target":["https:\/\/tuzlainfo.ba\/index.php\/bosna-i-hercegovina\/item\/161672-klanjali-na-trebevicu-pa-kaznjeni-sa-100-km\/"]}]},{"@type":"ImageObject","inLanguage":"bs-BA","@id":"https:\/\/tuzlainfo.ba\/index.php\/bosna-i-hercegovina\/item\/161672-klanjali-na-trebevicu-pa-kaznjeni-sa-100-km\/#primaryimage","url":"https:\/\/tuzlainfo.ba\/wp-content\/uploads\/2022\/01\/inbound3747923439514265262.jpg","contentUrl":"https:\/\/tuzlainfo.ba\/wp-content\/uploads\/2022\/01\/inbound3747923439514265262.jpg","width":1025,"height":551},{"@type":"BreadcrumbList","@id":"https:\/\/tuzlainfo.ba\/index.php\/bosna-i-hercegovina\/item\/161672-klanjali-na-trebevicu-pa-kaznjeni-sa-100-km\/#breadcrumb","itemListElement":[{"@type":"ListItem","position":1,"name":"Home","item":"https:\/\/tuzlainfo.ba\/"},{"@type":"ListItem","position":2,"name":"Klanjali na Trebevi\u0107u pa ka\u017enjeni sa 100 KM"}]},{"@type":"WebSite","@id":"https:\/\/tuzlainfo.ba\/#website","url":"https:\/\/tuzlainfo.ba\/","name":"TuzlaInfo.ba","description":"Tuzla info, gradski informator - Tuzla na dlanu","publisher":{"@id":"https:\/\/tuzlainfo.ba\/#organization"},"potentialAction":[{"@type":"SearchAction","target":{"@type":"EntryPoint","urlTemplate":"https:\/\/tuzlainfo.ba\/?s={search_term_string}"},"query-input":{"@type":"PropertyValueSpecification","valueRequired":true,"valueName":"search_term_string"}}],"inLanguage":"bs-BA"},{"@type":"Organization","@id":"https:\/\/tuzlainfo.ba\/#organization","name":"TuzlaInfo.ba","url":"https:\/\/tuzlainfo.ba\/","logo":{"@type":"ImageObject","inLanguage":"bs-BA","@id":"https:\/\/tuzlainfo.ba\/#\/schema\/logo\/image\/","url":"https:\/\/tuzlainfo.ba\/wp-content\/uploads\/2021\/03\/logo-ver-3-1.png","contentUrl":"https:\/\/tuzlainfo.ba\/wp-content\/uploads\/2021\/03\/logo-ver-3-1.png","width":350,"height":95,"caption":"TuzlaInfo.ba"},"image":{"@id":"https:\/\/tuzlainfo.ba\/#\/schema\/logo\/image\/"},"sameAs":["https:\/\/www.facebook.com\/tuzlainfo.ba\/"]},{"@type":"Person","@id":"https:\/\/tuzlainfo.ba\/#\/schema\/person\/46cad4c57790cbc50781edd14870825a","name":"Tuzla Info","image":{"@type":"ImageObject","inLanguage":"bs-BA","@id":"https:\/\/secure.gravatar.com\/avatar\/e980921b00fa2e552723a2386544734ce6885d2b2304ccca3f45186f9ca4031d?s=96&d=mm&r=g","url":"https:\/\/secure.gravatar.com\/avatar\/e980921b00fa2e552723a2386544734ce6885d2b2304ccca3f45186f9ca4031d?s=96&d=mm&r=g","contentUrl":"https:\/\/secure.gravatar.com\/avatar\/e980921b00fa2e552723a2386544734ce6885d2b2304ccca3f45186f9ca4031d?s=96&d=mm&r=g","caption":"Tuzla Info"}}]}},"_links":{"self":[{"href":"https:\/\/tuzlainfo.ba\/index.php\/wp-json\/wp\/v2\/posts\/161672","targetHints":{"allow":["GET"]}}],"collection":[{"href":"https:\/\/tuzlainfo.ba\/index.php\/wp-json\/wp\/v2\/posts"}],"about":[{"href":"https:\/\/tuzlainfo.ba\/index.php\/wp-json\/wp\/v2\/types\/post"}],"author":[{"embeddable":true,"href":"https:\/\/tuzlainfo.ba\/index.php\/wp-json\/wp\/v2\/users\/4"}],"replies":[{"embeddable":true,"href":"https:\/\/tuzlainfo.ba\/index.php\/wp-json\/wp\/v2\/comments?post=161672"}],"version-history":[{"count":0,"href":"https:\/\/tuzlainfo.ba\/index.php\/wp-json\/wp\/v2\/posts\/161672\/revisions"}],"wp:featuredmedia":[{"embeddable":true,"href":"https:\/\/tuzlainfo.ba\/index.php\/wp-json\/wp\/v2\/media\/161673"}],"wp:attachment":[{"href":"https:\/\/tuzlainfo.ba\/index.php\/wp-json\/wp\/v2\/media?parent=161672"}],"wp:term":[{"taxonomy":"category","embeddable":true,"href":"https:\/\/tuzlainfo.ba\/index.php\/wp-json\/wp\/v2\/categories?post=161672"},{"taxonomy":"post_tag","embeddable":true,"href":"https:\/\/tuzlainfo.ba\/index.php\/wp-json\/wp\/v2\/tags?post=161672"}],"curies":[{"name":"wp","href":"https:\/\/api.w.org\/{rel}","templated":true}]}}