{"id":161624,"date":"2022-01-20T22:00:59","date_gmt":"2022-01-20T21:00:59","guid":{"rendered":"https:\/\/tuzlainfo.ba\/?p=161624"},"modified":"2022-01-20T17:30:27","modified_gmt":"2022-01-20T16:30:27","slug":"od-kraja-rata-do-danas-na-podrucju-tk-od-mina-poginulo-vise-od-120-osoba","status":"publish","type":"post","link":"https:\/\/tuzlainfo.ba\/index.php\/novosti\/item\/161624-od-kraja-rata-do-danas-na-podrucju-tk-od-mina-poginulo-vise-od-120-osoba\/","title":{"rendered":"Od kraja rata do danas na podru\u010dju TK od mina poginulo vi\u0161e od 120 osoba"},"content":{"rendered":"<p>Prema podacima iz 2020. godine od kraja rata na podru\u010dju Bosne i Hercegovine od mina je nastradalo 600 osoba. Na podru\u010dju na\u0161eg kantona u istom periodu dogodilo se 200 minskih nesre\u0107a u kojima su nastradala 122 civila i 55 deminera. U Bosni i Hercegovini minama i eksplozivnim napravama pokriveno je oko 950 miliona kvadratnih metara povr\u0161ine ili oko 8 posto od ukupne povr\u0161ine teritorije Bosne i Hercegovine Na Tuzlanskom kantonu oko 3 posto teritorije prekriveno je minama. U pro\u0161loj godini u TK od mina je o\u010di\u0161\u0107eno oko 2 miliona i 900 hiljada kvadratnih\u00a0 metara.<\/p>\n<p><em>\u201eTim A Federalne uprave civilne za\u0161tite je na na\u0161em kantonu, Posavskom, Zeni\u010dkodobojskom kantonu koji su zoni njihove odgovornosti\u00a0 odradila 156 zadataka, prikupili preko 5 hiljada razli\u010ditih eksplozivnih materija i\u00a0 isto toliko tehni\u010dkih sredstava, a uni\u0161teno je 2, 4 kilograma eksploziva.\u201c\u00a0<\/em>rekao je za RTV Slon Dragan Pelemi\u0161, pomo\u0107nik direktora KUCZ.<\/p>\n<p>U pro\u0161loj godini na podru\u010dju TK ozna\u010deno je oko 1500 minskih polja. Zbog nepovoljnih vremenskih uslova ali i neodgovornog pona\u0161anja pojedinaca, potrebno je izvr\u0161iti i ponovno ozna\u010davanje minskih polja. Proces deminiranja vr\u0161i se od 1997. godine i to u tri kategorije.<\/p>\n<p><em>\u201ePrvo su deminirani infrastrukturni objekti\u00a0 i povratni\u010dka naselja , druga kategorija su poljoprivredna zemlji\u0161ta i tre\u0107a kategorija \u0161ume i nepristupa\u010dni predjeli. Ono \u0161to je bitno naglasiti jeste da ne\u0107e sve biti deminirano i neka podru\u010dja \u0107e se biti proglasiti nepristu\u010dnim kao i rizi\u010dna i kao takva \u0107e se prepustiti zubu vremena<\/em>, \u201e dodao je Dragan Pelemi\u0161, pomo\u0107nik direktora KUCZ.<\/p>\n<p>Proces deminiranja te\u010de jako sporo, a dokaz toga jeste da je na podru\u010dju TK od ukupnog broja od 78 miliona kvadratnih metara do sada o\u010di\u0161\u0107eno samo 32 miliona kvadrantih metara minskog polja. Me\u0111utim iz Kantonalne uprave civilne za\u0161tite najavljuju da bi\u00a0 u budu\u0107nosti proces deminiranja mogao biti ubrzan, naro\u010dito zbog uvo\u0111enja novog civilno tehni\u010dkog uvi\u0111anja.<\/p>\n<p><em>\u201cPrvo je potrebno da se odredi neka povr\u0161ina koja je minski sumnjiva i da se na osnovu informacija koje se prikupe od oru\u017eanih snaga koje su djelovale na tom podru\u010dju i od lokalnog stanovni\u0161tva te da se utvrdi da se mo\u017eda deset posto te povr\u0161ine nalazi pod minama i da se samo pristupi\u00a0 \u010di\u0161\u0107enju te povr\u0161ine i na taj na\u010din \u0107e se povr\u0161ina pod minama smanjit \u201c\u00a0<\/em>naglasio je Dragan Pelemi\u0161, pomo\u0107nik direktora KUCZ<\/p>\n<p>Do sada je sam proces deminiranja ulo\u017eeno mnogo novca, naro\u010dito kada je rije\u010d o stranim donacijama. Zbog izbijanja novih sukoba u svijetu i stvaranja novih minskih polja, donatori nisu vi\u0161e toliko zainteresovani za ulaganje u proces deminiranja u Bosni n Hercegovini, zato je potrebno je da se u sam proces deminiranja uklju\u010di i lokalna zajednica.<\/p>\n<p>Poseban apel ide gra\u0111anima da ne ulaze u ozna\u010dena minska polja. Do nesre\u0107a dolazi uglavnom zbog toga \u0161to ljudi svjesno ulaze u minska polja iz raznih razloga. Neki to rade zbog radoznalosti, neki zbog sje\u010de \u0161uma, neki zbog lova, a bitno je naglasiti da ukoliko nai\u0111u na minsku napravu da je ne diraju, te da istu prijave u najbli\u017eu policijsku stanicu i slu\u017ebu civilne za\u0161tite.<\/p>\n<p>&nbsp;<\/p>\n","protected":false},"excerpt":{"rendered":"<p>Prema podacima iz 2020. godine od kraja rata na podru\u010dju Bosne i Hercegovine od mina&hellip;<\/p>\n","protected":false},"author":4,"featured_media":68149,"comment_status":"open","ping_status":"closed","sticky":false,"template":"","format":"standard","meta":{"_acf_changed":false,"footnotes":""},"categories":[304,12],"tags":[2973,360],"acf":[],"yoast_head":"<!-- This site is optimized with the Yoast SEO plugin v23.5 - https:\/\/yoast.com\/wordpress\/plugins\/seo\/ -->\n<title>Od kraja rata do danas na podru\u010dju TK od mina poginulo vi\u0161e od 120 osoba - TuzlaInfo.ba<\/title>\n<meta name=\"robots\" content=\"index, follow, max-snippet:-1, max-image-preview:large, max-video-preview:-1\" \/>\n<link rel=\"canonical\" href=\"https:\/\/tuzlainfo.ba\/index.php\/novosti\/item\/161624-od-kraja-rata-do-danas-na-podrucju-tk-od-mina-poginulo-vise-od-120-osoba\/\" \/>\n<meta property=\"og:locale\" content=\"bs_BA\" \/>\n<meta property=\"og:type\" content=\"article\" \/>\n<meta property=\"og:title\" content=\"Od kraja rata do danas na podru\u010dju TK od mina poginulo vi\u0161e od 120 osoba - TuzlaInfo.ba\" \/>\n<meta property=\"og:description\" content=\"Prema podacima iz 2020. godine od kraja rata na podru\u010dju Bosne i Hercegovine od mina&hellip;\" \/>\n<meta property=\"og:url\" content=\"https:\/\/tuzlainfo.ba\/index.php\/novosti\/item\/161624-od-kraja-rata-do-danas-na-podrucju-tk-od-mina-poginulo-vise-od-120-osoba\/\" \/>\n<meta property=\"og:site_name\" content=\"TuzlaInfo.ba\" \/>\n<meta property=\"article:publisher\" content=\"https:\/\/www.facebook.com\/tuzlainfo.ba\/\" \/>\n<meta property=\"article:published_time\" content=\"2022-01-20T21:00:59+00:00\" \/>\n<meta property=\"article:modified_time\" content=\"2022-01-20T16:30:27+00:00\" \/>\n<meta property=\"og:image\" content=\"https:\/\/tuzlainfo.ba\/wp-content\/uploads\/2019\/03\/sadrzaj_2019_20190301_0103_mine-tabla-6.jpg\" \/>\n\t<meta property=\"og:image:width\" content=\"770\" \/>\n\t<meta property=\"og:image:height\" content=\"578\" \/>\n\t<meta property=\"og:image:type\" content=\"image\/jpeg\" \/>\n<meta name=\"author\" content=\"Tuzla Info\" \/>\n<meta name=\"twitter:card\" content=\"summary_large_image\" \/>\n<meta name=\"twitter:label1\" content=\"Written by\" \/>\n\t<meta name=\"twitter:data1\" content=\"Tuzla Info\" \/>\n\t<meta name=\"twitter:label2\" content=\"Est. reading time\" \/>\n\t<meta name=\"twitter:data2\" content=\"3 minute\" \/>\n<script type=\"application\/ld+json\" class=\"yoast-schema-graph\">{\"@context\":\"https:\/\/schema.org\",\"@graph\":[{\"@type\":\"Article\",\"@id\":\"https:\/\/tuzlainfo.ba\/index.php\/novosti\/item\/161624-od-kraja-rata-do-danas-na-podrucju-tk-od-mina-poginulo-vise-od-120-osoba\/#article\",\"isPartOf\":{\"@id\":\"https:\/\/tuzlainfo.ba\/index.php\/novosti\/item\/161624-od-kraja-rata-do-danas-na-podrucju-tk-od-mina-poginulo-vise-od-120-osoba\/\"},\"author\":{\"name\":\"Tuzla Info\",\"@id\":\"https:\/\/tuzlainfo.ba\/#\/schema\/person\/46cad4c57790cbc50781edd14870825a\"},\"headline\":\"Od kraja rata do danas na podru\u010dju TK od mina poginulo vi\u0161e od 120 osoba\",\"datePublished\":\"2022-01-20T21:00:59+00:00\",\"dateModified\":\"2022-01-20T16:30:27+00:00\",\"mainEntityOfPage\":{\"@id\":\"https:\/\/tuzlainfo.ba\/index.php\/novosti\/item\/161624-od-kraja-rata-do-danas-na-podrucju-tk-od-mina-poginulo-vise-od-120-osoba\/\"},\"wordCount\":555,\"commentCount\":0,\"publisher\":{\"@id\":\"https:\/\/tuzlainfo.ba\/#organization\"},\"image\":{\"@id\":\"https:\/\/tuzlainfo.ba\/index.php\/novosti\/item\/161624-od-kraja-rata-do-danas-na-podrucju-tk-od-mina-poginulo-vise-od-120-osoba\/#primaryimage\"},\"thumbnailUrl\":\"https:\/\/tuzlainfo.ba\/wp-content\/uploads\/2019\/03\/sadrzaj_2019_20190301_0103_mine-tabla-6.jpg\",\"keywords\":[\"mine\",\"tuzlanski kanton\"],\"articleSection\":[\"Istaknuto\",\"Novosti\"],\"inLanguage\":\"bs-BA\"},{\"@type\":\"WebPage\",\"@id\":\"https:\/\/tuzlainfo.ba\/index.php\/novosti\/item\/161624-od-kraja-rata-do-danas-na-podrucju-tk-od-mina-poginulo-vise-od-120-osoba\/\",\"url\":\"https:\/\/tuzlainfo.ba\/index.php\/novosti\/item\/161624-od-kraja-rata-do-danas-na-podrucju-tk-od-mina-poginulo-vise-od-120-osoba\/\",\"name\":\"Od kraja rata do danas na podru\u010dju TK od mina poginulo vi\u0161e od 120 osoba - TuzlaInfo.ba\",\"isPartOf\":{\"@id\":\"https:\/\/tuzlainfo.ba\/#website\"},\"primaryImageOfPage\":{\"@id\":\"https:\/\/tuzlainfo.ba\/index.php\/novosti\/item\/161624-od-kraja-rata-do-danas-na-podrucju-tk-od-mina-poginulo-vise-od-120-osoba\/#primaryimage\"},\"image\":{\"@id\":\"https:\/\/tuzlainfo.ba\/index.php\/novosti\/item\/161624-od-kraja-rata-do-danas-na-podrucju-tk-od-mina-poginulo-vise-od-120-osoba\/#primaryimage\"},\"thumbnailUrl\":\"https:\/\/tuzlainfo.ba\/wp-content\/uploads\/2019\/03\/sadrzaj_2019_20190301_0103_mine-tabla-6.jpg\",\"datePublished\":\"2022-01-20T21:00:59+00:00\",\"dateModified\":\"2022-01-20T16:30:27+00:00\",\"breadcrumb\":{\"@id\":\"https:\/\/tuzlainfo.ba\/index.php\/novosti\/item\/161624-od-kraja-rata-do-danas-na-podrucju-tk-od-mina-poginulo-vise-od-120-osoba\/#breadcrumb\"},\"inLanguage\":\"bs-BA\",\"potentialAction\":[{\"@type\":\"ReadAction\",\"target\":[\"https:\/\/tuzlainfo.ba\/index.php\/novosti\/item\/161624-od-kraja-rata-do-danas-na-podrucju-tk-od-mina-poginulo-vise-od-120-osoba\/\"]}]},{\"@type\":\"ImageObject\",\"inLanguage\":\"bs-BA\",\"@id\":\"https:\/\/tuzlainfo.ba\/index.php\/novosti\/item\/161624-od-kraja-rata-do-danas-na-podrucju-tk-od-mina-poginulo-vise-od-120-osoba\/#primaryimage\",\"url\":\"https:\/\/tuzlainfo.ba\/wp-content\/uploads\/2019\/03\/sadrzaj_2019_20190301_0103_mine-tabla-6.jpg\",\"contentUrl\":\"https:\/\/tuzlainfo.ba\/wp-content\/uploads\/2019\/03\/sadrzaj_2019_20190301_0103_mine-tabla-6.jpg\",\"width\":770,\"height\":578,\"caption\":\"0103 mine tabla 6\"},{\"@type\":\"BreadcrumbList\",\"@id\":\"https:\/\/tuzlainfo.ba\/index.php\/novosti\/item\/161624-od-kraja-rata-do-danas-na-podrucju-tk-od-mina-poginulo-vise-od-120-osoba\/#breadcrumb\",\"itemListElement\":[{\"@type\":\"ListItem\",\"position\":1,\"name\":\"Home\",\"item\":\"https:\/\/tuzlainfo.ba\/\"},{\"@type\":\"ListItem\",\"position\":2,\"name\":\"Od kraja rata do danas na podru\u010dju TK od mina poginulo vi\u0161e od 120 osoba\"}]},{\"@type\":\"WebSite\",\"@id\":\"https:\/\/tuzlainfo.ba\/#website\",\"url\":\"https:\/\/tuzlainfo.ba\/\",\"name\":\"TuzlaInfo.ba\",\"description\":\"Tuzla info, gradski informator - Tuzla na dlanu\",\"publisher\":{\"@id\":\"https:\/\/tuzlainfo.ba\/#organization\"},\"potentialAction\":[{\"@type\":\"SearchAction\",\"target\":{\"@type\":\"EntryPoint\",\"urlTemplate\":\"https:\/\/tuzlainfo.ba\/?s={search_term_string}\"},\"query-input\":{\"@type\":\"PropertyValueSpecification\",\"valueRequired\":true,\"valueName\":\"search_term_string\"}}],\"inLanguage\":\"bs-BA\"},{\"@type\":\"Organization\",\"@id\":\"https:\/\/tuzlainfo.ba\/#organization\",\"name\":\"TuzlaInfo.ba\",\"url\":\"https:\/\/tuzlainfo.ba\/\",\"logo\":{\"@type\":\"ImageObject\",\"inLanguage\":\"bs-BA\",\"@id\":\"https:\/\/tuzlainfo.ba\/#\/schema\/logo\/image\/\",\"url\":\"https:\/\/tuzlainfo.ba\/wp-content\/uploads\/2021\/03\/logo-ver-3-1.png\",\"contentUrl\":\"https:\/\/tuzlainfo.ba\/wp-content\/uploads\/2021\/03\/logo-ver-3-1.png\",\"width\":350,\"height\":95,\"caption\":\"TuzlaInfo.ba\"},\"image\":{\"@id\":\"https:\/\/tuzlainfo.ba\/#\/schema\/logo\/image\/\"},\"sameAs\":[\"https:\/\/www.facebook.com\/tuzlainfo.ba\/\"]},{\"@type\":\"Person\",\"@id\":\"https:\/\/tuzlainfo.ba\/#\/schema\/person\/46cad4c57790cbc50781edd14870825a\",\"name\":\"Tuzla Info\",\"image\":{\"@type\":\"ImageObject\",\"inLanguage\":\"bs-BA\",\"@id\":\"https:\/\/tuzlainfo.ba\/#\/schema\/person\/image\/\",\"url\":\"https:\/\/tuzlainfo.ba\/wp-content\/litespeed\/avatar\/b6c453a6c38e3654f2e4416c643fc25c.jpg?ver=1777051911\",\"contentUrl\":\"https:\/\/tuzlainfo.ba\/wp-content\/litespeed\/avatar\/b6c453a6c38e3654f2e4416c643fc25c.jpg?ver=1777051911\",\"caption\":\"Tuzla Info\"}}]}<\/script>\n<!-- \/ Yoast SEO plugin. -->","yoast_head_json":{"title":"Od kraja rata do danas na podru\u010dju TK od mina poginulo vi\u0161e od 120 osoba - TuzlaInfo.ba","robots":{"index":"index","follow":"follow","max-snippet":"max-snippet:-1","max-image-preview":"max-image-preview:large","max-video-preview":"max-video-preview:-1"},"canonical":"https:\/\/tuzlainfo.ba\/index.php\/novosti\/item\/161624-od-kraja-rata-do-danas-na-podrucju-tk-od-mina-poginulo-vise-od-120-osoba\/","og_locale":"bs_BA","og_type":"article","og_title":"Od kraja rata do danas na podru\u010dju TK od mina poginulo vi\u0161e od 120 osoba - TuzlaInfo.ba","og_description":"Prema podacima iz 2020. godine od kraja rata na podru\u010dju Bosne i Hercegovine od mina&hellip;","og_url":"https:\/\/tuzlainfo.ba\/index.php\/novosti\/item\/161624-od-kraja-rata-do-danas-na-podrucju-tk-od-mina-poginulo-vise-od-120-osoba\/","og_site_name":"TuzlaInfo.ba","article_publisher":"https:\/\/www.facebook.com\/tuzlainfo.ba\/","article_published_time":"2022-01-20T21:00:59+00:00","article_modified_time":"2022-01-20T16:30:27+00:00","og_image":[{"width":770,"height":578,"url":"https:\/\/tuzlainfo.ba\/wp-content\/uploads\/2019\/03\/sadrzaj_2019_20190301_0103_mine-tabla-6.jpg","type":"image\/jpeg"}],"author":"Tuzla Info","twitter_card":"summary_large_image","twitter_misc":{"Written by":"Tuzla Info","Est. reading time":"3 minute"},"schema":{"@context":"https:\/\/schema.org","@graph":[{"@type":"Article","@id":"https:\/\/tuzlainfo.ba\/index.php\/novosti\/item\/161624-od-kraja-rata-do-danas-na-podrucju-tk-od-mina-poginulo-vise-od-120-osoba\/#article","isPartOf":{"@id":"https:\/\/tuzlainfo.ba\/index.php\/novosti\/item\/161624-od-kraja-rata-do-danas-na-podrucju-tk-od-mina-poginulo-vise-od-120-osoba\/"},"author":{"name":"Tuzla Info","@id":"https:\/\/tuzlainfo.ba\/#\/schema\/person\/46cad4c57790cbc50781edd14870825a"},"headline":"Od kraja rata do danas na podru\u010dju TK od mina poginulo vi\u0161e od 120 osoba","datePublished":"2022-01-20T21:00:59+00:00","dateModified":"2022-01-20T16:30:27+00:00","mainEntityOfPage":{"@id":"https:\/\/tuzlainfo.ba\/index.php\/novosti\/item\/161624-od-kraja-rata-do-danas-na-podrucju-tk-od-mina-poginulo-vise-od-120-osoba\/"},"wordCount":555,"commentCount":0,"publisher":{"@id":"https:\/\/tuzlainfo.ba\/#organization"},"image":{"@id":"https:\/\/tuzlainfo.ba\/index.php\/novosti\/item\/161624-od-kraja-rata-do-danas-na-podrucju-tk-od-mina-poginulo-vise-od-120-osoba\/#primaryimage"},"thumbnailUrl":"https:\/\/tuzlainfo.ba\/wp-content\/uploads\/2019\/03\/sadrzaj_2019_20190301_0103_mine-tabla-6.jpg","keywords":["mine","tuzlanski kanton"],"articleSection":["Istaknuto","Novosti"],"inLanguage":"bs-BA"},{"@type":"WebPage","@id":"https:\/\/tuzlainfo.ba\/index.php\/novosti\/item\/161624-od-kraja-rata-do-danas-na-podrucju-tk-od-mina-poginulo-vise-od-120-osoba\/","url":"https:\/\/tuzlainfo.ba\/index.php\/novosti\/item\/161624-od-kraja-rata-do-danas-na-podrucju-tk-od-mina-poginulo-vise-od-120-osoba\/","name":"Od kraja rata do danas na podru\u010dju TK od mina poginulo vi\u0161e od 120 osoba - TuzlaInfo.ba","isPartOf":{"@id":"https:\/\/tuzlainfo.ba\/#website"},"primaryImageOfPage":{"@id":"https:\/\/tuzlainfo.ba\/index.php\/novosti\/item\/161624-od-kraja-rata-do-danas-na-podrucju-tk-od-mina-poginulo-vise-od-120-osoba\/#primaryimage"},"image":{"@id":"https:\/\/tuzlainfo.ba\/index.php\/novosti\/item\/161624-od-kraja-rata-do-danas-na-podrucju-tk-od-mina-poginulo-vise-od-120-osoba\/#primaryimage"},"thumbnailUrl":"https:\/\/tuzlainfo.ba\/wp-content\/uploads\/2019\/03\/sadrzaj_2019_20190301_0103_mine-tabla-6.jpg","datePublished":"2022-01-20T21:00:59+00:00","dateModified":"2022-01-20T16:30:27+00:00","breadcrumb":{"@id":"https:\/\/tuzlainfo.ba\/index.php\/novosti\/item\/161624-od-kraja-rata-do-danas-na-podrucju-tk-od-mina-poginulo-vise-od-120-osoba\/#breadcrumb"},"inLanguage":"bs-BA","potentialAction":[{"@type":"ReadAction","target":["https:\/\/tuzlainfo.ba\/index.php\/novosti\/item\/161624-od-kraja-rata-do-danas-na-podrucju-tk-od-mina-poginulo-vise-od-120-osoba\/"]}]},{"@type":"ImageObject","inLanguage":"bs-BA","@id":"https:\/\/tuzlainfo.ba\/index.php\/novosti\/item\/161624-od-kraja-rata-do-danas-na-podrucju-tk-od-mina-poginulo-vise-od-120-osoba\/#primaryimage","url":"https:\/\/tuzlainfo.ba\/wp-content\/uploads\/2019\/03\/sadrzaj_2019_20190301_0103_mine-tabla-6.jpg","contentUrl":"https:\/\/tuzlainfo.ba\/wp-content\/uploads\/2019\/03\/sadrzaj_2019_20190301_0103_mine-tabla-6.jpg","width":770,"height":578,"caption":"0103 mine tabla 6"},{"@type":"BreadcrumbList","@id":"https:\/\/tuzlainfo.ba\/index.php\/novosti\/item\/161624-od-kraja-rata-do-danas-na-podrucju-tk-od-mina-poginulo-vise-od-120-osoba\/#breadcrumb","itemListElement":[{"@type":"ListItem","position":1,"name":"Home","item":"https:\/\/tuzlainfo.ba\/"},{"@type":"ListItem","position":2,"name":"Od kraja rata do danas na podru\u010dju TK od mina poginulo vi\u0161e od 120 osoba"}]},{"@type":"WebSite","@id":"https:\/\/tuzlainfo.ba\/#website","url":"https:\/\/tuzlainfo.ba\/","name":"TuzlaInfo.ba","description":"Tuzla info, gradski informator - Tuzla na dlanu","publisher":{"@id":"https:\/\/tuzlainfo.ba\/#organization"},"potentialAction":[{"@type":"SearchAction","target":{"@type":"EntryPoint","urlTemplate":"https:\/\/tuzlainfo.ba\/?s={search_term_string}"},"query-input":{"@type":"PropertyValueSpecification","valueRequired":true,"valueName":"search_term_string"}}],"inLanguage":"bs-BA"},{"@type":"Organization","@id":"https:\/\/tuzlainfo.ba\/#organization","name":"TuzlaInfo.ba","url":"https:\/\/tuzlainfo.ba\/","logo":{"@type":"ImageObject","inLanguage":"bs-BA","@id":"https:\/\/tuzlainfo.ba\/#\/schema\/logo\/image\/","url":"https:\/\/tuzlainfo.ba\/wp-content\/uploads\/2021\/03\/logo-ver-3-1.png","contentUrl":"https:\/\/tuzlainfo.ba\/wp-content\/uploads\/2021\/03\/logo-ver-3-1.png","width":350,"height":95,"caption":"TuzlaInfo.ba"},"image":{"@id":"https:\/\/tuzlainfo.ba\/#\/schema\/logo\/image\/"},"sameAs":["https:\/\/www.facebook.com\/tuzlainfo.ba\/"]},{"@type":"Person","@id":"https:\/\/tuzlainfo.ba\/#\/schema\/person\/46cad4c57790cbc50781edd14870825a","name":"Tuzla Info","image":{"@type":"ImageObject","inLanguage":"bs-BA","@id":"https:\/\/tuzlainfo.ba\/#\/schema\/person\/image\/","url":"https:\/\/tuzlainfo.ba\/wp-content\/litespeed\/avatar\/b6c453a6c38e3654f2e4416c643fc25c.jpg?ver=1777051911","contentUrl":"https:\/\/tuzlainfo.ba\/wp-content\/litespeed\/avatar\/b6c453a6c38e3654f2e4416c643fc25c.jpg?ver=1777051911","caption":"Tuzla Info"}}]}},"_links":{"self":[{"href":"https:\/\/tuzlainfo.ba\/index.php\/wp-json\/wp\/v2\/posts\/161624"}],"collection":[{"href":"https:\/\/tuzlainfo.ba\/index.php\/wp-json\/wp\/v2\/posts"}],"about":[{"href":"https:\/\/tuzlainfo.ba\/index.php\/wp-json\/wp\/v2\/types\/post"}],"author":[{"embeddable":true,"href":"https:\/\/tuzlainfo.ba\/index.php\/wp-json\/wp\/v2\/users\/4"}],"replies":[{"embeddable":true,"href":"https:\/\/tuzlainfo.ba\/index.php\/wp-json\/wp\/v2\/comments?post=161624"}],"version-history":[{"count":0,"href":"https:\/\/tuzlainfo.ba\/index.php\/wp-json\/wp\/v2\/posts\/161624\/revisions"}],"wp:featuredmedia":[{"embeddable":true,"href":"https:\/\/tuzlainfo.ba\/index.php\/wp-json\/wp\/v2\/media\/68149"}],"wp:attachment":[{"href":"https:\/\/tuzlainfo.ba\/index.php\/wp-json\/wp\/v2\/media?parent=161624"}],"wp:term":[{"taxonomy":"category","embeddable":true,"href":"https:\/\/tuzlainfo.ba\/index.php\/wp-json\/wp\/v2\/categories?post=161624"},{"taxonomy":"post_tag","embeddable":true,"href":"https:\/\/tuzlainfo.ba\/index.php\/wp-json\/wp\/v2\/tags?post=161624"}],"curies":[{"name":"wp","href":"https:\/\/api.w.org\/{rel}","templated":true}]}}