{"id":161569,"date":"2022-01-20T10:00:17","date_gmt":"2022-01-20T09:00:17","guid":{"rendered":"https:\/\/tuzlainfo.ba\/?p=161569"},"modified":"2022-01-20T08:07:51","modified_gmt":"2022-01-20T07:07:51","slug":"behram-begova-biblioteka-uruceno-priznanje-citalac-godine-za-2021-godinu","status":"publish","type":"post","link":"https:\/\/tuzlainfo.ba\/index.php\/novosti\/item\/161569-behram-begova-biblioteka-uruceno-priznanje-citalac-godine-za-2021-godinu\/","title":{"rendered":"Behram-begova biblioteka: Uru\u010deno priznanje &#8221;\u010citalac godine&#8221; za 2021. godinu"},"content":{"rendered":"<p>U srijedu, 19. januara 2022. godine, u prostorijama Biblioteke &#8221;Behram-beg&#8221; organizovana je dodjela priznanja &#8221;\u010citalac godine&#8221; za 2021. godinu. Priznanje je dodijeljeno gospodinu Elvisu Polji\u0107u koji je u protekloj godini pro\u010ditao 28 knjiga iz fonda Biblioteke.<\/p>\n<p>Elvis Polji\u0107 je iz \u017divinica, aktivni je korisnik Biblioteke od mjeseca avgusta 2020. godine i do sada je iz fonda Biblioteke pro\u010ditao preko 40 knjiga.<\/p>\n<p>Biblioteka &#8221;Behram-beg&#8221; priznanje &#8221;\u010citalac godine&#8221; dodjeljuje od 2018. godine. Prvi put je dodijeljeno gospodinu Izudinu Smaji\u0107u, drugi put gospo\u0111i Maidi Suljetovi\u0107, tre\u0107i put gospodinu Damiru Hod\u017ei\u0107u, a u protekloj godini ovo priznanje je dodijeljeno gospodinu Tariku Osmanhod\u017ei\u0107u.<\/p>\n<p>&nbsp;<\/p>\n<p>&nbsp;<\/p>\n<p>Biblioteka &#8221;Behram-beg&#8221; priznanje &#8221;\u010citalac godine&#8221; dodjeljuje od 2018. godine. Prvi put je dodijeljeno gospodinu Izudinu Smaji\u0107u, drugi put gospo\u0111i Maidi Suljetovi\u0107, tre\u0107i put gospodinu Damiru Hod\u017ei\u0107u, a u protekloj godini ovo priznanje je dodijeljeno gospodinu Tariku Osmanhod\u017ei\u0107u.<\/p>\n<p>&nbsp;<\/p>\n","protected":false},"excerpt":{"rendered":"<p>U srijedu, 19. januara 2022. godine, u prostorijama Biblioteke &#8221;Behram-beg&#8221; organizovana je dodjela priznanja &#8221;\u010citalac&hellip;<\/p>\n","protected":false},"author":4,"featured_media":161570,"comment_status":"open","ping_status":"closed","sticky":false,"template":"","format":"standard","meta":{"_acf_changed":false,"footnotes":""},"categories":[304,12],"tags":[3965,3964],"acf":[],"yoast_head":"<!-- This site is optimized with the Yoast SEO plugin v23.5 - https:\/\/yoast.com\/wordpress\/plugins\/seo\/ -->\n<title>Behram-begova biblioteka: Uru\u010deno priznanje &#039;&#039;\u010citalac godine&#039;&#039; za 2021. godinu - TuzlaInfo.ba<\/title>\n<meta name=\"robots\" content=\"index, follow, max-snippet:-1, max-image-preview:large, max-video-preview:-1\" \/>\n<link rel=\"canonical\" href=\"https:\/\/tuzlainfo.ba\/index.php\/novosti\/item\/161569-behram-begova-biblioteka-uruceno-priznanje-citalac-godine-za-2021-godinu\/\" \/>\n<meta property=\"og:locale\" content=\"bs_BA\" \/>\n<meta property=\"og:type\" content=\"article\" \/>\n<meta property=\"og:title\" content=\"Behram-begova biblioteka: Uru\u010deno priznanje &#039;&#039;\u010citalac godine&#039;&#039; za 2021. godinu - TuzlaInfo.ba\" \/>\n<meta property=\"og:description\" content=\"U srijedu, 19. januara 2022. godine, u prostorijama Biblioteke &#8221;Behram-beg&#8221; organizovana je dodjela priznanja &#8221;\u010citalac&hellip;\" \/>\n<meta property=\"og:url\" content=\"https:\/\/tuzlainfo.ba\/index.php\/novosti\/item\/161569-behram-begova-biblioteka-uruceno-priznanje-citalac-godine-za-2021-godinu\/\" \/>\n<meta property=\"og:site_name\" content=\"TuzlaInfo.ba\" \/>\n<meta property=\"article:publisher\" content=\"https:\/\/www.facebook.com\/tuzlainfo.ba\/\" \/>\n<meta property=\"article:published_time\" content=\"2022-01-20T09:00:17+00:00\" \/>\n<meta property=\"article:modified_time\" content=\"2022-01-20T07:07:51+00:00\" \/>\n<meta property=\"og:image\" content=\"https:\/\/tuzlainfo.ba\/wp-content\/uploads\/2022\/01\/inbound732603346634260967.jpg\" \/>\n\t<meta property=\"og:image:width\" content=\"1564\" \/>\n\t<meta property=\"og:image:height\" content=\"1564\" \/>\n\t<meta property=\"og:image:type\" content=\"image\/jpeg\" \/>\n<meta name=\"author\" content=\"Tuzla Info\" \/>\n<meta name=\"twitter:card\" content=\"summary_large_image\" \/>\n<meta name=\"twitter:label1\" content=\"Written by\" \/>\n\t<meta name=\"twitter:data1\" content=\"Tuzla Info\" \/>\n\t<meta name=\"twitter:label2\" content=\"Est. reading time\" \/>\n\t<meta name=\"twitter:data2\" content=\"1 minuta\" \/>\n<script type=\"application\/ld+json\" class=\"yoast-schema-graph\">{\"@context\":\"https:\/\/schema.org\",\"@graph\":[{\"@type\":\"Article\",\"@id\":\"https:\/\/tuzlainfo.ba\/index.php\/novosti\/item\/161569-behram-begova-biblioteka-uruceno-priznanje-citalac-godine-za-2021-godinu\/#article\",\"isPartOf\":{\"@id\":\"https:\/\/tuzlainfo.ba\/index.php\/novosti\/item\/161569-behram-begova-biblioteka-uruceno-priznanje-citalac-godine-za-2021-godinu\/\"},\"author\":{\"name\":\"Tuzla Info\",\"@id\":\"https:\/\/tuzlainfo.ba\/#\/schema\/person\/46cad4c57790cbc50781edd14870825a\"},\"headline\":\"Behram-begova biblioteka: Uru\u010deno priznanje &#8221;\u010citalac godine&#8221; za 2021. godinu\",\"datePublished\":\"2022-01-20T09:00:17+00:00\",\"dateModified\":\"2022-01-20T07:07:51+00:00\",\"mainEntityOfPage\":{\"@id\":\"https:\/\/tuzlainfo.ba\/index.php\/novosti\/item\/161569-behram-begova-biblioteka-uruceno-priznanje-citalac-godine-za-2021-godinu\/\"},\"wordCount\":156,\"commentCount\":0,\"publisher\":{\"@id\":\"https:\/\/tuzlainfo.ba\/#organization\"},\"image\":{\"@id\":\"https:\/\/tuzlainfo.ba\/index.php\/novosti\/item\/161569-behram-begova-biblioteka-uruceno-priznanje-citalac-godine-za-2021-godinu\/#primaryimage\"},\"thumbnailUrl\":\"https:\/\/tuzlainfo.ba\/wp-content\/uploads\/2022\/01\/inbound732603346634260967.jpg\",\"keywords\":[\"Behram-begova biblioteka\",\"\u010citalac godine\"],\"articleSection\":[\"Istaknuto\",\"Novosti\"],\"inLanguage\":\"bs-BA\"},{\"@type\":\"WebPage\",\"@id\":\"https:\/\/tuzlainfo.ba\/index.php\/novosti\/item\/161569-behram-begova-biblioteka-uruceno-priznanje-citalac-godine-za-2021-godinu\/\",\"url\":\"https:\/\/tuzlainfo.ba\/index.php\/novosti\/item\/161569-behram-begova-biblioteka-uruceno-priznanje-citalac-godine-za-2021-godinu\/\",\"name\":\"Behram-begova biblioteka: Uru\u010deno priznanje ''\u010citalac godine'' za 2021. godinu - TuzlaInfo.ba\",\"isPartOf\":{\"@id\":\"https:\/\/tuzlainfo.ba\/#website\"},\"primaryImageOfPage\":{\"@id\":\"https:\/\/tuzlainfo.ba\/index.php\/novosti\/item\/161569-behram-begova-biblioteka-uruceno-priznanje-citalac-godine-za-2021-godinu\/#primaryimage\"},\"image\":{\"@id\":\"https:\/\/tuzlainfo.ba\/index.php\/novosti\/item\/161569-behram-begova-biblioteka-uruceno-priznanje-citalac-godine-za-2021-godinu\/#primaryimage\"},\"thumbnailUrl\":\"https:\/\/tuzlainfo.ba\/wp-content\/uploads\/2022\/01\/inbound732603346634260967.jpg\",\"datePublished\":\"2022-01-20T09:00:17+00:00\",\"dateModified\":\"2022-01-20T07:07:51+00:00\",\"breadcrumb\":{\"@id\":\"https:\/\/tuzlainfo.ba\/index.php\/novosti\/item\/161569-behram-begova-biblioteka-uruceno-priznanje-citalac-godine-za-2021-godinu\/#breadcrumb\"},\"inLanguage\":\"bs-BA\",\"potentialAction\":[{\"@type\":\"ReadAction\",\"target\":[\"https:\/\/tuzlainfo.ba\/index.php\/novosti\/item\/161569-behram-begova-biblioteka-uruceno-priznanje-citalac-godine-za-2021-godinu\/\"]}]},{\"@type\":\"ImageObject\",\"inLanguage\":\"bs-BA\",\"@id\":\"https:\/\/tuzlainfo.ba\/index.php\/novosti\/item\/161569-behram-begova-biblioteka-uruceno-priznanje-citalac-godine-za-2021-godinu\/#primaryimage\",\"url\":\"https:\/\/tuzlainfo.ba\/wp-content\/uploads\/2022\/01\/inbound732603346634260967.jpg\",\"contentUrl\":\"https:\/\/tuzlainfo.ba\/wp-content\/uploads\/2022\/01\/inbound732603346634260967.jpg\",\"width\":1564,\"height\":1564},{\"@type\":\"BreadcrumbList\",\"@id\":\"https:\/\/tuzlainfo.ba\/index.php\/novosti\/item\/161569-behram-begova-biblioteka-uruceno-priznanje-citalac-godine-za-2021-godinu\/#breadcrumb\",\"itemListElement\":[{\"@type\":\"ListItem\",\"position\":1,\"name\":\"Home\",\"item\":\"https:\/\/tuzlainfo.ba\/\"},{\"@type\":\"ListItem\",\"position\":2,\"name\":\"Behram-begova biblioteka: Uru\u010deno priznanje &#8221;\u010citalac godine&#8221; za 2021. godinu\"}]},{\"@type\":\"WebSite\",\"@id\":\"https:\/\/tuzlainfo.ba\/#website\",\"url\":\"https:\/\/tuzlainfo.ba\/\",\"name\":\"TuzlaInfo.ba\",\"description\":\"Tuzla info, gradski informator - Tuzla na dlanu\",\"publisher\":{\"@id\":\"https:\/\/tuzlainfo.ba\/#organization\"},\"potentialAction\":[{\"@type\":\"SearchAction\",\"target\":{\"@type\":\"EntryPoint\",\"urlTemplate\":\"https:\/\/tuzlainfo.ba\/?s={search_term_string}\"},\"query-input\":{\"@type\":\"PropertyValueSpecification\",\"valueRequired\":true,\"valueName\":\"search_term_string\"}}],\"inLanguage\":\"bs-BA\"},{\"@type\":\"Organization\",\"@id\":\"https:\/\/tuzlainfo.ba\/#organization\",\"name\":\"TuzlaInfo.ba\",\"url\":\"https:\/\/tuzlainfo.ba\/\",\"logo\":{\"@type\":\"ImageObject\",\"inLanguage\":\"bs-BA\",\"@id\":\"https:\/\/tuzlainfo.ba\/#\/schema\/logo\/image\/\",\"url\":\"https:\/\/tuzlainfo.ba\/wp-content\/uploads\/2021\/03\/logo-ver-3-1.png\",\"contentUrl\":\"https:\/\/tuzlainfo.ba\/wp-content\/uploads\/2021\/03\/logo-ver-3-1.png\",\"width\":350,\"height\":95,\"caption\":\"TuzlaInfo.ba\"},\"image\":{\"@id\":\"https:\/\/tuzlainfo.ba\/#\/schema\/logo\/image\/\"},\"sameAs\":[\"https:\/\/www.facebook.com\/tuzlainfo.ba\/\"]},{\"@type\":\"Person\",\"@id\":\"https:\/\/tuzlainfo.ba\/#\/schema\/person\/46cad4c57790cbc50781edd14870825a\",\"name\":\"Tuzla Info\",\"image\":{\"@type\":\"ImageObject\",\"inLanguage\":\"bs-BA\",\"@id\":\"https:\/\/tuzlainfo.ba\/#\/schema\/person\/image\/\",\"url\":\"https:\/\/tuzlainfo.ba\/wp-content\/litespeed\/avatar\/b6c453a6c38e3654f2e4416c643fc25c.jpg?ver=1777051911\",\"contentUrl\":\"https:\/\/tuzlainfo.ba\/wp-content\/litespeed\/avatar\/b6c453a6c38e3654f2e4416c643fc25c.jpg?ver=1777051911\",\"caption\":\"Tuzla Info\"}}]}<\/script>\n<!-- \/ Yoast SEO plugin. -->","yoast_head_json":{"title":"Behram-begova biblioteka: Uru\u010deno priznanje ''\u010citalac godine'' za 2021. godinu - TuzlaInfo.ba","robots":{"index":"index","follow":"follow","max-snippet":"max-snippet:-1","max-image-preview":"max-image-preview:large","max-video-preview":"max-video-preview:-1"},"canonical":"https:\/\/tuzlainfo.ba\/index.php\/novosti\/item\/161569-behram-begova-biblioteka-uruceno-priznanje-citalac-godine-za-2021-godinu\/","og_locale":"bs_BA","og_type":"article","og_title":"Behram-begova biblioteka: Uru\u010deno priznanje ''\u010citalac godine'' za 2021. godinu - TuzlaInfo.ba","og_description":"U srijedu, 19. januara 2022. godine, u prostorijama Biblioteke &#8221;Behram-beg&#8221; organizovana je dodjela priznanja &#8221;\u010citalac&hellip;","og_url":"https:\/\/tuzlainfo.ba\/index.php\/novosti\/item\/161569-behram-begova-biblioteka-uruceno-priznanje-citalac-godine-za-2021-godinu\/","og_site_name":"TuzlaInfo.ba","article_publisher":"https:\/\/www.facebook.com\/tuzlainfo.ba\/","article_published_time":"2022-01-20T09:00:17+00:00","article_modified_time":"2022-01-20T07:07:51+00:00","og_image":[{"width":1564,"height":1564,"url":"https:\/\/tuzlainfo.ba\/wp-content\/uploads\/2022\/01\/inbound732603346634260967.jpg","type":"image\/jpeg"}],"author":"Tuzla Info","twitter_card":"summary_large_image","twitter_misc":{"Written by":"Tuzla Info","Est. reading time":"1 minuta"},"schema":{"@context":"https:\/\/schema.org","@graph":[{"@type":"Article","@id":"https:\/\/tuzlainfo.ba\/index.php\/novosti\/item\/161569-behram-begova-biblioteka-uruceno-priznanje-citalac-godine-za-2021-godinu\/#article","isPartOf":{"@id":"https:\/\/tuzlainfo.ba\/index.php\/novosti\/item\/161569-behram-begova-biblioteka-uruceno-priznanje-citalac-godine-za-2021-godinu\/"},"author":{"name":"Tuzla Info","@id":"https:\/\/tuzlainfo.ba\/#\/schema\/person\/46cad4c57790cbc50781edd14870825a"},"headline":"Behram-begova biblioteka: Uru\u010deno priznanje &#8221;\u010citalac godine&#8221; za 2021. godinu","datePublished":"2022-01-20T09:00:17+00:00","dateModified":"2022-01-20T07:07:51+00:00","mainEntityOfPage":{"@id":"https:\/\/tuzlainfo.ba\/index.php\/novosti\/item\/161569-behram-begova-biblioteka-uruceno-priznanje-citalac-godine-za-2021-godinu\/"},"wordCount":156,"commentCount":0,"publisher":{"@id":"https:\/\/tuzlainfo.ba\/#organization"},"image":{"@id":"https:\/\/tuzlainfo.ba\/index.php\/novosti\/item\/161569-behram-begova-biblioteka-uruceno-priznanje-citalac-godine-za-2021-godinu\/#primaryimage"},"thumbnailUrl":"https:\/\/tuzlainfo.ba\/wp-content\/uploads\/2022\/01\/inbound732603346634260967.jpg","keywords":["Behram-begova biblioteka","\u010citalac godine"],"articleSection":["Istaknuto","Novosti"],"inLanguage":"bs-BA"},{"@type":"WebPage","@id":"https:\/\/tuzlainfo.ba\/index.php\/novosti\/item\/161569-behram-begova-biblioteka-uruceno-priznanje-citalac-godine-za-2021-godinu\/","url":"https:\/\/tuzlainfo.ba\/index.php\/novosti\/item\/161569-behram-begova-biblioteka-uruceno-priznanje-citalac-godine-za-2021-godinu\/","name":"Behram-begova biblioteka: Uru\u010deno priznanje ''\u010citalac godine'' za 2021. godinu - TuzlaInfo.ba","isPartOf":{"@id":"https:\/\/tuzlainfo.ba\/#website"},"primaryImageOfPage":{"@id":"https:\/\/tuzlainfo.ba\/index.php\/novosti\/item\/161569-behram-begova-biblioteka-uruceno-priznanje-citalac-godine-za-2021-godinu\/#primaryimage"},"image":{"@id":"https:\/\/tuzlainfo.ba\/index.php\/novosti\/item\/161569-behram-begova-biblioteka-uruceno-priznanje-citalac-godine-za-2021-godinu\/#primaryimage"},"thumbnailUrl":"https:\/\/tuzlainfo.ba\/wp-content\/uploads\/2022\/01\/inbound732603346634260967.jpg","datePublished":"2022-01-20T09:00:17+00:00","dateModified":"2022-01-20T07:07:51+00:00","breadcrumb":{"@id":"https:\/\/tuzlainfo.ba\/index.php\/novosti\/item\/161569-behram-begova-biblioteka-uruceno-priznanje-citalac-godine-za-2021-godinu\/#breadcrumb"},"inLanguage":"bs-BA","potentialAction":[{"@type":"ReadAction","target":["https:\/\/tuzlainfo.ba\/index.php\/novosti\/item\/161569-behram-begova-biblioteka-uruceno-priznanje-citalac-godine-za-2021-godinu\/"]}]},{"@type":"ImageObject","inLanguage":"bs-BA","@id":"https:\/\/tuzlainfo.ba\/index.php\/novosti\/item\/161569-behram-begova-biblioteka-uruceno-priznanje-citalac-godine-za-2021-godinu\/#primaryimage","url":"https:\/\/tuzlainfo.ba\/wp-content\/uploads\/2022\/01\/inbound732603346634260967.jpg","contentUrl":"https:\/\/tuzlainfo.ba\/wp-content\/uploads\/2022\/01\/inbound732603346634260967.jpg","width":1564,"height":1564},{"@type":"BreadcrumbList","@id":"https:\/\/tuzlainfo.ba\/index.php\/novosti\/item\/161569-behram-begova-biblioteka-uruceno-priznanje-citalac-godine-za-2021-godinu\/#breadcrumb","itemListElement":[{"@type":"ListItem","position":1,"name":"Home","item":"https:\/\/tuzlainfo.ba\/"},{"@type":"ListItem","position":2,"name":"Behram-begova biblioteka: Uru\u010deno priznanje &#8221;\u010citalac godine&#8221; za 2021. godinu"}]},{"@type":"WebSite","@id":"https:\/\/tuzlainfo.ba\/#website","url":"https:\/\/tuzlainfo.ba\/","name":"TuzlaInfo.ba","description":"Tuzla info, gradski informator - Tuzla na dlanu","publisher":{"@id":"https:\/\/tuzlainfo.ba\/#organization"},"potentialAction":[{"@type":"SearchAction","target":{"@type":"EntryPoint","urlTemplate":"https:\/\/tuzlainfo.ba\/?s={search_term_string}"},"query-input":{"@type":"PropertyValueSpecification","valueRequired":true,"valueName":"search_term_string"}}],"inLanguage":"bs-BA"},{"@type":"Organization","@id":"https:\/\/tuzlainfo.ba\/#organization","name":"TuzlaInfo.ba","url":"https:\/\/tuzlainfo.ba\/","logo":{"@type":"ImageObject","inLanguage":"bs-BA","@id":"https:\/\/tuzlainfo.ba\/#\/schema\/logo\/image\/","url":"https:\/\/tuzlainfo.ba\/wp-content\/uploads\/2021\/03\/logo-ver-3-1.png","contentUrl":"https:\/\/tuzlainfo.ba\/wp-content\/uploads\/2021\/03\/logo-ver-3-1.png","width":350,"height":95,"caption":"TuzlaInfo.ba"},"image":{"@id":"https:\/\/tuzlainfo.ba\/#\/schema\/logo\/image\/"},"sameAs":["https:\/\/www.facebook.com\/tuzlainfo.ba\/"]},{"@type":"Person","@id":"https:\/\/tuzlainfo.ba\/#\/schema\/person\/46cad4c57790cbc50781edd14870825a","name":"Tuzla Info","image":{"@type":"ImageObject","inLanguage":"bs-BA","@id":"https:\/\/tuzlainfo.ba\/#\/schema\/person\/image\/","url":"https:\/\/tuzlainfo.ba\/wp-content\/litespeed\/avatar\/b6c453a6c38e3654f2e4416c643fc25c.jpg?ver=1777051911","contentUrl":"https:\/\/tuzlainfo.ba\/wp-content\/litespeed\/avatar\/b6c453a6c38e3654f2e4416c643fc25c.jpg?ver=1777051911","caption":"Tuzla Info"}}]}},"_links":{"self":[{"href":"https:\/\/tuzlainfo.ba\/index.php\/wp-json\/wp\/v2\/posts\/161569"}],"collection":[{"href":"https:\/\/tuzlainfo.ba\/index.php\/wp-json\/wp\/v2\/posts"}],"about":[{"href":"https:\/\/tuzlainfo.ba\/index.php\/wp-json\/wp\/v2\/types\/post"}],"author":[{"embeddable":true,"href":"https:\/\/tuzlainfo.ba\/index.php\/wp-json\/wp\/v2\/users\/4"}],"replies":[{"embeddable":true,"href":"https:\/\/tuzlainfo.ba\/index.php\/wp-json\/wp\/v2\/comments?post=161569"}],"version-history":[{"count":0,"href":"https:\/\/tuzlainfo.ba\/index.php\/wp-json\/wp\/v2\/posts\/161569\/revisions"}],"wp:featuredmedia":[{"embeddable":true,"href":"https:\/\/tuzlainfo.ba\/index.php\/wp-json\/wp\/v2\/media\/161570"}],"wp:attachment":[{"href":"https:\/\/tuzlainfo.ba\/index.php\/wp-json\/wp\/v2\/media?parent=161569"}],"wp:term":[{"taxonomy":"category","embeddable":true,"href":"https:\/\/tuzlainfo.ba\/index.php\/wp-json\/wp\/v2\/categories?post=161569"},{"taxonomy":"post_tag","embeddable":true,"href":"https:\/\/tuzlainfo.ba\/index.php\/wp-json\/wp\/v2\/tags?post=161569"}],"curies":[{"name":"wp","href":"https:\/\/api.w.org\/{rel}","templated":true}]}}