{"id":160891,"date":"2022-01-11T18:01:55","date_gmt":"2022-01-11T17:01:55","guid":{"rendered":"https:\/\/tuzlainfo.ba\/?p=160891"},"modified":"2022-01-11T14:56:55","modified_gmt":"2022-01-11T13:56:55","slug":"pomoc-za-socijalne-kategorije-u-tk-djeciji-dodatak-30-km-djetetu-15-km-za-dan-redovnog-prisustva-nastavi","status":"publish","type":"post","link":"https:\/\/tuzlainfo.ba\/index.php\/novosti\/item\/160891-pomoc-za-socijalne-kategorije-u-tk-djeciji-dodatak-30-km-djetetu-15-km-za-dan-redovnog-prisustva-nastavi\/","title":{"rendered":"Pomo\u0107 za socijalne kategorije u TK: Dje\u010diji dodatak 30 KM, djetetu 1,5 KM za dan redovnog prisustva nastavi"},"content":{"rendered":"<p>Vlada Tuzlanskog kantona danas je donijela niz odluka iz oblasti socijalne za\u0161tite.<\/p>\n<p>Jednom od odluka utvr\u0111en je iznos dje\u010dijeg dodatka za djecu iz porodica u kojima mjese\u010dni prihod po \u010dlanu doma\u0107instva ne prelazi 7% prosje\u010dne plate u Tuzlanskom kantonu iz 2021. godine, u visini od 30 KM po jednom djetetu mjese\u010dno, izuzimaju\u0107i porodice sa troje i vi\u0161e djece za koje se dje\u010diji dodatak utvr\u0111uje u visini od 48 KM mjese\u010dno po svakom djetetu iz te porodice. Odluka stupa na snagu danom dono\u0161enja, a primjenjivat \u0107e se od 01.01.2022. godine do 31.12.2022. godine i bit \u0107e objavljena u \u201eSlu\u017ebenim novinama Tuzlanskog kantona\u201c.<\/p>\n<p>Vlada je tako\u0111er donijela Odluku o visini jednokratne nov\u010dane pomo\u0107i za opremu novoro\u0111enog djeteta. Odlukom je utvr\u0111ena jednokratna nov\u010dana pomo\u0107 za opremu novoro\u0111enog djeteta u visini od 20% prosje\u010dne pla\u0107e u Tuzlanskom kantonu za prvih deset mjeseci 2021. godine u iznosu od 180 KM. Zahtjev za ostvarivanje prava se mo\u017ee podnijeti u roku od \u0161est mjeseci od dana ro\u0111enja<\/p>\n<p>djeteta. Pravo na jednokratnu pomo\u0107 imaju porodice \u010diji mjese\u010dni prihod po \u010dlanu doma\u0107instva ne prelazi iznos od 25% prosje\u010dne pla\u0107e u Tuzlanskom kantonu iz 2021. godine.<\/p>\n<p>Budu\u0107i da je pomo\u0107 nezaposlenim majkama porodiljama neophodna radi poja\u010dane ishrane za majke porodilje i pravilnog procesa odrastanja djece u periodu dojenjaVlada TK donijela je Odluku o utvr\u0111ivanju nov\u010dane pomo\u0107i u prehrani djeteta do \u0161est mjeseci. Ovim je utvr\u0111en iznos nov\u010dane pomo\u0107i na ime prehrane djeteta do \u0161est mjeseci za nezaposlene majke porodilje \u010diji prihod po \u010dlanu doma\u0107instva ne prelazi iznos od 25% prosje\u010dne pla\u0107e u Tuzlanskom kantonu iz 2021. godine, u visini od 90 KM mjese\u010dno po djetetu. Pravo iz prethodnog stava ispla\u010divat \u0107e se u trajanju od maksimalno \u0161est mjeseci, a zahtjev za ostvarivanje prava se mo\u017ee podnijeti u roku od \u0161est mjeseci od dana ro\u0111enja djeteta.<\/p>\n<p>Vlada TK utvrdila je iznos jednokratne nov\u010dane pomo\u0107i za roditelje sa troje i vi\u0161e djece u visini od 1.500 KM. Pravo na jednokratnu pomo\u0107 mogu ostvariti roditelji za tre\u0107e i svako slijede\u0107e dijete ro\u0111eno u 2022. godini. Prema Zakonu o socijalnoj za\u0161titi, za\u0161titi civilnih \u017ertava rata i za\u0161titi porodice sa djecom Tuzlanskog kantona propisano je da se jednokratna nov\u010dana pomo\u0107 za roditelje sa troje i vi\u0161e djece ostvaruje u visini koja ne mo\u017ee biti manja od prosje\u010dne pla\u0107e u Tuzlanskom kantonu iz prethodne godine, te da navedeno pravo mogu ostvariti roditelji za tre\u0107e i svako slijede\u0107e dijete ro\u0111eno u kalendarskoj godini za koju su obezbje\u0111ena sredstva u bud\u017eetu TK.<\/p>\n<p>Vlada je utvrdila visinu naknade za obrok u vrijeme nastave u \u0161kolama osnovnog obrazovanja za djecu iz porodica koje su se na\u0161le u stanju socijalne potrebe u iznosu od 1,5 KM po djetetu po danu redovnog prisustva nastavi.<\/p>\n<p>Pravo na iznos imaju djeca iz porodica koje su se na\u0161le u stanju socijalne potrebe, odnosno djeca \u010diji su roditelji korisnici stalne nov\u010dane pomo\u0107i, djeca \u010diji su roditelji materijalno neosigurani i za rad nesposobni, te\u0161kog zdravstvenog stanja, samohrani roditelji, a isti ne ostvaruju prihode od kojih bi se izdr\u017eavali ili postoje drugi uzroci koji su doveli do toga da se nalaze u te\u0161kom stanju socijalne potrebe, a prema ocjeni centra za socijalni rad. Naknada se ne ispla\u0107uje za vrijeme raspusta u \u0161kolama.<\/p>\n<p>Vlada je tako\u0111er utvrdila visinu naknade za izdr\u017eavanje hranjenika u tradicionalnom hraniteljstvu u iznosu od 31,60 % prosje\u010dne plate u Federaciji BiH za prvih deset mjeseci 2021. godine odnosno 312 KM. Zakon o hraniteljstvu u Federaciji BiH odredio je najmanji iznos naknada na nivou<\/p>\n<p>Federacije, odnosno propisan je iznos naknade za izdr\u017eavanje hranjenika \u201enajmanje 30% od osnovice (prosje\u010dna plata u FBiH za prethodnu godinu)&#8230;.\u201c. Prema Zakonu o socijalnoj za\u0161titi, za\u0161titi civilnih \u017ertava rata i za\u0161tite porodice sa djecom TK Odlukom Vlade Tuzlanskog kantona, predlo\u017eena je visina naknade za izdr\u017eavanje hranjenika u tradicionalnom hraniteljstvu za 2022. godinu u iznosu od 31,60 % prosje\u010dne plate u FBiH za deset mjeseci 2021. godine (988,40 KM) odnosno 312 KM.<\/p>\n","protected":false},"excerpt":{"rendered":"<p>Vlada Tuzlanskog kantona danas je donijela niz odluka iz oblasti socijalne za\u0161tite. Jednom od odluka&hellip;<\/p>\n","protected":false},"author":2,"featured_media":66441,"comment_status":"open","ping_status":"closed","sticky":false,"template":"","format":"standard","meta":{"_acf_changed":false,"footnotes":""},"categories":[12],"tags":[3901],"acf":[],"yoast_head":"<!-- This site is optimized with the Yoast SEO plugin v23.5 - https:\/\/yoast.com\/wordpress\/plugins\/seo\/ -->\n<title>Pomo\u0107 za socijalne kategorije u TK: Dje\u010diji dodatak 30 KM, djetetu 1,5 KM za dan redovnog prisustva nastavi - TuzlaInfo.ba<\/title>\n<meta name=\"robots\" content=\"index, follow, max-snippet:-1, max-image-preview:large, max-video-preview:-1\" \/>\n<link rel=\"canonical\" href=\"https:\/\/tuzlainfo.ba\/index.php\/novosti\/item\/160891-pomoc-za-socijalne-kategorije-u-tk-djeciji-dodatak-30-km-djetetu-15-km-za-dan-redovnog-prisustva-nastavi\/\" \/>\n<meta property=\"og:locale\" content=\"bs_BA\" \/>\n<meta property=\"og:type\" content=\"article\" \/>\n<meta property=\"og:title\" content=\"Pomo\u0107 za socijalne kategorije u TK: Dje\u010diji dodatak 30 KM, djetetu 1,5 KM za dan redovnog prisustva nastavi - TuzlaInfo.ba\" \/>\n<meta property=\"og:description\" content=\"Vlada Tuzlanskog kantona danas je donijela niz odluka iz oblasti socijalne za\u0161tite. Jednom od odluka&hellip;\" \/>\n<meta property=\"og:url\" content=\"https:\/\/tuzlainfo.ba\/index.php\/novosti\/item\/160891-pomoc-za-socijalne-kategorije-u-tk-djeciji-dodatak-30-km-djetetu-15-km-za-dan-redovnog-prisustva-nastavi\/\" \/>\n<meta property=\"og:site_name\" content=\"TuzlaInfo.ba\" \/>\n<meta property=\"article:publisher\" content=\"https:\/\/www.facebook.com\/tuzlainfo.ba\/\" \/>\n<meta property=\"article:published_time\" content=\"2022-01-11T17:01:55+00:00\" \/>\n<meta property=\"article:modified_time\" content=\"2022-01-11T13:56:55+00:00\" \/>\n<meta property=\"og:image\" content=\"https:\/\/tuzlainfo.ba\/wp-content\/uploads\/2018\/12\/sadrzaj_2018_20181201_2012_novac.jpg\" \/>\n\t<meta property=\"og:image:width\" content=\"770\" \/>\n\t<meta property=\"og:image:height\" content=\"376\" \/>\n\t<meta property=\"og:image:type\" content=\"image\/jpeg\" \/>\n<meta name=\"author\" content=\"nedim\" \/>\n<meta name=\"twitter:card\" content=\"summary_large_image\" \/>\n<meta name=\"twitter:label1\" content=\"Written by\" \/>\n\t<meta name=\"twitter:data1\" content=\"nedim\" \/>\n\t<meta name=\"twitter:label2\" content=\"Est. reading time\" \/>\n\t<meta name=\"twitter:data2\" content=\"3 minute\" \/>\n<script type=\"application\/ld+json\" class=\"yoast-schema-graph\">{\"@context\":\"https:\/\/schema.org\",\"@graph\":[{\"@type\":\"Article\",\"@id\":\"https:\/\/tuzlainfo.ba\/index.php\/novosti\/item\/160891-pomoc-za-socijalne-kategorije-u-tk-djeciji-dodatak-30-km-djetetu-15-km-za-dan-redovnog-prisustva-nastavi\/#article\",\"isPartOf\":{\"@id\":\"https:\/\/tuzlainfo.ba\/index.php\/novosti\/item\/160891-pomoc-za-socijalne-kategorije-u-tk-djeciji-dodatak-30-km-djetetu-15-km-za-dan-redovnog-prisustva-nastavi\/\"},\"author\":{\"name\":\"nedim\",\"@id\":\"https:\/\/tuzlainfo.ba\/#\/schema\/person\/f434e20dc27ea133923aab08451b7f7f\"},\"headline\":\"Pomo\u0107 za socijalne kategorije u TK: Dje\u010diji dodatak 30 KM, djetetu 1,5 KM za dan redovnog prisustva nastavi\",\"datePublished\":\"2022-01-11T17:01:55+00:00\",\"dateModified\":\"2022-01-11T13:56:55+00:00\",\"mainEntityOfPage\":{\"@id\":\"https:\/\/tuzlainfo.ba\/index.php\/novosti\/item\/160891-pomoc-za-socijalne-kategorije-u-tk-djeciji-dodatak-30-km-djetetu-15-km-za-dan-redovnog-prisustva-nastavi\/\"},\"wordCount\":710,\"commentCount\":0,\"publisher\":{\"@id\":\"https:\/\/tuzlainfo.ba\/#organization\"},\"image\":{\"@id\":\"https:\/\/tuzlainfo.ba\/index.php\/novosti\/item\/160891-pomoc-za-socijalne-kategorije-u-tk-djeciji-dodatak-30-km-djetetu-15-km-za-dan-redovnog-prisustva-nastavi\/#primaryimage\"},\"thumbnailUrl\":\"https:\/\/tuzlainfo.ba\/wp-content\/uploads\/2018\/12\/sadrzaj_2018_20181201_2012_novac.jpg\",\"keywords\":[\"socijalna pomo\u0107 tk\"],\"articleSection\":[\"Novosti\"],\"inLanguage\":\"bs-BA\"},{\"@type\":\"WebPage\",\"@id\":\"https:\/\/tuzlainfo.ba\/index.php\/novosti\/item\/160891-pomoc-za-socijalne-kategorije-u-tk-djeciji-dodatak-30-km-djetetu-15-km-za-dan-redovnog-prisustva-nastavi\/\",\"url\":\"https:\/\/tuzlainfo.ba\/index.php\/novosti\/item\/160891-pomoc-za-socijalne-kategorije-u-tk-djeciji-dodatak-30-km-djetetu-15-km-za-dan-redovnog-prisustva-nastavi\/\",\"name\":\"Pomo\u0107 za socijalne kategorije u TK: Dje\u010diji dodatak 30 KM, djetetu 1,5 KM za dan redovnog prisustva nastavi - TuzlaInfo.ba\",\"isPartOf\":{\"@id\":\"https:\/\/tuzlainfo.ba\/#website\"},\"primaryImageOfPage\":{\"@id\":\"https:\/\/tuzlainfo.ba\/index.php\/novosti\/item\/160891-pomoc-za-socijalne-kategorije-u-tk-djeciji-dodatak-30-km-djetetu-15-km-za-dan-redovnog-prisustva-nastavi\/#primaryimage\"},\"image\":{\"@id\":\"https:\/\/tuzlainfo.ba\/index.php\/novosti\/item\/160891-pomoc-za-socijalne-kategorije-u-tk-djeciji-dodatak-30-km-djetetu-15-km-za-dan-redovnog-prisustva-nastavi\/#primaryimage\"},\"thumbnailUrl\":\"https:\/\/tuzlainfo.ba\/wp-content\/uploads\/2018\/12\/sadrzaj_2018_20181201_2012_novac.jpg\",\"datePublished\":\"2022-01-11T17:01:55+00:00\",\"dateModified\":\"2022-01-11T13:56:55+00:00\",\"breadcrumb\":{\"@id\":\"https:\/\/tuzlainfo.ba\/index.php\/novosti\/item\/160891-pomoc-za-socijalne-kategorije-u-tk-djeciji-dodatak-30-km-djetetu-15-km-za-dan-redovnog-prisustva-nastavi\/#breadcrumb\"},\"inLanguage\":\"bs-BA\",\"potentialAction\":[{\"@type\":\"ReadAction\",\"target\":[\"https:\/\/tuzlainfo.ba\/index.php\/novosti\/item\/160891-pomoc-za-socijalne-kategorije-u-tk-djeciji-dodatak-30-km-djetetu-15-km-za-dan-redovnog-prisustva-nastavi\/\"]}]},{\"@type\":\"ImageObject\",\"inLanguage\":\"bs-BA\",\"@id\":\"https:\/\/tuzlainfo.ba\/index.php\/novosti\/item\/160891-pomoc-za-socijalne-kategorije-u-tk-djeciji-dodatak-30-km-djetetu-15-km-za-dan-redovnog-prisustva-nastavi\/#primaryimage\",\"url\":\"https:\/\/tuzlainfo.ba\/wp-content\/uploads\/2018\/12\/sadrzaj_2018_20181201_2012_novac.jpg\",\"contentUrl\":\"https:\/\/tuzlainfo.ba\/wp-content\/uploads\/2018\/12\/sadrzaj_2018_20181201_2012_novac.jpg\",\"width\":770,\"height\":376,\"caption\":\"2012 novac\"},{\"@type\":\"BreadcrumbList\",\"@id\":\"https:\/\/tuzlainfo.ba\/index.php\/novosti\/item\/160891-pomoc-za-socijalne-kategorije-u-tk-djeciji-dodatak-30-km-djetetu-15-km-za-dan-redovnog-prisustva-nastavi\/#breadcrumb\",\"itemListElement\":[{\"@type\":\"ListItem\",\"position\":1,\"name\":\"Home\",\"item\":\"https:\/\/tuzlainfo.ba\/\"},{\"@type\":\"ListItem\",\"position\":2,\"name\":\"Pomo\u0107 za socijalne kategorije u TK: Dje\u010diji dodatak 30 KM, djetetu 1,5 KM za dan redovnog prisustva nastavi\"}]},{\"@type\":\"WebSite\",\"@id\":\"https:\/\/tuzlainfo.ba\/#website\",\"url\":\"https:\/\/tuzlainfo.ba\/\",\"name\":\"TuzlaInfo.ba\",\"description\":\"Tuzla info, gradski informator - Tuzla na dlanu\",\"publisher\":{\"@id\":\"https:\/\/tuzlainfo.ba\/#organization\"},\"potentialAction\":[{\"@type\":\"SearchAction\",\"target\":{\"@type\":\"EntryPoint\",\"urlTemplate\":\"https:\/\/tuzlainfo.ba\/?s={search_term_string}\"},\"query-input\":{\"@type\":\"PropertyValueSpecification\",\"valueRequired\":true,\"valueName\":\"search_term_string\"}}],\"inLanguage\":\"bs-BA\"},{\"@type\":\"Organization\",\"@id\":\"https:\/\/tuzlainfo.ba\/#organization\",\"name\":\"TuzlaInfo.ba\",\"url\":\"https:\/\/tuzlainfo.ba\/\",\"logo\":{\"@type\":\"ImageObject\",\"inLanguage\":\"bs-BA\",\"@id\":\"https:\/\/tuzlainfo.ba\/#\/schema\/logo\/image\/\",\"url\":\"https:\/\/tuzlainfo.ba\/wp-content\/uploads\/2021\/03\/logo-ver-3-1.png\",\"contentUrl\":\"https:\/\/tuzlainfo.ba\/wp-content\/uploads\/2021\/03\/logo-ver-3-1.png\",\"width\":350,\"height\":95,\"caption\":\"TuzlaInfo.ba\"},\"image\":{\"@id\":\"https:\/\/tuzlainfo.ba\/#\/schema\/logo\/image\/\"},\"sameAs\":[\"https:\/\/www.facebook.com\/tuzlainfo.ba\/\"]},{\"@type\":\"Person\",\"@id\":\"https:\/\/tuzlainfo.ba\/#\/schema\/person\/f434e20dc27ea133923aab08451b7f7f\",\"name\":\"nedim\",\"image\":{\"@type\":\"ImageObject\",\"inLanguage\":\"bs-BA\",\"@id\":\"https:\/\/tuzlainfo.ba\/#\/schema\/person\/image\/\",\"url\":\"https:\/\/tuzlainfo.ba\/wp-content\/litespeed\/avatar\/aabad687af24844af817603ac1cbdc4f.jpg?ver=1776702173\",\"contentUrl\":\"https:\/\/tuzlainfo.ba\/wp-content\/litespeed\/avatar\/aabad687af24844af817603ac1cbdc4f.jpg?ver=1776702173\",\"caption\":\"nedim\"},\"description\":\"Tuzlainfo.ba pratite na dru\u0161tvenim mre\u017eama: Facebook, Instagram i Youtube. Svoje pri\u010de, upite i fotografije \u0161aljite na na\u0161u e-mail adresu.\"}]}<\/script>\n<!-- \/ Yoast SEO plugin. -->","yoast_head_json":{"title":"Pomo\u0107 za socijalne kategorije u TK: Dje\u010diji dodatak 30 KM, djetetu 1,5 KM za dan redovnog prisustva nastavi - TuzlaInfo.ba","robots":{"index":"index","follow":"follow","max-snippet":"max-snippet:-1","max-image-preview":"max-image-preview:large","max-video-preview":"max-video-preview:-1"},"canonical":"https:\/\/tuzlainfo.ba\/index.php\/novosti\/item\/160891-pomoc-za-socijalne-kategorije-u-tk-djeciji-dodatak-30-km-djetetu-15-km-za-dan-redovnog-prisustva-nastavi\/","og_locale":"bs_BA","og_type":"article","og_title":"Pomo\u0107 za socijalne kategorije u TK: Dje\u010diji dodatak 30 KM, djetetu 1,5 KM za dan redovnog prisustva nastavi - TuzlaInfo.ba","og_description":"Vlada Tuzlanskog kantona danas je donijela niz odluka iz oblasti socijalne za\u0161tite. Jednom od odluka&hellip;","og_url":"https:\/\/tuzlainfo.ba\/index.php\/novosti\/item\/160891-pomoc-za-socijalne-kategorije-u-tk-djeciji-dodatak-30-km-djetetu-15-km-za-dan-redovnog-prisustva-nastavi\/","og_site_name":"TuzlaInfo.ba","article_publisher":"https:\/\/www.facebook.com\/tuzlainfo.ba\/","article_published_time":"2022-01-11T17:01:55+00:00","article_modified_time":"2022-01-11T13:56:55+00:00","og_image":[{"width":770,"height":376,"url":"https:\/\/tuzlainfo.ba\/wp-content\/uploads\/2018\/12\/sadrzaj_2018_20181201_2012_novac.jpg","type":"image\/jpeg"}],"author":"nedim","twitter_card":"summary_large_image","twitter_misc":{"Written by":"nedim","Est. reading time":"3 minute"},"schema":{"@context":"https:\/\/schema.org","@graph":[{"@type":"Article","@id":"https:\/\/tuzlainfo.ba\/index.php\/novosti\/item\/160891-pomoc-za-socijalne-kategorije-u-tk-djeciji-dodatak-30-km-djetetu-15-km-za-dan-redovnog-prisustva-nastavi\/#article","isPartOf":{"@id":"https:\/\/tuzlainfo.ba\/index.php\/novosti\/item\/160891-pomoc-za-socijalne-kategorije-u-tk-djeciji-dodatak-30-km-djetetu-15-km-za-dan-redovnog-prisustva-nastavi\/"},"author":{"name":"nedim","@id":"https:\/\/tuzlainfo.ba\/#\/schema\/person\/f434e20dc27ea133923aab08451b7f7f"},"headline":"Pomo\u0107 za socijalne kategorije u TK: Dje\u010diji dodatak 30 KM, djetetu 1,5 KM za dan redovnog prisustva nastavi","datePublished":"2022-01-11T17:01:55+00:00","dateModified":"2022-01-11T13:56:55+00:00","mainEntityOfPage":{"@id":"https:\/\/tuzlainfo.ba\/index.php\/novosti\/item\/160891-pomoc-za-socijalne-kategorije-u-tk-djeciji-dodatak-30-km-djetetu-15-km-za-dan-redovnog-prisustva-nastavi\/"},"wordCount":710,"commentCount":0,"publisher":{"@id":"https:\/\/tuzlainfo.ba\/#organization"},"image":{"@id":"https:\/\/tuzlainfo.ba\/index.php\/novosti\/item\/160891-pomoc-za-socijalne-kategorije-u-tk-djeciji-dodatak-30-km-djetetu-15-km-za-dan-redovnog-prisustva-nastavi\/#primaryimage"},"thumbnailUrl":"https:\/\/tuzlainfo.ba\/wp-content\/uploads\/2018\/12\/sadrzaj_2018_20181201_2012_novac.jpg","keywords":["socijalna pomo\u0107 tk"],"articleSection":["Novosti"],"inLanguage":"bs-BA"},{"@type":"WebPage","@id":"https:\/\/tuzlainfo.ba\/index.php\/novosti\/item\/160891-pomoc-za-socijalne-kategorije-u-tk-djeciji-dodatak-30-km-djetetu-15-km-za-dan-redovnog-prisustva-nastavi\/","url":"https:\/\/tuzlainfo.ba\/index.php\/novosti\/item\/160891-pomoc-za-socijalne-kategorije-u-tk-djeciji-dodatak-30-km-djetetu-15-km-za-dan-redovnog-prisustva-nastavi\/","name":"Pomo\u0107 za socijalne kategorije u TK: Dje\u010diji dodatak 30 KM, djetetu 1,5 KM za dan redovnog prisustva nastavi - TuzlaInfo.ba","isPartOf":{"@id":"https:\/\/tuzlainfo.ba\/#website"},"primaryImageOfPage":{"@id":"https:\/\/tuzlainfo.ba\/index.php\/novosti\/item\/160891-pomoc-za-socijalne-kategorije-u-tk-djeciji-dodatak-30-km-djetetu-15-km-za-dan-redovnog-prisustva-nastavi\/#primaryimage"},"image":{"@id":"https:\/\/tuzlainfo.ba\/index.php\/novosti\/item\/160891-pomoc-za-socijalne-kategorije-u-tk-djeciji-dodatak-30-km-djetetu-15-km-za-dan-redovnog-prisustva-nastavi\/#primaryimage"},"thumbnailUrl":"https:\/\/tuzlainfo.ba\/wp-content\/uploads\/2018\/12\/sadrzaj_2018_20181201_2012_novac.jpg","datePublished":"2022-01-11T17:01:55+00:00","dateModified":"2022-01-11T13:56:55+00:00","breadcrumb":{"@id":"https:\/\/tuzlainfo.ba\/index.php\/novosti\/item\/160891-pomoc-za-socijalne-kategorije-u-tk-djeciji-dodatak-30-km-djetetu-15-km-za-dan-redovnog-prisustva-nastavi\/#breadcrumb"},"inLanguage":"bs-BA","potentialAction":[{"@type":"ReadAction","target":["https:\/\/tuzlainfo.ba\/index.php\/novosti\/item\/160891-pomoc-za-socijalne-kategorije-u-tk-djeciji-dodatak-30-km-djetetu-15-km-za-dan-redovnog-prisustva-nastavi\/"]}]},{"@type":"ImageObject","inLanguage":"bs-BA","@id":"https:\/\/tuzlainfo.ba\/index.php\/novosti\/item\/160891-pomoc-za-socijalne-kategorije-u-tk-djeciji-dodatak-30-km-djetetu-15-km-za-dan-redovnog-prisustva-nastavi\/#primaryimage","url":"https:\/\/tuzlainfo.ba\/wp-content\/uploads\/2018\/12\/sadrzaj_2018_20181201_2012_novac.jpg","contentUrl":"https:\/\/tuzlainfo.ba\/wp-content\/uploads\/2018\/12\/sadrzaj_2018_20181201_2012_novac.jpg","width":770,"height":376,"caption":"2012 novac"},{"@type":"BreadcrumbList","@id":"https:\/\/tuzlainfo.ba\/index.php\/novosti\/item\/160891-pomoc-za-socijalne-kategorije-u-tk-djeciji-dodatak-30-km-djetetu-15-km-za-dan-redovnog-prisustva-nastavi\/#breadcrumb","itemListElement":[{"@type":"ListItem","position":1,"name":"Home","item":"https:\/\/tuzlainfo.ba\/"},{"@type":"ListItem","position":2,"name":"Pomo\u0107 za socijalne kategorije u TK: Dje\u010diji dodatak 30 KM, djetetu 1,5 KM za dan redovnog prisustva nastavi"}]},{"@type":"WebSite","@id":"https:\/\/tuzlainfo.ba\/#website","url":"https:\/\/tuzlainfo.ba\/","name":"TuzlaInfo.ba","description":"Tuzla info, gradski informator - Tuzla na dlanu","publisher":{"@id":"https:\/\/tuzlainfo.ba\/#organization"},"potentialAction":[{"@type":"SearchAction","target":{"@type":"EntryPoint","urlTemplate":"https:\/\/tuzlainfo.ba\/?s={search_term_string}"},"query-input":{"@type":"PropertyValueSpecification","valueRequired":true,"valueName":"search_term_string"}}],"inLanguage":"bs-BA"},{"@type":"Organization","@id":"https:\/\/tuzlainfo.ba\/#organization","name":"TuzlaInfo.ba","url":"https:\/\/tuzlainfo.ba\/","logo":{"@type":"ImageObject","inLanguage":"bs-BA","@id":"https:\/\/tuzlainfo.ba\/#\/schema\/logo\/image\/","url":"https:\/\/tuzlainfo.ba\/wp-content\/uploads\/2021\/03\/logo-ver-3-1.png","contentUrl":"https:\/\/tuzlainfo.ba\/wp-content\/uploads\/2021\/03\/logo-ver-3-1.png","width":350,"height":95,"caption":"TuzlaInfo.ba"},"image":{"@id":"https:\/\/tuzlainfo.ba\/#\/schema\/logo\/image\/"},"sameAs":["https:\/\/www.facebook.com\/tuzlainfo.ba\/"]},{"@type":"Person","@id":"https:\/\/tuzlainfo.ba\/#\/schema\/person\/f434e20dc27ea133923aab08451b7f7f","name":"nedim","image":{"@type":"ImageObject","inLanguage":"bs-BA","@id":"https:\/\/tuzlainfo.ba\/#\/schema\/person\/image\/","url":"https:\/\/tuzlainfo.ba\/wp-content\/litespeed\/avatar\/aabad687af24844af817603ac1cbdc4f.jpg?ver=1776702173","contentUrl":"https:\/\/tuzlainfo.ba\/wp-content\/litespeed\/avatar\/aabad687af24844af817603ac1cbdc4f.jpg?ver=1776702173","caption":"nedim"},"description":"Tuzlainfo.ba pratite na dru\u0161tvenim mre\u017eama: Facebook, Instagram i Youtube. Svoje pri\u010de, upite i fotografije \u0161aljite na na\u0161u e-mail adresu."}]}},"_links":{"self":[{"href":"https:\/\/tuzlainfo.ba\/index.php\/wp-json\/wp\/v2\/posts\/160891"}],"collection":[{"href":"https:\/\/tuzlainfo.ba\/index.php\/wp-json\/wp\/v2\/posts"}],"about":[{"href":"https:\/\/tuzlainfo.ba\/index.php\/wp-json\/wp\/v2\/types\/post"}],"author":[{"embeddable":true,"href":"https:\/\/tuzlainfo.ba\/index.php\/wp-json\/wp\/v2\/users\/2"}],"replies":[{"embeddable":true,"href":"https:\/\/tuzlainfo.ba\/index.php\/wp-json\/wp\/v2\/comments?post=160891"}],"version-history":[{"count":0,"href":"https:\/\/tuzlainfo.ba\/index.php\/wp-json\/wp\/v2\/posts\/160891\/revisions"}],"wp:featuredmedia":[{"embeddable":true,"href":"https:\/\/tuzlainfo.ba\/index.php\/wp-json\/wp\/v2\/media\/66441"}],"wp:attachment":[{"href":"https:\/\/tuzlainfo.ba\/index.php\/wp-json\/wp\/v2\/media?parent=160891"}],"wp:term":[{"taxonomy":"category","embeddable":true,"href":"https:\/\/tuzlainfo.ba\/index.php\/wp-json\/wp\/v2\/categories?post=160891"},{"taxonomy":"post_tag","embeddable":true,"href":"https:\/\/tuzlainfo.ba\/index.php\/wp-json\/wp\/v2\/tags?post=160891"}],"curies":[{"name":"wp","href":"https:\/\/api.w.org\/{rel}","templated":true}]}}