{"id":160871,"date":"2022-01-11T10:30:47","date_gmt":"2022-01-11T09:30:47","guid":{"rendered":"https:\/\/tuzlainfo.ba\/?p=160871"},"modified":"2022-01-11T08:52:02","modified_gmt":"2022-01-11T07:52:02","slug":"fbih-utvrdjena-visina-naknada-za-obnovljive-izvore-energije","status":"publish","type":"post","link":"https:\/\/tuzlainfo.ba\/index.php\/bosna-i-hercegovina\/item\/160871-fbih-utvrdjena-visina-naknada-za-obnovljive-izvore-energije\/","title":{"rendered":"FBIH: Utvr\u0111ena visina naknada za obnovljive izvore energije"},"content":{"rendered":"<p>Vlada Federacije BiH je u ponedeljak, 10. januara, donijela Odluku kojom se utvr\u0111uju ukupni iznos sredstava, odnosno potrebni iznos naknade za podsticanje proizvodnje iz obnovljivih izvora energije i efikasne kogeneracije za 2022. godinu i jedini\u010dni iznos naknade za podsticanje proizvodnje elektri\u010dne energije iz OIEiEK za 2022. godinu.<\/p>\n<p>Ova odluka je u skladu sa Uredbom o podsticanju proizvodnje elektri\u010dne energije iz obnovljivih izvora energije i efikasne kogeneracije i odre\u0111ivanju naknada za podsticanje, Odlukom o davanju saglasnosti na garantovane otkupne cijene elektri\u010dne energije iz postrojenja za kori\u0161tenje obnovljivih izvora energije i efikasne kogeneracije i Odlukom Regulatorne komisije za energiju u FBiH o referentnoj cijeni elektri\u010dne energije, saoop\u0161teno je iz Vlade FBiH.<\/p>\n<p>Ukupni iznos sredstava, odnosno potrebni iznos naknade za podsticanje proizvodnje iz obnovljivih izvora energije i efikasne kogeneracije u 2022. godini utvr\u0111en je u visini od 25.273.102 KM.<\/p>\n<p>Jedini\u010dni iznos naknade za podsticanje proizvodnje elektri\u010dne energije iz obnovljivih izvora energije i efikasne kogeneracije za 2022. godinu utvr\u0111en je u visini od <b>0,0042 KM\/kWh, bez PDV-a.<\/b><\/p>\n<p>Naknadu za podsticanje proizvodnje iz obnovljivih izvora energije i efikasne kogeneracije, koja predstavlja proizvod jedini\u010dne naknade i ukupno obra\u010dunate potro\u0161nje aktivne elektri\u010dne energije u kWh, pla\u0107aju svi krajnji kupci elektri\u010dne energije u FBiH i ona se iskazuje kao posebna stavka na ra\u010dunu za elektri\u010dnu energiju.<\/p>\n<p>Sredstva prikupljena po osnovu naknade za podsticanje su prihod Operatora za OIEiEK kojima on raspola\u017ee i koristi ih za isplatu podsticajnog dijela iz garantovane cijene za proizvedenu elektri\u010dnu energiju privilegovanih proizvo\u0111a\u010da, pokrivanje\/finansiranje tro\u0161kova rada Operatora za OIEiEK i za pla\u0107anje\/pokrivanje tro\u0161kova uravnote\u017eenja\/balansiranja elektroenergetskog sistema nastalih zbog odstupanja u vrijednostima planirane i proizvedene elektri\u010dne energije iz postrojenja OIEiEK.<\/p>\n","protected":false},"excerpt":{"rendered":"<p>Vlada Federacije BiH je u ponedeljak, 10. januara, donijela Odluku kojom se utvr\u0111uju ukupni iznos&hellip;<\/p>\n","protected":false},"author":2,"featured_media":160769,"comment_status":"open","ping_status":"closed","sticky":false,"template":"","format":"standard","meta":{"_acf_changed":false,"footnotes":""},"categories":[291],"tags":[2148,502],"acf":[],"yoast_head":"<!-- This site is optimized with the Yoast SEO plugin v23.5 - https:\/\/yoast.com\/wordpress\/plugins\/seo\/ -->\n<title>FBIH: Utvr\u0111ena visina naknada za obnovljive izvore energije - TuzlaInfo.ba<\/title>\n<meta name=\"robots\" content=\"index, follow, max-snippet:-1, max-image-preview:large, max-video-preview:-1\" \/>\n<link rel=\"canonical\" href=\"https:\/\/tuzlainfo.ba\/index.php\/bosna-i-hercegovina\/item\/160871-fbih-utvrdjena-visina-naknada-za-obnovljive-izvore-energije\/\" \/>\n<meta property=\"og:locale\" content=\"bs_BA\" \/>\n<meta property=\"og:type\" content=\"article\" \/>\n<meta property=\"og:title\" content=\"FBIH: Utvr\u0111ena visina naknada za obnovljive izvore energije - TuzlaInfo.ba\" \/>\n<meta property=\"og:description\" content=\"Vlada Federacije BiH je u ponedeljak, 10. januara, donijela Odluku kojom se utvr\u0111uju ukupni iznos&hellip;\" \/>\n<meta property=\"og:url\" content=\"https:\/\/tuzlainfo.ba\/index.php\/bosna-i-hercegovina\/item\/160871-fbih-utvrdjena-visina-naknada-za-obnovljive-izvore-energije\/\" \/>\n<meta property=\"og:site_name\" content=\"TuzlaInfo.ba\" \/>\n<meta property=\"article:publisher\" content=\"https:\/\/www.facebook.com\/tuzlainfo.ba\/\" \/>\n<meta property=\"article:published_time\" content=\"2022-01-11T09:30:47+00:00\" \/>\n<meta property=\"article:modified_time\" content=\"2022-01-11T07:52:02+00:00\" \/>\n<meta property=\"og:image\" content=\"https:\/\/tuzlainfo.ba\/wp-content\/uploads\/2022\/01\/1001_solarne-elektrane.jpg\" \/>\n\t<meta property=\"og:image:width\" content=\"800\" \/>\n\t<meta property=\"og:image:height\" content=\"600\" \/>\n\t<meta property=\"og:image:type\" content=\"image\/jpeg\" \/>\n<meta name=\"author\" content=\"nedim\" \/>\n<meta name=\"twitter:card\" content=\"summary_large_image\" \/>\n<meta name=\"twitter:label1\" content=\"Written by\" \/>\n\t<meta name=\"twitter:data1\" content=\"nedim\" \/>\n\t<meta name=\"twitter:label2\" content=\"Est. reading time\" \/>\n\t<meta name=\"twitter:data2\" content=\"1 minuta\" \/>\n<script type=\"application\/ld+json\" class=\"yoast-schema-graph\">{\"@context\":\"https:\/\/schema.org\",\"@graph\":[{\"@type\":\"Article\",\"@id\":\"https:\/\/tuzlainfo.ba\/index.php\/bosna-i-hercegovina\/item\/160871-fbih-utvrdjena-visina-naknada-za-obnovljive-izvore-energije\/#article\",\"isPartOf\":{\"@id\":\"https:\/\/tuzlainfo.ba\/index.php\/bosna-i-hercegovina\/item\/160871-fbih-utvrdjena-visina-naknada-za-obnovljive-izvore-energije\/\"},\"author\":{\"name\":\"nedim\",\"@id\":\"https:\/\/tuzlainfo.ba\/#\/schema\/person\/f434e20dc27ea133923aab08451b7f7f\"},\"headline\":\"FBIH: Utvr\u0111ena visina naknada za obnovljive izvore energije\",\"datePublished\":\"2022-01-11T09:30:47+00:00\",\"dateModified\":\"2022-01-11T07:52:02+00:00\",\"mainEntityOfPage\":{\"@id\":\"https:\/\/tuzlainfo.ba\/index.php\/bosna-i-hercegovina\/item\/160871-fbih-utvrdjena-visina-naknada-za-obnovljive-izvore-energije\/\"},\"wordCount\":301,\"commentCount\":0,\"publisher\":{\"@id\":\"https:\/\/tuzlainfo.ba\/#organization\"},\"image\":{\"@id\":\"https:\/\/tuzlainfo.ba\/index.php\/bosna-i-hercegovina\/item\/160871-fbih-utvrdjena-visina-naknada-za-obnovljive-izvore-energije\/#primaryimage\"},\"thumbnailUrl\":\"https:\/\/tuzlainfo.ba\/wp-content\/uploads\/2022\/01\/1001_solarne-elektrane.jpg\",\"keywords\":[\"elektri\u010dna energija\",\"vlada fbih\"],\"articleSection\":[\"Bosna i Hercegovina\"],\"inLanguage\":\"bs-BA\"},{\"@type\":\"WebPage\",\"@id\":\"https:\/\/tuzlainfo.ba\/index.php\/bosna-i-hercegovina\/item\/160871-fbih-utvrdjena-visina-naknada-za-obnovljive-izvore-energije\/\",\"url\":\"https:\/\/tuzlainfo.ba\/index.php\/bosna-i-hercegovina\/item\/160871-fbih-utvrdjena-visina-naknada-za-obnovljive-izvore-energije\/\",\"name\":\"FBIH: Utvr\u0111ena visina naknada za obnovljive izvore energije - TuzlaInfo.ba\",\"isPartOf\":{\"@id\":\"https:\/\/tuzlainfo.ba\/#website\"},\"primaryImageOfPage\":{\"@id\":\"https:\/\/tuzlainfo.ba\/index.php\/bosna-i-hercegovina\/item\/160871-fbih-utvrdjena-visina-naknada-za-obnovljive-izvore-energije\/#primaryimage\"},\"image\":{\"@id\":\"https:\/\/tuzlainfo.ba\/index.php\/bosna-i-hercegovina\/item\/160871-fbih-utvrdjena-visina-naknada-za-obnovljive-izvore-energije\/#primaryimage\"},\"thumbnailUrl\":\"https:\/\/tuzlainfo.ba\/wp-content\/uploads\/2022\/01\/1001_solarne-elektrane.jpg\",\"datePublished\":\"2022-01-11T09:30:47+00:00\",\"dateModified\":\"2022-01-11T07:52:02+00:00\",\"breadcrumb\":{\"@id\":\"https:\/\/tuzlainfo.ba\/index.php\/bosna-i-hercegovina\/item\/160871-fbih-utvrdjena-visina-naknada-za-obnovljive-izvore-energije\/#breadcrumb\"},\"inLanguage\":\"bs-BA\",\"potentialAction\":[{\"@type\":\"ReadAction\",\"target\":[\"https:\/\/tuzlainfo.ba\/index.php\/bosna-i-hercegovina\/item\/160871-fbih-utvrdjena-visina-naknada-za-obnovljive-izvore-energije\/\"]}]},{\"@type\":\"ImageObject\",\"inLanguage\":\"bs-BA\",\"@id\":\"https:\/\/tuzlainfo.ba\/index.php\/bosna-i-hercegovina\/item\/160871-fbih-utvrdjena-visina-naknada-za-obnovljive-izvore-energije\/#primaryimage\",\"url\":\"https:\/\/tuzlainfo.ba\/wp-content\/uploads\/2022\/01\/1001_solarne-elektrane.jpg\",\"contentUrl\":\"https:\/\/tuzlainfo.ba\/wp-content\/uploads\/2022\/01\/1001_solarne-elektrane.jpg\",\"width\":800,\"height\":600},{\"@type\":\"BreadcrumbList\",\"@id\":\"https:\/\/tuzlainfo.ba\/index.php\/bosna-i-hercegovina\/item\/160871-fbih-utvrdjena-visina-naknada-za-obnovljive-izvore-energije\/#breadcrumb\",\"itemListElement\":[{\"@type\":\"ListItem\",\"position\":1,\"name\":\"Home\",\"item\":\"https:\/\/tuzlainfo.ba\/\"},{\"@type\":\"ListItem\",\"position\":2,\"name\":\"FBIH: Utvr\u0111ena visina naknada za obnovljive izvore energije\"}]},{\"@type\":\"WebSite\",\"@id\":\"https:\/\/tuzlainfo.ba\/#website\",\"url\":\"https:\/\/tuzlainfo.ba\/\",\"name\":\"TuzlaInfo.ba\",\"description\":\"Tuzla info, gradski informator - Tuzla na dlanu\",\"publisher\":{\"@id\":\"https:\/\/tuzlainfo.ba\/#organization\"},\"potentialAction\":[{\"@type\":\"SearchAction\",\"target\":{\"@type\":\"EntryPoint\",\"urlTemplate\":\"https:\/\/tuzlainfo.ba\/?s={search_term_string}\"},\"query-input\":{\"@type\":\"PropertyValueSpecification\",\"valueRequired\":true,\"valueName\":\"search_term_string\"}}],\"inLanguage\":\"bs-BA\"},{\"@type\":\"Organization\",\"@id\":\"https:\/\/tuzlainfo.ba\/#organization\",\"name\":\"TuzlaInfo.ba\",\"url\":\"https:\/\/tuzlainfo.ba\/\",\"logo\":{\"@type\":\"ImageObject\",\"inLanguage\":\"bs-BA\",\"@id\":\"https:\/\/tuzlainfo.ba\/#\/schema\/logo\/image\/\",\"url\":\"https:\/\/tuzlainfo.ba\/wp-content\/uploads\/2021\/03\/logo-ver-3-1.png\",\"contentUrl\":\"https:\/\/tuzlainfo.ba\/wp-content\/uploads\/2021\/03\/logo-ver-3-1.png\",\"width\":350,\"height\":95,\"caption\":\"TuzlaInfo.ba\"},\"image\":{\"@id\":\"https:\/\/tuzlainfo.ba\/#\/schema\/logo\/image\/\"},\"sameAs\":[\"https:\/\/www.facebook.com\/tuzlainfo.ba\/\"]},{\"@type\":\"Person\",\"@id\":\"https:\/\/tuzlainfo.ba\/#\/schema\/person\/f434e20dc27ea133923aab08451b7f7f\",\"name\":\"nedim\",\"image\":{\"@type\":\"ImageObject\",\"inLanguage\":\"bs-BA\",\"@id\":\"https:\/\/tuzlainfo.ba\/#\/schema\/person\/image\/\",\"url\":\"https:\/\/tuzlainfo.ba\/wp-content\/litespeed\/avatar\/aabad687af24844af817603ac1cbdc4f.jpg?ver=1776702173\",\"contentUrl\":\"https:\/\/tuzlainfo.ba\/wp-content\/litespeed\/avatar\/aabad687af24844af817603ac1cbdc4f.jpg?ver=1776702173\",\"caption\":\"nedim\"},\"description\":\"Tuzlainfo.ba pratite na dru\u0161tvenim mre\u017eama: Facebook, Instagram i Youtube. Svoje pri\u010de, upite i fotografije \u0161aljite na na\u0161u e-mail adresu.\"}]}<\/script>\n<!-- \/ Yoast SEO plugin. -->","yoast_head_json":{"title":"FBIH: Utvr\u0111ena visina naknada za obnovljive izvore energije - TuzlaInfo.ba","robots":{"index":"index","follow":"follow","max-snippet":"max-snippet:-1","max-image-preview":"max-image-preview:large","max-video-preview":"max-video-preview:-1"},"canonical":"https:\/\/tuzlainfo.ba\/index.php\/bosna-i-hercegovina\/item\/160871-fbih-utvrdjena-visina-naknada-za-obnovljive-izvore-energije\/","og_locale":"bs_BA","og_type":"article","og_title":"FBIH: Utvr\u0111ena visina naknada za obnovljive izvore energije - TuzlaInfo.ba","og_description":"Vlada Federacije BiH je u ponedeljak, 10. januara, donijela Odluku kojom se utvr\u0111uju ukupni iznos&hellip;","og_url":"https:\/\/tuzlainfo.ba\/index.php\/bosna-i-hercegovina\/item\/160871-fbih-utvrdjena-visina-naknada-za-obnovljive-izvore-energije\/","og_site_name":"TuzlaInfo.ba","article_publisher":"https:\/\/www.facebook.com\/tuzlainfo.ba\/","article_published_time":"2022-01-11T09:30:47+00:00","article_modified_time":"2022-01-11T07:52:02+00:00","og_image":[{"width":800,"height":600,"url":"https:\/\/tuzlainfo.ba\/wp-content\/uploads\/2022\/01\/1001_solarne-elektrane.jpg","type":"image\/jpeg"}],"author":"nedim","twitter_card":"summary_large_image","twitter_misc":{"Written by":"nedim","Est. reading time":"1 minuta"},"schema":{"@context":"https:\/\/schema.org","@graph":[{"@type":"Article","@id":"https:\/\/tuzlainfo.ba\/index.php\/bosna-i-hercegovina\/item\/160871-fbih-utvrdjena-visina-naknada-za-obnovljive-izvore-energije\/#article","isPartOf":{"@id":"https:\/\/tuzlainfo.ba\/index.php\/bosna-i-hercegovina\/item\/160871-fbih-utvrdjena-visina-naknada-za-obnovljive-izvore-energije\/"},"author":{"name":"nedim","@id":"https:\/\/tuzlainfo.ba\/#\/schema\/person\/f434e20dc27ea133923aab08451b7f7f"},"headline":"FBIH: Utvr\u0111ena visina naknada za obnovljive izvore energije","datePublished":"2022-01-11T09:30:47+00:00","dateModified":"2022-01-11T07:52:02+00:00","mainEntityOfPage":{"@id":"https:\/\/tuzlainfo.ba\/index.php\/bosna-i-hercegovina\/item\/160871-fbih-utvrdjena-visina-naknada-za-obnovljive-izvore-energije\/"},"wordCount":301,"commentCount":0,"publisher":{"@id":"https:\/\/tuzlainfo.ba\/#organization"},"image":{"@id":"https:\/\/tuzlainfo.ba\/index.php\/bosna-i-hercegovina\/item\/160871-fbih-utvrdjena-visina-naknada-za-obnovljive-izvore-energije\/#primaryimage"},"thumbnailUrl":"https:\/\/tuzlainfo.ba\/wp-content\/uploads\/2022\/01\/1001_solarne-elektrane.jpg","keywords":["elektri\u010dna energija","vlada fbih"],"articleSection":["Bosna i Hercegovina"],"inLanguage":"bs-BA"},{"@type":"WebPage","@id":"https:\/\/tuzlainfo.ba\/index.php\/bosna-i-hercegovina\/item\/160871-fbih-utvrdjena-visina-naknada-za-obnovljive-izvore-energije\/","url":"https:\/\/tuzlainfo.ba\/index.php\/bosna-i-hercegovina\/item\/160871-fbih-utvrdjena-visina-naknada-za-obnovljive-izvore-energije\/","name":"FBIH: Utvr\u0111ena visina naknada za obnovljive izvore energije - TuzlaInfo.ba","isPartOf":{"@id":"https:\/\/tuzlainfo.ba\/#website"},"primaryImageOfPage":{"@id":"https:\/\/tuzlainfo.ba\/index.php\/bosna-i-hercegovina\/item\/160871-fbih-utvrdjena-visina-naknada-za-obnovljive-izvore-energije\/#primaryimage"},"image":{"@id":"https:\/\/tuzlainfo.ba\/index.php\/bosna-i-hercegovina\/item\/160871-fbih-utvrdjena-visina-naknada-za-obnovljive-izvore-energije\/#primaryimage"},"thumbnailUrl":"https:\/\/tuzlainfo.ba\/wp-content\/uploads\/2022\/01\/1001_solarne-elektrane.jpg","datePublished":"2022-01-11T09:30:47+00:00","dateModified":"2022-01-11T07:52:02+00:00","breadcrumb":{"@id":"https:\/\/tuzlainfo.ba\/index.php\/bosna-i-hercegovina\/item\/160871-fbih-utvrdjena-visina-naknada-za-obnovljive-izvore-energije\/#breadcrumb"},"inLanguage":"bs-BA","potentialAction":[{"@type":"ReadAction","target":["https:\/\/tuzlainfo.ba\/index.php\/bosna-i-hercegovina\/item\/160871-fbih-utvrdjena-visina-naknada-za-obnovljive-izvore-energije\/"]}]},{"@type":"ImageObject","inLanguage":"bs-BA","@id":"https:\/\/tuzlainfo.ba\/index.php\/bosna-i-hercegovina\/item\/160871-fbih-utvrdjena-visina-naknada-za-obnovljive-izvore-energije\/#primaryimage","url":"https:\/\/tuzlainfo.ba\/wp-content\/uploads\/2022\/01\/1001_solarne-elektrane.jpg","contentUrl":"https:\/\/tuzlainfo.ba\/wp-content\/uploads\/2022\/01\/1001_solarne-elektrane.jpg","width":800,"height":600},{"@type":"BreadcrumbList","@id":"https:\/\/tuzlainfo.ba\/index.php\/bosna-i-hercegovina\/item\/160871-fbih-utvrdjena-visina-naknada-za-obnovljive-izvore-energije\/#breadcrumb","itemListElement":[{"@type":"ListItem","position":1,"name":"Home","item":"https:\/\/tuzlainfo.ba\/"},{"@type":"ListItem","position":2,"name":"FBIH: Utvr\u0111ena visina naknada za obnovljive izvore energije"}]},{"@type":"WebSite","@id":"https:\/\/tuzlainfo.ba\/#website","url":"https:\/\/tuzlainfo.ba\/","name":"TuzlaInfo.ba","description":"Tuzla info, gradski informator - Tuzla na dlanu","publisher":{"@id":"https:\/\/tuzlainfo.ba\/#organization"},"potentialAction":[{"@type":"SearchAction","target":{"@type":"EntryPoint","urlTemplate":"https:\/\/tuzlainfo.ba\/?s={search_term_string}"},"query-input":{"@type":"PropertyValueSpecification","valueRequired":true,"valueName":"search_term_string"}}],"inLanguage":"bs-BA"},{"@type":"Organization","@id":"https:\/\/tuzlainfo.ba\/#organization","name":"TuzlaInfo.ba","url":"https:\/\/tuzlainfo.ba\/","logo":{"@type":"ImageObject","inLanguage":"bs-BA","@id":"https:\/\/tuzlainfo.ba\/#\/schema\/logo\/image\/","url":"https:\/\/tuzlainfo.ba\/wp-content\/uploads\/2021\/03\/logo-ver-3-1.png","contentUrl":"https:\/\/tuzlainfo.ba\/wp-content\/uploads\/2021\/03\/logo-ver-3-1.png","width":350,"height":95,"caption":"TuzlaInfo.ba"},"image":{"@id":"https:\/\/tuzlainfo.ba\/#\/schema\/logo\/image\/"},"sameAs":["https:\/\/www.facebook.com\/tuzlainfo.ba\/"]},{"@type":"Person","@id":"https:\/\/tuzlainfo.ba\/#\/schema\/person\/f434e20dc27ea133923aab08451b7f7f","name":"nedim","image":{"@type":"ImageObject","inLanguage":"bs-BA","@id":"https:\/\/tuzlainfo.ba\/#\/schema\/person\/image\/","url":"https:\/\/tuzlainfo.ba\/wp-content\/litespeed\/avatar\/aabad687af24844af817603ac1cbdc4f.jpg?ver=1776702173","contentUrl":"https:\/\/tuzlainfo.ba\/wp-content\/litespeed\/avatar\/aabad687af24844af817603ac1cbdc4f.jpg?ver=1776702173","caption":"nedim"},"description":"Tuzlainfo.ba pratite na dru\u0161tvenim mre\u017eama: Facebook, Instagram i Youtube. Svoje pri\u010de, upite i fotografije \u0161aljite na na\u0161u e-mail adresu."}]}},"_links":{"self":[{"href":"https:\/\/tuzlainfo.ba\/index.php\/wp-json\/wp\/v2\/posts\/160871"}],"collection":[{"href":"https:\/\/tuzlainfo.ba\/index.php\/wp-json\/wp\/v2\/posts"}],"about":[{"href":"https:\/\/tuzlainfo.ba\/index.php\/wp-json\/wp\/v2\/types\/post"}],"author":[{"embeddable":true,"href":"https:\/\/tuzlainfo.ba\/index.php\/wp-json\/wp\/v2\/users\/2"}],"replies":[{"embeddable":true,"href":"https:\/\/tuzlainfo.ba\/index.php\/wp-json\/wp\/v2\/comments?post=160871"}],"version-history":[{"count":0,"href":"https:\/\/tuzlainfo.ba\/index.php\/wp-json\/wp\/v2\/posts\/160871\/revisions"}],"wp:featuredmedia":[{"embeddable":true,"href":"https:\/\/tuzlainfo.ba\/index.php\/wp-json\/wp\/v2\/media\/160769"}],"wp:attachment":[{"href":"https:\/\/tuzlainfo.ba\/index.php\/wp-json\/wp\/v2\/media?parent=160871"}],"wp:term":[{"taxonomy":"category","embeddable":true,"href":"https:\/\/tuzlainfo.ba\/index.php\/wp-json\/wp\/v2\/categories?post=160871"},{"taxonomy":"post_tag","embeddable":true,"href":"https:\/\/tuzlainfo.ba\/index.php\/wp-json\/wp\/v2\/tags?post=160871"}],"curies":[{"name":"wp","href":"https:\/\/api.w.org\/{rel}","templated":true}]}}