{"id":160749,"date":"2022-01-10T07:50:08","date_gmt":"2022-01-10T06:50:08","guid":{"rendered":"https:\/\/tuzlainfo.ba\/?p=160749"},"modified":"2022-01-10T07:50:20","modified_gmt":"2022-01-10T06:50:20","slug":"bosanci-i-hercegovci-danas-organizuju-proteste-u-35-gradova-svijeta","status":"publish","type":"post","link":"https:\/\/tuzlainfo.ba\/index.php\/bosna-i-hercegovina\/item\/160749-bosanci-i-hercegovci-danas-organizuju-proteste-u-35-gradova-svijeta\/","title":{"rendered":"Bosanci i Hercegovci danas organizuju proteste u 35 gradova svijeta"},"content":{"rendered":"<div>Potaknuti aktuelnom situacijom u Bosni i Hercegovni, bh. gra\u0111ani \u0161irom svijeta organizuju masovne proteste.<\/div>\n<div><\/div>\n<div>Dok su oni najmasovniji zakazani za danas (ponedjeljak) u Briselu, neki od njih su ve\u0107 odr\u017eani. Bh. gra\u0111ani u St. Louisu okupili su se prekju\u010der, ju\u010der su odr\u017eani skupovi u \u017denevi i Parizu, a sa istim porukama gra\u0111ani \u0107e nastupiti u najmanje 35 gradova.<\/div>\n<div>\n<p>\u201cTrenutno imamo 14 zemalja na listi, gdje \u0107e protesti biti u najmanje u jednom gradu. Kada se sve sabere \u2013 protesti \u0107e se odr\u017eati u najmanje 35 gradova. Neki su po\u010deli ve\u0107 ju\u010der. Volio bih naglasiti da \u0107e protesti trajati dva dana zbog koronavirusa i raznih razloga. Imali smo proteste ju\u010der u St. Luisu, to su bili prvi u Americi. Zatim, po mojim informacijama, danas nas prate \u017deneva i Pariz. Imamo i Sydney, koji \u0107e biti mali zbog korone\u201d, obja\u0161njava za N1 Satko Mujagi\u0107, jedan od organizatora.<\/p>\n<p>Mujagi\u0107 nagla\u0161ava da se danas sa protestima ponovo nastavlja u Evropi i danas \u0107e biti glavni dan.<\/p>\n<p>\u201cIdemo sa Briselom, Londonom, potom Be\u010d, Oslo, Stockholm, Rim, Kopenhagen. U svim ovim gradovima po\u010detak je u 12, po\u010dinje se sa himnom, a izuzetak je London, gdje protesti po\u010dinju u 11, i Oslo, gdje po\u010dinju u 18 sati. To zna\u010di da \u0107emo u svakom dijelu dana mi biti negdje\u201d, govori nam Mujagi\u0107.<\/p>\n<p>Dodaje da se protesti zavr\u0161avaju ve\u010deras na ameri\u010dkom kontinentu \u2013 konkretno u Ottawi, potom slijedi Toronto, Portland, Boston, New York.<\/p>\n<p>\u201cU svim ovim gradovima \u0107e\u00a0 biti \u010ditano pismo koje smo ispred organizatora, \u201cPlatforme za BiH\u201d \u2013 nevladine organizacije iz Nizozemske, pisali je za najve\u0107e svjetske lidere. Bit \u0107e \u010ditano na engleskom jeziku, gdje je potrebno na francuskom, i na na\u0161em\u201d, naveo nam je Mujagi\u0107.<\/p>\n<p>Mujagi\u0107 je naglasio da je rije\u010d o pismu koje sadr\u017ei jasne poruke o situaciji u BiH za najve\u0107e lidere svijeta, a koje je podr\u017eao veliki broj organizacija i pojedinaca iz svijeta, izme\u0111u ostalih i sedam \u010dlanova Evropskog Parlamenta.<\/p>\n<p>Protesti u Briselu \u0107e biti odr\u017eani na Trgu Schuman \u2013 unutar kruga zgrada institucija Evropske unija, a organizuje ih grupa gra\u0111ana okupljena u Organizacioni odbor protesta, u saradnji sa udru\u017eenjem bh. gra\u0111ana u Nizozemskoj \u201cPlatform BiH\u201d. Na centralnim protestima u Briselu bit \u0107e pro\u010ditano pismo koje \u0107e biti uru\u010deno najva\u017enijim evropskim du\u017enosnicima. Pismo \u0107e tako\u0111er biti poslano ameri\u010dkom predsjedniku i nekolicini drugih svjetskih \u010delnika, uklju\u010duju\u0107i premijere Velike Britanije, Francuske i Njema\u010dke.<\/p>\n<p>\u201e\u017delimo da naglasimo da je ovaj skup odraz zabrinutosti, kao i patriotizma i nema za cilj da promovira bilo koju politi\u010dku opciju niti je uperen protiv bilo kojeg naroda u Bosni i Hercegovini. Doga\u0111aji kojima svjedo\u010dimo posljednjih mjeseci ozbiljno ugro\u017eavaju mir i zbog toga nam je du\u017enost da se oglasimo i jasno ka\u017eemo da ne\u0107emo ponovo podjele i rat.\u201d, isti\u010de Hamdija Draganovi\u0107 iz Platforme BiH.<\/p>\n<p>Nakon skupa, ispred organizatora i svih u\u010desnika bit \u0107e upu\u0107eno i pismo podr\u0161ke Tu\u017eila\u0161tvu BiH sa zahtjevom da se krivi\u010dno procesuiraju sve stranke i pojedinci koji kr\u0161e zakone i vladavinu prava u Bosni i Hercegovini.<\/p>\n<p>\u201cOvo \u0161to danas \u010dini vladaju\u0107a koalicija entiteta Republika Srpska nema nikakve veze s etni\u010dkim podjelama, nego je napad na dr\u017eavu i poku\u0161aj preuzimanja dr\u017eavnih ingerencija silom. Zakoni i ustav Bosne i Hercegovine se moraju po\u0161tovati, kakvi god da su. I te nadle\u017enosti niko nije oteo, kako se tvrdi, one su prenesene u skladu s dejtonskim ustavom i zakonskim putem, i ukoliko se \u017eeli ne\u0161to promijeniti jedina adresa za to je dr\u017eavni parlament.\u201d, navodi Satko Mujagi\u0107, jedan od organizatora protesta u Briselu.<\/p>\n<p>Organizatori pozivaju sve koji su u mogu\u0107nosti da se pridru\u017ee protestima u Briselu ili u nekom drugom gradu.<\/p>\n<p>Podsje\u0107amo, protesti \u0107e biti odr\u017eani i u Sarajevu i Tuzli.<\/p>\n<p><iframe style=\"border: none; overflow: hidden;\" src=\"https:\/\/www.facebook.com\/plugins\/video.php?height=314&amp;href=https%3A%2F%2Fwww.facebook.com%2FPlatformBiH%2Fvideos%2F2981644102100744%2F&amp;show_text=false&amp;width=560&amp;t=0\" width=\"560\" height=\"314\" frameborder=\"0\" scrolling=\"no\" allowfullscreen=\"allowfullscreen\"><\/iframe><\/p>\n<\/div>\n","protected":false},"excerpt":{"rendered":"<p>Potaknuti aktuelnom situacijom u Bosni i Hercegovni, bh. gra\u0111ani \u0161irom svijeta organizuju masovne proteste. Dok&hellip;<\/p>\n","protected":false},"author":2,"featured_media":160750,"comment_status":"open","ping_status":"closed","sticky":false,"template":"","format":"standard","meta":{"_acf_changed":false,"footnotes":""},"categories":[291,304],"tags":[1717,3890],"acf":[],"yoast_head":"<!-- This site is optimized with the Yoast SEO plugin v23.5 - https:\/\/yoast.com\/wordpress\/plugins\/seo\/ -->\n<title>Bosanci i Hercegovci danas organizuju proteste u 35 gradova svijeta - TuzlaInfo.ba<\/title>\n<meta name=\"robots\" content=\"index, follow, max-snippet:-1, max-image-preview:large, max-video-preview:-1\" \/>\n<link rel=\"canonical\" href=\"https:\/\/tuzlainfo.ba\/index.php\/bosna-i-hercegovina\/item\/160749-bosanci-i-hercegovci-danas-organizuju-proteste-u-35-gradova-svijeta\/\" \/>\n<meta property=\"og:locale\" content=\"bs_BA\" \/>\n<meta property=\"og:type\" content=\"article\" \/>\n<meta property=\"og:title\" content=\"Bosanci i Hercegovci danas organizuju proteste u 35 gradova svijeta - TuzlaInfo.ba\" \/>\n<meta property=\"og:description\" content=\"Potaknuti aktuelnom situacijom u Bosni i Hercegovni, bh. gra\u0111ani \u0161irom svijeta organizuju masovne proteste. Dok&hellip;\" \/>\n<meta property=\"og:url\" content=\"https:\/\/tuzlainfo.ba\/index.php\/bosna-i-hercegovina\/item\/160749-bosanci-i-hercegovci-danas-organizuju-proteste-u-35-gradova-svijeta\/\" \/>\n<meta property=\"og:site_name\" content=\"TuzlaInfo.ba\" \/>\n<meta property=\"article:publisher\" content=\"https:\/\/www.facebook.com\/tuzlainfo.ba\/\" \/>\n<meta property=\"article:published_time\" content=\"2022-01-10T06:50:08+00:00\" \/>\n<meta property=\"article:modified_time\" content=\"2022-01-10T06:50:20+00:00\" \/>\n<meta property=\"og:image\" content=\"https:\/\/tuzlainfo.ba\/wp-content\/uploads\/2022\/01\/0901_protest_platform.jpg\" \/>\n\t<meta property=\"og:image:width\" content=\"1000\" \/>\n\t<meta property=\"og:image:height\" content=\"665\" \/>\n\t<meta property=\"og:image:type\" content=\"image\/jpeg\" \/>\n<meta name=\"author\" content=\"nedim\" \/>\n<meta name=\"twitter:card\" content=\"summary_large_image\" \/>\n<meta name=\"twitter:label1\" content=\"Written by\" \/>\n\t<meta name=\"twitter:data1\" content=\"nedim\" \/>\n\t<meta name=\"twitter:label2\" content=\"Est. reading time\" \/>\n\t<meta name=\"twitter:data2\" content=\"3 minute\" \/>\n<script type=\"application\/ld+json\" class=\"yoast-schema-graph\">{\"@context\":\"https:\/\/schema.org\",\"@graph\":[{\"@type\":\"Article\",\"@id\":\"https:\/\/tuzlainfo.ba\/index.php\/bosna-i-hercegovina\/item\/160749-bosanci-i-hercegovci-danas-organizuju-proteste-u-35-gradova-svijeta\/#article\",\"isPartOf\":{\"@id\":\"https:\/\/tuzlainfo.ba\/index.php\/bosna-i-hercegovina\/item\/160749-bosanci-i-hercegovci-danas-organizuju-proteste-u-35-gradova-svijeta\/\"},\"author\":{\"name\":\"nedim\",\"@id\":\"https:\/\/tuzlainfo.ba\/#\/schema\/person\/f434e20dc27ea133923aab08451b7f7f\"},\"headline\":\"Bosanci i Hercegovci danas organizuju proteste u 35 gradova svijeta\",\"datePublished\":\"2022-01-10T06:50:08+00:00\",\"dateModified\":\"2022-01-10T06:50:20+00:00\",\"mainEntityOfPage\":{\"@id\":\"https:\/\/tuzlainfo.ba\/index.php\/bosna-i-hercegovina\/item\/160749-bosanci-i-hercegovci-danas-organizuju-proteste-u-35-gradova-svijeta\/\"},\"wordCount\":663,\"commentCount\":0,\"publisher\":{\"@id\":\"https:\/\/tuzlainfo.ba\/#organization\"},\"image\":{\"@id\":\"https:\/\/tuzlainfo.ba\/index.php\/bosna-i-hercegovina\/item\/160749-bosanci-i-hercegovci-danas-organizuju-proteste-u-35-gradova-svijeta\/#primaryimage\"},\"thumbnailUrl\":\"https:\/\/tuzlainfo.ba\/wp-content\/uploads\/2022\/01\/0901_protest_platform.jpg\",\"keywords\":[\"protest\",\"protesti platforme za bih\"],\"articleSection\":[\"Bosna i Hercegovina\",\"Istaknuto\"],\"inLanguage\":\"bs-BA\"},{\"@type\":\"WebPage\",\"@id\":\"https:\/\/tuzlainfo.ba\/index.php\/bosna-i-hercegovina\/item\/160749-bosanci-i-hercegovci-danas-organizuju-proteste-u-35-gradova-svijeta\/\",\"url\":\"https:\/\/tuzlainfo.ba\/index.php\/bosna-i-hercegovina\/item\/160749-bosanci-i-hercegovci-danas-organizuju-proteste-u-35-gradova-svijeta\/\",\"name\":\"Bosanci i Hercegovci danas organizuju proteste u 35 gradova svijeta - TuzlaInfo.ba\",\"isPartOf\":{\"@id\":\"https:\/\/tuzlainfo.ba\/#website\"},\"primaryImageOfPage\":{\"@id\":\"https:\/\/tuzlainfo.ba\/index.php\/bosna-i-hercegovina\/item\/160749-bosanci-i-hercegovci-danas-organizuju-proteste-u-35-gradova-svijeta\/#primaryimage\"},\"image\":{\"@id\":\"https:\/\/tuzlainfo.ba\/index.php\/bosna-i-hercegovina\/item\/160749-bosanci-i-hercegovci-danas-organizuju-proteste-u-35-gradova-svijeta\/#primaryimage\"},\"thumbnailUrl\":\"https:\/\/tuzlainfo.ba\/wp-content\/uploads\/2022\/01\/0901_protest_platform.jpg\",\"datePublished\":\"2022-01-10T06:50:08+00:00\",\"dateModified\":\"2022-01-10T06:50:20+00:00\",\"breadcrumb\":{\"@id\":\"https:\/\/tuzlainfo.ba\/index.php\/bosna-i-hercegovina\/item\/160749-bosanci-i-hercegovci-danas-organizuju-proteste-u-35-gradova-svijeta\/#breadcrumb\"},\"inLanguage\":\"bs-BA\",\"potentialAction\":[{\"@type\":\"ReadAction\",\"target\":[\"https:\/\/tuzlainfo.ba\/index.php\/bosna-i-hercegovina\/item\/160749-bosanci-i-hercegovci-danas-organizuju-proteste-u-35-gradova-svijeta\/\"]}]},{\"@type\":\"ImageObject\",\"inLanguage\":\"bs-BA\",\"@id\":\"https:\/\/tuzlainfo.ba\/index.php\/bosna-i-hercegovina\/item\/160749-bosanci-i-hercegovci-danas-organizuju-proteste-u-35-gradova-svijeta\/#primaryimage\",\"url\":\"https:\/\/tuzlainfo.ba\/wp-content\/uploads\/2022\/01\/0901_protest_platform.jpg\",\"contentUrl\":\"https:\/\/tuzlainfo.ba\/wp-content\/uploads\/2022\/01\/0901_protest_platform.jpg\",\"width\":1000,\"height\":665},{\"@type\":\"BreadcrumbList\",\"@id\":\"https:\/\/tuzlainfo.ba\/index.php\/bosna-i-hercegovina\/item\/160749-bosanci-i-hercegovci-danas-organizuju-proteste-u-35-gradova-svijeta\/#breadcrumb\",\"itemListElement\":[{\"@type\":\"ListItem\",\"position\":1,\"name\":\"Home\",\"item\":\"https:\/\/tuzlainfo.ba\/\"},{\"@type\":\"ListItem\",\"position\":2,\"name\":\"Bosanci i Hercegovci danas organizuju proteste u 35 gradova svijeta\"}]},{\"@type\":\"WebSite\",\"@id\":\"https:\/\/tuzlainfo.ba\/#website\",\"url\":\"https:\/\/tuzlainfo.ba\/\",\"name\":\"TuzlaInfo.ba\",\"description\":\"Tuzla info, gradski informator - Tuzla na dlanu\",\"publisher\":{\"@id\":\"https:\/\/tuzlainfo.ba\/#organization\"},\"potentialAction\":[{\"@type\":\"SearchAction\",\"target\":{\"@type\":\"EntryPoint\",\"urlTemplate\":\"https:\/\/tuzlainfo.ba\/?s={search_term_string}\"},\"query-input\":{\"@type\":\"PropertyValueSpecification\",\"valueRequired\":true,\"valueName\":\"search_term_string\"}}],\"inLanguage\":\"bs-BA\"},{\"@type\":\"Organization\",\"@id\":\"https:\/\/tuzlainfo.ba\/#organization\",\"name\":\"TuzlaInfo.ba\",\"url\":\"https:\/\/tuzlainfo.ba\/\",\"logo\":{\"@type\":\"ImageObject\",\"inLanguage\":\"bs-BA\",\"@id\":\"https:\/\/tuzlainfo.ba\/#\/schema\/logo\/image\/\",\"url\":\"https:\/\/tuzlainfo.ba\/wp-content\/uploads\/2021\/03\/logo-ver-3-1.png\",\"contentUrl\":\"https:\/\/tuzlainfo.ba\/wp-content\/uploads\/2021\/03\/logo-ver-3-1.png\",\"width\":350,\"height\":95,\"caption\":\"TuzlaInfo.ba\"},\"image\":{\"@id\":\"https:\/\/tuzlainfo.ba\/#\/schema\/logo\/image\/\"},\"sameAs\":[\"https:\/\/www.facebook.com\/tuzlainfo.ba\/\"]},{\"@type\":\"Person\",\"@id\":\"https:\/\/tuzlainfo.ba\/#\/schema\/person\/f434e20dc27ea133923aab08451b7f7f\",\"name\":\"nedim\",\"image\":{\"@type\":\"ImageObject\",\"inLanguage\":\"bs-BA\",\"@id\":\"https:\/\/tuzlainfo.ba\/#\/schema\/person\/image\/\",\"url\":\"https:\/\/tuzlainfo.ba\/wp-content\/litespeed\/avatar\/aabad687af24844af817603ac1cbdc4f.jpg?ver=1777306975\",\"contentUrl\":\"https:\/\/tuzlainfo.ba\/wp-content\/litespeed\/avatar\/aabad687af24844af817603ac1cbdc4f.jpg?ver=1777306975\",\"caption\":\"nedim\"},\"description\":\"Tuzlainfo.ba pratite na dru\u0161tvenim mre\u017eama: Facebook, Instagram i Youtube. Svoje pri\u010de, upite i fotografije \u0161aljite na na\u0161u e-mail adresu.\"}]}<\/script>\n<!-- \/ Yoast SEO plugin. -->","yoast_head_json":{"title":"Bosanci i Hercegovci danas organizuju proteste u 35 gradova svijeta - TuzlaInfo.ba","robots":{"index":"index","follow":"follow","max-snippet":"max-snippet:-1","max-image-preview":"max-image-preview:large","max-video-preview":"max-video-preview:-1"},"canonical":"https:\/\/tuzlainfo.ba\/index.php\/bosna-i-hercegovina\/item\/160749-bosanci-i-hercegovci-danas-organizuju-proteste-u-35-gradova-svijeta\/","og_locale":"bs_BA","og_type":"article","og_title":"Bosanci i Hercegovci danas organizuju proteste u 35 gradova svijeta - TuzlaInfo.ba","og_description":"Potaknuti aktuelnom situacijom u Bosni i Hercegovni, bh. gra\u0111ani \u0161irom svijeta organizuju masovne proteste. Dok&hellip;","og_url":"https:\/\/tuzlainfo.ba\/index.php\/bosna-i-hercegovina\/item\/160749-bosanci-i-hercegovci-danas-organizuju-proteste-u-35-gradova-svijeta\/","og_site_name":"TuzlaInfo.ba","article_publisher":"https:\/\/www.facebook.com\/tuzlainfo.ba\/","article_published_time":"2022-01-10T06:50:08+00:00","article_modified_time":"2022-01-10T06:50:20+00:00","og_image":[{"width":1000,"height":665,"url":"https:\/\/tuzlainfo.ba\/wp-content\/uploads\/2022\/01\/0901_protest_platform.jpg","type":"image\/jpeg"}],"author":"nedim","twitter_card":"summary_large_image","twitter_misc":{"Written by":"nedim","Est. reading time":"3 minute"},"schema":{"@context":"https:\/\/schema.org","@graph":[{"@type":"Article","@id":"https:\/\/tuzlainfo.ba\/index.php\/bosna-i-hercegovina\/item\/160749-bosanci-i-hercegovci-danas-organizuju-proteste-u-35-gradova-svijeta\/#article","isPartOf":{"@id":"https:\/\/tuzlainfo.ba\/index.php\/bosna-i-hercegovina\/item\/160749-bosanci-i-hercegovci-danas-organizuju-proteste-u-35-gradova-svijeta\/"},"author":{"name":"nedim","@id":"https:\/\/tuzlainfo.ba\/#\/schema\/person\/f434e20dc27ea133923aab08451b7f7f"},"headline":"Bosanci i Hercegovci danas organizuju proteste u 35 gradova svijeta","datePublished":"2022-01-10T06:50:08+00:00","dateModified":"2022-01-10T06:50:20+00:00","mainEntityOfPage":{"@id":"https:\/\/tuzlainfo.ba\/index.php\/bosna-i-hercegovina\/item\/160749-bosanci-i-hercegovci-danas-organizuju-proteste-u-35-gradova-svijeta\/"},"wordCount":663,"commentCount":0,"publisher":{"@id":"https:\/\/tuzlainfo.ba\/#organization"},"image":{"@id":"https:\/\/tuzlainfo.ba\/index.php\/bosna-i-hercegovina\/item\/160749-bosanci-i-hercegovci-danas-organizuju-proteste-u-35-gradova-svijeta\/#primaryimage"},"thumbnailUrl":"https:\/\/tuzlainfo.ba\/wp-content\/uploads\/2022\/01\/0901_protest_platform.jpg","keywords":["protest","protesti platforme za bih"],"articleSection":["Bosna i Hercegovina","Istaknuto"],"inLanguage":"bs-BA"},{"@type":"WebPage","@id":"https:\/\/tuzlainfo.ba\/index.php\/bosna-i-hercegovina\/item\/160749-bosanci-i-hercegovci-danas-organizuju-proteste-u-35-gradova-svijeta\/","url":"https:\/\/tuzlainfo.ba\/index.php\/bosna-i-hercegovina\/item\/160749-bosanci-i-hercegovci-danas-organizuju-proteste-u-35-gradova-svijeta\/","name":"Bosanci i Hercegovci danas organizuju proteste u 35 gradova svijeta - TuzlaInfo.ba","isPartOf":{"@id":"https:\/\/tuzlainfo.ba\/#website"},"primaryImageOfPage":{"@id":"https:\/\/tuzlainfo.ba\/index.php\/bosna-i-hercegovina\/item\/160749-bosanci-i-hercegovci-danas-organizuju-proteste-u-35-gradova-svijeta\/#primaryimage"},"image":{"@id":"https:\/\/tuzlainfo.ba\/index.php\/bosna-i-hercegovina\/item\/160749-bosanci-i-hercegovci-danas-organizuju-proteste-u-35-gradova-svijeta\/#primaryimage"},"thumbnailUrl":"https:\/\/tuzlainfo.ba\/wp-content\/uploads\/2022\/01\/0901_protest_platform.jpg","datePublished":"2022-01-10T06:50:08+00:00","dateModified":"2022-01-10T06:50:20+00:00","breadcrumb":{"@id":"https:\/\/tuzlainfo.ba\/index.php\/bosna-i-hercegovina\/item\/160749-bosanci-i-hercegovci-danas-organizuju-proteste-u-35-gradova-svijeta\/#breadcrumb"},"inLanguage":"bs-BA","potentialAction":[{"@type":"ReadAction","target":["https:\/\/tuzlainfo.ba\/index.php\/bosna-i-hercegovina\/item\/160749-bosanci-i-hercegovci-danas-organizuju-proteste-u-35-gradova-svijeta\/"]}]},{"@type":"ImageObject","inLanguage":"bs-BA","@id":"https:\/\/tuzlainfo.ba\/index.php\/bosna-i-hercegovina\/item\/160749-bosanci-i-hercegovci-danas-organizuju-proteste-u-35-gradova-svijeta\/#primaryimage","url":"https:\/\/tuzlainfo.ba\/wp-content\/uploads\/2022\/01\/0901_protest_platform.jpg","contentUrl":"https:\/\/tuzlainfo.ba\/wp-content\/uploads\/2022\/01\/0901_protest_platform.jpg","width":1000,"height":665},{"@type":"BreadcrumbList","@id":"https:\/\/tuzlainfo.ba\/index.php\/bosna-i-hercegovina\/item\/160749-bosanci-i-hercegovci-danas-organizuju-proteste-u-35-gradova-svijeta\/#breadcrumb","itemListElement":[{"@type":"ListItem","position":1,"name":"Home","item":"https:\/\/tuzlainfo.ba\/"},{"@type":"ListItem","position":2,"name":"Bosanci i Hercegovci danas organizuju proteste u 35 gradova svijeta"}]},{"@type":"WebSite","@id":"https:\/\/tuzlainfo.ba\/#website","url":"https:\/\/tuzlainfo.ba\/","name":"TuzlaInfo.ba","description":"Tuzla info, gradski informator - Tuzla na dlanu","publisher":{"@id":"https:\/\/tuzlainfo.ba\/#organization"},"potentialAction":[{"@type":"SearchAction","target":{"@type":"EntryPoint","urlTemplate":"https:\/\/tuzlainfo.ba\/?s={search_term_string}"},"query-input":{"@type":"PropertyValueSpecification","valueRequired":true,"valueName":"search_term_string"}}],"inLanguage":"bs-BA"},{"@type":"Organization","@id":"https:\/\/tuzlainfo.ba\/#organization","name":"TuzlaInfo.ba","url":"https:\/\/tuzlainfo.ba\/","logo":{"@type":"ImageObject","inLanguage":"bs-BA","@id":"https:\/\/tuzlainfo.ba\/#\/schema\/logo\/image\/","url":"https:\/\/tuzlainfo.ba\/wp-content\/uploads\/2021\/03\/logo-ver-3-1.png","contentUrl":"https:\/\/tuzlainfo.ba\/wp-content\/uploads\/2021\/03\/logo-ver-3-1.png","width":350,"height":95,"caption":"TuzlaInfo.ba"},"image":{"@id":"https:\/\/tuzlainfo.ba\/#\/schema\/logo\/image\/"},"sameAs":["https:\/\/www.facebook.com\/tuzlainfo.ba\/"]},{"@type":"Person","@id":"https:\/\/tuzlainfo.ba\/#\/schema\/person\/f434e20dc27ea133923aab08451b7f7f","name":"nedim","image":{"@type":"ImageObject","inLanguage":"bs-BA","@id":"https:\/\/tuzlainfo.ba\/#\/schema\/person\/image\/","url":"https:\/\/tuzlainfo.ba\/wp-content\/litespeed\/avatar\/aabad687af24844af817603ac1cbdc4f.jpg?ver=1777306975","contentUrl":"https:\/\/tuzlainfo.ba\/wp-content\/litespeed\/avatar\/aabad687af24844af817603ac1cbdc4f.jpg?ver=1777306975","caption":"nedim"},"description":"Tuzlainfo.ba pratite na dru\u0161tvenim mre\u017eama: Facebook, Instagram i Youtube. Svoje pri\u010de, upite i fotografije \u0161aljite na na\u0161u e-mail adresu."}]}},"_links":{"self":[{"href":"https:\/\/tuzlainfo.ba\/index.php\/wp-json\/wp\/v2\/posts\/160749"}],"collection":[{"href":"https:\/\/tuzlainfo.ba\/index.php\/wp-json\/wp\/v2\/posts"}],"about":[{"href":"https:\/\/tuzlainfo.ba\/index.php\/wp-json\/wp\/v2\/types\/post"}],"author":[{"embeddable":true,"href":"https:\/\/tuzlainfo.ba\/index.php\/wp-json\/wp\/v2\/users\/2"}],"replies":[{"embeddable":true,"href":"https:\/\/tuzlainfo.ba\/index.php\/wp-json\/wp\/v2\/comments?post=160749"}],"version-history":[{"count":0,"href":"https:\/\/tuzlainfo.ba\/index.php\/wp-json\/wp\/v2\/posts\/160749\/revisions"}],"wp:featuredmedia":[{"embeddable":true,"href":"https:\/\/tuzlainfo.ba\/index.php\/wp-json\/wp\/v2\/media\/160750"}],"wp:attachment":[{"href":"https:\/\/tuzlainfo.ba\/index.php\/wp-json\/wp\/v2\/media?parent=160749"}],"wp:term":[{"taxonomy":"category","embeddable":true,"href":"https:\/\/tuzlainfo.ba\/index.php\/wp-json\/wp\/v2\/categories?post=160749"},{"taxonomy":"post_tag","embeddable":true,"href":"https:\/\/tuzlainfo.ba\/index.php\/wp-json\/wp\/v2\/tags?post=160749"}],"curies":[{"name":"wp","href":"https:\/\/api.w.org\/{rel}","templated":true}]}}