{"id":160727,"date":"2022-01-09T15:18:10","date_gmt":"2022-01-09T14:18:10","guid":{"rendered":"https:\/\/tuzlainfo.ba\/?p=160727"},"modified":"2022-01-09T16:15:39","modified_gmt":"2022-01-09T15:15:39","slug":"dragicevic-uvelicao-skup-u-banja-luci-uzvikivao-hapsi-hapsi-ubili-ste-mi-dijete","status":"publish","type":"post","link":"https:\/\/tuzlainfo.ba\/index.php\/bosna-i-hercegovina\/item\/160727-dragicevic-uvelicao-skup-u-banja-luci-uzvikivao-hapsi-hapsi-ubili-ste-mi-dijete\/","title":{"rendered":"Dragi\u010devi\u0107 &#8220;uveli\u010dao&#8221; skup u Banja Luci, uzvikivao &#8220;hapsi, hapsi ubili ste mi dijete&#8221;!"},"content":{"rendered":"<p>Davor Dragi\u010devi\u0107, otac Davida Dragi\u010devi\u0107a protestovao je danas na banjali\u010dkom Trgu Krajine tokom ceremonije obilje\u017eavanja neustavnog Dana RS.<\/p>\n<p>Nosio je transparent sa natpisom &#8220;Pravda za Davida&#8221;.<\/p>\n<p>\u201cHapsi, hapsi, hapsi. Ubili ste mi dijete. Vi \u0107ete mi zabraniti da hodam kroz moj grad. \u201cPravda za Davida\u201d \u0107e stajati na strani pravde za Davida, a oni svi drugi tamo koji su na strani ubice. A vi glasajte za njih\u201d,\u00a0\u00a0rekao je Dragi\u010devi\u0107.<\/p>\n<p>Podsjetimo, zbog svoje najave da \u0107e.doi\u0107i na Trg Krajine, njemu i Ozrenu Perduvu stigao je poziv na informativni razgovor a Dragi\u010devi\u0107u je i pozlilo.<\/p>\n","protected":false},"excerpt":{"rendered":"<p>Davor Dragi\u010devi\u0107, otac Davida Dragi\u010devi\u0107a protestovao je danas na banjali\u010dkom Trgu Krajine tokom ceremonije obilje\u017eavanja&hellip;<\/p>\n","protected":false},"author":2,"featured_media":160728,"comment_status":"open","ping_status":"closed","sticky":false,"template":"","format":"standard","meta":{"_acf_changed":false,"footnotes":""},"categories":[291],"tags":[3131],"acf":[],"yoast_head":"<!-- This site is optimized with the Yoast SEO plugin v23.5 - https:\/\/yoast.com\/wordpress\/plugins\/seo\/ -->\n<title>Dragi\u010devi\u0107 &quot;uveli\u010dao&quot; skup u Banja Luci, uzvikivao &quot;hapsi, hapsi ubili ste mi dijete&quot;! - TuzlaInfo.ba<\/title>\n<meta name=\"robots\" content=\"index, follow, max-snippet:-1, max-image-preview:large, max-video-preview:-1\" \/>\n<link rel=\"canonical\" href=\"https:\/\/tuzlainfo.ba\/index.php\/bosna-i-hercegovina\/item\/160727-dragicevic-uvelicao-skup-u-banja-luci-uzvikivao-hapsi-hapsi-ubili-ste-mi-dijete\/\" \/>\n<meta property=\"og:locale\" content=\"bs_BA\" \/>\n<meta property=\"og:type\" content=\"article\" \/>\n<meta property=\"og:title\" content=\"Dragi\u010devi\u0107 &quot;uveli\u010dao&quot; skup u Banja Luci, uzvikivao &quot;hapsi, hapsi ubili ste mi dijete&quot;! - TuzlaInfo.ba\" \/>\n<meta property=\"og:description\" content=\"Davor Dragi\u010devi\u0107, otac Davida Dragi\u010devi\u0107a protestovao je danas na banjali\u010dkom Trgu Krajine tokom ceremonije obilje\u017eavanja&hellip;\" \/>\n<meta property=\"og:url\" content=\"https:\/\/tuzlainfo.ba\/index.php\/bosna-i-hercegovina\/item\/160727-dragicevic-uvelicao-skup-u-banja-luci-uzvikivao-hapsi-hapsi-ubili-ste-mi-dijete\/\" \/>\n<meta property=\"og:site_name\" content=\"TuzlaInfo.ba\" \/>\n<meta property=\"article:publisher\" content=\"https:\/\/www.facebook.com\/tuzlainfo.ba\/\" \/>\n<meta property=\"article:published_time\" content=\"2022-01-09T14:18:10+00:00\" \/>\n<meta property=\"article:modified_time\" content=\"2022-01-09T15:15:39+00:00\" \/>\n<meta property=\"og:image\" content=\"https:\/\/tuzlainfo.ba\/wp-content\/uploads\/2022\/01\/0901_pravdazadavida.jpg\" \/>\n\t<meta property=\"og:image:width\" content=\"1242\" \/>\n\t<meta property=\"og:image:height\" content=\"932\" \/>\n\t<meta property=\"og:image:type\" content=\"image\/jpeg\" \/>\n<meta name=\"author\" content=\"nedim\" \/>\n<meta name=\"twitter:card\" content=\"summary_large_image\" \/>\n<meta name=\"twitter:label1\" content=\"Written by\" \/>\n\t<meta name=\"twitter:data1\" content=\"nedim\" \/>\n\t<meta name=\"twitter:label2\" content=\"Est. reading time\" \/>\n\t<meta name=\"twitter:data2\" content=\"1 minuta\" \/>\n<script type=\"application\/ld+json\" class=\"yoast-schema-graph\">{\"@context\":\"https:\/\/schema.org\",\"@graph\":[{\"@type\":\"Article\",\"@id\":\"https:\/\/tuzlainfo.ba\/index.php\/bosna-i-hercegovina\/item\/160727-dragicevic-uvelicao-skup-u-banja-luci-uzvikivao-hapsi-hapsi-ubili-ste-mi-dijete\/#article\",\"isPartOf\":{\"@id\":\"https:\/\/tuzlainfo.ba\/index.php\/bosna-i-hercegovina\/item\/160727-dragicevic-uvelicao-skup-u-banja-luci-uzvikivao-hapsi-hapsi-ubili-ste-mi-dijete\/\"},\"author\":{\"name\":\"nedim\",\"@id\":\"https:\/\/tuzlainfo.ba\/#\/schema\/person\/f434e20dc27ea133923aab08451b7f7f\"},\"headline\":\"Dragi\u010devi\u0107 &#8220;uveli\u010dao&#8221; skup u Banja Luci, uzvikivao &#8220;hapsi, hapsi ubili ste mi dijete&#8221;!\",\"datePublished\":\"2022-01-09T14:18:10+00:00\",\"dateModified\":\"2022-01-09T15:15:39+00:00\",\"mainEntityOfPage\":{\"@id\":\"https:\/\/tuzlainfo.ba\/index.php\/bosna-i-hercegovina\/item\/160727-dragicevic-uvelicao-skup-u-banja-luci-uzvikivao-hapsi-hapsi-ubili-ste-mi-dijete\/\"},\"wordCount\":119,\"commentCount\":0,\"publisher\":{\"@id\":\"https:\/\/tuzlainfo.ba\/#organization\"},\"image\":{\"@id\":\"https:\/\/tuzlainfo.ba\/index.php\/bosna-i-hercegovina\/item\/160727-dragicevic-uvelicao-skup-u-banja-luci-uzvikivao-hapsi-hapsi-ubili-ste-mi-dijete\/#primaryimage\"},\"thumbnailUrl\":\"https:\/\/tuzlainfo.ba\/wp-content\/uploads\/2022\/01\/0901_pravdazadavida.jpg\",\"keywords\":[\"Davor dragi\u010devi\u0107\"],\"articleSection\":[\"Bosna i Hercegovina\"],\"inLanguage\":\"bs-BA\"},{\"@type\":\"WebPage\",\"@id\":\"https:\/\/tuzlainfo.ba\/index.php\/bosna-i-hercegovina\/item\/160727-dragicevic-uvelicao-skup-u-banja-luci-uzvikivao-hapsi-hapsi-ubili-ste-mi-dijete\/\",\"url\":\"https:\/\/tuzlainfo.ba\/index.php\/bosna-i-hercegovina\/item\/160727-dragicevic-uvelicao-skup-u-banja-luci-uzvikivao-hapsi-hapsi-ubili-ste-mi-dijete\/\",\"name\":\"Dragi\u010devi\u0107 \\\"uveli\u010dao\\\" skup u Banja Luci, uzvikivao \\\"hapsi, hapsi ubili ste mi dijete\\\"! - TuzlaInfo.ba\",\"isPartOf\":{\"@id\":\"https:\/\/tuzlainfo.ba\/#website\"},\"primaryImageOfPage\":{\"@id\":\"https:\/\/tuzlainfo.ba\/index.php\/bosna-i-hercegovina\/item\/160727-dragicevic-uvelicao-skup-u-banja-luci-uzvikivao-hapsi-hapsi-ubili-ste-mi-dijete\/#primaryimage\"},\"image\":{\"@id\":\"https:\/\/tuzlainfo.ba\/index.php\/bosna-i-hercegovina\/item\/160727-dragicevic-uvelicao-skup-u-banja-luci-uzvikivao-hapsi-hapsi-ubili-ste-mi-dijete\/#primaryimage\"},\"thumbnailUrl\":\"https:\/\/tuzlainfo.ba\/wp-content\/uploads\/2022\/01\/0901_pravdazadavida.jpg\",\"datePublished\":\"2022-01-09T14:18:10+00:00\",\"dateModified\":\"2022-01-09T15:15:39+00:00\",\"breadcrumb\":{\"@id\":\"https:\/\/tuzlainfo.ba\/index.php\/bosna-i-hercegovina\/item\/160727-dragicevic-uvelicao-skup-u-banja-luci-uzvikivao-hapsi-hapsi-ubili-ste-mi-dijete\/#breadcrumb\"},\"inLanguage\":\"bs-BA\",\"potentialAction\":[{\"@type\":\"ReadAction\",\"target\":[\"https:\/\/tuzlainfo.ba\/index.php\/bosna-i-hercegovina\/item\/160727-dragicevic-uvelicao-skup-u-banja-luci-uzvikivao-hapsi-hapsi-ubili-ste-mi-dijete\/\"]}]},{\"@type\":\"ImageObject\",\"inLanguage\":\"bs-BA\",\"@id\":\"https:\/\/tuzlainfo.ba\/index.php\/bosna-i-hercegovina\/item\/160727-dragicevic-uvelicao-skup-u-banja-luci-uzvikivao-hapsi-hapsi-ubili-ste-mi-dijete\/#primaryimage\",\"url\":\"https:\/\/tuzlainfo.ba\/wp-content\/uploads\/2022\/01\/0901_pravdazadavida.jpg\",\"contentUrl\":\"https:\/\/tuzlainfo.ba\/wp-content\/uploads\/2022\/01\/0901_pravdazadavida.jpg\",\"width\":1242,\"height\":932},{\"@type\":\"BreadcrumbList\",\"@id\":\"https:\/\/tuzlainfo.ba\/index.php\/bosna-i-hercegovina\/item\/160727-dragicevic-uvelicao-skup-u-banja-luci-uzvikivao-hapsi-hapsi-ubili-ste-mi-dijete\/#breadcrumb\",\"itemListElement\":[{\"@type\":\"ListItem\",\"position\":1,\"name\":\"Home\",\"item\":\"https:\/\/tuzlainfo.ba\/\"},{\"@type\":\"ListItem\",\"position\":2,\"name\":\"Dragi\u010devi\u0107 &#8220;uveli\u010dao&#8221; skup u Banja Luci, uzvikivao &#8220;hapsi, hapsi ubili ste mi dijete&#8221;!\"}]},{\"@type\":\"WebSite\",\"@id\":\"https:\/\/tuzlainfo.ba\/#website\",\"url\":\"https:\/\/tuzlainfo.ba\/\",\"name\":\"TuzlaInfo.ba\",\"description\":\"Tuzla info, gradski informator - Tuzla na dlanu\",\"publisher\":{\"@id\":\"https:\/\/tuzlainfo.ba\/#organization\"},\"potentialAction\":[{\"@type\":\"SearchAction\",\"target\":{\"@type\":\"EntryPoint\",\"urlTemplate\":\"https:\/\/tuzlainfo.ba\/?s={search_term_string}\"},\"query-input\":{\"@type\":\"PropertyValueSpecification\",\"valueRequired\":true,\"valueName\":\"search_term_string\"}}],\"inLanguage\":\"bs-BA\"},{\"@type\":\"Organization\",\"@id\":\"https:\/\/tuzlainfo.ba\/#organization\",\"name\":\"TuzlaInfo.ba\",\"url\":\"https:\/\/tuzlainfo.ba\/\",\"logo\":{\"@type\":\"ImageObject\",\"inLanguage\":\"bs-BA\",\"@id\":\"https:\/\/tuzlainfo.ba\/#\/schema\/logo\/image\/\",\"url\":\"https:\/\/tuzlainfo.ba\/wp-content\/uploads\/2021\/03\/logo-ver-3-1.png\",\"contentUrl\":\"https:\/\/tuzlainfo.ba\/wp-content\/uploads\/2021\/03\/logo-ver-3-1.png\",\"width\":350,\"height\":95,\"caption\":\"TuzlaInfo.ba\"},\"image\":{\"@id\":\"https:\/\/tuzlainfo.ba\/#\/schema\/logo\/image\/\"},\"sameAs\":[\"https:\/\/www.facebook.com\/tuzlainfo.ba\/\"]},{\"@type\":\"Person\",\"@id\":\"https:\/\/tuzlainfo.ba\/#\/schema\/person\/f434e20dc27ea133923aab08451b7f7f\",\"name\":\"nedim\",\"image\":{\"@type\":\"ImageObject\",\"inLanguage\":\"bs-BA\",\"@id\":\"https:\/\/tuzlainfo.ba\/#\/schema\/person\/image\/\",\"url\":\"https:\/\/tuzlainfo.ba\/wp-content\/litespeed\/avatar\/aabad687af24844af817603ac1cbdc4f.jpg?ver=1777306975\",\"contentUrl\":\"https:\/\/tuzlainfo.ba\/wp-content\/litespeed\/avatar\/aabad687af24844af817603ac1cbdc4f.jpg?ver=1777306975\",\"caption\":\"nedim\"},\"description\":\"Tuzlainfo.ba pratite na dru\u0161tvenim mre\u017eama: Facebook, Instagram i Youtube. Svoje pri\u010de, upite i fotografije \u0161aljite na na\u0161u e-mail adresu.\"}]}<\/script>\n<!-- \/ Yoast SEO plugin. -->","yoast_head_json":{"title":"Dragi\u010devi\u0107 \"uveli\u010dao\" skup u Banja Luci, uzvikivao \"hapsi, hapsi ubili ste mi dijete\"! - TuzlaInfo.ba","robots":{"index":"index","follow":"follow","max-snippet":"max-snippet:-1","max-image-preview":"max-image-preview:large","max-video-preview":"max-video-preview:-1"},"canonical":"https:\/\/tuzlainfo.ba\/index.php\/bosna-i-hercegovina\/item\/160727-dragicevic-uvelicao-skup-u-banja-luci-uzvikivao-hapsi-hapsi-ubili-ste-mi-dijete\/","og_locale":"bs_BA","og_type":"article","og_title":"Dragi\u010devi\u0107 \"uveli\u010dao\" skup u Banja Luci, uzvikivao \"hapsi, hapsi ubili ste mi dijete\"! - TuzlaInfo.ba","og_description":"Davor Dragi\u010devi\u0107, otac Davida Dragi\u010devi\u0107a protestovao je danas na banjali\u010dkom Trgu Krajine tokom ceremonije obilje\u017eavanja&hellip;","og_url":"https:\/\/tuzlainfo.ba\/index.php\/bosna-i-hercegovina\/item\/160727-dragicevic-uvelicao-skup-u-banja-luci-uzvikivao-hapsi-hapsi-ubili-ste-mi-dijete\/","og_site_name":"TuzlaInfo.ba","article_publisher":"https:\/\/www.facebook.com\/tuzlainfo.ba\/","article_published_time":"2022-01-09T14:18:10+00:00","article_modified_time":"2022-01-09T15:15:39+00:00","og_image":[{"width":1242,"height":932,"url":"https:\/\/tuzlainfo.ba\/wp-content\/uploads\/2022\/01\/0901_pravdazadavida.jpg","type":"image\/jpeg"}],"author":"nedim","twitter_card":"summary_large_image","twitter_misc":{"Written by":"nedim","Est. reading time":"1 minuta"},"schema":{"@context":"https:\/\/schema.org","@graph":[{"@type":"Article","@id":"https:\/\/tuzlainfo.ba\/index.php\/bosna-i-hercegovina\/item\/160727-dragicevic-uvelicao-skup-u-banja-luci-uzvikivao-hapsi-hapsi-ubili-ste-mi-dijete\/#article","isPartOf":{"@id":"https:\/\/tuzlainfo.ba\/index.php\/bosna-i-hercegovina\/item\/160727-dragicevic-uvelicao-skup-u-banja-luci-uzvikivao-hapsi-hapsi-ubili-ste-mi-dijete\/"},"author":{"name":"nedim","@id":"https:\/\/tuzlainfo.ba\/#\/schema\/person\/f434e20dc27ea133923aab08451b7f7f"},"headline":"Dragi\u010devi\u0107 &#8220;uveli\u010dao&#8221; skup u Banja Luci, uzvikivao &#8220;hapsi, hapsi ubili ste mi dijete&#8221;!","datePublished":"2022-01-09T14:18:10+00:00","dateModified":"2022-01-09T15:15:39+00:00","mainEntityOfPage":{"@id":"https:\/\/tuzlainfo.ba\/index.php\/bosna-i-hercegovina\/item\/160727-dragicevic-uvelicao-skup-u-banja-luci-uzvikivao-hapsi-hapsi-ubili-ste-mi-dijete\/"},"wordCount":119,"commentCount":0,"publisher":{"@id":"https:\/\/tuzlainfo.ba\/#organization"},"image":{"@id":"https:\/\/tuzlainfo.ba\/index.php\/bosna-i-hercegovina\/item\/160727-dragicevic-uvelicao-skup-u-banja-luci-uzvikivao-hapsi-hapsi-ubili-ste-mi-dijete\/#primaryimage"},"thumbnailUrl":"https:\/\/tuzlainfo.ba\/wp-content\/uploads\/2022\/01\/0901_pravdazadavida.jpg","keywords":["Davor dragi\u010devi\u0107"],"articleSection":["Bosna i Hercegovina"],"inLanguage":"bs-BA"},{"@type":"WebPage","@id":"https:\/\/tuzlainfo.ba\/index.php\/bosna-i-hercegovina\/item\/160727-dragicevic-uvelicao-skup-u-banja-luci-uzvikivao-hapsi-hapsi-ubili-ste-mi-dijete\/","url":"https:\/\/tuzlainfo.ba\/index.php\/bosna-i-hercegovina\/item\/160727-dragicevic-uvelicao-skup-u-banja-luci-uzvikivao-hapsi-hapsi-ubili-ste-mi-dijete\/","name":"Dragi\u010devi\u0107 \"uveli\u010dao\" skup u Banja Luci, uzvikivao \"hapsi, hapsi ubili ste mi dijete\"! - TuzlaInfo.ba","isPartOf":{"@id":"https:\/\/tuzlainfo.ba\/#website"},"primaryImageOfPage":{"@id":"https:\/\/tuzlainfo.ba\/index.php\/bosna-i-hercegovina\/item\/160727-dragicevic-uvelicao-skup-u-banja-luci-uzvikivao-hapsi-hapsi-ubili-ste-mi-dijete\/#primaryimage"},"image":{"@id":"https:\/\/tuzlainfo.ba\/index.php\/bosna-i-hercegovina\/item\/160727-dragicevic-uvelicao-skup-u-banja-luci-uzvikivao-hapsi-hapsi-ubili-ste-mi-dijete\/#primaryimage"},"thumbnailUrl":"https:\/\/tuzlainfo.ba\/wp-content\/uploads\/2022\/01\/0901_pravdazadavida.jpg","datePublished":"2022-01-09T14:18:10+00:00","dateModified":"2022-01-09T15:15:39+00:00","breadcrumb":{"@id":"https:\/\/tuzlainfo.ba\/index.php\/bosna-i-hercegovina\/item\/160727-dragicevic-uvelicao-skup-u-banja-luci-uzvikivao-hapsi-hapsi-ubili-ste-mi-dijete\/#breadcrumb"},"inLanguage":"bs-BA","potentialAction":[{"@type":"ReadAction","target":["https:\/\/tuzlainfo.ba\/index.php\/bosna-i-hercegovina\/item\/160727-dragicevic-uvelicao-skup-u-banja-luci-uzvikivao-hapsi-hapsi-ubili-ste-mi-dijete\/"]}]},{"@type":"ImageObject","inLanguage":"bs-BA","@id":"https:\/\/tuzlainfo.ba\/index.php\/bosna-i-hercegovina\/item\/160727-dragicevic-uvelicao-skup-u-banja-luci-uzvikivao-hapsi-hapsi-ubili-ste-mi-dijete\/#primaryimage","url":"https:\/\/tuzlainfo.ba\/wp-content\/uploads\/2022\/01\/0901_pravdazadavida.jpg","contentUrl":"https:\/\/tuzlainfo.ba\/wp-content\/uploads\/2022\/01\/0901_pravdazadavida.jpg","width":1242,"height":932},{"@type":"BreadcrumbList","@id":"https:\/\/tuzlainfo.ba\/index.php\/bosna-i-hercegovina\/item\/160727-dragicevic-uvelicao-skup-u-banja-luci-uzvikivao-hapsi-hapsi-ubili-ste-mi-dijete\/#breadcrumb","itemListElement":[{"@type":"ListItem","position":1,"name":"Home","item":"https:\/\/tuzlainfo.ba\/"},{"@type":"ListItem","position":2,"name":"Dragi\u010devi\u0107 &#8220;uveli\u010dao&#8221; skup u Banja Luci, uzvikivao &#8220;hapsi, hapsi ubili ste mi dijete&#8221;!"}]},{"@type":"WebSite","@id":"https:\/\/tuzlainfo.ba\/#website","url":"https:\/\/tuzlainfo.ba\/","name":"TuzlaInfo.ba","description":"Tuzla info, gradski informator - Tuzla na dlanu","publisher":{"@id":"https:\/\/tuzlainfo.ba\/#organization"},"potentialAction":[{"@type":"SearchAction","target":{"@type":"EntryPoint","urlTemplate":"https:\/\/tuzlainfo.ba\/?s={search_term_string}"},"query-input":{"@type":"PropertyValueSpecification","valueRequired":true,"valueName":"search_term_string"}}],"inLanguage":"bs-BA"},{"@type":"Organization","@id":"https:\/\/tuzlainfo.ba\/#organization","name":"TuzlaInfo.ba","url":"https:\/\/tuzlainfo.ba\/","logo":{"@type":"ImageObject","inLanguage":"bs-BA","@id":"https:\/\/tuzlainfo.ba\/#\/schema\/logo\/image\/","url":"https:\/\/tuzlainfo.ba\/wp-content\/uploads\/2021\/03\/logo-ver-3-1.png","contentUrl":"https:\/\/tuzlainfo.ba\/wp-content\/uploads\/2021\/03\/logo-ver-3-1.png","width":350,"height":95,"caption":"TuzlaInfo.ba"},"image":{"@id":"https:\/\/tuzlainfo.ba\/#\/schema\/logo\/image\/"},"sameAs":["https:\/\/www.facebook.com\/tuzlainfo.ba\/"]},{"@type":"Person","@id":"https:\/\/tuzlainfo.ba\/#\/schema\/person\/f434e20dc27ea133923aab08451b7f7f","name":"nedim","image":{"@type":"ImageObject","inLanguage":"bs-BA","@id":"https:\/\/tuzlainfo.ba\/#\/schema\/person\/image\/","url":"https:\/\/tuzlainfo.ba\/wp-content\/litespeed\/avatar\/aabad687af24844af817603ac1cbdc4f.jpg?ver=1777306975","contentUrl":"https:\/\/tuzlainfo.ba\/wp-content\/litespeed\/avatar\/aabad687af24844af817603ac1cbdc4f.jpg?ver=1777306975","caption":"nedim"},"description":"Tuzlainfo.ba pratite na dru\u0161tvenim mre\u017eama: Facebook, Instagram i Youtube. Svoje pri\u010de, upite i fotografije \u0161aljite na na\u0161u e-mail adresu."}]}},"_links":{"self":[{"href":"https:\/\/tuzlainfo.ba\/index.php\/wp-json\/wp\/v2\/posts\/160727"}],"collection":[{"href":"https:\/\/tuzlainfo.ba\/index.php\/wp-json\/wp\/v2\/posts"}],"about":[{"href":"https:\/\/tuzlainfo.ba\/index.php\/wp-json\/wp\/v2\/types\/post"}],"author":[{"embeddable":true,"href":"https:\/\/tuzlainfo.ba\/index.php\/wp-json\/wp\/v2\/users\/2"}],"replies":[{"embeddable":true,"href":"https:\/\/tuzlainfo.ba\/index.php\/wp-json\/wp\/v2\/comments?post=160727"}],"version-history":[{"count":0,"href":"https:\/\/tuzlainfo.ba\/index.php\/wp-json\/wp\/v2\/posts\/160727\/revisions"}],"wp:featuredmedia":[{"embeddable":true,"href":"https:\/\/tuzlainfo.ba\/index.php\/wp-json\/wp\/v2\/media\/160728"}],"wp:attachment":[{"href":"https:\/\/tuzlainfo.ba\/index.php\/wp-json\/wp\/v2\/media?parent=160727"}],"wp:term":[{"taxonomy":"category","embeddable":true,"href":"https:\/\/tuzlainfo.ba\/index.php\/wp-json\/wp\/v2\/categories?post=160727"},{"taxonomy":"post_tag","embeddable":true,"href":"https:\/\/tuzlainfo.ba\/index.php\/wp-json\/wp\/v2\/tags?post=160727"}],"curies":[{"name":"wp","href":"https:\/\/api.w.org\/{rel}","templated":true}]}}