{"id":160655,"date":"2022-01-08T13:54:36","date_gmt":"2022-01-08T12:54:36","guid":{"rendered":"https:\/\/tuzlainfo.ba\/?p=160655"},"modified":"2022-01-08T13:54:36","modified_gmt":"2022-01-08T12:54:36","slug":"sire-netrpeljivost-i-govor-mrznje-crna-gora-zabranila-programske-sadrzaje-happy-tv","status":"publish","type":"post","link":"https:\/\/tuzlainfo.ba\/index.php\/clanci\/sa-svih-strana\/item\/160655-sire-netrpeljivost-i-govor-mrznje-crna-gora-zabranila-programske-sadrzaje-happy-tv\/","title":{"rendered":"\u0160ire netrpeljivost i govor mr\u017enje: Crna gora zabranila programske sadr\u017eaje &#8220;Happy TV&#8221;"},"content":{"rendered":"<p>Savjet Agencije za elektronske medije na jutro\u0161njoj sjednici\u00a0donio je odluku da na \u0161est mjeseci zabrani emitovanje programskog sadr\u017eaja &#8220;Happy TV&#8221;, pi\u0161e &#8220;Antena M&#8221;.<\/p>\n<p>Prema pisanju spomenutog portala, zabranjeno je emitovanje emisija &#8220;Dobro jutro Srbijo&#8221;, &#8220;Vikend&#8221;, &#8220;Jutarnji&#8221;, &#8220;\u0106irilica&#8221; i &#8220;Posle ru\u010dka&#8221;.<\/p>\n<p>Savjet se na zabranu odlu\u010dio, pozivaju\u0107i se na Konvenciju o prekograni\u010dnoj televiziji, te je odluku\u00a0donio zbog \u0161irenja netrpeljivosti i podsticaja na govor mr\u017enje, a u obzir je uzeto i postojanje kontinuiteta.<\/p>\n<p>Prema pisanju &#8220;Antena M&#8221;, Agencija \u0107e nastaviti pratiti program Happy televizije, te, ukoliko za to bude potrebe, produ\u017eiti zabranu emitovanja sadr\u017eaja.<\/p>\n<p>Podsje\u0107amo, lider Srpske radikalne stranke Vojislav \u0160e\u0161elj nedavno je na kanalu ove televizije slao \u0161ovinisti\u010dke poruke koje su bile upu\u0107ene gra\u0111anima Crne Gore, nakon \u010dega su reagovale brojne partije, kao i NVO sektor.<\/p>\n","protected":false},"excerpt":{"rendered":"<p>Savjet Agencije za elektronske medije na jutro\u0161njoj sjednici\u00a0donio je odluku da na \u0161est mjeseci zabrani&hellip;<\/p>\n","protected":false},"author":2,"featured_media":145997,"comment_status":"open","ping_status":"closed","sticky":false,"template":"","format":"standard","meta":{"_acf_changed":false,"footnotes":""},"categories":[16],"tags":[456,1388],"acf":[],"yoast_head":"<!-- This site is optimized with the Yoast SEO plugin v23.5 - https:\/\/yoast.com\/wordpress\/plugins\/seo\/ -->\n<title>\u0160ire netrpeljivost i govor mr\u017enje: Crna gora zabranila programske sadr\u017eaje &quot;Happy TV&quot; - TuzlaInfo.ba<\/title>\n<meta name=\"robots\" content=\"index, follow, max-snippet:-1, max-image-preview:large, max-video-preview:-1\" \/>\n<link rel=\"canonical\" href=\"https:\/\/tuzlainfo.ba\/index.php\/clanci\/sa-svih-strana\/item\/160655-sire-netrpeljivost-i-govor-mrznje-crna-gora-zabranila-programske-sadrzaje-happy-tv\/\" \/>\n<meta property=\"og:locale\" content=\"bs_BA\" \/>\n<meta property=\"og:type\" content=\"article\" \/>\n<meta property=\"og:title\" content=\"\u0160ire netrpeljivost i govor mr\u017enje: Crna gora zabranila programske sadr\u017eaje &quot;Happy TV&quot; - TuzlaInfo.ba\" \/>\n<meta property=\"og:description\" content=\"Savjet Agencije za elektronske medije na jutro\u0161njoj sjednici\u00a0donio je odluku da na \u0161est mjeseci zabrani&hellip;\" \/>\n<meta property=\"og:url\" content=\"https:\/\/tuzlainfo.ba\/index.php\/clanci\/sa-svih-strana\/item\/160655-sire-netrpeljivost-i-govor-mrznje-crna-gora-zabranila-programske-sadrzaje-happy-tv\/\" \/>\n<meta property=\"og:site_name\" content=\"TuzlaInfo.ba\" \/>\n<meta property=\"article:publisher\" content=\"https:\/\/www.facebook.com\/tuzlainfo.ba\/\" \/>\n<meta property=\"article:published_time\" content=\"2022-01-08T12:54:36+00:00\" \/>\n<meta property=\"og:image\" content=\"https:\/\/tuzlainfo.ba\/wp-content\/uploads\/2021\/08\/2608_kornjaca_maric_happy.jpg\" \/>\n\t<meta property=\"og:image:width\" content=\"800\" \/>\n\t<meta property=\"og:image:height\" content=\"354\" \/>\n\t<meta property=\"og:image:type\" content=\"image\/jpeg\" \/>\n<meta name=\"author\" content=\"nedim\" \/>\n<meta name=\"twitter:card\" content=\"summary_large_image\" \/>\n<meta name=\"twitter:label1\" content=\"Written by\" \/>\n\t<meta name=\"twitter:data1\" content=\"nedim\" \/>\n\t<meta name=\"twitter:label2\" content=\"Est. reading time\" \/>\n\t<meta name=\"twitter:data2\" content=\"1 minuta\" \/>\n<script type=\"application\/ld+json\" class=\"yoast-schema-graph\">{\"@context\":\"https:\/\/schema.org\",\"@graph\":[{\"@type\":\"Article\",\"@id\":\"https:\/\/tuzlainfo.ba\/index.php\/clanci\/sa-svih-strana\/item\/160655-sire-netrpeljivost-i-govor-mrznje-crna-gora-zabranila-programske-sadrzaje-happy-tv\/#article\",\"isPartOf\":{\"@id\":\"https:\/\/tuzlainfo.ba\/index.php\/clanci\/sa-svih-strana\/item\/160655-sire-netrpeljivost-i-govor-mrznje-crna-gora-zabranila-programske-sadrzaje-happy-tv\/\"},\"author\":{\"name\":\"nedim\",\"@id\":\"https:\/\/tuzlainfo.ba\/#\/schema\/person\/f434e20dc27ea133923aab08451b7f7f\"},\"headline\":\"\u0160ire netrpeljivost i govor mr\u017enje: Crna gora zabranila programske sadr\u017eaje &#8220;Happy TV&#8221;\",\"datePublished\":\"2022-01-08T12:54:36+00:00\",\"dateModified\":\"2022-01-08T12:54:36+00:00\",\"mainEntityOfPage\":{\"@id\":\"https:\/\/tuzlainfo.ba\/index.php\/clanci\/sa-svih-strana\/item\/160655-sire-netrpeljivost-i-govor-mrznje-crna-gora-zabranila-programske-sadrzaje-happy-tv\/\"},\"wordCount\":156,\"commentCount\":0,\"publisher\":{\"@id\":\"https:\/\/tuzlainfo.ba\/#organization\"},\"image\":{\"@id\":\"https:\/\/tuzlainfo.ba\/index.php\/clanci\/sa-svih-strana\/item\/160655-sire-netrpeljivost-i-govor-mrznje-crna-gora-zabranila-programske-sadrzaje-happy-tv\/#primaryimage\"},\"thumbnailUrl\":\"https:\/\/tuzlainfo.ba\/wp-content\/uploads\/2021\/08\/2608_kornjaca_maric_happy.jpg\",\"keywords\":[\"crna gora\",\"Happy TV\"],\"articleSection\":[\"Sa svih strana\"],\"inLanguage\":\"bs-BA\"},{\"@type\":\"WebPage\",\"@id\":\"https:\/\/tuzlainfo.ba\/index.php\/clanci\/sa-svih-strana\/item\/160655-sire-netrpeljivost-i-govor-mrznje-crna-gora-zabranila-programske-sadrzaje-happy-tv\/\",\"url\":\"https:\/\/tuzlainfo.ba\/index.php\/clanci\/sa-svih-strana\/item\/160655-sire-netrpeljivost-i-govor-mrznje-crna-gora-zabranila-programske-sadrzaje-happy-tv\/\",\"name\":\"\u0160ire netrpeljivost i govor mr\u017enje: Crna gora zabranila programske sadr\u017eaje \\\"Happy TV\\\" - TuzlaInfo.ba\",\"isPartOf\":{\"@id\":\"https:\/\/tuzlainfo.ba\/#website\"},\"primaryImageOfPage\":{\"@id\":\"https:\/\/tuzlainfo.ba\/index.php\/clanci\/sa-svih-strana\/item\/160655-sire-netrpeljivost-i-govor-mrznje-crna-gora-zabranila-programske-sadrzaje-happy-tv\/#primaryimage\"},\"image\":{\"@id\":\"https:\/\/tuzlainfo.ba\/index.php\/clanci\/sa-svih-strana\/item\/160655-sire-netrpeljivost-i-govor-mrznje-crna-gora-zabranila-programske-sadrzaje-happy-tv\/#primaryimage\"},\"thumbnailUrl\":\"https:\/\/tuzlainfo.ba\/wp-content\/uploads\/2021\/08\/2608_kornjaca_maric_happy.jpg\",\"datePublished\":\"2022-01-08T12:54:36+00:00\",\"dateModified\":\"2022-01-08T12:54:36+00:00\",\"breadcrumb\":{\"@id\":\"https:\/\/tuzlainfo.ba\/index.php\/clanci\/sa-svih-strana\/item\/160655-sire-netrpeljivost-i-govor-mrznje-crna-gora-zabranila-programske-sadrzaje-happy-tv\/#breadcrumb\"},\"inLanguage\":\"bs-BA\",\"potentialAction\":[{\"@type\":\"ReadAction\",\"target\":[\"https:\/\/tuzlainfo.ba\/index.php\/clanci\/sa-svih-strana\/item\/160655-sire-netrpeljivost-i-govor-mrznje-crna-gora-zabranila-programske-sadrzaje-happy-tv\/\"]}]},{\"@type\":\"ImageObject\",\"inLanguage\":\"bs-BA\",\"@id\":\"https:\/\/tuzlainfo.ba\/index.php\/clanci\/sa-svih-strana\/item\/160655-sire-netrpeljivost-i-govor-mrznje-crna-gora-zabranila-programske-sadrzaje-happy-tv\/#primaryimage\",\"url\":\"https:\/\/tuzlainfo.ba\/wp-content\/uploads\/2021\/08\/2608_kornjaca_maric_happy.jpg\",\"contentUrl\":\"https:\/\/tuzlainfo.ba\/wp-content\/uploads\/2021\/08\/2608_kornjaca_maric_happy.jpg\",\"width\":800,\"height\":354},{\"@type\":\"BreadcrumbList\",\"@id\":\"https:\/\/tuzlainfo.ba\/index.php\/clanci\/sa-svih-strana\/item\/160655-sire-netrpeljivost-i-govor-mrznje-crna-gora-zabranila-programske-sadrzaje-happy-tv\/#breadcrumb\",\"itemListElement\":[{\"@type\":\"ListItem\",\"position\":1,\"name\":\"Home\",\"item\":\"https:\/\/tuzlainfo.ba\/\"},{\"@type\":\"ListItem\",\"position\":2,\"name\":\"\u0160ire netrpeljivost i govor mr\u017enje: Crna gora zabranila programske sadr\u017eaje &#8220;Happy TV&#8221;\"}]},{\"@type\":\"WebSite\",\"@id\":\"https:\/\/tuzlainfo.ba\/#website\",\"url\":\"https:\/\/tuzlainfo.ba\/\",\"name\":\"TuzlaInfo.ba\",\"description\":\"Tuzla info, gradski informator - Tuzla na dlanu\",\"publisher\":{\"@id\":\"https:\/\/tuzlainfo.ba\/#organization\"},\"potentialAction\":[{\"@type\":\"SearchAction\",\"target\":{\"@type\":\"EntryPoint\",\"urlTemplate\":\"https:\/\/tuzlainfo.ba\/?s={search_term_string}\"},\"query-input\":{\"@type\":\"PropertyValueSpecification\",\"valueRequired\":true,\"valueName\":\"search_term_string\"}}],\"inLanguage\":\"bs-BA\"},{\"@type\":\"Organization\",\"@id\":\"https:\/\/tuzlainfo.ba\/#organization\",\"name\":\"TuzlaInfo.ba\",\"url\":\"https:\/\/tuzlainfo.ba\/\",\"logo\":{\"@type\":\"ImageObject\",\"inLanguage\":\"bs-BA\",\"@id\":\"https:\/\/tuzlainfo.ba\/#\/schema\/logo\/image\/\",\"url\":\"https:\/\/tuzlainfo.ba\/wp-content\/uploads\/2021\/03\/logo-ver-3-1.png\",\"contentUrl\":\"https:\/\/tuzlainfo.ba\/wp-content\/uploads\/2021\/03\/logo-ver-3-1.png\",\"width\":350,\"height\":95,\"caption\":\"TuzlaInfo.ba\"},\"image\":{\"@id\":\"https:\/\/tuzlainfo.ba\/#\/schema\/logo\/image\/\"},\"sameAs\":[\"https:\/\/www.facebook.com\/tuzlainfo.ba\/\"]},{\"@type\":\"Person\",\"@id\":\"https:\/\/tuzlainfo.ba\/#\/schema\/person\/f434e20dc27ea133923aab08451b7f7f\",\"name\":\"nedim\",\"image\":{\"@type\":\"ImageObject\",\"inLanguage\":\"bs-BA\",\"@id\":\"https:\/\/tuzlainfo.ba\/#\/schema\/person\/image\/\",\"url\":\"https:\/\/tuzlainfo.ba\/wp-content\/litespeed\/avatar\/aabad687af24844af817603ac1cbdc4f.jpg?ver=1777306975\",\"contentUrl\":\"https:\/\/tuzlainfo.ba\/wp-content\/litespeed\/avatar\/aabad687af24844af817603ac1cbdc4f.jpg?ver=1777306975\",\"caption\":\"nedim\"},\"description\":\"Tuzlainfo.ba pratite na dru\u0161tvenim mre\u017eama: Facebook, Instagram i Youtube. Svoje pri\u010de, upite i fotografije \u0161aljite na na\u0161u e-mail adresu.\"}]}<\/script>\n<!-- \/ Yoast SEO plugin. -->","yoast_head_json":{"title":"\u0160ire netrpeljivost i govor mr\u017enje: Crna gora zabranila programske sadr\u017eaje \"Happy TV\" - TuzlaInfo.ba","robots":{"index":"index","follow":"follow","max-snippet":"max-snippet:-1","max-image-preview":"max-image-preview:large","max-video-preview":"max-video-preview:-1"},"canonical":"https:\/\/tuzlainfo.ba\/index.php\/clanci\/sa-svih-strana\/item\/160655-sire-netrpeljivost-i-govor-mrznje-crna-gora-zabranila-programske-sadrzaje-happy-tv\/","og_locale":"bs_BA","og_type":"article","og_title":"\u0160ire netrpeljivost i govor mr\u017enje: Crna gora zabranila programske sadr\u017eaje \"Happy TV\" - TuzlaInfo.ba","og_description":"Savjet Agencije za elektronske medije na jutro\u0161njoj sjednici\u00a0donio je odluku da na \u0161est mjeseci zabrani&hellip;","og_url":"https:\/\/tuzlainfo.ba\/index.php\/clanci\/sa-svih-strana\/item\/160655-sire-netrpeljivost-i-govor-mrznje-crna-gora-zabranila-programske-sadrzaje-happy-tv\/","og_site_name":"TuzlaInfo.ba","article_publisher":"https:\/\/www.facebook.com\/tuzlainfo.ba\/","article_published_time":"2022-01-08T12:54:36+00:00","og_image":[{"width":800,"height":354,"url":"https:\/\/tuzlainfo.ba\/wp-content\/uploads\/2021\/08\/2608_kornjaca_maric_happy.jpg","type":"image\/jpeg"}],"author":"nedim","twitter_card":"summary_large_image","twitter_misc":{"Written by":"nedim","Est. reading time":"1 minuta"},"schema":{"@context":"https:\/\/schema.org","@graph":[{"@type":"Article","@id":"https:\/\/tuzlainfo.ba\/index.php\/clanci\/sa-svih-strana\/item\/160655-sire-netrpeljivost-i-govor-mrznje-crna-gora-zabranila-programske-sadrzaje-happy-tv\/#article","isPartOf":{"@id":"https:\/\/tuzlainfo.ba\/index.php\/clanci\/sa-svih-strana\/item\/160655-sire-netrpeljivost-i-govor-mrznje-crna-gora-zabranila-programske-sadrzaje-happy-tv\/"},"author":{"name":"nedim","@id":"https:\/\/tuzlainfo.ba\/#\/schema\/person\/f434e20dc27ea133923aab08451b7f7f"},"headline":"\u0160ire netrpeljivost i govor mr\u017enje: Crna gora zabranila programske sadr\u017eaje &#8220;Happy TV&#8221;","datePublished":"2022-01-08T12:54:36+00:00","dateModified":"2022-01-08T12:54:36+00:00","mainEntityOfPage":{"@id":"https:\/\/tuzlainfo.ba\/index.php\/clanci\/sa-svih-strana\/item\/160655-sire-netrpeljivost-i-govor-mrznje-crna-gora-zabranila-programske-sadrzaje-happy-tv\/"},"wordCount":156,"commentCount":0,"publisher":{"@id":"https:\/\/tuzlainfo.ba\/#organization"},"image":{"@id":"https:\/\/tuzlainfo.ba\/index.php\/clanci\/sa-svih-strana\/item\/160655-sire-netrpeljivost-i-govor-mrznje-crna-gora-zabranila-programske-sadrzaje-happy-tv\/#primaryimage"},"thumbnailUrl":"https:\/\/tuzlainfo.ba\/wp-content\/uploads\/2021\/08\/2608_kornjaca_maric_happy.jpg","keywords":["crna gora","Happy TV"],"articleSection":["Sa svih strana"],"inLanguage":"bs-BA"},{"@type":"WebPage","@id":"https:\/\/tuzlainfo.ba\/index.php\/clanci\/sa-svih-strana\/item\/160655-sire-netrpeljivost-i-govor-mrznje-crna-gora-zabranila-programske-sadrzaje-happy-tv\/","url":"https:\/\/tuzlainfo.ba\/index.php\/clanci\/sa-svih-strana\/item\/160655-sire-netrpeljivost-i-govor-mrznje-crna-gora-zabranila-programske-sadrzaje-happy-tv\/","name":"\u0160ire netrpeljivost i govor mr\u017enje: Crna gora zabranila programske sadr\u017eaje \"Happy TV\" - TuzlaInfo.ba","isPartOf":{"@id":"https:\/\/tuzlainfo.ba\/#website"},"primaryImageOfPage":{"@id":"https:\/\/tuzlainfo.ba\/index.php\/clanci\/sa-svih-strana\/item\/160655-sire-netrpeljivost-i-govor-mrznje-crna-gora-zabranila-programske-sadrzaje-happy-tv\/#primaryimage"},"image":{"@id":"https:\/\/tuzlainfo.ba\/index.php\/clanci\/sa-svih-strana\/item\/160655-sire-netrpeljivost-i-govor-mrznje-crna-gora-zabranila-programske-sadrzaje-happy-tv\/#primaryimage"},"thumbnailUrl":"https:\/\/tuzlainfo.ba\/wp-content\/uploads\/2021\/08\/2608_kornjaca_maric_happy.jpg","datePublished":"2022-01-08T12:54:36+00:00","dateModified":"2022-01-08T12:54:36+00:00","breadcrumb":{"@id":"https:\/\/tuzlainfo.ba\/index.php\/clanci\/sa-svih-strana\/item\/160655-sire-netrpeljivost-i-govor-mrznje-crna-gora-zabranila-programske-sadrzaje-happy-tv\/#breadcrumb"},"inLanguage":"bs-BA","potentialAction":[{"@type":"ReadAction","target":["https:\/\/tuzlainfo.ba\/index.php\/clanci\/sa-svih-strana\/item\/160655-sire-netrpeljivost-i-govor-mrznje-crna-gora-zabranila-programske-sadrzaje-happy-tv\/"]}]},{"@type":"ImageObject","inLanguage":"bs-BA","@id":"https:\/\/tuzlainfo.ba\/index.php\/clanci\/sa-svih-strana\/item\/160655-sire-netrpeljivost-i-govor-mrznje-crna-gora-zabranila-programske-sadrzaje-happy-tv\/#primaryimage","url":"https:\/\/tuzlainfo.ba\/wp-content\/uploads\/2021\/08\/2608_kornjaca_maric_happy.jpg","contentUrl":"https:\/\/tuzlainfo.ba\/wp-content\/uploads\/2021\/08\/2608_kornjaca_maric_happy.jpg","width":800,"height":354},{"@type":"BreadcrumbList","@id":"https:\/\/tuzlainfo.ba\/index.php\/clanci\/sa-svih-strana\/item\/160655-sire-netrpeljivost-i-govor-mrznje-crna-gora-zabranila-programske-sadrzaje-happy-tv\/#breadcrumb","itemListElement":[{"@type":"ListItem","position":1,"name":"Home","item":"https:\/\/tuzlainfo.ba\/"},{"@type":"ListItem","position":2,"name":"\u0160ire netrpeljivost i govor mr\u017enje: Crna gora zabranila programske sadr\u017eaje &#8220;Happy TV&#8221;"}]},{"@type":"WebSite","@id":"https:\/\/tuzlainfo.ba\/#website","url":"https:\/\/tuzlainfo.ba\/","name":"TuzlaInfo.ba","description":"Tuzla info, gradski informator - Tuzla na dlanu","publisher":{"@id":"https:\/\/tuzlainfo.ba\/#organization"},"potentialAction":[{"@type":"SearchAction","target":{"@type":"EntryPoint","urlTemplate":"https:\/\/tuzlainfo.ba\/?s={search_term_string}"},"query-input":{"@type":"PropertyValueSpecification","valueRequired":true,"valueName":"search_term_string"}}],"inLanguage":"bs-BA"},{"@type":"Organization","@id":"https:\/\/tuzlainfo.ba\/#organization","name":"TuzlaInfo.ba","url":"https:\/\/tuzlainfo.ba\/","logo":{"@type":"ImageObject","inLanguage":"bs-BA","@id":"https:\/\/tuzlainfo.ba\/#\/schema\/logo\/image\/","url":"https:\/\/tuzlainfo.ba\/wp-content\/uploads\/2021\/03\/logo-ver-3-1.png","contentUrl":"https:\/\/tuzlainfo.ba\/wp-content\/uploads\/2021\/03\/logo-ver-3-1.png","width":350,"height":95,"caption":"TuzlaInfo.ba"},"image":{"@id":"https:\/\/tuzlainfo.ba\/#\/schema\/logo\/image\/"},"sameAs":["https:\/\/www.facebook.com\/tuzlainfo.ba\/"]},{"@type":"Person","@id":"https:\/\/tuzlainfo.ba\/#\/schema\/person\/f434e20dc27ea133923aab08451b7f7f","name":"nedim","image":{"@type":"ImageObject","inLanguage":"bs-BA","@id":"https:\/\/tuzlainfo.ba\/#\/schema\/person\/image\/","url":"https:\/\/tuzlainfo.ba\/wp-content\/litespeed\/avatar\/aabad687af24844af817603ac1cbdc4f.jpg?ver=1777306975","contentUrl":"https:\/\/tuzlainfo.ba\/wp-content\/litespeed\/avatar\/aabad687af24844af817603ac1cbdc4f.jpg?ver=1777306975","caption":"nedim"},"description":"Tuzlainfo.ba pratite na dru\u0161tvenim mre\u017eama: Facebook, Instagram i Youtube. Svoje pri\u010de, upite i fotografije \u0161aljite na na\u0161u e-mail adresu."}]}},"_links":{"self":[{"href":"https:\/\/tuzlainfo.ba\/index.php\/wp-json\/wp\/v2\/posts\/160655"}],"collection":[{"href":"https:\/\/tuzlainfo.ba\/index.php\/wp-json\/wp\/v2\/posts"}],"about":[{"href":"https:\/\/tuzlainfo.ba\/index.php\/wp-json\/wp\/v2\/types\/post"}],"author":[{"embeddable":true,"href":"https:\/\/tuzlainfo.ba\/index.php\/wp-json\/wp\/v2\/users\/2"}],"replies":[{"embeddable":true,"href":"https:\/\/tuzlainfo.ba\/index.php\/wp-json\/wp\/v2\/comments?post=160655"}],"version-history":[{"count":0,"href":"https:\/\/tuzlainfo.ba\/index.php\/wp-json\/wp\/v2\/posts\/160655\/revisions"}],"wp:featuredmedia":[{"embeddable":true,"href":"https:\/\/tuzlainfo.ba\/index.php\/wp-json\/wp\/v2\/media\/145997"}],"wp:attachment":[{"href":"https:\/\/tuzlainfo.ba\/index.php\/wp-json\/wp\/v2\/media?parent=160655"}],"wp:term":[{"taxonomy":"category","embeddable":true,"href":"https:\/\/tuzlainfo.ba\/index.php\/wp-json\/wp\/v2\/categories?post=160655"},{"taxonomy":"post_tag","embeddable":true,"href":"https:\/\/tuzlainfo.ba\/index.php\/wp-json\/wp\/v2\/tags?post=160655"}],"curies":[{"name":"wp","href":"https:\/\/api.w.org\/{rel}","templated":true}]}}